{"id":68591,"date":"2023-03-23T10:57:19","date_gmt":"2023-03-23T10:57:19","guid":{"rendered":"https:\/\/www.ull.es\/portal\/noticias\/?p=68591"},"modified":"2023-03-23T10:57:19","modified_gmt":"2023-03-23T10:57:19","slug":"el-aprendizaje-por-servicio-protagoniza-las-jornadas-de-innovacion-y-transferencia-educativa-de-la-ull","status":"publish","type":"post","link":"https:\/\/www.ull.es\/portal\/noticias\/2023\/el-aprendizaje-por-servicio-protagoniza-las-jornadas-de-innovacion-y-transferencia-educativa-de-la-ull\/","title":{"rendered":"El Aprendizaje por Servicio protagoniza las Jornadas de Innovaci\u00f3n y Transferencia Educativa de la ULL"},"content":{"rendered":"<p>La mesa redonda sobre la metodolog\u00eda Aprendizaje por Servicio (ApS) en las Jornadas de Innovaci\u00f3n y Transferencia Educativa de la Universidad de La Laguna celebrada ayer tuvo el prop\u00f3sito de destacar la conveniencia de adoptar esta estrategia en los diferentes niveles y \u00e1mbitos educativos. El ApS es una metodolog\u00eda transformadora que permite un aprendizaje significativo: se aprende a trav\u00e9s de un servicio a la comunidad.<\/p>\n<p>La mesa redonda cont\u00f3 con la participaci\u00f3n de profesorado y alumnado que han implementado y participado en dicha metodolog\u00eda en las aulas de la Universidad de La Laguna, as\u00ed como la representante del Cabildo Insular del Programa Aprendizaje y Servicios con la ULL. \u00a0Se pudo conocer desde tres puntos de vistas c\u00f3mo ha sido la experiencia de llevar el ApS a las aulas.<\/p>\n<p>Por parte del profesorado presentaron sus proyectos Arminda Su\u00e1rez Perdomo, directora del proyecto<em>\u201d; <\/em>Fernando Lahoz Zamorra, director de \u201cTFG TFM Dise\u00f1o y estudio de un sistema fotovoltaico para instalar en Senegal\u201d. Asimismo, Marco D\u00edaz Zur Linden, alumno del Grado en Periodismo de La Universidad de La Laguna, habl\u00f3 del proyecto CANBIO; Paula Hern\u00e1ndez Gonz\u00e1lez, alumna del M\u00e1ster Universitario en Innovaci\u00f3n Comunicativa en las Organizaciones se detuvo en el plan estrat\u00e9gico realizado a la Asociaci\u00f3n de Diabetes de Tenerife, mientras Fausto Gasparini, del grado de F\u00edsica, se\u00f1al\u00f3 la experiencia de transformar un TFG en una realidad en un pueblo de Senegal, en el proyecto de Lahoz.<\/p>\n<p>Asimismo, la participaci\u00f3n de \u00c1ngela Luc\u00eda Gonz\u00e1lez Bell\u00f3, t\u00e9cnica del Cabildo Insular de Tenerife, mostr\u00f3 la relevancia de esta metodolog\u00eda dentro de las pol\u00edticas educativas del \u00c1rea de Educaci\u00f3n, Juventud, Museos y Deportes del Cabildo de Tenerife a trav\u00e9s de\u00a0Tenerife Joven y Educa. Seg\u00fan Gonz\u00e1lez, el Programa de Aprendizaje ha sido la<strong> \u201c<\/strong>oportunidad de juntar docentes universitarios y preuniversitarios para adquirir nuevas competencias y conocimientos\u201d. Tambi\u00e9n manifest\u00f3 la apuesta del Cabildo para que el ApS se convierta en un futuro pr\u00f3ximo una de las metodolog\u00edas m\u00e1s extendida en los diferentes niveles de ense\u00f1anza \u201cse aprende mejor desde la realidad y con la realidad\u201d.<\/p>\n<p>El profesor Fernando Lahoz Zamorra con su dise\u00f1o de sistemas fotovoltaicos permiti\u00f3 evidenciar c\u00f3mo a trav\u00e9s del ApS un proyecto te\u00f3rico se llev\u00f3 a la realidad, traspasando fronteras hasta Senegal. Se puede decir, y as\u00ed lo afirm\u00f3, que es un proyecto con potencial para crecer anualmente. \u201cDe una instalaci\u00f3n en un peque\u00f1o pueblo, pasamos a un centro m\u00e9dico y ahora, unas mujeres agricultoras nos han pedido un sistema fotovoltaico para una bomba de agua. Este ser\u00e1 el futuro del proyecto\u201d.<\/p>\n<p>Arminda Su\u00e1rez Perdomo pudo destacar c\u00f3mo pese a comenzar pensando que no siempre se puede aplicar esta metodolog\u00eda a todas las asignaturas, y las dificultades con materias m\u00e1s te\u00f3ricas, concluy\u00f3 que s\u00ed es posible hacerlo. Su proyecto consisti\u00f3 en que el alumnado aplicara sistemas de evaluaci\u00f3n en diferentes organizaciones con car\u00e1cter educativo.<\/p>\n<p>Finalmente, el alumnado expuso su propia experiencia al participar en proyectos de ApS dentro de su programa de formaci\u00f3n universitaria. Coincidieron en que fue un desaf\u00edo satisfactorio y enriquecedor, lo cual les permiti\u00f3 llevar lo aprendido a un caso real y con impacto social. La mesa redonda fue moderada por Mar\u00eda A. Gabino Campos, directora acad\u00e9mica del Programa de Aprendizaje por Servicio de la Universidad de La Laguna-Cabildo de Tenerife.<\/p>\n","protected":false},"excerpt":{"rendered":"<p>La mesa redonda sobre la metodolog\u00eda Aprendizaje por Servicio (ApS) en las Jornadas de Innovaci\u00f3n y Transferencia Educativa de la&#8230;<\/p>\n","protected":false},"author":23,"featured_media":68593,"comment_status":"closed","ping_status":"closed","sticky":false,"template":"","format":"standard","meta":{"inline_featured_image":false,"footnotes":""},"categories":[8225,345,348,2765],"tags":[9779,7040,665,9780,4150],"acf":[],"yoast_head":"<!-- This site is optimized with the Yoast SEO plugin v21.3 - https:\/\/yoast.com\/wordpress\/plugins\/seo\/ -->\n<title>El Aprendizaje por Servicio protagoniza las Jornadas de Innovaci\u00f3n y Transferencia Educativa de la ULL - ULL - Noticias<\/title>\n<meta name=\"robots\" content=\"index, follow, max-snippet:-1, max-image-preview:large, max-video-preview:-1\" \/>\n<link rel=\"canonical\" href=\"https:\/\/www.ull.es\/portal\/noticias\/2023\/el-aprendizaje-por-servicio-protagoniza-las-jornadas-de-innovacion-y-transferencia-educativa-de-la-ull\/\" \/>\n<meta property=\"og:locale\" content=\"es_ES\" \/>\n<meta property=\"og:type\" content=\"article\" \/>\n<meta property=\"og:title\" content=\"El Aprendizaje por Servicio protagoniza las Jornadas de Innovaci\u00f3n y Transferencia Educativa de la ULL - ULL - Noticias\" \/>\n<meta property=\"og:description\" content=\"La mesa redonda sobre la metodolog\u00eda Aprendizaje por Servicio (ApS) en las Jornadas de Innovaci\u00f3n y Transferencia Educativa de la...\" \/>\n<meta property=\"og:url\" content=\"https:\/\/www.ull.es\/portal\/noticias\/2023\/el-aprendizaje-por-servicio-protagoniza-las-jornadas-de-innovacion-y-transferencia-educativa-de-la-ull\/\" \/>\n<meta property=\"og:site_name\" content=\"ULL - Noticias\" \/>\n<meta property=\"article:publisher\" content=\"https:\/\/www.facebook.com\/universidaddelalaguna\/\" \/>\n<meta property=\"article:published_time\" content=\"2023-03-23T10:57:19+00:00\" \/>\n<meta property=\"og:image\" content=\"https:\/\/www.ull.es\/portal\/noticias\/wp-content\/uploads\/sites\/13\/2023\/03\/aprendizaje-servicio-foto.jpg\" \/>\n\t<meta property=\"og:image:width\" content=\"1600\" \/>\n\t<meta property=\"og:image:height\" content=\"721\" \/>\n\t<meta property=\"og:image:type\" content=\"image\/jpeg\" \/>\n<meta name=\"author\" content=\"gaprsa\" \/>\n<meta name=\"twitter:card\" content=\"summary_large_image\" \/>\n<meta name=\"twitter:creator\" content=\"@CanalULL\" \/>\n<meta name=\"twitter:site\" content=\"@CanalULL\" \/>\n<meta name=\"twitter:label1\" content=\"Escrito por\" \/>\n\t<meta name=\"twitter:data1\" content=\"gaprsa\" \/>\n\t<meta name=\"twitter:label2\" content=\"Tiempo de lectura\" \/>\n\t<meta name=\"twitter:data2\" content=\"3 minutos\" \/>\n<script type=\"application\/ld+json\" class=\"yoast-schema-graph\">{\"@context\":\"https:\/\/schema.org\",\"@graph\":[{\"@type\":\"WebPage\",\"@id\":\"https:\/\/www.ull.es\/portal\/noticias\/2023\/el-aprendizaje-por-servicio-protagoniza-las-jornadas-de-innovacion-y-transferencia-educativa-de-la-ull\/\",\"url\":\"https:\/\/www.ull.es\/portal\/noticias\/2023\/el-aprendizaje-por-servicio-protagoniza-las-jornadas-de-innovacion-y-transferencia-educativa-de-la-ull\/\",\"name\":\"El Aprendizaje por Servicio protagoniza las Jornadas de Innovaci\u00f3n y Transferencia Educativa de la ULL - ULL - Noticias\",\"isPartOf\":{\"@id\":\"https:\/\/www.ull.es\/portal\/noticias\/#website\"},\"datePublished\":\"2023-03-23T10:57:19+00:00\",\"dateModified\":\"2023-03-23T10:57:19+00:00\",\"author\":{\"@id\":\"https:\/\/www.ull.es\/portal\/noticias\/#\/schema\/person\/b2b1a89d43ffa609e591f7df8ef3e817\"},\"breadcrumb\":{\"@id\":\"https:\/\/www.ull.es\/portal\/noticias\/2023\/el-aprendizaje-por-servicio-protagoniza-las-jornadas-de-innovacion-y-transferencia-educativa-de-la-ull\/#breadcrumb\"},\"inLanguage\":\"es\",\"potentialAction\":[{\"@type\":\"ReadAction\",\"target\":[\"https:\/\/www.ull.es\/portal\/noticias\/2023\/el-aprendizaje-por-servicio-protagoniza-las-jornadas-de-innovacion-y-transferencia-educativa-de-la-ull\/\"]}]},{\"@type\":\"BreadcrumbList\",\"@id\":\"https:\/\/www.ull.es\/portal\/noticias\/2023\/el-aprendizaje-por-servicio-protagoniza-las-jornadas-de-innovacion-y-transferencia-educativa-de-la-ull\/#breadcrumb\",\"itemListElement\":[{\"@type\":\"ListItem\",\"position\":1,\"name\":\"Portada\",\"item\":\"https:\/\/www.ull.es\/portal\/noticias\/\"},{\"@type\":\"ListItem\",\"position\":2,\"name\":\"El Aprendizaje por Servicio protagoniza las Jornadas de Innovaci\u00f3n y Transferencia Educativa de la ULL\"}]},{\"@type\":\"WebSite\",\"@id\":\"https:\/\/www.ull.es\/portal\/noticias\/#website\",\"url\":\"https:\/\/www.ull.es\/portal\/noticias\/\",\"name\":\"ULL - Noticias\",\"description\":\"\",\"potentialAction\":[{\"@type\":\"SearchAction\",\"target\":{\"@type\":\"EntryPoint\",\"urlTemplate\":\"https:\/\/www.ull.es\/portal\/noticias\/?s={search_term_string}\"},\"query-input\":\"required name=search_term_string\"}],\"inLanguage\":\"es\"},{\"@type\":\"Person\",\"@id\":\"https:\/\/www.ull.es\/portal\/noticias\/#\/schema\/person\/b2b1a89d43ffa609e591f7df8ef3e817\",\"name\":\"gaprsa\",\"image\":{\"@type\":\"ImageObject\",\"inLanguage\":\"es\",\"@id\":\"https:\/\/www.ull.es\/portal\/noticias\/#\/schema\/person\/image\/\",\"url\":\"https:\/\/secure.gravatar.com\/avatar\/443820550921091458b4823867723b3d?s=96&d=mm&r=g\",\"contentUrl\":\"https:\/\/secure.gravatar.com\/avatar\/443820550921091458b4823867723b3d?s=96&d=mm&r=g\",\"caption\":\"gaprsa\"},\"url\":\"https:\/\/www.ull.es\/portal\/noticias\/author\/gaprsa\/\"}]}<\/script>\n<!-- \/ Yoast SEO plugin. -->","yoast_head_json":{"title":"El Aprendizaje por Servicio protagoniza las Jornadas de Innovaci\u00f3n y Transferencia Educativa de la ULL - ULL - Noticias","robots":{"index":"index","follow":"follow","max-snippet":"max-snippet:-1","max-image-preview":"max-image-preview:large","max-video-preview":"max-video-preview:-1"},"canonical":"https:\/\/www.ull.es\/portal\/noticias\/2023\/el-aprendizaje-por-servicio-protagoniza-las-jornadas-de-innovacion-y-transferencia-educativa-de-la-ull\/","og_locale":"es_ES","og_type":"article","og_title":"El Aprendizaje por Servicio protagoniza las Jornadas de Innovaci\u00f3n y Transferencia Educativa de la ULL - ULL - Noticias","og_description":"La mesa redonda sobre la metodolog\u00eda Aprendizaje por Servicio (ApS) en las Jornadas de Innovaci\u00f3n y Transferencia Educativa de la...","og_url":"https:\/\/www.ull.es\/portal\/noticias\/2023\/el-aprendizaje-por-servicio-protagoniza-las-jornadas-de-innovacion-y-transferencia-educativa-de-la-ull\/","og_site_name":"ULL - Noticias","article_publisher":"https:\/\/www.facebook.com\/universidaddelalaguna\/","article_published_time":"2023-03-23T10:57:19+00:00","og_image":[{"width":1600,"height":721,"url":"https:\/\/www.ull.es\/portal\/noticias\/wp-content\/uploads\/sites\/13\/2023\/03\/aprendizaje-servicio-foto.jpg","type":"image\/jpeg"}],"author":"gaprsa","twitter_card":"summary_large_image","twitter_creator":"@CanalULL","twitter_site":"@CanalULL","twitter_misc":{"Escrito por":"gaprsa","Tiempo de lectura":"3 minutos"},"schema":{"@context":"https:\/\/schema.org","@graph":[{"@type":"WebPage","@id":"https:\/\/www.ull.es\/portal\/noticias\/2023\/el-aprendizaje-por-servicio-protagoniza-las-jornadas-de-innovacion-y-transferencia-educativa-de-la-ull\/","url":"https:\/\/www.ull.es\/portal\/noticias\/2023\/el-aprendizaje-por-servicio-protagoniza-las-jornadas-de-innovacion-y-transferencia-educativa-de-la-ull\/","name":"El Aprendizaje por Servicio protagoniza las Jornadas de Innovaci\u00f3n y Transferencia Educativa de la ULL - ULL - Noticias","isPartOf":{"@id":"https:\/\/www.ull.es\/portal\/noticias\/#website"},"datePublished":"2023-03-23T10:57:19+00:00","dateModified":"2023-03-23T10:57:19+00:00","author":{"@id":"https:\/\/www.ull.es\/portal\/noticias\/#\/schema\/person\/b2b1a89d43ffa609e591f7df8ef3e817"},"breadcrumb":{"@id":"https:\/\/www.ull.es\/portal\/noticias\/2023\/el-aprendizaje-por-servicio-protagoniza-las-jornadas-de-innovacion-y-transferencia-educativa-de-la-ull\/#breadcrumb"},"inLanguage":"es","potentialAction":[{"@type":"ReadAction","target":["https:\/\/www.ull.es\/portal\/noticias\/2023\/el-aprendizaje-por-servicio-protagoniza-las-jornadas-de-innovacion-y-transferencia-educativa-de-la-ull\/"]}]},{"@type":"BreadcrumbList","@id":"https:\/\/www.ull.es\/portal\/noticias\/2023\/el-aprendizaje-por-servicio-protagoniza-las-jornadas-de-innovacion-y-transferencia-educativa-de-la-ull\/#breadcrumb","itemListElement":[{"@type":"ListItem","position":1,"name":"Portada","item":"https:\/\/www.ull.es\/portal\/noticias\/"},{"@type":"ListItem","position":2,"name":"El Aprendizaje por Servicio protagoniza las Jornadas de Innovaci\u00f3n y Transferencia Educativa de la ULL"}]},{"@type":"WebSite","@id":"https:\/\/www.ull.es\/portal\/noticias\/#website","url":"https:\/\/www.ull.es\/portal\/noticias\/","name":"ULL - Noticias","description":"","potentialAction":[{"@type":"SearchAction","target":{"@type":"EntryPoint","urlTemplate":"https:\/\/www.ull.es\/portal\/noticias\/?s={search_term_string}"},"query-input":"required name=search_term_string"}],"inLanguage":"es"},{"@type":"Person","@id":"https:\/\/www.ull.es\/portal\/noticias\/#\/schema\/person\/b2b1a89d43ffa609e591f7df8ef3e817","name":"gaprsa","image":{"@type":"ImageObject","inLanguage":"es","@id":"https:\/\/www.ull.es\/portal\/noticias\/#\/schema\/person\/image\/","url":"https:\/\/secure.gravatar.com\/avatar\/443820550921091458b4823867723b3d?s=96&d=mm&r=g","contentUrl":"https:\/\/secure.gravatar.com\/avatar\/443820550921091458b4823867723b3d?s=96&d=mm&r=g","caption":"gaprsa"},"url":"https:\/\/www.ull.es\/portal\/noticias\/author\/gaprsa\/"}]}},"primary_category":{"id":345,"name":"Destacado","slug":"destacado","link":"https:\/\/www.ull.es\/portal\/noticias\/category\/destacado\/"},"featured_image_thumbnail_url":"https:\/\/www.ull.es\/portal\/noticias\/wp-content\/uploads\/sites\/13\/2023\/03\/aprendizaje-servicio-foto-300x135.jpg","_links":{"self":[{"href":"https:\/\/www.ull.es\/portal\/noticias\/wp-json\/wp\/v2\/posts\/68591"}],"collection":[{"href":"https:\/\/www.ull.es\/portal\/noticias\/wp-json\/wp\/v2\/posts"}],"about":[{"href":"https:\/\/www.ull.es\/portal\/noticias\/wp-json\/wp\/v2\/types\/post"}],"author":[{"embeddable":true,"href":"https:\/\/www.ull.es\/portal\/noticias\/wp-json\/wp\/v2\/users\/23"}],"replies":[{"embeddable":true,"href":"https:\/\/www.ull.es\/portal\/noticias\/wp-json\/wp\/v2\/comments?post=68591"}],"version-history":[{"count":2,"href":"https:\/\/www.ull.es\/portal\/noticias\/wp-json\/wp\/v2\/posts\/68591\/revisions"}],"predecessor-version":[{"id":68594,"href":"https:\/\/www.ull.es\/portal\/noticias\/wp-json\/wp\/v2\/posts\/68591\/revisions\/68594"}],"wp:featuredmedia":[{"embeddable":true,"href":"https:\/\/www.ull.es\/portal\/noticias\/wp-json\/wp\/v2\/media\/68593"}],"wp:attachment":[{"href":"https:\/\/www.ull.es\/portal\/noticias\/wp-json\/wp\/v2\/media?parent=68591"}],"wp:term":[{"taxonomy":"category","embeddable":true,"href":"https:\/\/www.ull.es\/portal\/noticias\/wp-json\/wp\/v2\/categories?post=68591"},{"taxonomy":"post_tag","embeddable":true,"href":"https:\/\/www.ull.es\/portal\/noticias\/wp-json\/wp\/v2\/tags?post=68591"}],"curies":[{"name":"wp","href":"https:\/\/api.w.org\/{rel}","templated":true}]}}