{"id":68654,"date":"2023-03-27T09:47:53","date_gmt":"2023-03-27T09:47:53","guid":{"rendered":"https:\/\/www.ull.es\/portal\/noticias\/?p=68654"},"modified":"2023-03-27T09:49:38","modified_gmt":"2023-03-27T09:49:38","slug":"la-ull-y-el-cabildo-de-tenerife-abren-la-inscripcion-del-curso-aprender-a-cuidar-a-las-personas-mayores","status":"publish","type":"post","link":"https:\/\/www.ull.es\/portal\/noticias\/2023\/la-ull-y-el-cabildo-de-tenerife-abren-la-inscripcion-del-curso-aprender-a-cuidar-a-las-personas-mayores\/","title":{"rendered":"La ULL y el Cabildo de Tenerife abren la inscripci\u00f3n del curso \u00abAprender a cuidar a las personas mayores\u00bb"},"content":{"rendered":"<p>La Universidad de La Laguna y el <a href=\"https:\/\/www.tenerife.es\/portalcabtfe\/es\/\" target=\"_blank\" rel=\"noopener\" target=\"_blank\" rel=\"noopener\">Cabildo de Tenerife<\/a> han abierto el plazo de inscripci\u00f3n para participar en las primeras actividades gratuitas en el marco de la C\u00e1tedra sobre Ciclos de Vida y Personas Mayores. Se trata de un curso titulado \u00abAprender a Cuidar a las Personas Mayores\u00bb, que se desarrollar\u00e1 entre los meses de abril y mayo en la Facultad de Educaci\u00f3n, y que estar\u00e1 dirigido a\u00a0las personas cuidadoras e impartida por profesionales de enfermer\u00eda y pedagog\u00eda.<\/p>\n<p>El objetivo de este curso radica en la necesidad de llevar a cabo, desde una perspectiva multidisciplinar y de g\u00e9nero, un conjunto de actividades que aborden todas las necesidades b\u00e1sicas de las personas mayores, ha se\u00f1alado Mari\u00e1n Franquet, vicepresidenta tercera y consejera de Acci\u00f3n Social del Cabildo de Tenerife. Aspectos como los sentimientos, las vivencias, las p\u00e9rdidas de seres queridos, o el modo de afrontar la soledad no deseada, son algunos de los temas que se tratar\u00e1n, junto con el desarrollo de competencias para la vida cotidiana y \u00e9tica de los cuidados.<\/p>\n<p>De manera paralela, la C\u00e1tedra de Mayores est\u00e1 impartiendo el curso Ciclos de Vida. Salud y Sexualidad Humana, dirigido a personas mayores de 60, con el objeto de ahondar en su autoestima y autocuidado. La formaci\u00f3n se desarrollar\u00e1 todos los mi\u00e9rcoles desde el 29 de marzo hasta el 19 de abril, ambos inclusive, en horario de 16:00 a 18:00 horas.<\/p>\n<p>Para ello, se contar\u00e1 con un apoyo un equipo multidisciplinar, encabezado por el director de la C\u00e1tedra, Fernando Barrag\u00e1n, en el que participar\u00e1n profesionales de la salud, de la educaci\u00f3n, trabajadores sociales y expertos en derecho y en pedagog\u00eda tanto de la instituci\u00f3n acad\u00e9mica como de otras cuatros universidades europeas.<\/p>\n<p><strong>Ponentes<\/strong><\/p>\n<p>El curso \u00abAprender a Cuidar a las Personas Mayores\u00bb, que se desarrollar\u00e1 entre del 18 de abril al 10 de mayo, estar\u00e1 impartido por Ana Isabel Contreras Madrid, graduada en Odontolog\u00eda y t\u00e9cnico superior en Enfermer\u00eda. Adem\u00e1s, colaborar\u00e1 Ariana \u00c1lamo Mart\u00edn. grado de Maestra en Pedagog\u00eda Consejo de Direcci\u00f3n C\u00e1tedra Ciclos de Vida y Personas Mayores. En el caso de Ciclos de Vida. Salud y Sexualidad Humana, el curso correr\u00e1 a cargo de Suleima P\u00e9rez P\u00e9rez, grado de Biolog\u00eda y colaboradora de la C\u00e1tedra.<\/p>\n<p>Las personas que est\u00e9n interesadas en obtener m\u00e1s informaci\u00f3n sobre las actividades previstas pueden llamar al 922 319 616 \/ 922 319 626 o enviar un correo a <a href=\"mailto:extuni@ull.es\" target=\"_blank\" rel=\"noopener\">extuni@ull.es<\/a>.<\/p>\n<p>Los participantes recibir\u00e1n un certificado de asistencia emitido por el Vicerrectorado de Cultura, Participaci\u00f3n Social y Campus Ofra y La Palma, as\u00ed como todas aquellas personas que superen el trabajo aut\u00f3nomo del alumnado, obtendr\u00e1n tambi\u00e9n un certificado de asistencia y aprovechamiento, reconocible a su vez por 2 cr\u00e9ditos ECTS.<\/p>\n<p>(Nota y foto cedidas por el Cabildo de Tenerife)<\/p>\n","protected":false},"excerpt":{"rendered":"<p>La Universidad de La Laguna y el Cabildo de Tenerife han abierto el plazo de inscripci\u00f3n para participar en las&#8230;<\/p>\n","protected":false},"author":67,"featured_media":68656,"comment_status":"closed","ping_status":"closed","sticky":false,"template":"","format":"standard","meta":{"inline_featured_image":false,"footnotes":""},"categories":[345,348,2765],"tags":[665,9795],"acf":[],"yoast_head":"<!-- This site is optimized with the Yoast SEO plugin v21.3 - https:\/\/yoast.com\/wordpress\/plugins\/seo\/ -->\n<title>La ULL y el Cabildo de Tenerife abren la inscripci\u00f3n del curso &quot;Aprender a cuidar a las personas mayores&quot; - ULL - Noticias<\/title>\n<meta name=\"description\" content=\"La Universidad de La Laguna y el Cabildo de Tenerife han abierto el plazo de inscripci\u00f3n para participar en las primeras actividades gratuitas en el marco de la C\u00e1tedra sobre Ciclos de Vida y Personas Mayores.\" \/>\n<meta name=\"robots\" content=\"index, follow, max-snippet:-1, max-image-preview:large, max-video-preview:-1\" \/>\n<link rel=\"canonical\" href=\"https:\/\/www.ull.es\/portal\/noticias\/2023\/la-ull-y-el-cabildo-de-tenerife-abren-la-inscripcion-del-curso-aprender-a-cuidar-a-las-personas-mayores\/\" \/>\n<meta property=\"og:locale\" content=\"es_ES\" \/>\n<meta property=\"og:type\" content=\"article\" \/>\n<meta property=\"og:title\" content=\"La ULL y el Cabildo de Tenerife abren la inscripci\u00f3n del curso &quot;Aprender a cuidar a las personas mayores&quot; - ULL - Noticias\" \/>\n<meta property=\"og:description\" content=\"La Universidad de La Laguna y el Cabildo de Tenerife han abierto el plazo de inscripci\u00f3n para participar en las primeras actividades gratuitas en el marco de la C\u00e1tedra sobre Ciclos de Vida y Personas Mayores.\" \/>\n<meta property=\"og:url\" content=\"https:\/\/www.ull.es\/portal\/noticias\/2023\/la-ull-y-el-cabildo-de-tenerife-abren-la-inscripcion-del-curso-aprender-a-cuidar-a-las-personas-mayores\/\" \/>\n<meta property=\"og:site_name\" content=\"ULL - Noticias\" \/>\n<meta property=\"article:publisher\" content=\"https:\/\/www.facebook.com\/universidaddelalaguna\/\" \/>\n<meta property=\"article:published_time\" content=\"2023-03-27T09:47:53+00:00\" \/>\n<meta property=\"article:modified_time\" content=\"2023-03-27T09:49:38+00:00\" \/>\n<meta property=\"og:image\" content=\"https:\/\/www.ull.es\/portal\/noticias\/wp-content\/uploads\/sites\/13\/2023\/03\/cabildo.jpg\" \/>\n\t<meta property=\"og:image:width\" content=\"1200\" \/>\n\t<meta property=\"og:image:height\" content=\"800\" \/>\n\t<meta property=\"og:image:type\" content=\"image\/jpeg\" \/>\n<meta name=\"author\" content=\"gcom5\" \/>\n<meta name=\"twitter:card\" content=\"summary_large_image\" \/>\n<meta name=\"twitter:creator\" content=\"@CanalULL\" \/>\n<meta name=\"twitter:site\" content=\"@CanalULL\" \/>\n<meta name=\"twitter:label1\" content=\"Escrito por\" \/>\n\t<meta name=\"twitter:data1\" content=\"gcom5\" \/>\n\t<meta name=\"twitter:label2\" content=\"Tiempo de lectura\" \/>\n\t<meta name=\"twitter:data2\" content=\"3 minutos\" \/>\n<script type=\"application\/ld+json\" class=\"yoast-schema-graph\">{\"@context\":\"https:\/\/schema.org\",\"@graph\":[{\"@type\":\"WebPage\",\"@id\":\"https:\/\/www.ull.es\/portal\/noticias\/2023\/la-ull-y-el-cabildo-de-tenerife-abren-la-inscripcion-del-curso-aprender-a-cuidar-a-las-personas-mayores\/\",\"url\":\"https:\/\/www.ull.es\/portal\/noticias\/2023\/la-ull-y-el-cabildo-de-tenerife-abren-la-inscripcion-del-curso-aprender-a-cuidar-a-las-personas-mayores\/\",\"name\":\"La ULL y el Cabildo de Tenerife abren la inscripci\u00f3n del curso \\\"Aprender a cuidar a las personas mayores\\\" - ULL - Noticias\",\"isPartOf\":{\"@id\":\"https:\/\/www.ull.es\/portal\/noticias\/#website\"},\"datePublished\":\"2023-03-27T09:47:53+00:00\",\"dateModified\":\"2023-03-27T09:49:38+00:00\",\"author\":{\"@id\":\"https:\/\/www.ull.es\/portal\/noticias\/#\/schema\/person\/8027c6c4687adc2c90dc1532715d34df\"},\"description\":\"La Universidad de La Laguna y el Cabildo de Tenerife han abierto el plazo de inscripci\u00f3n para participar en las primeras actividades gratuitas en el marco de la C\u00e1tedra sobre Ciclos de Vida y Personas Mayores.\",\"breadcrumb\":{\"@id\":\"https:\/\/www.ull.es\/portal\/noticias\/2023\/la-ull-y-el-cabildo-de-tenerife-abren-la-inscripcion-del-curso-aprender-a-cuidar-a-las-personas-mayores\/#breadcrumb\"},\"inLanguage\":\"es\",\"potentialAction\":[{\"@type\":\"ReadAction\",\"target\":[\"https:\/\/www.ull.es\/portal\/noticias\/2023\/la-ull-y-el-cabildo-de-tenerife-abren-la-inscripcion-del-curso-aprender-a-cuidar-a-las-personas-mayores\/\"]}]},{\"@type\":\"BreadcrumbList\",\"@id\":\"https:\/\/www.ull.es\/portal\/noticias\/2023\/la-ull-y-el-cabildo-de-tenerife-abren-la-inscripcion-del-curso-aprender-a-cuidar-a-las-personas-mayores\/#breadcrumb\",\"itemListElement\":[{\"@type\":\"ListItem\",\"position\":1,\"name\":\"Portada\",\"item\":\"https:\/\/www.ull.es\/portal\/noticias\/\"},{\"@type\":\"ListItem\",\"position\":2,\"name\":\"La ULL y el Cabildo de Tenerife abren la inscripci\u00f3n del curso \u00abAprender a cuidar a las personas mayores\u00bb\"}]},{\"@type\":\"WebSite\",\"@id\":\"https:\/\/www.ull.es\/portal\/noticias\/#website\",\"url\":\"https:\/\/www.ull.es\/portal\/noticias\/\",\"name\":\"ULL - Noticias\",\"description\":\"\",\"potentialAction\":[{\"@type\":\"SearchAction\",\"target\":{\"@type\":\"EntryPoint\",\"urlTemplate\":\"https:\/\/www.ull.es\/portal\/noticias\/?s={search_term_string}\"},\"query-input\":\"required name=search_term_string\"}],\"inLanguage\":\"es\"},{\"@type\":\"Person\",\"@id\":\"https:\/\/www.ull.es\/portal\/noticias\/#\/schema\/person\/8027c6c4687adc2c90dc1532715d34df\",\"name\":\"gcom5\",\"image\":{\"@type\":\"ImageObject\",\"inLanguage\":\"es\",\"@id\":\"https:\/\/www.ull.es\/portal\/noticias\/#\/schema\/person\/image\/\",\"url\":\"https:\/\/secure.gravatar.com\/avatar\/8b3777f8048001fa57b88338ce5605b9?s=96&d=mm&r=g\",\"contentUrl\":\"https:\/\/secure.gravatar.com\/avatar\/8b3777f8048001fa57b88338ce5605b9?s=96&d=mm&r=g\",\"caption\":\"gcom5\"},\"url\":\"https:\/\/www.ull.es\/portal\/noticias\/author\/gcom5\/\"}]}<\/script>\n<!-- \/ Yoast SEO plugin. -->","yoast_head_json":{"title":"La ULL y el Cabildo de Tenerife abren la inscripci\u00f3n del curso \"Aprender a cuidar a las personas mayores\" - ULL - Noticias","description":"La Universidad de La Laguna y el Cabildo de Tenerife han abierto el plazo de inscripci\u00f3n para participar en las primeras actividades gratuitas en el marco de la C\u00e1tedra sobre Ciclos de Vida y Personas Mayores.","robots":{"index":"index","follow":"follow","max-snippet":"max-snippet:-1","max-image-preview":"max-image-preview:large","max-video-preview":"max-video-preview:-1"},"canonical":"https:\/\/www.ull.es\/portal\/noticias\/2023\/la-ull-y-el-cabildo-de-tenerife-abren-la-inscripcion-del-curso-aprender-a-cuidar-a-las-personas-mayores\/","og_locale":"es_ES","og_type":"article","og_title":"La ULL y el Cabildo de Tenerife abren la inscripci\u00f3n del curso \"Aprender a cuidar a las personas mayores\" - ULL - Noticias","og_description":"La Universidad de La Laguna y el Cabildo de Tenerife han abierto el plazo de inscripci\u00f3n para participar en las primeras actividades gratuitas en el marco de la C\u00e1tedra sobre Ciclos de Vida y Personas Mayores.","og_url":"https:\/\/www.ull.es\/portal\/noticias\/2023\/la-ull-y-el-cabildo-de-tenerife-abren-la-inscripcion-del-curso-aprender-a-cuidar-a-las-personas-mayores\/","og_site_name":"ULL - Noticias","article_publisher":"https:\/\/www.facebook.com\/universidaddelalaguna\/","article_published_time":"2023-03-27T09:47:53+00:00","article_modified_time":"2023-03-27T09:49:38+00:00","og_image":[{"width":1200,"height":800,"url":"https:\/\/www.ull.es\/portal\/noticias\/wp-content\/uploads\/sites\/13\/2023\/03\/cabildo.jpg","type":"image\/jpeg"}],"author":"gcom5","twitter_card":"summary_large_image","twitter_creator":"@CanalULL","twitter_site":"@CanalULL","twitter_misc":{"Escrito por":"gcom5","Tiempo de lectura":"3 minutos"},"schema":{"@context":"https:\/\/schema.org","@graph":[{"@type":"WebPage","@id":"https:\/\/www.ull.es\/portal\/noticias\/2023\/la-ull-y-el-cabildo-de-tenerife-abren-la-inscripcion-del-curso-aprender-a-cuidar-a-las-personas-mayores\/","url":"https:\/\/www.ull.es\/portal\/noticias\/2023\/la-ull-y-el-cabildo-de-tenerife-abren-la-inscripcion-del-curso-aprender-a-cuidar-a-las-personas-mayores\/","name":"La ULL y el Cabildo de Tenerife abren la inscripci\u00f3n del curso \"Aprender a cuidar a las personas mayores\" - ULL - Noticias","isPartOf":{"@id":"https:\/\/www.ull.es\/portal\/noticias\/#website"},"datePublished":"2023-03-27T09:47:53+00:00","dateModified":"2023-03-27T09:49:38+00:00","author":{"@id":"https:\/\/www.ull.es\/portal\/noticias\/#\/schema\/person\/8027c6c4687adc2c90dc1532715d34df"},"description":"La Universidad de La Laguna y el Cabildo de Tenerife han abierto el plazo de inscripci\u00f3n para participar en las primeras actividades gratuitas en el marco de la C\u00e1tedra sobre Ciclos de Vida y Personas Mayores.","breadcrumb":{"@id":"https:\/\/www.ull.es\/portal\/noticias\/2023\/la-ull-y-el-cabildo-de-tenerife-abren-la-inscripcion-del-curso-aprender-a-cuidar-a-las-personas-mayores\/#breadcrumb"},"inLanguage":"es","potentialAction":[{"@type":"ReadAction","target":["https:\/\/www.ull.es\/portal\/noticias\/2023\/la-ull-y-el-cabildo-de-tenerife-abren-la-inscripcion-del-curso-aprender-a-cuidar-a-las-personas-mayores\/"]}]},{"@type":"BreadcrumbList","@id":"https:\/\/www.ull.es\/portal\/noticias\/2023\/la-ull-y-el-cabildo-de-tenerife-abren-la-inscripcion-del-curso-aprender-a-cuidar-a-las-personas-mayores\/#breadcrumb","itemListElement":[{"@type":"ListItem","position":1,"name":"Portada","item":"https:\/\/www.ull.es\/portal\/noticias\/"},{"@type":"ListItem","position":2,"name":"La ULL y el Cabildo de Tenerife abren la inscripci\u00f3n del curso \u00abAprender a cuidar a las personas mayores\u00bb"}]},{"@type":"WebSite","@id":"https:\/\/www.ull.es\/portal\/noticias\/#website","url":"https:\/\/www.ull.es\/portal\/noticias\/","name":"ULL - Noticias","description":"","potentialAction":[{"@type":"SearchAction","target":{"@type":"EntryPoint","urlTemplate":"https:\/\/www.ull.es\/portal\/noticias\/?s={search_term_string}"},"query-input":"required name=search_term_string"}],"inLanguage":"es"},{"@type":"Person","@id":"https:\/\/www.ull.es\/portal\/noticias\/#\/schema\/person\/8027c6c4687adc2c90dc1532715d34df","name":"gcom5","image":{"@type":"ImageObject","inLanguage":"es","@id":"https:\/\/www.ull.es\/portal\/noticias\/#\/schema\/person\/image\/","url":"https:\/\/secure.gravatar.com\/avatar\/8b3777f8048001fa57b88338ce5605b9?s=96&d=mm&r=g","contentUrl":"https:\/\/secure.gravatar.com\/avatar\/8b3777f8048001fa57b88338ce5605b9?s=96&d=mm&r=g","caption":"gcom5"},"url":"https:\/\/www.ull.es\/portal\/noticias\/author\/gcom5\/"}]}},"primary_category":{"id":345,"name":"Destacado","slug":"destacado","link":"https:\/\/www.ull.es\/portal\/noticias\/category\/destacado\/"},"featured_image_thumbnail_url":"https:\/\/www.ull.es\/portal\/noticias\/wp-content\/uploads\/sites\/13\/2023\/03\/cabildo-300x200.jpg","_links":{"self":[{"href":"https:\/\/www.ull.es\/portal\/noticias\/wp-json\/wp\/v2\/posts\/68654"}],"collection":[{"href":"https:\/\/www.ull.es\/portal\/noticias\/wp-json\/wp\/v2\/posts"}],"about":[{"href":"https:\/\/www.ull.es\/portal\/noticias\/wp-json\/wp\/v2\/types\/post"}],"author":[{"embeddable":true,"href":"https:\/\/www.ull.es\/portal\/noticias\/wp-json\/wp\/v2\/users\/67"}],"replies":[{"embeddable":true,"href":"https:\/\/www.ull.es\/portal\/noticias\/wp-json\/wp\/v2\/comments?post=68654"}],"version-history":[{"count":2,"href":"https:\/\/www.ull.es\/portal\/noticias\/wp-json\/wp\/v2\/posts\/68654\/revisions"}],"predecessor-version":[{"id":68660,"href":"https:\/\/www.ull.es\/portal\/noticias\/wp-json\/wp\/v2\/posts\/68654\/revisions\/68660"}],"wp:featuredmedia":[{"embeddable":true,"href":"https:\/\/www.ull.es\/portal\/noticias\/wp-json\/wp\/v2\/media\/68656"}],"wp:attachment":[{"href":"https:\/\/www.ull.es\/portal\/noticias\/wp-json\/wp\/v2\/media?parent=68654"}],"wp:term":[{"taxonomy":"category","embeddable":true,"href":"https:\/\/www.ull.es\/portal\/noticias\/wp-json\/wp\/v2\/categories?post=68654"},{"taxonomy":"post_tag","embeddable":true,"href":"https:\/\/www.ull.es\/portal\/noticias\/wp-json\/wp\/v2\/tags?post=68654"}],"curies":[{"name":"wp","href":"https:\/\/api.w.org\/{rel}","templated":true}]}}