{"id":68803,"date":"2023-03-30T13:12:14","date_gmt":"2023-03-30T13:12:14","guid":{"rendered":"https:\/\/www.ull.es\/portal\/noticias\/?p=68803"},"modified":"2023-03-30T13:17:36","modified_gmt":"2023-03-30T13:17:36","slug":"la-alianza-stars-eu-presenta-sus-retos-y-conoce-el-ejemplo-de-otra-red-europea","status":"publish","type":"post","link":"https:\/\/www.ull.es\/portal\/noticias\/2023\/la-alianza-stars-eu-presenta-sus-retos-y-conoce-el-ejemplo-de-otra-red-europea\/","title":{"rendered":"La alianza STARS EU presenta sus retos y conoce el ejemplo de otra red europea de universidades"},"content":{"rendered":"<p>Rima Dijkstra, coordinadora de la alianza <a href=\"https:\/\/www.ull.es\/portal\/agenda\/evento\/reunion-de-la-alianza-stars\/\" target=\"_blank\" rel=\"noopener\">STARS EU<\/a> de la que forma parte la Universidad de La Laguna y miembro de Hanze University, tom\u00f3 la palabra tras el descanso para ahondar en las fortalezas y retos de la alianza. La ponente explic\u00f3 todo el trabajo desarrollado en 2022 para fortalecer la red y los objetivos a los que se enfrenta esta iniciativa, que pretende ofrecer un nuevo futuro orientado a los estudiantes, apostando por la innovaci\u00f3n, la flexibilidad y la diversidad de sus componentes.<\/p>\n<p style=\"text-align: center\"><a href=\"https:\/\/drive.google.com\/drive\/folders\/1_lGPrHxfBoW8LYFgciG4lroNv2EKHjsw?usp=share_link\" target=\"_blank\" rel=\"noopener\"><strong>Galer\u00eda gr\u00e1fica<\/strong><\/a><\/p>\n<p>Las nueve universidades que la componen cuentan todas juntas con 77 facultades repartidas por toda Europa. Su fortaleza radica en que no est\u00e1n ubicadas en ciudades capitalinas, est\u00e1n muy orientadas al crecimiento regional y son complementarias entre s\u00ed. Esta alianza debe afrontar retos como el cambio demogr\u00e1fico ante una sociedad cada vez m\u00e1s envejecida, al tiempo que enfrentar nuevos retos como la actitud emprendedora, las competencias digitales, los cambios tecnol\u00f3gicos y la sostenibilidad.<\/p>\n<div id=\"attachment_68806\" style=\"width: 310px\" class=\"wp-caption alignleft\"><img aria-describedby=\"caption-attachment-68806\" decoding=\"async\" loading=\"lazy\" class=\"size-medium wp-image-68806\" src=\"https:\/\/www.ull.es\/portal\/noticias\/wp-content\/uploads\/sites\/13\/2023\/03\/Stars-EU-Rima-Dijkstra-300x200.jpg\" alt=\"\" width=\"300\" height=\"200\" srcset=\"https:\/\/www.ull.es\/portal\/noticias\/wp-content\/uploads\/sites\/13\/2023\/03\/Stars-EU-Rima-Dijkstra-300x200.jpg 300w, https:\/\/www.ull.es\/portal\/noticias\/wp-content\/uploads\/sites\/13\/2023\/03\/Stars-EU-Rima-Dijkstra-1024x682.jpg 1024w, https:\/\/www.ull.es\/portal\/noticias\/wp-content\/uploads\/sites\/13\/2023\/03\/Stars-EU-Rima-Dijkstra-768x512.jpg 768w, https:\/\/www.ull.es\/portal\/noticias\/wp-content\/uploads\/sites\/13\/2023\/03\/Stars-EU-Rima-Dijkstra-375x250.jpg 375w, https:\/\/www.ull.es\/portal\/noticias\/wp-content\/uploads\/sites\/13\/2023\/03\/Stars-EU-Rima-Dijkstra-750x500.jpg 750w, https:\/\/www.ull.es\/portal\/noticias\/wp-content\/uploads\/sites\/13\/2023\/03\/Stars-EU-Rima-Dijkstra.jpg 1100w\" sizes=\"(max-width: 300px) 100vw, 300px\" \/><p id=\"caption-attachment-68806\" class=\"wp-caption-text\">Rima Dijkstra, coordinadora de la red europea.<\/p><\/div>\n<p>Se pretende una conexi\u00f3n interregional entre las universidades, buscando soluciones a los problemas regionales, pero tambi\u00e9n ejerciendo liderazgo europeo, destac\u00f3 Rima Dijkstra, quien explic\u00f3 algunas de las estructuras de cooperaci\u00f3n en la que se sustenta. Las tem\u00e1ticas de inter\u00e9s tienen que ver con transformaci\u00f3n digital, artes creativas, salud, econom\u00eda circular, espacios de vida, transici\u00f3n energ\u00e9tica, emprendimiento e innovaci\u00f3n y creatividad. Todas estas \u00e1reas deben estar interconectadas, se\u00f1al\u00f3 la coordinadora, quien tambi\u00e9n explic\u00f3 c\u00f3mo funcionan los grupos de trabajo y el sistema de gobernanza de la red.<\/p>\n<p>Dijkstra tuvo palabras para destacar su plan de futuro a cuatro a\u00f1os vista, destacando la posibilidad de seguir trabajando en red con semanarios, talleres y conferencias, continuar con el dise\u00f1o de titulaciones compartidas tanto de grado como de posgrado, fomentar el intercambio de estudiantes entre los distintos campus, y continuar con el trabajo curricular para crear micro credenciales que sean v\u00e1lidas en las diferentes universidades, adem\u00e1s de estancias de pr\u00e1cticas y trabajo de cooperaci\u00f3n interregional. Lo m\u00e1s importante destacado por la coordinadora fue dar continuidad al modelo de red de colaboraci\u00f3n sostenible ente universidades. Bremen, Chequia y Bezan\u00e7on ser\u00e1n las siguientes citas de esta red en lo que queda de a\u00f1o y hasta marzo de 2024.<\/p>\n<p><strong>Alianza Arqus <\/strong><\/p>\n<p>La reuni\u00f3n de STARS EU en la Universidad de La Laguna continu\u00f3 con la participaci\u00f3n de la vicerrectora de Internacionalizaci\u00f3n de la Universidad de Granada, Dorothy Kelly, quien present\u00f3 en videoconferencia la experiencia de otra alianza denominada\u00a0<a href=\"https:\/\/arqus-alliance.eu\/\" target=\"_blank\" rel=\"noopener\">Arqus<\/a>, que ha obtenido recientemente financiaci\u00f3n de la convocatoria de Universidades Europeas. Se mostr\u00f3 firme defensora del trabajo en red de los centros de educaci\u00f3n superior para fomentar un curriculum m\u00e1s flexible, lograr una aproximaci\u00f3n m\u00e1s interdisciplinar a los estudios universitarios y llevar a cabo una investigaci\u00f3n m\u00e1s internacionalizada en el continente europeo.<\/p>\n<p>La ponente entr\u00f3 en detalle de la propia convocatoria europea para crear estas redes de trabajo internacionales, dotada con 1,1 bill\u00f3n de euros para el periodo 2021-27. Se trata de una iniciativa<\/p>\n<div id=\"attachment_68808\" style=\"width: 310px\" class=\"wp-caption alignright\"><img aria-describedby=\"caption-attachment-68808\" decoding=\"async\" loading=\"lazy\" class=\"size-medium wp-image-68808\" src=\"https:\/\/www.ull.es\/portal\/noticias\/wp-content\/uploads\/sites\/13\/2023\/03\/Stars-EU-Dorothy-Kelly-300x200.jpg\" alt=\"\" width=\"300\" height=\"200\" srcset=\"https:\/\/www.ull.es\/portal\/noticias\/wp-content\/uploads\/sites\/13\/2023\/03\/Stars-EU-Dorothy-Kelly-300x200.jpg 300w, https:\/\/www.ull.es\/portal\/noticias\/wp-content\/uploads\/sites\/13\/2023\/03\/Stars-EU-Dorothy-Kelly-1024x682.jpg 1024w, https:\/\/www.ull.es\/portal\/noticias\/wp-content\/uploads\/sites\/13\/2023\/03\/Stars-EU-Dorothy-Kelly-768x512.jpg 768w, https:\/\/www.ull.es\/portal\/noticias\/wp-content\/uploads\/sites\/13\/2023\/03\/Stars-EU-Dorothy-Kelly-375x250.jpg 375w, https:\/\/www.ull.es\/portal\/noticias\/wp-content\/uploads\/sites\/13\/2023\/03\/Stars-EU-Dorothy-Kelly-750x500.jpg 750w, https:\/\/www.ull.es\/portal\/noticias\/wp-content\/uploads\/sites\/13\/2023\/03\/Stars-EU-Dorothy-Kelly.jpg 1100w\" sizes=\"(max-width: 300px) 100vw, 300px\" \/><p id=\"caption-attachment-68808\" class=\"wp-caption-text\">Dorothy Kelly, vicerrectora de Internacionalizaci\u00f3n de la Universidad de Granada, durante su intervenci\u00f3n por videoconferencia.<\/p><\/div>\n<p>que pretende reforzar la dimensi\u00f3n europea de las universidades y de su investigaci\u00f3n, se\u00f1al\u00f3 la ponente, al tiempo que consolidar el papel de las universidades como faro del estilo de vida europeo, empoder\u00e1ndolas como actoras clave del crecimiento regional.<\/p>\n<p>En cuanto a Arqus, se\u00f1al\u00f3 que se trata de una red de 9 universidades expandida a 28 centros, que aglutina a 340.00 estudiantes y 19.000 profesores, de la cual Granada es la \u00fanica espa\u00f1ola, con experiencia internacional y gran arraigo regional en ciudades de tama\u00f1o medio.<\/p>\n<p>La alianza pretende establecer pol\u00edticas comunes entre las universidades participantes en materias como igualdad, inclusi\u00f3n, reconocimiento de ense\u00f1anzas o impacto investigador, entre otras materias. Tambi\u00e9n persigue compartir recursos entre los socios, tener una pol\u00edtica de movilidad multilateral, programa de formaci\u00f3n para los cargos directivos, ofrecer estancias de investigaci\u00f3n para j\u00f3venes doctores pero tambi\u00e9n para redes m\u00e1s consolidadas.<\/p>\n<p>Con todo, la vicerrectora tambi\u00e9n relat\u00f3 que la red tiene que hacer frente a diferentes retos, que pasan por distintas regulaciones legales de las universidades, estructuras internas poco parecidas unas a otras, diversidad cultural y ling\u00fc\u00edstica, distinto contexto regional, externalidades cr\u00edticas como ha sido la propia Covid-19 o la inflaci\u00f3n, y riegos cr\u00edticos internos como los propios cambios en los gobiernos de las universidades y la diversidad de estrategias universitarias. La jornada termin\u00f3 con una intervenci\u00f3n musical de temas canarios a cargo de Entrecuerdas.<\/p>\n","protected":false},"excerpt":{"rendered":"<p>Rima Dijkstra, coordinadora de la alianza STARS EU de la que forma parte la Universidad de La Laguna y miembro&#8230;<\/p>\n","protected":false},"author":23,"featured_media":68805,"comment_status":"closed","ping_status":"closed","sticky":false,"template":"","format":"standard","meta":{"inline_featured_image":false,"footnotes":""},"categories":[345,349,2765],"tags":[8684],"acf":[],"yoast_head":"<!-- This site is optimized with the Yoast SEO plugin v21.3 - https:\/\/yoast.com\/wordpress\/plugins\/seo\/ -->\n<title>La alianza STARS EU presenta sus retos y conoce el ejemplo de otra red europea de universidades - ULL - Noticias<\/title>\n<meta name=\"robots\" content=\"index, follow, max-snippet:-1, max-image-preview:large, max-video-preview:-1\" \/>\n<link rel=\"canonical\" href=\"https:\/\/www.ull.es\/portal\/noticias\/2023\/la-alianza-stars-eu-presenta-sus-retos-y-conoce-el-ejemplo-de-otra-red-europea\/\" \/>\n<meta property=\"og:locale\" content=\"es_ES\" \/>\n<meta property=\"og:type\" content=\"article\" \/>\n<meta property=\"og:title\" content=\"La alianza STARS EU presenta sus retos y conoce el ejemplo de otra red europea de universidades - ULL - Noticias\" \/>\n<meta property=\"og:description\" content=\"Rima Dijkstra, coordinadora de la alianza STARS EU de la que forma parte la Universidad de La Laguna y miembro...\" \/>\n<meta property=\"og:url\" content=\"https:\/\/www.ull.es\/portal\/noticias\/2023\/la-alianza-stars-eu-presenta-sus-retos-y-conoce-el-ejemplo-de-otra-red-europea\/\" \/>\n<meta property=\"og:site_name\" content=\"ULL - Noticias\" \/>\n<meta property=\"article:publisher\" content=\"https:\/\/www.facebook.com\/universidaddelalaguna\/\" \/>\n<meta property=\"article:published_time\" content=\"2023-03-30T13:12:14+00:00\" \/>\n<meta property=\"article:modified_time\" content=\"2023-03-30T13:17:36+00:00\" \/>\n<meta property=\"og:image\" content=\"https:\/\/www.ull.es\/portal\/noticias\/wp-content\/uploads\/sites\/13\/2023\/03\/stars-eu-grupo.jpg\" \/>\n\t<meta property=\"og:image:width\" content=\"1024\" \/>\n\t<meta property=\"og:image:height\" content=\"686\" \/>\n\t<meta property=\"og:image:type\" content=\"image\/jpeg\" \/>\n<meta name=\"author\" content=\"gaprsa\" \/>\n<meta name=\"twitter:card\" content=\"summary_large_image\" \/>\n<meta name=\"twitter:creator\" content=\"@CanalULL\" \/>\n<meta name=\"twitter:site\" content=\"@CanalULL\" \/>\n<meta name=\"twitter:label1\" content=\"Escrito por\" \/>\n\t<meta name=\"twitter:data1\" content=\"gaprsa\" \/>\n\t<meta name=\"twitter:label2\" content=\"Tiempo de lectura\" \/>\n\t<meta name=\"twitter:data2\" content=\"4 minutos\" \/>\n<script type=\"application\/ld+json\" class=\"yoast-schema-graph\">{\"@context\":\"https:\/\/schema.org\",\"@graph\":[{\"@type\":\"WebPage\",\"@id\":\"https:\/\/www.ull.es\/portal\/noticias\/2023\/la-alianza-stars-eu-presenta-sus-retos-y-conoce-el-ejemplo-de-otra-red-europea\/\",\"url\":\"https:\/\/www.ull.es\/portal\/noticias\/2023\/la-alianza-stars-eu-presenta-sus-retos-y-conoce-el-ejemplo-de-otra-red-europea\/\",\"name\":\"La alianza STARS EU presenta sus retos y conoce el ejemplo de otra red europea de universidades - ULL - Noticias\",\"isPartOf\":{\"@id\":\"https:\/\/www.ull.es\/portal\/noticias\/#website\"},\"datePublished\":\"2023-03-30T13:12:14+00:00\",\"dateModified\":\"2023-03-30T13:17:36+00:00\",\"author\":{\"@id\":\"https:\/\/www.ull.es\/portal\/noticias\/#\/schema\/person\/b2b1a89d43ffa609e591f7df8ef3e817\"},\"breadcrumb\":{\"@id\":\"https:\/\/www.ull.es\/portal\/noticias\/2023\/la-alianza-stars-eu-presenta-sus-retos-y-conoce-el-ejemplo-de-otra-red-europea\/#breadcrumb\"},\"inLanguage\":\"es\",\"potentialAction\":[{\"@type\":\"ReadAction\",\"target\":[\"https:\/\/www.ull.es\/portal\/noticias\/2023\/la-alianza-stars-eu-presenta-sus-retos-y-conoce-el-ejemplo-de-otra-red-europea\/\"]}]},{\"@type\":\"BreadcrumbList\",\"@id\":\"https:\/\/www.ull.es\/portal\/noticias\/2023\/la-alianza-stars-eu-presenta-sus-retos-y-conoce-el-ejemplo-de-otra-red-europea\/#breadcrumb\",\"itemListElement\":[{\"@type\":\"ListItem\",\"position\":1,\"name\":\"Portada\",\"item\":\"https:\/\/www.ull.es\/portal\/noticias\/\"},{\"@type\":\"ListItem\",\"position\":2,\"name\":\"La alianza STARS EU presenta sus retos y conoce el ejemplo de otra red europea de universidades\"}]},{\"@type\":\"WebSite\",\"@id\":\"https:\/\/www.ull.es\/portal\/noticias\/#website\",\"url\":\"https:\/\/www.ull.es\/portal\/noticias\/\",\"name\":\"ULL - Noticias\",\"description\":\"\",\"potentialAction\":[{\"@type\":\"SearchAction\",\"target\":{\"@type\":\"EntryPoint\",\"urlTemplate\":\"https:\/\/www.ull.es\/portal\/noticias\/?s={search_term_string}\"},\"query-input\":\"required name=search_term_string\"}],\"inLanguage\":\"es\"},{\"@type\":\"Person\",\"@id\":\"https:\/\/www.ull.es\/portal\/noticias\/#\/schema\/person\/b2b1a89d43ffa609e591f7df8ef3e817\",\"name\":\"gaprsa\",\"image\":{\"@type\":\"ImageObject\",\"inLanguage\":\"es\",\"@id\":\"https:\/\/www.ull.es\/portal\/noticias\/#\/schema\/person\/image\/\",\"url\":\"https:\/\/secure.gravatar.com\/avatar\/443820550921091458b4823867723b3d?s=96&d=mm&r=g\",\"contentUrl\":\"https:\/\/secure.gravatar.com\/avatar\/443820550921091458b4823867723b3d?s=96&d=mm&r=g\",\"caption\":\"gaprsa\"},\"url\":\"https:\/\/www.ull.es\/portal\/noticias\/author\/gaprsa\/\"}]}<\/script>\n<!-- \/ Yoast SEO plugin. -->","yoast_head_json":{"title":"La alianza STARS EU presenta sus retos y conoce el ejemplo de otra red europea de universidades - ULL - Noticias","robots":{"index":"index","follow":"follow","max-snippet":"max-snippet:-1","max-image-preview":"max-image-preview:large","max-video-preview":"max-video-preview:-1"},"canonical":"https:\/\/www.ull.es\/portal\/noticias\/2023\/la-alianza-stars-eu-presenta-sus-retos-y-conoce-el-ejemplo-de-otra-red-europea\/","og_locale":"es_ES","og_type":"article","og_title":"La alianza STARS EU presenta sus retos y conoce el ejemplo de otra red europea de universidades - ULL - Noticias","og_description":"Rima Dijkstra, coordinadora de la alianza STARS EU de la que forma parte la Universidad de La Laguna y miembro...","og_url":"https:\/\/www.ull.es\/portal\/noticias\/2023\/la-alianza-stars-eu-presenta-sus-retos-y-conoce-el-ejemplo-de-otra-red-europea\/","og_site_name":"ULL - Noticias","article_publisher":"https:\/\/www.facebook.com\/universidaddelalaguna\/","article_published_time":"2023-03-30T13:12:14+00:00","article_modified_time":"2023-03-30T13:17:36+00:00","og_image":[{"width":1024,"height":686,"url":"https:\/\/www.ull.es\/portal\/noticias\/wp-content\/uploads\/sites\/13\/2023\/03\/stars-eu-grupo.jpg","type":"image\/jpeg"}],"author":"gaprsa","twitter_card":"summary_large_image","twitter_creator":"@CanalULL","twitter_site":"@CanalULL","twitter_misc":{"Escrito por":"gaprsa","Tiempo de lectura":"4 minutos"},"schema":{"@context":"https:\/\/schema.org","@graph":[{"@type":"WebPage","@id":"https:\/\/www.ull.es\/portal\/noticias\/2023\/la-alianza-stars-eu-presenta-sus-retos-y-conoce-el-ejemplo-de-otra-red-europea\/","url":"https:\/\/www.ull.es\/portal\/noticias\/2023\/la-alianza-stars-eu-presenta-sus-retos-y-conoce-el-ejemplo-de-otra-red-europea\/","name":"La alianza STARS EU presenta sus retos y conoce el ejemplo de otra red europea de universidades - ULL - Noticias","isPartOf":{"@id":"https:\/\/www.ull.es\/portal\/noticias\/#website"},"datePublished":"2023-03-30T13:12:14+00:00","dateModified":"2023-03-30T13:17:36+00:00","author":{"@id":"https:\/\/www.ull.es\/portal\/noticias\/#\/schema\/person\/b2b1a89d43ffa609e591f7df8ef3e817"},"breadcrumb":{"@id":"https:\/\/www.ull.es\/portal\/noticias\/2023\/la-alianza-stars-eu-presenta-sus-retos-y-conoce-el-ejemplo-de-otra-red-europea\/#breadcrumb"},"inLanguage":"es","potentialAction":[{"@type":"ReadAction","target":["https:\/\/www.ull.es\/portal\/noticias\/2023\/la-alianza-stars-eu-presenta-sus-retos-y-conoce-el-ejemplo-de-otra-red-europea\/"]}]},{"@type":"BreadcrumbList","@id":"https:\/\/www.ull.es\/portal\/noticias\/2023\/la-alianza-stars-eu-presenta-sus-retos-y-conoce-el-ejemplo-de-otra-red-europea\/#breadcrumb","itemListElement":[{"@type":"ListItem","position":1,"name":"Portada","item":"https:\/\/www.ull.es\/portal\/noticias\/"},{"@type":"ListItem","position":2,"name":"La alianza STARS EU presenta sus retos y conoce el ejemplo de otra red europea de universidades"}]},{"@type":"WebSite","@id":"https:\/\/www.ull.es\/portal\/noticias\/#website","url":"https:\/\/www.ull.es\/portal\/noticias\/","name":"ULL - Noticias","description":"","potentialAction":[{"@type":"SearchAction","target":{"@type":"EntryPoint","urlTemplate":"https:\/\/www.ull.es\/portal\/noticias\/?s={search_term_string}"},"query-input":"required name=search_term_string"}],"inLanguage":"es"},{"@type":"Person","@id":"https:\/\/www.ull.es\/portal\/noticias\/#\/schema\/person\/b2b1a89d43ffa609e591f7df8ef3e817","name":"gaprsa","image":{"@type":"ImageObject","inLanguage":"es","@id":"https:\/\/www.ull.es\/portal\/noticias\/#\/schema\/person\/image\/","url":"https:\/\/secure.gravatar.com\/avatar\/443820550921091458b4823867723b3d?s=96&d=mm&r=g","contentUrl":"https:\/\/secure.gravatar.com\/avatar\/443820550921091458b4823867723b3d?s=96&d=mm&r=g","caption":"gaprsa"},"url":"https:\/\/www.ull.es\/portal\/noticias\/author\/gaprsa\/"}]}},"primary_category":{"id":345,"name":"Destacado","slug":"destacado","link":"https:\/\/www.ull.es\/portal\/noticias\/category\/destacado\/"},"featured_image_thumbnail_url":"https:\/\/www.ull.es\/portal\/noticias\/wp-content\/uploads\/sites\/13\/2023\/03\/stars-eu-grupo-300x201.jpg","_links":{"self":[{"href":"https:\/\/www.ull.es\/portal\/noticias\/wp-json\/wp\/v2\/posts\/68803"}],"collection":[{"href":"https:\/\/www.ull.es\/portal\/noticias\/wp-json\/wp\/v2\/posts"}],"about":[{"href":"https:\/\/www.ull.es\/portal\/noticias\/wp-json\/wp\/v2\/types\/post"}],"author":[{"embeddable":true,"href":"https:\/\/www.ull.es\/portal\/noticias\/wp-json\/wp\/v2\/users\/23"}],"replies":[{"embeddable":true,"href":"https:\/\/www.ull.es\/portal\/noticias\/wp-json\/wp\/v2\/comments?post=68803"}],"version-history":[{"count":6,"href":"https:\/\/www.ull.es\/portal\/noticias\/wp-json\/wp\/v2\/posts\/68803\/revisions"}],"predecessor-version":[{"id":68814,"href":"https:\/\/www.ull.es\/portal\/noticias\/wp-json\/wp\/v2\/posts\/68803\/revisions\/68814"}],"wp:featuredmedia":[{"embeddable":true,"href":"https:\/\/www.ull.es\/portal\/noticias\/wp-json\/wp\/v2\/media\/68805"}],"wp:attachment":[{"href":"https:\/\/www.ull.es\/portal\/noticias\/wp-json\/wp\/v2\/media?parent=68803"}],"wp:term":[{"taxonomy":"category","embeddable":true,"href":"https:\/\/www.ull.es\/portal\/noticias\/wp-json\/wp\/v2\/categories?post=68803"},{"taxonomy":"post_tag","embeddable":true,"href":"https:\/\/www.ull.es\/portal\/noticias\/wp-json\/wp\/v2\/tags?post=68803"}],"curies":[{"name":"wp","href":"https:\/\/api.w.org\/{rel}","templated":true}]}}