{"id":68963,"date":"2023-04-12T09:57:43","date_gmt":"2023-04-12T09:57:43","guid":{"rendered":"https:\/\/www.ull.es\/portal\/noticias\/?p=68963"},"modified":"2023-04-12T11:04:21","modified_gmt":"2023-04-12T11:04:21","slug":"las-ii-jornadas-de-biodiversidad-canaria-y-sostenibilidad-de-la-ull-presentan-respuestas-de-la-ciencia-a-retos-ambientales","status":"publish","type":"post","link":"https:\/\/www.ull.es\/portal\/noticias\/2023\/las-ii-jornadas-de-biodiversidad-canaria-y-sostenibilidad-de-la-ull-presentan-respuestas-de-la-ciencia-a-retos-ambientales\/","title":{"rendered":"Las II Jornadas de Biodiversidad Canaria y Sostenibilidad de la ULL presentan respuestas de la ciencia a retos ambientales"},"content":{"rendered":"<p>La Universidad de La Laguna celebrar\u00e1 desde el viernes 14 de abril al 5 de mayo las <a href=\"https:\/\/www.ull.es\/portal\/jornadas-biodiversidad-canaria\/\" target=\"_blank\" rel=\"noopener\">II Jornadas de Biodiversidad Canaria y Sostenibilidad<\/a>, un proyecto en el cual participan profesionales, colectivos y \u00e1reas de gesti\u00f3n de la instituci\u00f3n acad\u00e9mica que ofrecer\u00e1n algunas respuestas que desde diferentes \u00e1reas cient\u00edficas se pueden ofrecer a retos medioambientales. El prop\u00f3sito es formular relaciones m\u00e1s sostenibles con la rica biodiversidad de las Canarias mediante un modelo que sea m\u00e1s acorde a los Objetivos de Desarrollo Sostenible.<\/p>\n<p>Las jornadas han sido coordinadas por Victoria Eugenia Marti\u0301n Osorio, directora de la C\u00e1tedra Cultural Cient\u00edfica Jardi\u0301n Bota\u0301nico Wolfredo Wildpret de la Universidad de La Laguna; y Francisco de Borja Arizo\u0301n Gonza\u0301lez, del Aula Cultural de Jardineri\u0301a, Biodiversidad y Permacultura.<\/p>\n<p>La presentaci\u00f3n ser\u00e1 el 14 de abril a las 16:45 horas en el Jard\u00edn del Edificio Central de la Universidad de La Laguna. Seguidamente se inaugurar\u00e1n dos exposiciones en el Edificio Central: la primera es de fotograf\u00eda, bajo el lema &#8216;Conociendo los fondos marinos de Tacoronte, I Open de Biodiversidad Marina de Tenerife&#8217;,\u00a0en el Espacio Cultural La Capilla a las 17:30 horas, y comisariada por Alejando de Vera Hern\u00e1ndez y Jos\u00e9 Garc\u00eda Casanova. La segunda es &#8216;Microbiodiversidad: peque\u00f1os pero poderosos&#8217;\u00a0en el Hall del Paraninfo y a cargo de Carolina P\u00e9rez Reyes, Juan Ram\u00f3n Hern\u00e1ndez Fernaud y Nereida M\u00aa Rancel Rodr\u00edguez.<\/p>\n<p>Seguidamente, se impartir\u00e1n dos ponencias en la Sala Polivalente del Edificio Central, a cargo de Marisa Tejedor Salguero, catedr\u00e1tica y profesora em\u00e9rita del Departamento de Biolog\u00eda Animal, Edafolog\u00eda y Geolog\u00eda, quien hablar\u00e1 sobre la \u201cDesertificaci\u00f3n en Canarias y sus consecuencias de futuro con el cambio clim\u00e1tico\u201d; y Pascual Calabuig Miranda, responsable del Centro de Recuperaci\u00f3n de Fauna Silvestre de Tafira y de las Tareas de Conservaci\u00f3n del Pinz\u00f3n Azul, que disertar\u00e1, precisamente, sobre las labores que realiza en favor de las especies locales.<\/p>\n<p>Las siguientes dos ponencias tendr\u00e1n lugar el 21 de abril a partir de las 19:00, nuevamente en la Sala Polivalente. La primera de ellas ser\u00e1 impartida por Carolina Castillo Ruiz, coordinadora del \u00c1rea de Paleontolog\u00eda y del Grupo de Investigaci\u00f3n \u00abEstudio de la Fauna F\u00f3sil y Actual de CanariasII Jornadas de Biodiversidad Canaria y Sostenibilidad\u00bb, quien hablar\u00e1 sobre \u201cLos recursos paleontol\u00f3gicos canarios al rescate: conservaci\u00f3n, uso y gesti\u00f3n\u201d.<\/p>\n<p>Seguidamente, Covadonga Rodr\u00edguez Gonz\u00e1lez, coordinadora del Grupo de Investigaci\u00f3n NUTRAHLIPIDS de la Universidad de La Laguna, impartir\u00e1 una ponencia en las que presentar\u00e1 algunas contribuciones de dicho grupo a la conservaci\u00f3n de la biodiversidad y la sostenibilidad ambiental.<\/p>\n<p>La tercera tanda de ponencias est\u00e1 prevista el 28 de abril a partir de las 19:00 horas en el mismo lugar que las anteriores. La primera, \u201cAutoBioFauna\u201d, ser\u00e1 impartida por Carmen M\u00e9ndez Corona, t\u00e9cnico especialista en vida silvestre; mientras que en la segunda, Mar\u00eda Bel\u00e9n Caro, Jos\u00e9 Garc\u00eda Casanova y Alejandro de Vera Hern\u00e1ndez, del Comit\u00e9 Cient\u00edfico de la Federaci\u00f3n Canaria de Actividades Subacu\u00e1ticas (FEDECAS), explicar\u00e1n la biodiversidad existente en los fondos marinos de Tacoronte.<\/p>\n<p>Para finalizar la serie de ponencias, el viernes 5 de mayo a partir de las 19:00 horas, el naturalista Rub\u00e9n Barone Tosco explicar\u00e1 la flora end\u00e9mica del macizo de Teno, mientras que Arnoldo Santos Guerra, doctor en Ciencias Biol\u00f3gicas, hablar\u00e1 sobre la biodiversidad flor\u00edstica canaria y su conservaci\u00f3n.<\/p>\n<p><strong>Exposiciones <\/strong><\/p>\n<p>Las II Jornadas de Biodiversidad Canaria y Sostenibilidad tambi\u00e9n contar\u00e1n con una serie de exposiciones que se ubicar\u00e1n en diferentes enclaves de la Universidad de La Laguna y que podr\u00e1n ser visitadas a partir del 14 de abril.<\/p>\n<p>La primera de ellas, \u201cConociendo la biodiversidad de los fondos marinos de Tacoronte\u201d, ya mencionada, se podr\u00e1 visitar de lunes a viernes, de 17:00 a 20:00 horas.<\/p>\n<p>La Sala de Arte del Paraninfo de la Universidad de La Laguna acoger\u00e1 la exposici\u00f3n \u201cMicrobiodiversidad: peque\u00f1os pero poderosos\u201d, como ya se ha se\u00f1alado, y que podr\u00e1 ser visitada de lunes a viernes de 17:00 a 20:00 horas.<\/p>\n<p>En el vest\u00edbulo del Edificio Central de la Universidad de La Laguna se podr\u00e1n visitar las exposiciones \u201c\u00bfDesarrollo sostenible, qu\u00e9?\u201d; \u201c\u00bfY te imaginas un mundo sin bosques?\u201d; y \u201c\u00bfC\u00f3mo ayudar al planeta desde tu hogar?\u201d; que han sido auspiciadas por el \u00c1rea de Educaci\u00f3n Ambiental del Cabildo de Tenerife y que podr\u00e1n recorrerse de lunes a viernes de 9:00 a 20:00 horas.<\/p>\n<p>Por \u00faltimo, el Patio Viana 50 acoger\u00e1 la muestra \u201cAves de Canarias\u201d, una serie de fotograf\u00edas realizadas por Jos\u00e9 Luis Morales Trujillo, de lunes a viernes de 9:00 a 14:00 horas.<\/p>\n<p><strong>D\u00eda de la Tierra<\/strong><\/p>\n<p>Coincidiendo con el D\u00eda de la Tierra, el 22 de abril, en horario de 9:00 a 14:00 horas, tendr\u00e1 lugar en el Jard\u00edn Canario del Campus Central de la Universidad de La Laguna una serie de talleres dedicados a diferentes cuestiones como el compostaje, la biodiversidad o los tipos de \u00e1rboles que se encuentran en Tenerife. Por otro lado, tambi\u00e9n est\u00e1 previsto la realizaci\u00f3n de rutas a las exposiciones situadas. El 15 de abril, de 9:00 a 14:00 horas, se realizar\u00e1 un taller formativo titulado \u201cSeguimiento de polinizadores en la Isla de Tenerife\u201d en el Aula Polivalente del Edificio Central.<\/p>\n","protected":false},"excerpt":{"rendered":"<p>La Universidad de La Laguna celebrar\u00e1 desde el viernes 14 de abril al 5 de mayo las II Jornadas de&#8230;<\/p>\n","protected":false},"author":23,"featured_media":68965,"comment_status":"closed","ping_status":"closed","sticky":false,"template":"","format":"standard","meta":{"inline_featured_image":false,"footnotes":""},"categories":[5232,344,345,348,8614,2765],"tags":[9831],"acf":[],"yoast_head":"<!-- This site is optimized with the Yoast SEO plugin v21.3 - https:\/\/yoast.com\/wordpress\/plugins\/seo\/ -->\n<title>Las II Jornadas de Biodiversidad Canaria y Sostenibilidad de la ULL presentan respuestas de la ciencia a retos ambientales - ULL - Noticias<\/title>\n<meta name=\"robots\" content=\"index, follow, max-snippet:-1, max-image-preview:large, max-video-preview:-1\" \/>\n<link rel=\"canonical\" href=\"https:\/\/www.ull.es\/portal\/noticias\/2023\/las-ii-jornadas-de-biodiversidad-canaria-y-sostenibilidad-de-la-ull-presentan-respuestas-de-la-ciencia-a-retos-ambientales\/\" \/>\n<meta property=\"og:locale\" content=\"es_ES\" \/>\n<meta property=\"og:type\" content=\"article\" \/>\n<meta property=\"og:title\" content=\"Las II Jornadas de Biodiversidad Canaria y Sostenibilidad de la ULL presentan respuestas de la ciencia a retos ambientales - ULL - Noticias\" \/>\n<meta property=\"og:description\" content=\"La Universidad de La Laguna celebrar\u00e1 desde el viernes 14 de abril al 5 de mayo las II Jornadas de...\" \/>\n<meta property=\"og:url\" content=\"https:\/\/www.ull.es\/portal\/noticias\/2023\/las-ii-jornadas-de-biodiversidad-canaria-y-sostenibilidad-de-la-ull-presentan-respuestas-de-la-ciencia-a-retos-ambientales\/\" \/>\n<meta property=\"og:site_name\" content=\"ULL - Noticias\" \/>\n<meta property=\"article:publisher\" content=\"https:\/\/www.facebook.com\/universidaddelalaguna\/\" \/>\n<meta property=\"article:published_time\" content=\"2023-04-12T09:57:43+00:00\" \/>\n<meta property=\"article:modified_time\" content=\"2023-04-12T11:04:21+00:00\" \/>\n<meta property=\"og:image\" content=\"https:\/\/www.ull.es\/portal\/noticias\/wp-content\/uploads\/sites\/13\/2023\/04\/jornadas-biodiversidad-y-sostenibildiad-ULL.jpg\" \/>\n\t<meta property=\"og:image:width\" content=\"1201\" \/>\n\t<meta property=\"og:image:height\" content=\"801\" \/>\n\t<meta property=\"og:image:type\" content=\"image\/jpeg\" \/>\n<meta name=\"author\" content=\"gaprsa\" \/>\n<meta name=\"twitter:card\" content=\"summary_large_image\" \/>\n<meta name=\"twitter:creator\" content=\"@CanalULL\" \/>\n<meta name=\"twitter:site\" content=\"@CanalULL\" \/>\n<meta name=\"twitter:label1\" content=\"Escrito por\" \/>\n\t<meta name=\"twitter:data1\" content=\"gaprsa\" \/>\n\t<meta name=\"twitter:label2\" content=\"Tiempo de lectura\" \/>\n\t<meta name=\"twitter:data2\" content=\"4 minutos\" \/>\n<script type=\"application\/ld+json\" class=\"yoast-schema-graph\">{\"@context\":\"https:\/\/schema.org\",\"@graph\":[{\"@type\":\"WebPage\",\"@id\":\"https:\/\/www.ull.es\/portal\/noticias\/2023\/las-ii-jornadas-de-biodiversidad-canaria-y-sostenibilidad-de-la-ull-presentan-respuestas-de-la-ciencia-a-retos-ambientales\/\",\"url\":\"https:\/\/www.ull.es\/portal\/noticias\/2023\/las-ii-jornadas-de-biodiversidad-canaria-y-sostenibilidad-de-la-ull-presentan-respuestas-de-la-ciencia-a-retos-ambientales\/\",\"name\":\"Las II Jornadas de Biodiversidad Canaria y Sostenibilidad de la ULL presentan respuestas de la ciencia a retos ambientales - ULL - Noticias\",\"isPartOf\":{\"@id\":\"https:\/\/www.ull.es\/portal\/noticias\/#website\"},\"datePublished\":\"2023-04-12T09:57:43+00:00\",\"dateModified\":\"2023-04-12T11:04:21+00:00\",\"author\":{\"@id\":\"https:\/\/www.ull.es\/portal\/noticias\/#\/schema\/person\/b2b1a89d43ffa609e591f7df8ef3e817\"},\"breadcrumb\":{\"@id\":\"https:\/\/www.ull.es\/portal\/noticias\/2023\/las-ii-jornadas-de-biodiversidad-canaria-y-sostenibilidad-de-la-ull-presentan-respuestas-de-la-ciencia-a-retos-ambientales\/#breadcrumb\"},\"inLanguage\":\"es\",\"potentialAction\":[{\"@type\":\"ReadAction\",\"target\":[\"https:\/\/www.ull.es\/portal\/noticias\/2023\/las-ii-jornadas-de-biodiversidad-canaria-y-sostenibilidad-de-la-ull-presentan-respuestas-de-la-ciencia-a-retos-ambientales\/\"]}]},{\"@type\":\"BreadcrumbList\",\"@id\":\"https:\/\/www.ull.es\/portal\/noticias\/2023\/las-ii-jornadas-de-biodiversidad-canaria-y-sostenibilidad-de-la-ull-presentan-respuestas-de-la-ciencia-a-retos-ambientales\/#breadcrumb\",\"itemListElement\":[{\"@type\":\"ListItem\",\"position\":1,\"name\":\"Portada\",\"item\":\"https:\/\/www.ull.es\/portal\/noticias\/\"},{\"@type\":\"ListItem\",\"position\":2,\"name\":\"Las II Jornadas de Biodiversidad Canaria y Sostenibilidad de la ULL presentan respuestas de la ciencia a retos ambientales\"}]},{\"@type\":\"WebSite\",\"@id\":\"https:\/\/www.ull.es\/portal\/noticias\/#website\",\"url\":\"https:\/\/www.ull.es\/portal\/noticias\/\",\"name\":\"ULL - Noticias\",\"description\":\"\",\"potentialAction\":[{\"@type\":\"SearchAction\",\"target\":{\"@type\":\"EntryPoint\",\"urlTemplate\":\"https:\/\/www.ull.es\/portal\/noticias\/?s={search_term_string}\"},\"query-input\":\"required name=search_term_string\"}],\"inLanguage\":\"es\"},{\"@type\":\"Person\",\"@id\":\"https:\/\/www.ull.es\/portal\/noticias\/#\/schema\/person\/b2b1a89d43ffa609e591f7df8ef3e817\",\"name\":\"gaprsa\",\"image\":{\"@type\":\"ImageObject\",\"inLanguage\":\"es\",\"@id\":\"https:\/\/www.ull.es\/portal\/noticias\/#\/schema\/person\/image\/\",\"url\":\"https:\/\/secure.gravatar.com\/avatar\/443820550921091458b4823867723b3d?s=96&d=mm&r=g\",\"contentUrl\":\"https:\/\/secure.gravatar.com\/avatar\/443820550921091458b4823867723b3d?s=96&d=mm&r=g\",\"caption\":\"gaprsa\"},\"url\":\"https:\/\/www.ull.es\/portal\/noticias\/author\/gaprsa\/\"}]}<\/script>\n<!-- \/ Yoast SEO plugin. -->","yoast_head_json":{"title":"Las II Jornadas de Biodiversidad Canaria y Sostenibilidad de la ULL presentan respuestas de la ciencia a retos ambientales - ULL - Noticias","robots":{"index":"index","follow":"follow","max-snippet":"max-snippet:-1","max-image-preview":"max-image-preview:large","max-video-preview":"max-video-preview:-1"},"canonical":"https:\/\/www.ull.es\/portal\/noticias\/2023\/las-ii-jornadas-de-biodiversidad-canaria-y-sostenibilidad-de-la-ull-presentan-respuestas-de-la-ciencia-a-retos-ambientales\/","og_locale":"es_ES","og_type":"article","og_title":"Las II Jornadas de Biodiversidad Canaria y Sostenibilidad de la ULL presentan respuestas de la ciencia a retos ambientales - ULL - Noticias","og_description":"La Universidad de La Laguna celebrar\u00e1 desde el viernes 14 de abril al 5 de mayo las II Jornadas de...","og_url":"https:\/\/www.ull.es\/portal\/noticias\/2023\/las-ii-jornadas-de-biodiversidad-canaria-y-sostenibilidad-de-la-ull-presentan-respuestas-de-la-ciencia-a-retos-ambientales\/","og_site_name":"ULL - Noticias","article_publisher":"https:\/\/www.facebook.com\/universidaddelalaguna\/","article_published_time":"2023-04-12T09:57:43+00:00","article_modified_time":"2023-04-12T11:04:21+00:00","og_image":[{"width":1201,"height":801,"url":"https:\/\/www.ull.es\/portal\/noticias\/wp-content\/uploads\/sites\/13\/2023\/04\/jornadas-biodiversidad-y-sostenibildiad-ULL.jpg","type":"image\/jpeg"}],"author":"gaprsa","twitter_card":"summary_large_image","twitter_creator":"@CanalULL","twitter_site":"@CanalULL","twitter_misc":{"Escrito por":"gaprsa","Tiempo de lectura":"4 minutos"},"schema":{"@context":"https:\/\/schema.org","@graph":[{"@type":"WebPage","@id":"https:\/\/www.ull.es\/portal\/noticias\/2023\/las-ii-jornadas-de-biodiversidad-canaria-y-sostenibilidad-de-la-ull-presentan-respuestas-de-la-ciencia-a-retos-ambientales\/","url":"https:\/\/www.ull.es\/portal\/noticias\/2023\/las-ii-jornadas-de-biodiversidad-canaria-y-sostenibilidad-de-la-ull-presentan-respuestas-de-la-ciencia-a-retos-ambientales\/","name":"Las II Jornadas de Biodiversidad Canaria y Sostenibilidad de la ULL presentan respuestas de la ciencia a retos ambientales - ULL - Noticias","isPartOf":{"@id":"https:\/\/www.ull.es\/portal\/noticias\/#website"},"datePublished":"2023-04-12T09:57:43+00:00","dateModified":"2023-04-12T11:04:21+00:00","author":{"@id":"https:\/\/www.ull.es\/portal\/noticias\/#\/schema\/person\/b2b1a89d43ffa609e591f7df8ef3e817"},"breadcrumb":{"@id":"https:\/\/www.ull.es\/portal\/noticias\/2023\/las-ii-jornadas-de-biodiversidad-canaria-y-sostenibilidad-de-la-ull-presentan-respuestas-de-la-ciencia-a-retos-ambientales\/#breadcrumb"},"inLanguage":"es","potentialAction":[{"@type":"ReadAction","target":["https:\/\/www.ull.es\/portal\/noticias\/2023\/las-ii-jornadas-de-biodiversidad-canaria-y-sostenibilidad-de-la-ull-presentan-respuestas-de-la-ciencia-a-retos-ambientales\/"]}]},{"@type":"BreadcrumbList","@id":"https:\/\/www.ull.es\/portal\/noticias\/2023\/las-ii-jornadas-de-biodiversidad-canaria-y-sostenibilidad-de-la-ull-presentan-respuestas-de-la-ciencia-a-retos-ambientales\/#breadcrumb","itemListElement":[{"@type":"ListItem","position":1,"name":"Portada","item":"https:\/\/www.ull.es\/portal\/noticias\/"},{"@type":"ListItem","position":2,"name":"Las II Jornadas de Biodiversidad Canaria y Sostenibilidad de la ULL presentan respuestas de la ciencia a retos ambientales"}]},{"@type":"WebSite","@id":"https:\/\/www.ull.es\/portal\/noticias\/#website","url":"https:\/\/www.ull.es\/portal\/noticias\/","name":"ULL - Noticias","description":"","potentialAction":[{"@type":"SearchAction","target":{"@type":"EntryPoint","urlTemplate":"https:\/\/www.ull.es\/portal\/noticias\/?s={search_term_string}"},"query-input":"required name=search_term_string"}],"inLanguage":"es"},{"@type":"Person","@id":"https:\/\/www.ull.es\/portal\/noticias\/#\/schema\/person\/b2b1a89d43ffa609e591f7df8ef3e817","name":"gaprsa","image":{"@type":"ImageObject","inLanguage":"es","@id":"https:\/\/www.ull.es\/portal\/noticias\/#\/schema\/person\/image\/","url":"https:\/\/secure.gravatar.com\/avatar\/443820550921091458b4823867723b3d?s=96&d=mm&r=g","contentUrl":"https:\/\/secure.gravatar.com\/avatar\/443820550921091458b4823867723b3d?s=96&d=mm&r=g","caption":"gaprsa"},"url":"https:\/\/www.ull.es\/portal\/noticias\/author\/gaprsa\/"}]}},"primary_category":{"id":345,"name":"Destacado","slug":"destacado","link":"https:\/\/www.ull.es\/portal\/noticias\/category\/destacado\/"},"featured_image_thumbnail_url":"https:\/\/www.ull.es\/portal\/noticias\/wp-content\/uploads\/sites\/13\/2023\/04\/jornadas-biodiversidad-y-sostenibildiad-ULL-300x200.jpg","_links":{"self":[{"href":"https:\/\/www.ull.es\/portal\/noticias\/wp-json\/wp\/v2\/posts\/68963"}],"collection":[{"href":"https:\/\/www.ull.es\/portal\/noticias\/wp-json\/wp\/v2\/posts"}],"about":[{"href":"https:\/\/www.ull.es\/portal\/noticias\/wp-json\/wp\/v2\/types\/post"}],"author":[{"embeddable":true,"href":"https:\/\/www.ull.es\/portal\/noticias\/wp-json\/wp\/v2\/users\/23"}],"replies":[{"embeddable":true,"href":"https:\/\/www.ull.es\/portal\/noticias\/wp-json\/wp\/v2\/comments?post=68963"}],"version-history":[{"count":3,"href":"https:\/\/www.ull.es\/portal\/noticias\/wp-json\/wp\/v2\/posts\/68963\/revisions"}],"predecessor-version":[{"id":68967,"href":"https:\/\/www.ull.es\/portal\/noticias\/wp-json\/wp\/v2\/posts\/68963\/revisions\/68967"}],"wp:featuredmedia":[{"embeddable":true,"href":"https:\/\/www.ull.es\/portal\/noticias\/wp-json\/wp\/v2\/media\/68965"}],"wp:attachment":[{"href":"https:\/\/www.ull.es\/portal\/noticias\/wp-json\/wp\/v2\/media?parent=68963"}],"wp:term":[{"taxonomy":"category","embeddable":true,"href":"https:\/\/www.ull.es\/portal\/noticias\/wp-json\/wp\/v2\/categories?post=68963"},{"taxonomy":"post_tag","embeddable":true,"href":"https:\/\/www.ull.es\/portal\/noticias\/wp-json\/wp\/v2\/tags?post=68963"}],"curies":[{"name":"wp","href":"https:\/\/api.w.org\/{rel}","templated":true}]}}