{"id":68978,"date":"2023-04-13T11:32:50","date_gmt":"2023-04-13T11:32:50","guid":{"rendered":"https:\/\/www.ull.es\/portal\/noticias\/?p=68978"},"modified":"2023-04-13T14:00:15","modified_gmt":"2023-04-13T14:00:15","slug":"arranca-jornada-electoral-sin-incidencias","status":"publish","type":"post","link":"https:\/\/www.ull.es\/portal\/noticias\/2023\/arranca-jornada-electoral-sin-incidencias\/","title":{"rendered":"Arranca la jornada electoral en la Universidad de La Laguna sin incidencias"},"content":{"rendered":"<p>La jornada electoral en la Universidad de La Laguna para elegir al pr\u00f3ximo rector o rectora ha arrancado hoy 13 de abril a las 9.30 horas con la apertura del voto telem\u00e1tico para toda la comunidad universitaria, que podr\u00e1 ejercer su derecho al voto hasta las 19 horas. Pocos minutos despu\u00e9s se conocer\u00e1 el resultado provisional de estos comicios, que hasta el momento se est\u00e1n desarrollando sin incidencias.<\/p>\n<p>El candidato Francisco Garc\u00eda, catedr\u00e1tico de Organizaci\u00f3n de Empresas del Departamento de Direcci\u00f3n de Empresas e Historia Econ\u00f3mica, ha votado desde su despacho en la Facultad de Econom\u00eda, Empresa y Turismo nada m\u00e1s abrirse el periodo de votaci\u00f3n, mientras que la candidata Rosa Aguilar, catedr\u00e1tica de Ingenier\u00eda de Sistemas y Autom\u00e1tica en el Departamento de Ingenier\u00eda Inform\u00e1tica y Sistemas, lo ha hecho desde la Sala de Grados de la Escuela Superior de Ingenier\u00eda y Tecnolog\u00eda, media hora m\u00e1s tarde.<\/p>\n<p>Se vota a trav\u00e9s del enlace <a href=\"http:\/\/www.ull.es\/vota\" target=\"_blank\" rel=\"noopener\" target=\"_blank\" rel=\"noopener\">www.ull.es\/vota<\/a>. En ese entorno el usuario accede mediante sus credenciales personales a la papeleta de voto digital, y una vez haya registrado su decisi\u00f3n, esta debe ser confirmada por segunda vez. Todos los votos est\u00e1n cifrados, de tal forma que nadie puede conocer su contenido, y a ellos se a\u00f1ade adem\u00e1s la firma digital del votante como un segundo sistema para garantizar el anonimato del proceso y su fiabilidad.<\/p>\n<div id=\"attachment_68980\" style=\"width: 310px\" class=\"wp-caption alignleft\"><a href=\"https:\/\/www.ull.es\/portal\/noticias\/wp-content\/uploads\/sites\/13\/2023\/04\/Firma-proceso-electoral-20.jpg\" target=\"_blank\" rel=\"noopener\" target=\"_blank\" rel=\"noopener\"><img aria-describedby=\"caption-attachment-68980\" decoding=\"async\" loading=\"lazy\" class=\"wp-image-68980 size-medium\" src=\"https:\/\/www.ull.es\/portal\/noticias\/wp-content\/uploads\/sites\/13\/2023\/04\/Firma-proceso-electoral-20-300x200.jpg\" alt=\"La clave que permite el recuento ha sido dividida en cinco tarjetas entregadas a quienes integran la mesa electoral.\" width=\"300\" height=\"200\" srcset=\"https:\/\/www.ull.es\/portal\/noticias\/wp-content\/uploads\/sites\/13\/2023\/04\/Firma-proceso-electoral-20-300x200.jpg 300w, https:\/\/www.ull.es\/portal\/noticias\/wp-content\/uploads\/sites\/13\/2023\/04\/Firma-proceso-electoral-20-768x512.jpg 768w, https:\/\/www.ull.es\/portal\/noticias\/wp-content\/uploads\/sites\/13\/2023\/04\/Firma-proceso-electoral-20-375x250.jpg 375w, https:\/\/www.ull.es\/portal\/noticias\/wp-content\/uploads\/sites\/13\/2023\/04\/Firma-proceso-electoral-20-750x500.jpg 750w, https:\/\/www.ull.es\/portal\/noticias\/wp-content\/uploads\/sites\/13\/2023\/04\/Firma-proceso-electoral-20.jpg 1024w\" sizes=\"(max-width: 300px) 100vw, 300px\" \/><\/a><p id=\"caption-attachment-68980\" class=\"wp-caption-text\">La clave que permite el recuento ha sido dividida en cinco tarjetas entregadas a quienes integran la mesa electoral.<\/p><\/div>\n<p>Est\u00e1 previsto que a las 14 horas la Comisi\u00f3n Electoral General ofrezca datos de \u00edndice de participaci\u00f3n de estas elecciones que, aunque se celebran hoy 13 de abril desde ayer d\u00eda 12 ya se efectuaron algunos preparativos previos. Es el caso de la entrega de las cinco tarjetas cifradas con parte de la clave privada que permitir\u00e1 abrir la urna digital a las 19 horas y desencriptar su contenido, y de las cuales har\u00edan falta al menos dos para descifrar los votos. Fueron entregadas a los cinco miembros de la mesa electoral, dirigida por el profesor titular Agust\u00edn Valenzuela.<\/p>\n<p>En el momento del recuento, los votos est\u00e1n cifrados y firmados, como se ha se\u00f1alado. Se proceder\u00e1 entonces a quitarle los sellos de protecci\u00f3n para poder abrirlos, se remueven para alterar el orden de la votaci\u00f3n y, al descifrarlos, se conocer\u00e1 su contenido. A los datos absolutos para cada sector habr\u00e1 de aplicarse la ponderaci\u00f3n correspondiente, para obtener as\u00ed los datos definitivos. Se prev\u00e9 que a escasos minutos del cierre de la votaci\u00f3n se conozca qui\u00e9n ser\u00e1 el rector o rectora de la Universidad de La Laguna para los pr\u00f3ximos seis a\u00f1os, ya que se aplicar\u00eda la nueva legislaci\u00f3n universitaria (LOSU).<\/p>\n","protected":false},"excerpt":{"rendered":"<p>La jornada electoral en la Universidad de La Laguna para elegir al pr\u00f3ximo rector o rectora ha arrancado hoy 13&#8230;<\/p>\n","protected":false},"author":21,"featured_media":68979,"comment_status":"closed","ping_status":"closed","sticky":false,"template":"","format":"standard","meta":{"inline_featured_image":false,"footnotes":""},"categories":[345,348,2765],"tags":[1111,9707,1304,9833,5717,2646],"acf":[],"yoast_head":"<!-- This site is optimized with the Yoast SEO plugin v21.3 - https:\/\/yoast.com\/wordpress\/plugins\/seo\/ -->\n<title>Arranca la jornada electoral en la ULL sin incidencias<\/title>\n<meta name=\"description\" content=\"La jornada electoral para elegir al pr\u00f3ximo rector o rectora arranc\u00f3 hoy 13 de abril a las 9.30 con la apertura del voto telem\u00e1tico.\" \/>\n<meta name=\"robots\" content=\"index, follow, max-snippet:-1, max-image-preview:large, max-video-preview:-1\" \/>\n<link rel=\"canonical\" href=\"https:\/\/www.ull.es\/portal\/noticias\/2023\/arranca-jornada-electoral-sin-incidencias\/\" \/>\n<meta property=\"og:locale\" content=\"es_ES\" \/>\n<meta property=\"og:type\" content=\"article\" \/>\n<meta property=\"og:title\" content=\"Arranca la jornada electoral en la ULL sin incidencias\" \/>\n<meta property=\"og:description\" content=\"La jornada electoral para elegir al pr\u00f3ximo rector o rectora arranc\u00f3 hoy 13 de abril a las 9.30 con la apertura del voto telem\u00e1tico.\" \/>\n<meta property=\"og:url\" content=\"https:\/\/www.ull.es\/portal\/noticias\/2023\/arranca-jornada-electoral-sin-incidencias\/\" \/>\n<meta property=\"og:site_name\" content=\"ULL - Noticias\" \/>\n<meta property=\"article:publisher\" content=\"https:\/\/www.facebook.com\/universidaddelalaguna\/\" \/>\n<meta property=\"article:published_time\" content=\"2023-04-13T11:32:50+00:00\" \/>\n<meta property=\"article:modified_time\" content=\"2023-04-13T14:00:15+00:00\" \/>\n<meta property=\"og:image\" content=\"https:\/\/www.ull.es\/portal\/noticias\/wp-content\/uploads\/sites\/13\/2023\/04\/votando.jpg\" \/>\n\t<meta property=\"og:image:width\" content=\"1024\" \/>\n\t<meta property=\"og:image:height\" content=\"683\" \/>\n\t<meta property=\"og:image:type\" content=\"image\/jpeg\" \/>\n<meta name=\"author\" content=\"prensa2\" \/>\n<meta name=\"twitter:card\" content=\"summary_large_image\" \/>\n<meta name=\"twitter:creator\" content=\"@CanalULL\" \/>\n<meta name=\"twitter:site\" content=\"@CanalULL\" \/>\n<meta name=\"twitter:label1\" content=\"Escrito por\" \/>\n\t<meta name=\"twitter:data1\" content=\"prensa2\" \/>\n\t<meta name=\"twitter:label2\" content=\"Tiempo de lectura\" \/>\n\t<meta name=\"twitter:data2\" content=\"3 minutos\" \/>\n<script type=\"application\/ld+json\" class=\"yoast-schema-graph\">{\"@context\":\"https:\/\/schema.org\",\"@graph\":[{\"@type\":\"WebPage\",\"@id\":\"https:\/\/www.ull.es\/portal\/noticias\/2023\/arranca-jornada-electoral-sin-incidencias\/\",\"url\":\"https:\/\/www.ull.es\/portal\/noticias\/2023\/arranca-jornada-electoral-sin-incidencias\/\",\"name\":\"Arranca la jornada electoral en la ULL sin incidencias\",\"isPartOf\":{\"@id\":\"https:\/\/www.ull.es\/portal\/noticias\/#website\"},\"datePublished\":\"2023-04-13T11:32:50+00:00\",\"dateModified\":\"2023-04-13T14:00:15+00:00\",\"author\":{\"@id\":\"https:\/\/www.ull.es\/portal\/noticias\/#\/schema\/person\/c3b2aa857797592927a03740d6664376\"},\"description\":\"La jornada electoral para elegir al pr\u00f3ximo rector o rectora arranc\u00f3 hoy 13 de abril a las 9.30 con la apertura del voto telem\u00e1tico.\",\"breadcrumb\":{\"@id\":\"https:\/\/www.ull.es\/portal\/noticias\/2023\/arranca-jornada-electoral-sin-incidencias\/#breadcrumb\"},\"inLanguage\":\"es\",\"potentialAction\":[{\"@type\":\"ReadAction\",\"target\":[\"https:\/\/www.ull.es\/portal\/noticias\/2023\/arranca-jornada-electoral-sin-incidencias\/\"]}]},{\"@type\":\"BreadcrumbList\",\"@id\":\"https:\/\/www.ull.es\/portal\/noticias\/2023\/arranca-jornada-electoral-sin-incidencias\/#breadcrumb\",\"itemListElement\":[{\"@type\":\"ListItem\",\"position\":1,\"name\":\"Portada\",\"item\":\"https:\/\/www.ull.es\/portal\/noticias\/\"},{\"@type\":\"ListItem\",\"position\":2,\"name\":\"Arranca la jornada electoral en la Universidad de La Laguna sin incidencias\"}]},{\"@type\":\"WebSite\",\"@id\":\"https:\/\/www.ull.es\/portal\/noticias\/#website\",\"url\":\"https:\/\/www.ull.es\/portal\/noticias\/\",\"name\":\"ULL - Noticias\",\"description\":\"\",\"potentialAction\":[{\"@type\":\"SearchAction\",\"target\":{\"@type\":\"EntryPoint\",\"urlTemplate\":\"https:\/\/www.ull.es\/portal\/noticias\/?s={search_term_string}\"},\"query-input\":\"required name=search_term_string\"}],\"inLanguage\":\"es\"},{\"@type\":\"Person\",\"@id\":\"https:\/\/www.ull.es\/portal\/noticias\/#\/schema\/person\/c3b2aa857797592927a03740d6664376\",\"name\":\"prensa2\",\"image\":{\"@type\":\"ImageObject\",\"inLanguage\":\"es\",\"@id\":\"https:\/\/www.ull.es\/portal\/noticias\/#\/schema\/person\/image\/\",\"url\":\"https:\/\/secure.gravatar.com\/avatar\/b58f310a5de5feb33d1e026d2493f23c?s=96&d=mm&r=g\",\"contentUrl\":\"https:\/\/secure.gravatar.com\/avatar\/b58f310a5de5feb33d1e026d2493f23c?s=96&d=mm&r=g\",\"caption\":\"prensa2\"},\"url\":\"https:\/\/www.ull.es\/portal\/noticias\/author\/prensa2\/\"}]}<\/script>\n<!-- \/ Yoast SEO plugin. -->","yoast_head_json":{"title":"Arranca la jornada electoral en la ULL sin incidencias","description":"La jornada electoral para elegir al pr\u00f3ximo rector o rectora arranc\u00f3 hoy 13 de abril a las 9.30 con la apertura del voto telem\u00e1tico.","robots":{"index":"index","follow":"follow","max-snippet":"max-snippet:-1","max-image-preview":"max-image-preview:large","max-video-preview":"max-video-preview:-1"},"canonical":"https:\/\/www.ull.es\/portal\/noticias\/2023\/arranca-jornada-electoral-sin-incidencias\/","og_locale":"es_ES","og_type":"article","og_title":"Arranca la jornada electoral en la ULL sin incidencias","og_description":"La jornada electoral para elegir al pr\u00f3ximo rector o rectora arranc\u00f3 hoy 13 de abril a las 9.30 con la apertura del voto telem\u00e1tico.","og_url":"https:\/\/www.ull.es\/portal\/noticias\/2023\/arranca-jornada-electoral-sin-incidencias\/","og_site_name":"ULL - Noticias","article_publisher":"https:\/\/www.facebook.com\/universidaddelalaguna\/","article_published_time":"2023-04-13T11:32:50+00:00","article_modified_time":"2023-04-13T14:00:15+00:00","og_image":[{"width":1024,"height":683,"url":"https:\/\/www.ull.es\/portal\/noticias\/wp-content\/uploads\/sites\/13\/2023\/04\/votando.jpg","type":"image\/jpeg"}],"author":"prensa2","twitter_card":"summary_large_image","twitter_creator":"@CanalULL","twitter_site":"@CanalULL","twitter_misc":{"Escrito por":"prensa2","Tiempo de lectura":"3 minutos"},"schema":{"@context":"https:\/\/schema.org","@graph":[{"@type":"WebPage","@id":"https:\/\/www.ull.es\/portal\/noticias\/2023\/arranca-jornada-electoral-sin-incidencias\/","url":"https:\/\/www.ull.es\/portal\/noticias\/2023\/arranca-jornada-electoral-sin-incidencias\/","name":"Arranca la jornada electoral en la ULL sin incidencias","isPartOf":{"@id":"https:\/\/www.ull.es\/portal\/noticias\/#website"},"datePublished":"2023-04-13T11:32:50+00:00","dateModified":"2023-04-13T14:00:15+00:00","author":{"@id":"https:\/\/www.ull.es\/portal\/noticias\/#\/schema\/person\/c3b2aa857797592927a03740d6664376"},"description":"La jornada electoral para elegir al pr\u00f3ximo rector o rectora arranc\u00f3 hoy 13 de abril a las 9.30 con la apertura del voto telem\u00e1tico.","breadcrumb":{"@id":"https:\/\/www.ull.es\/portal\/noticias\/2023\/arranca-jornada-electoral-sin-incidencias\/#breadcrumb"},"inLanguage":"es","potentialAction":[{"@type":"ReadAction","target":["https:\/\/www.ull.es\/portal\/noticias\/2023\/arranca-jornada-electoral-sin-incidencias\/"]}]},{"@type":"BreadcrumbList","@id":"https:\/\/www.ull.es\/portal\/noticias\/2023\/arranca-jornada-electoral-sin-incidencias\/#breadcrumb","itemListElement":[{"@type":"ListItem","position":1,"name":"Portada","item":"https:\/\/www.ull.es\/portal\/noticias\/"},{"@type":"ListItem","position":2,"name":"Arranca la jornada electoral en la Universidad de La Laguna sin incidencias"}]},{"@type":"WebSite","@id":"https:\/\/www.ull.es\/portal\/noticias\/#website","url":"https:\/\/www.ull.es\/portal\/noticias\/","name":"ULL - Noticias","description":"","potentialAction":[{"@type":"SearchAction","target":{"@type":"EntryPoint","urlTemplate":"https:\/\/www.ull.es\/portal\/noticias\/?s={search_term_string}"},"query-input":"required name=search_term_string"}],"inLanguage":"es"},{"@type":"Person","@id":"https:\/\/www.ull.es\/portal\/noticias\/#\/schema\/person\/c3b2aa857797592927a03740d6664376","name":"prensa2","image":{"@type":"ImageObject","inLanguage":"es","@id":"https:\/\/www.ull.es\/portal\/noticias\/#\/schema\/person\/image\/","url":"https:\/\/secure.gravatar.com\/avatar\/b58f310a5de5feb33d1e026d2493f23c?s=96&d=mm&r=g","contentUrl":"https:\/\/secure.gravatar.com\/avatar\/b58f310a5de5feb33d1e026d2493f23c?s=96&d=mm&r=g","caption":"prensa2"},"url":"https:\/\/www.ull.es\/portal\/noticias\/author\/prensa2\/"}]}},"primary_category":{"id":345,"name":"Destacado","slug":"destacado","link":"https:\/\/www.ull.es\/portal\/noticias\/category\/destacado\/"},"featured_image_thumbnail_url":"https:\/\/www.ull.es\/portal\/noticias\/wp-content\/uploads\/sites\/13\/2023\/04\/votando-300x200.jpg","_links":{"self":[{"href":"https:\/\/www.ull.es\/portal\/noticias\/wp-json\/wp\/v2\/posts\/68978"}],"collection":[{"href":"https:\/\/www.ull.es\/portal\/noticias\/wp-json\/wp\/v2\/posts"}],"about":[{"href":"https:\/\/www.ull.es\/portal\/noticias\/wp-json\/wp\/v2\/types\/post"}],"author":[{"embeddable":true,"href":"https:\/\/www.ull.es\/portal\/noticias\/wp-json\/wp\/v2\/users\/21"}],"replies":[{"embeddable":true,"href":"https:\/\/www.ull.es\/portal\/noticias\/wp-json\/wp\/v2\/comments?post=68978"}],"version-history":[{"count":5,"href":"https:\/\/www.ull.es\/portal\/noticias\/wp-json\/wp\/v2\/posts\/68978\/revisions"}],"predecessor-version":[{"id":68999,"href":"https:\/\/www.ull.es\/portal\/noticias\/wp-json\/wp\/v2\/posts\/68978\/revisions\/68999"}],"wp:featuredmedia":[{"embeddable":true,"href":"https:\/\/www.ull.es\/portal\/noticias\/wp-json\/wp\/v2\/media\/68979"}],"wp:attachment":[{"href":"https:\/\/www.ull.es\/portal\/noticias\/wp-json\/wp\/v2\/media?parent=68978"}],"wp:term":[{"taxonomy":"category","embeddable":true,"href":"https:\/\/www.ull.es\/portal\/noticias\/wp-json\/wp\/v2\/categories?post=68978"},{"taxonomy":"post_tag","embeddable":true,"href":"https:\/\/www.ull.es\/portal\/noticias\/wp-json\/wp\/v2\/tags?post=68978"}],"curies":[{"name":"wp","href":"https:\/\/api.w.org\/{rel}","templated":true}]}}