{"id":69201,"date":"2023-04-21T07:02:40","date_gmt":"2023-04-21T07:02:40","guid":{"rendered":"https:\/\/www.ull.es\/portal\/noticias\/?p=69201"},"modified":"2023-04-21T07:02:40","modified_gmt":"2023-04-21T07:02:40","slug":"conservatorio-profesional-santa-cruz-concierto-bandas-paraninfo","status":"publish","type":"post","link":"https:\/\/www.ull.es\/portal\/noticias\/2023\/conservatorio-profesional-santa-cruz-concierto-bandas-paraninfo\/","title":{"rendered":"El Conservatorio Profesional de M\u00fasica de Santa Cruz organiza un concierto de bandas en el Paraninfo"},"content":{"rendered":"<p>El <a href=\"http:\/\/www.cpmtenerife.com\/\" target=\"_blank\" rel=\"noopener\" target=\"_blank\" rel=\"noopener\">Conservatorio Profesional de M\u00fasica de Santa Cruz de Tenerife<\/a>, en colaboraci\u00f3n con el Paraninfo de la Universidad de La Laguna, ha organizado un concierto que se celebrar\u00e1 el pr\u00f3ximo domingo 23 de abril a las 18:00 horas en el recinto acad\u00e9mico, en el cual se rendir\u00e1 homenaje a la m\u00fasica compuesta para banda sinf\u00f3nica y contar\u00e1 con la actuaci\u00f3n de dos de las cuatro bandas que posee el conservatorio. Las <a href=\"https:\/\/www.tomaticket.es\/es-es\/entradas-concierto-de-bandas-en-tenerife\" target=\"_blank\" rel=\"noopener\" target=\"_blank\" rel=\"noopener\">entradas<\/a> se pueden conseguir en la web Tomaticket a un precio general de 5 euros, y de 3 para estudiantes.<\/p>\n<p>El concierto entra dentro del proyecto educativo de la instituci\u00f3n de formaci\u00f3n musical para fomentar en su alumnado la participaci\u00f3n en actividades motivadoras fuera de su \u00e1mbito habitual.<\/p>\n<p>El programa del concierto comenzar\u00e1 con la actuaci\u00f3n de la banda del 1\u00ba Ciclo de Ense\u00f1anzas Profesionales que, bajo la direcci\u00f3n de Domingo Abreu, interpretar\u00e1 un variado repertorio compuesto por piezas como \u201cMelod\u00eda en Fa\u201d, de Agust\u00edn Ramos; \u201cAdagietto For Flute\u201d, de Ted Huggens; \u201cPepito Grillo\u201d, de Ferrer Ferr\u00e1n; y \u201cEncanto\u201d, de Robert William Smith.<\/p>\n<p>Seguidamente, la banda del 2\u00ba Ciclo de Ense\u00f1anzas Profesionales, bajo la direcci\u00f3n de Javier Llopis, cerrar\u00e1 el concierto con un programa en el que fusionar\u00e1 el color de la m\u00fasica valenciana con la m\u00e1s tradicional del repertorio internacional sinf\u00f3nico hecho para banda, con diferentes piezas como \u201cAlvamar Overture\u201d, de James Barnes; \u201cEl bolero de Carmelo\u201d, de Ferrer Ferran; y \u201cRoss Roy\u201d, de Jacob de Haan.<\/p>\n","protected":false},"excerpt":{"rendered":"<p>El Conservatorio Profesional de M\u00fasica de Santa Cruz de Tenerife, en colaboraci\u00f3n con el Paraninfo de la Universidad de La&#8230;<\/p>\n","protected":false},"author":21,"featured_media":69202,"comment_status":"closed","ping_status":"closed","sticky":false,"template":"","format":"standard","meta":{"inline_featured_image":false,"footnotes":""},"categories":[344,345,2765],"tags":[616,876,7223,2047],"acf":[],"yoast_head":"<!-- This site is optimized with the Yoast SEO plugin v21.3 - https:\/\/yoast.com\/wordpress\/plugins\/seo\/ -->\n<title>El Conservatorio de Santa Cruz organiza un concierto en la ULL<\/title>\n<meta name=\"description\" content=\"El Paraninfo acoge este programa dedicado a la m\u00fasica de banda sinf\u00f3nica que se celebrar\u00e1 el domingo 23 de abril a las 18:00.\" \/>\n<meta name=\"robots\" content=\"index, follow, max-snippet:-1, max-image-preview:large, max-video-preview:-1\" \/>\n<link rel=\"canonical\" href=\"https:\/\/www.ull.es\/portal\/noticias\/2023\/conservatorio-profesional-santa-cruz-concierto-bandas-paraninfo\/\" \/>\n<meta property=\"og:locale\" content=\"es_ES\" \/>\n<meta property=\"og:type\" content=\"article\" \/>\n<meta property=\"og:title\" content=\"El Conservatorio de Santa Cruz organiza un concierto en la ULL\" \/>\n<meta property=\"og:description\" content=\"El Paraninfo acoge este programa dedicado a la m\u00fasica de banda sinf\u00f3nica que se celebrar\u00e1 el domingo 23 de abril a las 18:00.\" \/>\n<meta property=\"og:url\" content=\"https:\/\/www.ull.es\/portal\/noticias\/2023\/conservatorio-profesional-santa-cruz-concierto-bandas-paraninfo\/\" \/>\n<meta property=\"og:site_name\" content=\"ULL - Noticias\" \/>\n<meta property=\"article:publisher\" content=\"https:\/\/www.facebook.com\/universidaddelalaguna\/\" \/>\n<meta property=\"article:published_time\" content=\"2023-04-21T07:02:40+00:00\" \/>\n<meta property=\"og:image\" content=\"https:\/\/www.ull.es\/portal\/noticias\/wp-content\/uploads\/sites\/13\/2023\/04\/Concierto-bandas-1-y-2-Conservatorio-Profesional_Banner-evento-1.jpg\" \/>\n\t<meta property=\"og:image:width\" content=\"750\" \/>\n\t<meta property=\"og:image:height\" content=\"370\" \/>\n\t<meta property=\"og:image:type\" content=\"image\/jpeg\" \/>\n<meta name=\"author\" content=\"prensa2\" \/>\n<meta name=\"twitter:card\" content=\"summary_large_image\" \/>\n<meta name=\"twitter:creator\" content=\"@CanalULL\" \/>\n<meta name=\"twitter:site\" content=\"@CanalULL\" \/>\n<meta name=\"twitter:label1\" content=\"Escrito por\" \/>\n\t<meta name=\"twitter:data1\" content=\"prensa2\" \/>\n\t<meta name=\"twitter:label2\" content=\"Tiempo de lectura\" \/>\n\t<meta name=\"twitter:data2\" content=\"2 minutos\" \/>\n<script type=\"application\/ld+json\" class=\"yoast-schema-graph\">{\"@context\":\"https:\/\/schema.org\",\"@graph\":[{\"@type\":\"WebPage\",\"@id\":\"https:\/\/www.ull.es\/portal\/noticias\/2023\/conservatorio-profesional-santa-cruz-concierto-bandas-paraninfo\/\",\"url\":\"https:\/\/www.ull.es\/portal\/noticias\/2023\/conservatorio-profesional-santa-cruz-concierto-bandas-paraninfo\/\",\"name\":\"El Conservatorio de Santa Cruz organiza un concierto en la ULL\",\"isPartOf\":{\"@id\":\"https:\/\/www.ull.es\/portal\/noticias\/#website\"},\"datePublished\":\"2023-04-21T07:02:40+00:00\",\"dateModified\":\"2023-04-21T07:02:40+00:00\",\"author\":{\"@id\":\"https:\/\/www.ull.es\/portal\/noticias\/#\/schema\/person\/c3b2aa857797592927a03740d6664376\"},\"description\":\"El Paraninfo acoge este programa dedicado a la m\u00fasica de banda sinf\u00f3nica que se celebrar\u00e1 el domingo 23 de abril a las 18:00.\",\"breadcrumb\":{\"@id\":\"https:\/\/www.ull.es\/portal\/noticias\/2023\/conservatorio-profesional-santa-cruz-concierto-bandas-paraninfo\/#breadcrumb\"},\"inLanguage\":\"es\",\"potentialAction\":[{\"@type\":\"ReadAction\",\"target\":[\"https:\/\/www.ull.es\/portal\/noticias\/2023\/conservatorio-profesional-santa-cruz-concierto-bandas-paraninfo\/\"]}]},{\"@type\":\"BreadcrumbList\",\"@id\":\"https:\/\/www.ull.es\/portal\/noticias\/2023\/conservatorio-profesional-santa-cruz-concierto-bandas-paraninfo\/#breadcrumb\",\"itemListElement\":[{\"@type\":\"ListItem\",\"position\":1,\"name\":\"Portada\",\"item\":\"https:\/\/www.ull.es\/portal\/noticias\/\"},{\"@type\":\"ListItem\",\"position\":2,\"name\":\"El Conservatorio Profesional de M\u00fasica de Santa Cruz organiza un concierto de bandas en el Paraninfo\"}]},{\"@type\":\"WebSite\",\"@id\":\"https:\/\/www.ull.es\/portal\/noticias\/#website\",\"url\":\"https:\/\/www.ull.es\/portal\/noticias\/\",\"name\":\"ULL - Noticias\",\"description\":\"\",\"potentialAction\":[{\"@type\":\"SearchAction\",\"target\":{\"@type\":\"EntryPoint\",\"urlTemplate\":\"https:\/\/www.ull.es\/portal\/noticias\/?s={search_term_string}\"},\"query-input\":\"required name=search_term_string\"}],\"inLanguage\":\"es\"},{\"@type\":\"Person\",\"@id\":\"https:\/\/www.ull.es\/portal\/noticias\/#\/schema\/person\/c3b2aa857797592927a03740d6664376\",\"name\":\"prensa2\",\"image\":{\"@type\":\"ImageObject\",\"inLanguage\":\"es\",\"@id\":\"https:\/\/www.ull.es\/portal\/noticias\/#\/schema\/person\/image\/\",\"url\":\"https:\/\/secure.gravatar.com\/avatar\/b58f310a5de5feb33d1e026d2493f23c?s=96&d=mm&r=g\",\"contentUrl\":\"https:\/\/secure.gravatar.com\/avatar\/b58f310a5de5feb33d1e026d2493f23c?s=96&d=mm&r=g\",\"caption\":\"prensa2\"},\"url\":\"https:\/\/www.ull.es\/portal\/noticias\/author\/prensa2\/\"}]}<\/script>\n<!-- \/ Yoast SEO plugin. -->","yoast_head_json":{"title":"El Conservatorio de Santa Cruz organiza un concierto en la ULL","description":"El Paraninfo acoge este programa dedicado a la m\u00fasica de banda sinf\u00f3nica que se celebrar\u00e1 el domingo 23 de abril a las 18:00.","robots":{"index":"index","follow":"follow","max-snippet":"max-snippet:-1","max-image-preview":"max-image-preview:large","max-video-preview":"max-video-preview:-1"},"canonical":"https:\/\/www.ull.es\/portal\/noticias\/2023\/conservatorio-profesional-santa-cruz-concierto-bandas-paraninfo\/","og_locale":"es_ES","og_type":"article","og_title":"El Conservatorio de Santa Cruz organiza un concierto en la ULL","og_description":"El Paraninfo acoge este programa dedicado a la m\u00fasica de banda sinf\u00f3nica que se celebrar\u00e1 el domingo 23 de abril a las 18:00.","og_url":"https:\/\/www.ull.es\/portal\/noticias\/2023\/conservatorio-profesional-santa-cruz-concierto-bandas-paraninfo\/","og_site_name":"ULL - Noticias","article_publisher":"https:\/\/www.facebook.com\/universidaddelalaguna\/","article_published_time":"2023-04-21T07:02:40+00:00","og_image":[{"width":750,"height":370,"url":"https:\/\/www.ull.es\/portal\/noticias\/wp-content\/uploads\/sites\/13\/2023\/04\/Concierto-bandas-1-y-2-Conservatorio-Profesional_Banner-evento-1.jpg","type":"image\/jpeg"}],"author":"prensa2","twitter_card":"summary_large_image","twitter_creator":"@CanalULL","twitter_site":"@CanalULL","twitter_misc":{"Escrito por":"prensa2","Tiempo de lectura":"2 minutos"},"schema":{"@context":"https:\/\/schema.org","@graph":[{"@type":"WebPage","@id":"https:\/\/www.ull.es\/portal\/noticias\/2023\/conservatorio-profesional-santa-cruz-concierto-bandas-paraninfo\/","url":"https:\/\/www.ull.es\/portal\/noticias\/2023\/conservatorio-profesional-santa-cruz-concierto-bandas-paraninfo\/","name":"El Conservatorio de Santa Cruz organiza un concierto en la ULL","isPartOf":{"@id":"https:\/\/www.ull.es\/portal\/noticias\/#website"},"datePublished":"2023-04-21T07:02:40+00:00","dateModified":"2023-04-21T07:02:40+00:00","author":{"@id":"https:\/\/www.ull.es\/portal\/noticias\/#\/schema\/person\/c3b2aa857797592927a03740d6664376"},"description":"El Paraninfo acoge este programa dedicado a la m\u00fasica de banda sinf\u00f3nica que se celebrar\u00e1 el domingo 23 de abril a las 18:00.","breadcrumb":{"@id":"https:\/\/www.ull.es\/portal\/noticias\/2023\/conservatorio-profesional-santa-cruz-concierto-bandas-paraninfo\/#breadcrumb"},"inLanguage":"es","potentialAction":[{"@type":"ReadAction","target":["https:\/\/www.ull.es\/portal\/noticias\/2023\/conservatorio-profesional-santa-cruz-concierto-bandas-paraninfo\/"]}]},{"@type":"BreadcrumbList","@id":"https:\/\/www.ull.es\/portal\/noticias\/2023\/conservatorio-profesional-santa-cruz-concierto-bandas-paraninfo\/#breadcrumb","itemListElement":[{"@type":"ListItem","position":1,"name":"Portada","item":"https:\/\/www.ull.es\/portal\/noticias\/"},{"@type":"ListItem","position":2,"name":"El Conservatorio Profesional de M\u00fasica de Santa Cruz organiza un concierto de bandas en el Paraninfo"}]},{"@type":"WebSite","@id":"https:\/\/www.ull.es\/portal\/noticias\/#website","url":"https:\/\/www.ull.es\/portal\/noticias\/","name":"ULL - Noticias","description":"","potentialAction":[{"@type":"SearchAction","target":{"@type":"EntryPoint","urlTemplate":"https:\/\/www.ull.es\/portal\/noticias\/?s={search_term_string}"},"query-input":"required name=search_term_string"}],"inLanguage":"es"},{"@type":"Person","@id":"https:\/\/www.ull.es\/portal\/noticias\/#\/schema\/person\/c3b2aa857797592927a03740d6664376","name":"prensa2","image":{"@type":"ImageObject","inLanguage":"es","@id":"https:\/\/www.ull.es\/portal\/noticias\/#\/schema\/person\/image\/","url":"https:\/\/secure.gravatar.com\/avatar\/b58f310a5de5feb33d1e026d2493f23c?s=96&d=mm&r=g","contentUrl":"https:\/\/secure.gravatar.com\/avatar\/b58f310a5de5feb33d1e026d2493f23c?s=96&d=mm&r=g","caption":"prensa2"},"url":"https:\/\/www.ull.es\/portal\/noticias\/author\/prensa2\/"}]}},"primary_category":{"id":345,"name":"Destacado","slug":"destacado","link":"https:\/\/www.ull.es\/portal\/noticias\/category\/destacado\/"},"featured_image_thumbnail_url":"https:\/\/www.ull.es\/portal\/noticias\/wp-content\/uploads\/sites\/13\/2023\/04\/Concierto-bandas-1-y-2-Conservatorio-Profesional_Banner-evento-1-300x148.jpg","_links":{"self":[{"href":"https:\/\/www.ull.es\/portal\/noticias\/wp-json\/wp\/v2\/posts\/69201"}],"collection":[{"href":"https:\/\/www.ull.es\/portal\/noticias\/wp-json\/wp\/v2\/posts"}],"about":[{"href":"https:\/\/www.ull.es\/portal\/noticias\/wp-json\/wp\/v2\/types\/post"}],"author":[{"embeddable":true,"href":"https:\/\/www.ull.es\/portal\/noticias\/wp-json\/wp\/v2\/users\/21"}],"replies":[{"embeddable":true,"href":"https:\/\/www.ull.es\/portal\/noticias\/wp-json\/wp\/v2\/comments?post=69201"}],"version-history":[{"count":1,"href":"https:\/\/www.ull.es\/portal\/noticias\/wp-json\/wp\/v2\/posts\/69201\/revisions"}],"predecessor-version":[{"id":69203,"href":"https:\/\/www.ull.es\/portal\/noticias\/wp-json\/wp\/v2\/posts\/69201\/revisions\/69203"}],"wp:featuredmedia":[{"embeddable":true,"href":"https:\/\/www.ull.es\/portal\/noticias\/wp-json\/wp\/v2\/media\/69202"}],"wp:attachment":[{"href":"https:\/\/www.ull.es\/portal\/noticias\/wp-json\/wp\/v2\/media?parent=69201"}],"wp:term":[{"taxonomy":"category","embeddable":true,"href":"https:\/\/www.ull.es\/portal\/noticias\/wp-json\/wp\/v2\/categories?post=69201"},{"taxonomy":"post_tag","embeddable":true,"href":"https:\/\/www.ull.es\/portal\/noticias\/wp-json\/wp\/v2\/tags?post=69201"}],"curies":[{"name":"wp","href":"https:\/\/api.w.org\/{rel}","templated":true}]}}