{"id":69212,"date":"2023-04-21T09:41:15","date_gmt":"2023-04-21T09:41:15","guid":{"rendered":"https:\/\/www.ull.es\/portal\/noticias\/?p=69212"},"modified":"2023-04-21T09:41:15","modified_gmt":"2023-04-21T09:41:15","slug":"inaugurada-ii-feria-virtual-talent-job","status":"publish","type":"post","link":"https:\/\/www.ull.es\/portal\/noticias\/2023\/inaugurada-ii-feria-virtual-talent-job\/","title":{"rendered":"Inaugurada la II feria virtual Talent and Job de empleo universitario y de formaci\u00f3n profesional"},"content":{"rendered":"<p>La segunda Feria Virtual de Empleo Universitario y de Formaci\u00f3n Profesional Talent and Job fue inaugurada ayer, jueves 20 de abril por parte del vicerrector de Agenda Digital y Modernizaci\u00f3n de la Universidad de La Laguna, Jorge Riera, y la presidenta de la Fundaci\u00f3n CajaCanarias, Margarita Ramos. Este foro se prolongar\u00e1 durante 32 horas continuas, durante dos d\u00edas y forma parte del amplio programa de colaboraci\u00f3n que mantienen ambas instituciones en los \u00e1mbitos educativos, de investigaci\u00f3n y sociocultural.<\/p>\n<p>El vicerrector de la Universidad de La Laguna, Jorge Riera, dio la bienvenida a la comunidad universitaria y de formaci\u00f3n profesional, y a las empresas e instituciones participantes, y puso de manifiesto que esta feria es una iniciativa con valor para Canarias, no s\u00f3lo porque apuesta por la empleabilidad de las personas formadas en nuestro sistema educativo, sino por dotar a las empresas del mejor talento en competencias t\u00e9cnicas y sociales.<\/p>\n<p>La presidenta de la Fundaci\u00f3n CajaCanarias, Margarita Ramos, manifest\u00f3 que, desde su entidad se ha querido crear, con este proyecto conjunto, un espacio de interconexi\u00f3n entre el sistema educativo que est\u00e1 formando el talento en Canarias y el sistema empresarial que necesita incorporarlo en sus equipos, para dar respuesta a los importantes retos actuales que se le plantea ante los vertiginosos cambios que se est\u00e1n produciendo.<\/p>\n<div id=\"attachment_69214\" style=\"width: 310px\" class=\"wp-caption alignleft\"><a href=\"https:\/\/www.ull.es\/portal\/noticias\/wp-content\/uploads\/sites\/13\/2023\/04\/inauguracion-talent-job.jpg\" target=\"_blank\" rel=\"noopener\" target=\"_blank\" rel=\"noopener\"><img aria-describedby=\"caption-attachment-69214\" decoding=\"async\" loading=\"lazy\" class=\"wp-image-69214 size-medium\" src=\"https:\/\/www.ull.es\/portal\/noticias\/wp-content\/uploads\/sites\/13\/2023\/04\/inauguracion-talent-job-300x171.jpg\" alt=\"Imagen de la inauguraci\u00f3n online, con el vicerrector de la ULL y la presidenta de la fundaci\u00f3n. \" width=\"300\" height=\"171\" srcset=\"https:\/\/www.ull.es\/portal\/noticias\/wp-content\/uploads\/sites\/13\/2023\/04\/inauguracion-talent-job-300x171.jpg 300w, https:\/\/www.ull.es\/portal\/noticias\/wp-content\/uploads\/sites\/13\/2023\/04\/inauguracion-talent-job-1024x583.jpg 1024w, https:\/\/www.ull.es\/portal\/noticias\/wp-content\/uploads\/sites\/13\/2023\/04\/inauguracion-talent-job-768x437.jpg 768w, https:\/\/www.ull.es\/portal\/noticias\/wp-content\/uploads\/sites\/13\/2023\/04\/inauguracion-talent-job-375x213.jpg 375w, https:\/\/www.ull.es\/portal\/noticias\/wp-content\/uploads\/sites\/13\/2023\/04\/inauguracion-talent-job-750x427.jpg 750w, https:\/\/www.ull.es\/portal\/noticias\/wp-content\/uploads\/sites\/13\/2023\/04\/inauguracion-talent-job-1140x649.jpg 1140w, https:\/\/www.ull.es\/portal\/noticias\/wp-content\/uploads\/sites\/13\/2023\/04\/inauguracion-talent-job.jpg 1200w\" sizes=\"(max-width: 300px) 100vw, 300px\" \/><\/a><p id=\"caption-attachment-69214\" class=\"wp-caption-text\">Imagen de la inauguraci\u00f3n online, con el vicerrector de la ULL y la presidenta de la fundaci\u00f3n.<\/p><\/div>\n<p>La importante oferta de empleo de perfil universitario o t\u00e9cnico de formaci\u00f3n profesional de esta feria, con m\u00e1s de 140 oportunidades de trabajo ofrecidas por las 50 empresas e instituciones participantes, constituye el mayor atractivo para estudiantes de los \u00faltimos cursos y titulados y tituladas de las \u00faltimas promociones de educaci\u00f3n superior. Esto constituye una gran oportunidad de interconexi\u00f3n que da informaci\u00f3n a ambas partes de las nuevas din\u00e1micas y tendencias en el mercado de trabajo.<\/p>\n<p>En el primer d\u00eda de esta feria virtual han participado m\u00e1s de 630 personas que tratan de cruzarse con estas oportunidades, con la ayuda de sistemas de inteligencia artificial que facilita el cruce entre perfiles de talento y perfiles de puestos de trabajo a cubrir.<\/p>\n<p>La feria tambi\u00e9n ha puesto el foco en la importancia que puede jugar aspectos como el voluntariado en la configuraci\u00f3n del curr\u00edculo, el emprendimiento como una opci\u00f3n de desarrollo profesional, o la perspectiva de un mercado de trabajo con visi\u00f3n global para los perfiles universitarios y de formaci\u00f3n profesional, abriendo la participaci\u00f3n de empresas de \u00e1mbito nacional y ofertas de empleo en el espacio econ\u00f3mico europeo, con servicios como EURES de la Uni\u00f3n Europea, que trata de fomentar la movilidad laboral.<\/p>\n<p>Durante los dos d\u00edas, adem\u00e1s de la b\u00fasqueda de oportunidades de empleo, la feria da la oportunidad de trabajar en la mejora de la empleabilidad de las personas participantes ofreciendo 17 conferencias de profesionales, expertos en recursos humanos, dinamizadores de empleo y emprendedores. La conferencia inaugural fue a cargo de Eva Collado, consultora estrat\u00e9gica de Capital Humano y Digitalizaci\u00f3n, quien habl\u00f3 de la relaci\u00f3n de la marca personal y la empleabilidad y c\u00f3mo trabajarla.<\/p>\n<p>Parte de la informaci\u00f3n m\u00e1s demanda en esta Feria Virtual es la que ofrecen las instituciones que trabajan en la orientaci\u00f3n laboral y que gestionan bolsas de empleo, como la propia Universidad de La Laguna, con su Agencia Universitaria de Empleo, el Servicio Canario de Empleo, CEOE Tenerife, la C\u00e1mara de Comercio de Santa Cruz de Tenerife, o la Sociedad de Desarrollo de Santa Cruz de Tenerife.<\/p>\n","protected":false},"excerpt":{"rendered":"<p>La segunda Feria Virtual de Empleo Universitario y de Formaci\u00f3n Profesional Talent and Job fue inaugurada ayer, jueves 20 de&#8230;<\/p>\n","protected":false},"author":21,"featured_media":69213,"comment_status":"closed","ping_status":"closed","sticky":false,"template":"","format":"standard","meta":{"inline_featured_image":false,"footnotes":""},"categories":[343,345,2765],"tags":[1122,1324,6491],"acf":[],"yoast_head":"<!-- This site is optimized with the Yoast SEO plugin v21.3 - https:\/\/yoast.com\/wordpress\/plugins\/seo\/ -->\n<title>Inaugurada la segunda edici\u00f3n de la feria virtual Talent and Job<\/title>\n<meta name=\"description\" content=\"Coorganizada por la ULL y Fundaci\u00f3n CajaCanarias, cuenta con 50 empresas participantes que ofrecen m\u00e1s de 140 oportunidades laborales.\" \/>\n<meta name=\"robots\" content=\"index, follow, max-snippet:-1, max-image-preview:large, max-video-preview:-1\" \/>\n<link rel=\"canonical\" href=\"https:\/\/www.ull.es\/portal\/noticias\/2023\/inaugurada-ii-feria-virtual-talent-job\/\" \/>\n<meta property=\"og:locale\" content=\"es_ES\" \/>\n<meta property=\"og:type\" content=\"article\" \/>\n<meta property=\"og:title\" content=\"Inaugurada la segunda edici\u00f3n de la feria virtual Talent and Job\" \/>\n<meta property=\"og:description\" content=\"Coorganizada por la ULL y Fundaci\u00f3n CajaCanarias, cuenta con 50 empresas participantes que ofrecen m\u00e1s de 140 oportunidades laborales.\" \/>\n<meta property=\"og:url\" content=\"https:\/\/www.ull.es\/portal\/noticias\/2023\/inaugurada-ii-feria-virtual-talent-job\/\" \/>\n<meta property=\"og:site_name\" content=\"ULL - Noticias\" \/>\n<meta property=\"article:publisher\" content=\"https:\/\/www.facebook.com\/universidaddelalaguna\/\" \/>\n<meta property=\"article:published_time\" content=\"2023-04-21T09:41:15+00:00\" \/>\n<meta property=\"og:image\" content=\"https:\/\/www.ull.es\/portal\/noticias\/wp-content\/uploads\/sites\/13\/2023\/04\/Cartel-Feria-Virtual-de-Empleo-Talent-and-Job.png\" \/>\n\t<meta property=\"og:image:width\" content=\"1200\" \/>\n\t<meta property=\"og:image:height\" content=\"628\" \/>\n\t<meta property=\"og:image:type\" content=\"image\/png\" \/>\n<meta name=\"author\" content=\"prensa2\" \/>\n<meta name=\"twitter:card\" content=\"summary_large_image\" \/>\n<meta name=\"twitter:creator\" content=\"@CanalULL\" \/>\n<meta name=\"twitter:site\" content=\"@CanalULL\" \/>\n<meta name=\"twitter:label1\" content=\"Escrito por\" \/>\n\t<meta name=\"twitter:data1\" content=\"prensa2\" \/>\n\t<meta name=\"twitter:label2\" content=\"Tiempo de lectura\" \/>\n\t<meta name=\"twitter:data2\" content=\"3 minutos\" \/>\n<script type=\"application\/ld+json\" class=\"yoast-schema-graph\">{\"@context\":\"https:\/\/schema.org\",\"@graph\":[{\"@type\":\"WebPage\",\"@id\":\"https:\/\/www.ull.es\/portal\/noticias\/2023\/inaugurada-ii-feria-virtual-talent-job\/\",\"url\":\"https:\/\/www.ull.es\/portal\/noticias\/2023\/inaugurada-ii-feria-virtual-talent-job\/\",\"name\":\"Inaugurada la segunda edici\u00f3n de la feria virtual Talent and Job\",\"isPartOf\":{\"@id\":\"https:\/\/www.ull.es\/portal\/noticias\/#website\"},\"datePublished\":\"2023-04-21T09:41:15+00:00\",\"dateModified\":\"2023-04-21T09:41:15+00:00\",\"author\":{\"@id\":\"https:\/\/www.ull.es\/portal\/noticias\/#\/schema\/person\/c3b2aa857797592927a03740d6664376\"},\"description\":\"Coorganizada por la ULL y Fundaci\u00f3n CajaCanarias, cuenta con 50 empresas participantes que ofrecen m\u00e1s de 140 oportunidades laborales.\",\"breadcrumb\":{\"@id\":\"https:\/\/www.ull.es\/portal\/noticias\/2023\/inaugurada-ii-feria-virtual-talent-job\/#breadcrumb\"},\"inLanguage\":\"es\",\"potentialAction\":[{\"@type\":\"ReadAction\",\"target\":[\"https:\/\/www.ull.es\/portal\/noticias\/2023\/inaugurada-ii-feria-virtual-talent-job\/\"]}]},{\"@type\":\"BreadcrumbList\",\"@id\":\"https:\/\/www.ull.es\/portal\/noticias\/2023\/inaugurada-ii-feria-virtual-talent-job\/#breadcrumb\",\"itemListElement\":[{\"@type\":\"ListItem\",\"position\":1,\"name\":\"Portada\",\"item\":\"https:\/\/www.ull.es\/portal\/noticias\/\"},{\"@type\":\"ListItem\",\"position\":2,\"name\":\"Inaugurada la II feria virtual Talent and Job de empleo universitario y de formaci\u00f3n profesional\"}]},{\"@type\":\"WebSite\",\"@id\":\"https:\/\/www.ull.es\/portal\/noticias\/#website\",\"url\":\"https:\/\/www.ull.es\/portal\/noticias\/\",\"name\":\"ULL - Noticias\",\"description\":\"\",\"potentialAction\":[{\"@type\":\"SearchAction\",\"target\":{\"@type\":\"EntryPoint\",\"urlTemplate\":\"https:\/\/www.ull.es\/portal\/noticias\/?s={search_term_string}\"},\"query-input\":\"required name=search_term_string\"}],\"inLanguage\":\"es\"},{\"@type\":\"Person\",\"@id\":\"https:\/\/www.ull.es\/portal\/noticias\/#\/schema\/person\/c3b2aa857797592927a03740d6664376\",\"name\":\"prensa2\",\"image\":{\"@type\":\"ImageObject\",\"inLanguage\":\"es\",\"@id\":\"https:\/\/www.ull.es\/portal\/noticias\/#\/schema\/person\/image\/\",\"url\":\"https:\/\/secure.gravatar.com\/avatar\/b58f310a5de5feb33d1e026d2493f23c?s=96&d=mm&r=g\",\"contentUrl\":\"https:\/\/secure.gravatar.com\/avatar\/b58f310a5de5feb33d1e026d2493f23c?s=96&d=mm&r=g\",\"caption\":\"prensa2\"},\"url\":\"https:\/\/www.ull.es\/portal\/noticias\/author\/prensa2\/\"}]}<\/script>\n<!-- \/ Yoast SEO plugin. -->","yoast_head_json":{"title":"Inaugurada la segunda edici\u00f3n de la feria virtual Talent and Job","description":"Coorganizada por la ULL y Fundaci\u00f3n CajaCanarias, cuenta con 50 empresas participantes que ofrecen m\u00e1s de 140 oportunidades laborales.","robots":{"index":"index","follow":"follow","max-snippet":"max-snippet:-1","max-image-preview":"max-image-preview:large","max-video-preview":"max-video-preview:-1"},"canonical":"https:\/\/www.ull.es\/portal\/noticias\/2023\/inaugurada-ii-feria-virtual-talent-job\/","og_locale":"es_ES","og_type":"article","og_title":"Inaugurada la segunda edici\u00f3n de la feria virtual Talent and Job","og_description":"Coorganizada por la ULL y Fundaci\u00f3n CajaCanarias, cuenta con 50 empresas participantes que ofrecen m\u00e1s de 140 oportunidades laborales.","og_url":"https:\/\/www.ull.es\/portal\/noticias\/2023\/inaugurada-ii-feria-virtual-talent-job\/","og_site_name":"ULL - Noticias","article_publisher":"https:\/\/www.facebook.com\/universidaddelalaguna\/","article_published_time":"2023-04-21T09:41:15+00:00","og_image":[{"width":1200,"height":628,"url":"https:\/\/www.ull.es\/portal\/noticias\/wp-content\/uploads\/sites\/13\/2023\/04\/Cartel-Feria-Virtual-de-Empleo-Talent-and-Job.png","type":"image\/png"}],"author":"prensa2","twitter_card":"summary_large_image","twitter_creator":"@CanalULL","twitter_site":"@CanalULL","twitter_misc":{"Escrito por":"prensa2","Tiempo de lectura":"3 minutos"},"schema":{"@context":"https:\/\/schema.org","@graph":[{"@type":"WebPage","@id":"https:\/\/www.ull.es\/portal\/noticias\/2023\/inaugurada-ii-feria-virtual-talent-job\/","url":"https:\/\/www.ull.es\/portal\/noticias\/2023\/inaugurada-ii-feria-virtual-talent-job\/","name":"Inaugurada la segunda edici\u00f3n de la feria virtual Talent and Job","isPartOf":{"@id":"https:\/\/www.ull.es\/portal\/noticias\/#website"},"datePublished":"2023-04-21T09:41:15+00:00","dateModified":"2023-04-21T09:41:15+00:00","author":{"@id":"https:\/\/www.ull.es\/portal\/noticias\/#\/schema\/person\/c3b2aa857797592927a03740d6664376"},"description":"Coorganizada por la ULL y Fundaci\u00f3n CajaCanarias, cuenta con 50 empresas participantes que ofrecen m\u00e1s de 140 oportunidades laborales.","breadcrumb":{"@id":"https:\/\/www.ull.es\/portal\/noticias\/2023\/inaugurada-ii-feria-virtual-talent-job\/#breadcrumb"},"inLanguage":"es","potentialAction":[{"@type":"ReadAction","target":["https:\/\/www.ull.es\/portal\/noticias\/2023\/inaugurada-ii-feria-virtual-talent-job\/"]}]},{"@type":"BreadcrumbList","@id":"https:\/\/www.ull.es\/portal\/noticias\/2023\/inaugurada-ii-feria-virtual-talent-job\/#breadcrumb","itemListElement":[{"@type":"ListItem","position":1,"name":"Portada","item":"https:\/\/www.ull.es\/portal\/noticias\/"},{"@type":"ListItem","position":2,"name":"Inaugurada la II feria virtual Talent and Job de empleo universitario y de formaci\u00f3n profesional"}]},{"@type":"WebSite","@id":"https:\/\/www.ull.es\/portal\/noticias\/#website","url":"https:\/\/www.ull.es\/portal\/noticias\/","name":"ULL - Noticias","description":"","potentialAction":[{"@type":"SearchAction","target":{"@type":"EntryPoint","urlTemplate":"https:\/\/www.ull.es\/portal\/noticias\/?s={search_term_string}"},"query-input":"required name=search_term_string"}],"inLanguage":"es"},{"@type":"Person","@id":"https:\/\/www.ull.es\/portal\/noticias\/#\/schema\/person\/c3b2aa857797592927a03740d6664376","name":"prensa2","image":{"@type":"ImageObject","inLanguage":"es","@id":"https:\/\/www.ull.es\/portal\/noticias\/#\/schema\/person\/image\/","url":"https:\/\/secure.gravatar.com\/avatar\/b58f310a5de5feb33d1e026d2493f23c?s=96&d=mm&r=g","contentUrl":"https:\/\/secure.gravatar.com\/avatar\/b58f310a5de5feb33d1e026d2493f23c?s=96&d=mm&r=g","caption":"prensa2"},"url":"https:\/\/www.ull.es\/portal\/noticias\/author\/prensa2\/"}]}},"primary_category":{"id":345,"name":"Destacado","slug":"destacado","link":"https:\/\/www.ull.es\/portal\/noticias\/category\/destacado\/"},"featured_image_thumbnail_url":"https:\/\/www.ull.es\/portal\/noticias\/wp-content\/uploads\/sites\/13\/2023\/04\/Cartel-Feria-Virtual-de-Empleo-Talent-and-Job-300x157.png","_links":{"self":[{"href":"https:\/\/www.ull.es\/portal\/noticias\/wp-json\/wp\/v2\/posts\/69212"}],"collection":[{"href":"https:\/\/www.ull.es\/portal\/noticias\/wp-json\/wp\/v2\/posts"}],"about":[{"href":"https:\/\/www.ull.es\/portal\/noticias\/wp-json\/wp\/v2\/types\/post"}],"author":[{"embeddable":true,"href":"https:\/\/www.ull.es\/portal\/noticias\/wp-json\/wp\/v2\/users\/21"}],"replies":[{"embeddable":true,"href":"https:\/\/www.ull.es\/portal\/noticias\/wp-json\/wp\/v2\/comments?post=69212"}],"version-history":[{"count":1,"href":"https:\/\/www.ull.es\/portal\/noticias\/wp-json\/wp\/v2\/posts\/69212\/revisions"}],"predecessor-version":[{"id":69217,"href":"https:\/\/www.ull.es\/portal\/noticias\/wp-json\/wp\/v2\/posts\/69212\/revisions\/69217"}],"wp:featuredmedia":[{"embeddable":true,"href":"https:\/\/www.ull.es\/portal\/noticias\/wp-json\/wp\/v2\/media\/69213"}],"wp:attachment":[{"href":"https:\/\/www.ull.es\/portal\/noticias\/wp-json\/wp\/v2\/media?parent=69212"}],"wp:term":[{"taxonomy":"category","embeddable":true,"href":"https:\/\/www.ull.es\/portal\/noticias\/wp-json\/wp\/v2\/categories?post=69212"},{"taxonomy":"post_tag","embeddable":true,"href":"https:\/\/www.ull.es\/portal\/noticias\/wp-json\/wp\/v2\/tags?post=69212"}],"curies":[{"name":"wp","href":"https:\/\/api.w.org\/{rel}","templated":true}]}}