{"id":69252,"date":"2023-04-24T10:19:30","date_gmt":"2023-04-24T10:19:30","guid":{"rendered":"https:\/\/www.ull.es\/portal\/noticias\/?p=69252"},"modified":"2023-04-24T12:28:26","modified_gmt":"2023-04-24T12:28:26","slug":"el-conservatorio-de-musica-de-santa-cruz-de-tenerife-ofrece-dos-conciertos-de-musica-de-camara-en-el-paraninfo","status":"publish","type":"post","link":"https:\/\/www.ull.es\/portal\/noticias\/2023\/el-conservatorio-de-musica-de-santa-cruz-de-tenerife-ofrece-dos-conciertos-de-musica-de-camara-en-el-paraninfo\/","title":{"rendered":"El Conservatorio de M\u00fasica de Santa Cruz de Tenerife ofrece dos conciertos de m\u00fasica de c\u00e1mara en el Paraninfo"},"content":{"rendered":"<p>El <a href=\"http:\/\/www.cpmtenerife.com\/\" target=\"_blank\" rel=\"noopener\">Conservatorio Profesional de M\u00fasica de Santa Cruz de Tenerife<\/a> ha organizado dos conciertos de m\u00fasica de c\u00e1mara titulados \u201cCiclo de primavera de j\u00f3venes int\u00e9rpretes\u201d que se celebrar\u00e1n en el Paraninfo de la Universidad de La Laguna los d\u00edas 25 y 26 de abril a las 20:00 horas. Las entradas se podr\u00e1n comprar en el mismo Paraninfo a un precio de 5 euros para el p\u00fablico general y de 3 euros para los estudiantes.<\/p>\n<p>El d\u00eda 25 contar\u00e1 con la interpretaci\u00f3n de piezas como \u201c3 piezas para piano, n\u00ba2\u201d de Lili Boulanger, tocada por Mar\u00eda S\u00e1nchez Garc\u00eda; \u201cSuite inglesa BWV808, Sarabande y Gavotte\u201d, de Johann Sebastian Bach, con la actuaci\u00f3n de Alicia Ruiz P\u00e9rez; o \u201cLa tempestad no. 17, 1er movimiento\u201d de Ludwig van Beethoven e interpretado por Saray Mena Gonz\u00e1lez.<\/p>\n<p>Adem\u00e1s, se tocar\u00e1n otras obras como \u201cNo\u00ebl\u201d, de Olivier Messiaen, a cargo de Alfonso Pesta\u00f1a Olives; \u201cMikrokosmos vol.6 n\u00ba146 (ostinato)\u201d de B\u00e9la Bart\u00f3k e interpretado por Esperanza Melo Correia S\u00e1nchez; o \u201cEstudio no. 9 op. 10\u201d de Fr\u00e9d\u00e9ric Chopin y tocado por Laura Jael Baptista Haros.<\/p>\n<p>El concierto del d\u00eda 26 contar\u00e1 con piezas como \u201cDivertimento para tr\u00edo de viento de la \u00f3pera 37\u201d de Malcolm Arnold, interpretado por Anabel Puerta Ramos (clarinete), Daniela P\u00e9rez L\u00f3pez (flauta) y Carmen Gonz\u00e1lez Gonz\u00e1lez (oboe). Por otro lado, tambi\u00e9n figura el \u201cConcertpiece N\u00ba 2 Op. 114\u201d de Felix Mendelssohn, tocado por Unai Marrero Sim\u00f3n y David Delgado Hern\u00e1ndez (clarinetes) y Saray Mena Gonz\u00e1lez (piano), entre otras obras que ser\u00e1n interpretadas por el alumnado a cargo del profesor Juan F\u00e9lix \u00c1lvarez.<\/p>\n<p>Adem\u00e1s, se interpretar\u00e1n las piezas \u201cSymphonic variants for euphonium\u201d de James Curnow, tocada por Juan Carlos P\u00e9rez Afonso (bombardino) y \u201cLieder eines fahrenden gesellen\u201d de Gustav Mahler, con la actuaci\u00f3n de Joel Nassault Afonso Ferrera (tuba). Los m\u00fasicos son alumnos del profesor Jos\u00e9 Corviniano D\u00edaz Melian y contar\u00e1n con el acompa\u00f1amiento de la pianista Laura Paniagua.<\/p>\n","protected":false},"excerpt":{"rendered":"<p>El Conservatorio Profesional de M\u00fasica de Santa Cruz de Tenerife ha organizado dos conciertos de m\u00fasica de c\u00e1mara titulados \u201cCiclo&#8230;<\/p>\n","protected":false},"author":23,"featured_media":69254,"comment_status":"closed","ping_status":"closed","sticky":false,"template":"","format":"standard","meta":{"inline_featured_image":false,"footnotes":""},"categories":[344,345,2765],"tags":[7223,7356,2047],"acf":[],"yoast_head":"<!-- This site is optimized with the Yoast SEO plugin v21.3 - https:\/\/yoast.com\/wordpress\/plugins\/seo\/ -->\n<title>El Conservatorio de M\u00fasica de Santa Cruz de Tenerife ofrece dos conciertos de m\u00fasica de c\u00e1mara en el Paraninfo - ULL - Noticias<\/title>\n<meta name=\"robots\" content=\"index, follow, max-snippet:-1, max-image-preview:large, max-video-preview:-1\" \/>\n<link rel=\"canonical\" href=\"https:\/\/www.ull.es\/portal\/noticias\/2023\/el-conservatorio-de-musica-de-santa-cruz-de-tenerife-ofrece-dos-conciertos-de-musica-de-camara-en-el-paraninfo\/\" \/>\n<meta property=\"og:locale\" content=\"es_ES\" \/>\n<meta property=\"og:type\" content=\"article\" \/>\n<meta property=\"og:title\" content=\"El Conservatorio de M\u00fasica de Santa Cruz de Tenerife ofrece dos conciertos de m\u00fasica de c\u00e1mara en el Paraninfo - ULL - Noticias\" \/>\n<meta property=\"og:description\" content=\"El Conservatorio Profesional de M\u00fasica de Santa Cruz de Tenerife ha organizado dos conciertos de m\u00fasica de c\u00e1mara titulados \u201cCiclo...\" \/>\n<meta property=\"og:url\" content=\"https:\/\/www.ull.es\/portal\/noticias\/2023\/el-conservatorio-de-musica-de-santa-cruz-de-tenerife-ofrece-dos-conciertos-de-musica-de-camara-en-el-paraninfo\/\" \/>\n<meta property=\"og:site_name\" content=\"ULL - Noticias\" \/>\n<meta property=\"article:publisher\" content=\"https:\/\/www.facebook.com\/universidaddelalaguna\/\" \/>\n<meta property=\"article:published_time\" content=\"2023-04-24T10:19:30+00:00\" \/>\n<meta property=\"article:modified_time\" content=\"2023-04-24T12:28:26+00:00\" \/>\n<meta property=\"og:image\" content=\"https:\/\/www.ull.es\/portal\/noticias\/wp-content\/uploads\/sites\/13\/2023\/04\/ciclo-primavera-paraninfo.jpg\" \/>\n\t<meta property=\"og:image:width\" content=\"700\" \/>\n\t<meta property=\"og:image:height\" content=\"350\" \/>\n\t<meta property=\"og:image:type\" content=\"image\/jpeg\" \/>\n<meta name=\"author\" content=\"gaprsa\" \/>\n<meta name=\"twitter:card\" content=\"summary_large_image\" \/>\n<meta name=\"twitter:creator\" content=\"@CanalULL\" \/>\n<meta name=\"twitter:site\" content=\"@CanalULL\" \/>\n<meta name=\"twitter:label1\" content=\"Escrito por\" \/>\n\t<meta name=\"twitter:data1\" content=\"gaprsa\" \/>\n\t<meta name=\"twitter:label2\" content=\"Tiempo de lectura\" \/>\n\t<meta name=\"twitter:data2\" content=\"2 minutos\" \/>\n<script type=\"application\/ld+json\" class=\"yoast-schema-graph\">{\"@context\":\"https:\/\/schema.org\",\"@graph\":[{\"@type\":\"WebPage\",\"@id\":\"https:\/\/www.ull.es\/portal\/noticias\/2023\/el-conservatorio-de-musica-de-santa-cruz-de-tenerife-ofrece-dos-conciertos-de-musica-de-camara-en-el-paraninfo\/\",\"url\":\"https:\/\/www.ull.es\/portal\/noticias\/2023\/el-conservatorio-de-musica-de-santa-cruz-de-tenerife-ofrece-dos-conciertos-de-musica-de-camara-en-el-paraninfo\/\",\"name\":\"El Conservatorio de M\u00fasica de Santa Cruz de Tenerife ofrece dos conciertos de m\u00fasica de c\u00e1mara en el Paraninfo - ULL - Noticias\",\"isPartOf\":{\"@id\":\"https:\/\/www.ull.es\/portal\/noticias\/#website\"},\"datePublished\":\"2023-04-24T10:19:30+00:00\",\"dateModified\":\"2023-04-24T12:28:26+00:00\",\"author\":{\"@id\":\"https:\/\/www.ull.es\/portal\/noticias\/#\/schema\/person\/b2b1a89d43ffa609e591f7df8ef3e817\"},\"breadcrumb\":{\"@id\":\"https:\/\/www.ull.es\/portal\/noticias\/2023\/el-conservatorio-de-musica-de-santa-cruz-de-tenerife-ofrece-dos-conciertos-de-musica-de-camara-en-el-paraninfo\/#breadcrumb\"},\"inLanguage\":\"es\",\"potentialAction\":[{\"@type\":\"ReadAction\",\"target\":[\"https:\/\/www.ull.es\/portal\/noticias\/2023\/el-conservatorio-de-musica-de-santa-cruz-de-tenerife-ofrece-dos-conciertos-de-musica-de-camara-en-el-paraninfo\/\"]}]},{\"@type\":\"BreadcrumbList\",\"@id\":\"https:\/\/www.ull.es\/portal\/noticias\/2023\/el-conservatorio-de-musica-de-santa-cruz-de-tenerife-ofrece-dos-conciertos-de-musica-de-camara-en-el-paraninfo\/#breadcrumb\",\"itemListElement\":[{\"@type\":\"ListItem\",\"position\":1,\"name\":\"Portada\",\"item\":\"https:\/\/www.ull.es\/portal\/noticias\/\"},{\"@type\":\"ListItem\",\"position\":2,\"name\":\"El Conservatorio de M\u00fasica de Santa Cruz de Tenerife ofrece dos conciertos de m\u00fasica de c\u00e1mara en el Paraninfo\"}]},{\"@type\":\"WebSite\",\"@id\":\"https:\/\/www.ull.es\/portal\/noticias\/#website\",\"url\":\"https:\/\/www.ull.es\/portal\/noticias\/\",\"name\":\"ULL - Noticias\",\"description\":\"\",\"potentialAction\":[{\"@type\":\"SearchAction\",\"target\":{\"@type\":\"EntryPoint\",\"urlTemplate\":\"https:\/\/www.ull.es\/portal\/noticias\/?s={search_term_string}\"},\"query-input\":\"required name=search_term_string\"}],\"inLanguage\":\"es\"},{\"@type\":\"Person\",\"@id\":\"https:\/\/www.ull.es\/portal\/noticias\/#\/schema\/person\/b2b1a89d43ffa609e591f7df8ef3e817\",\"name\":\"gaprsa\",\"image\":{\"@type\":\"ImageObject\",\"inLanguage\":\"es\",\"@id\":\"https:\/\/www.ull.es\/portal\/noticias\/#\/schema\/person\/image\/\",\"url\":\"https:\/\/secure.gravatar.com\/avatar\/443820550921091458b4823867723b3d?s=96&d=mm&r=g\",\"contentUrl\":\"https:\/\/secure.gravatar.com\/avatar\/443820550921091458b4823867723b3d?s=96&d=mm&r=g\",\"caption\":\"gaprsa\"},\"url\":\"https:\/\/www.ull.es\/portal\/noticias\/author\/gaprsa\/\"}]}<\/script>\n<!-- \/ Yoast SEO plugin. -->","yoast_head_json":{"title":"El Conservatorio de M\u00fasica de Santa Cruz de Tenerife ofrece dos conciertos de m\u00fasica de c\u00e1mara en el Paraninfo - ULL - Noticias","robots":{"index":"index","follow":"follow","max-snippet":"max-snippet:-1","max-image-preview":"max-image-preview:large","max-video-preview":"max-video-preview:-1"},"canonical":"https:\/\/www.ull.es\/portal\/noticias\/2023\/el-conservatorio-de-musica-de-santa-cruz-de-tenerife-ofrece-dos-conciertos-de-musica-de-camara-en-el-paraninfo\/","og_locale":"es_ES","og_type":"article","og_title":"El Conservatorio de M\u00fasica de Santa Cruz de Tenerife ofrece dos conciertos de m\u00fasica de c\u00e1mara en el Paraninfo - ULL - Noticias","og_description":"El Conservatorio Profesional de M\u00fasica de Santa Cruz de Tenerife ha organizado dos conciertos de m\u00fasica de c\u00e1mara titulados \u201cCiclo...","og_url":"https:\/\/www.ull.es\/portal\/noticias\/2023\/el-conservatorio-de-musica-de-santa-cruz-de-tenerife-ofrece-dos-conciertos-de-musica-de-camara-en-el-paraninfo\/","og_site_name":"ULL - Noticias","article_publisher":"https:\/\/www.facebook.com\/universidaddelalaguna\/","article_published_time":"2023-04-24T10:19:30+00:00","article_modified_time":"2023-04-24T12:28:26+00:00","og_image":[{"width":700,"height":350,"url":"https:\/\/www.ull.es\/portal\/noticias\/wp-content\/uploads\/sites\/13\/2023\/04\/ciclo-primavera-paraninfo.jpg","type":"image\/jpeg"}],"author":"gaprsa","twitter_card":"summary_large_image","twitter_creator":"@CanalULL","twitter_site":"@CanalULL","twitter_misc":{"Escrito por":"gaprsa","Tiempo de lectura":"2 minutos"},"schema":{"@context":"https:\/\/schema.org","@graph":[{"@type":"WebPage","@id":"https:\/\/www.ull.es\/portal\/noticias\/2023\/el-conservatorio-de-musica-de-santa-cruz-de-tenerife-ofrece-dos-conciertos-de-musica-de-camara-en-el-paraninfo\/","url":"https:\/\/www.ull.es\/portal\/noticias\/2023\/el-conservatorio-de-musica-de-santa-cruz-de-tenerife-ofrece-dos-conciertos-de-musica-de-camara-en-el-paraninfo\/","name":"El Conservatorio de M\u00fasica de Santa Cruz de Tenerife ofrece dos conciertos de m\u00fasica de c\u00e1mara en el Paraninfo - ULL - Noticias","isPartOf":{"@id":"https:\/\/www.ull.es\/portal\/noticias\/#website"},"datePublished":"2023-04-24T10:19:30+00:00","dateModified":"2023-04-24T12:28:26+00:00","author":{"@id":"https:\/\/www.ull.es\/portal\/noticias\/#\/schema\/person\/b2b1a89d43ffa609e591f7df8ef3e817"},"breadcrumb":{"@id":"https:\/\/www.ull.es\/portal\/noticias\/2023\/el-conservatorio-de-musica-de-santa-cruz-de-tenerife-ofrece-dos-conciertos-de-musica-de-camara-en-el-paraninfo\/#breadcrumb"},"inLanguage":"es","potentialAction":[{"@type":"ReadAction","target":["https:\/\/www.ull.es\/portal\/noticias\/2023\/el-conservatorio-de-musica-de-santa-cruz-de-tenerife-ofrece-dos-conciertos-de-musica-de-camara-en-el-paraninfo\/"]}]},{"@type":"BreadcrumbList","@id":"https:\/\/www.ull.es\/portal\/noticias\/2023\/el-conservatorio-de-musica-de-santa-cruz-de-tenerife-ofrece-dos-conciertos-de-musica-de-camara-en-el-paraninfo\/#breadcrumb","itemListElement":[{"@type":"ListItem","position":1,"name":"Portada","item":"https:\/\/www.ull.es\/portal\/noticias\/"},{"@type":"ListItem","position":2,"name":"El Conservatorio de M\u00fasica de Santa Cruz de Tenerife ofrece dos conciertos de m\u00fasica de c\u00e1mara en el Paraninfo"}]},{"@type":"WebSite","@id":"https:\/\/www.ull.es\/portal\/noticias\/#website","url":"https:\/\/www.ull.es\/portal\/noticias\/","name":"ULL - Noticias","description":"","potentialAction":[{"@type":"SearchAction","target":{"@type":"EntryPoint","urlTemplate":"https:\/\/www.ull.es\/portal\/noticias\/?s={search_term_string}"},"query-input":"required name=search_term_string"}],"inLanguage":"es"},{"@type":"Person","@id":"https:\/\/www.ull.es\/portal\/noticias\/#\/schema\/person\/b2b1a89d43ffa609e591f7df8ef3e817","name":"gaprsa","image":{"@type":"ImageObject","inLanguage":"es","@id":"https:\/\/www.ull.es\/portal\/noticias\/#\/schema\/person\/image\/","url":"https:\/\/secure.gravatar.com\/avatar\/443820550921091458b4823867723b3d?s=96&d=mm&r=g","contentUrl":"https:\/\/secure.gravatar.com\/avatar\/443820550921091458b4823867723b3d?s=96&d=mm&r=g","caption":"gaprsa"},"url":"https:\/\/www.ull.es\/portal\/noticias\/author\/gaprsa\/"}]}},"primary_category":{"id":344,"name":"Cultura","slug":"cultura","link":"https:\/\/www.ull.es\/portal\/noticias\/category\/cultura\/"},"featured_image_thumbnail_url":"https:\/\/www.ull.es\/portal\/noticias\/wp-content\/uploads\/sites\/13\/2023\/04\/ciclo-primavera-paraninfo-300x150.jpg","_links":{"self":[{"href":"https:\/\/www.ull.es\/portal\/noticias\/wp-json\/wp\/v2\/posts\/69252"}],"collection":[{"href":"https:\/\/www.ull.es\/portal\/noticias\/wp-json\/wp\/v2\/posts"}],"about":[{"href":"https:\/\/www.ull.es\/portal\/noticias\/wp-json\/wp\/v2\/types\/post"}],"author":[{"embeddable":true,"href":"https:\/\/www.ull.es\/portal\/noticias\/wp-json\/wp\/v2\/users\/23"}],"replies":[{"embeddable":true,"href":"https:\/\/www.ull.es\/portal\/noticias\/wp-json\/wp\/v2\/comments?post=69252"}],"version-history":[{"count":3,"href":"https:\/\/www.ull.es\/portal\/noticias\/wp-json\/wp\/v2\/posts\/69252\/revisions"}],"predecessor-version":[{"id":69271,"href":"https:\/\/www.ull.es\/portal\/noticias\/wp-json\/wp\/v2\/posts\/69252\/revisions\/69271"}],"wp:featuredmedia":[{"embeddable":true,"href":"https:\/\/www.ull.es\/portal\/noticias\/wp-json\/wp\/v2\/media\/69254"}],"wp:attachment":[{"href":"https:\/\/www.ull.es\/portal\/noticias\/wp-json\/wp\/v2\/media?parent=69252"}],"wp:term":[{"taxonomy":"category","embeddable":true,"href":"https:\/\/www.ull.es\/portal\/noticias\/wp-json\/wp\/v2\/categories?post=69252"},{"taxonomy":"post_tag","embeddable":true,"href":"https:\/\/www.ull.es\/portal\/noticias\/wp-json\/wp\/v2\/tags?post=69252"}],"curies":[{"name":"wp","href":"https:\/\/api.w.org\/{rel}","templated":true}]}}