{"id":69679,"date":"2023-05-16T09:41:57","date_gmt":"2023-05-16T09:41:57","guid":{"rendered":"https:\/\/www.ull.es\/portal\/noticias\/?p=69679"},"modified":"2023-05-16T09:41:57","modified_gmt":"2023-05-16T09:41:57","slug":"trilogia-luz-blas-cabrera-finaliza-en-paraninfo","status":"publish","type":"post","link":"https:\/\/www.ull.es\/portal\/noticias\/2023\/trilogia-luz-blas-cabrera-finaliza-en-paraninfo\/","title":{"rendered":"La trilog\u00eda esc\u00e9nica \u2018Luz\u2019 dedicada al f\u00edsico canario Blas Cabrera finaliza este jueves en el Paraninfo"},"content":{"rendered":"<p><iframe loading=\"lazy\" title=\"FULL EpicTRAILER LUZ3 HistoriaFisica 18Mayo2023 ParaninfoULL\" width=\"750\" height=\"563\" src=\"https:\/\/www.youtube.com\/embed\/7SzT3Pny7NU?feature=oembed\" frameborder=\"0\" allow=\"accelerometer; autoplay; clipboard-write; encrypted-media; gyroscope; picture-in-picture; web-share\" allowfullscreen><\/iframe><\/p>\n<p>\u201c<a href=\"https:\/\/www.ull.es\/portal\/agenda\/evento\/luz-3-historia-de-la-fisica\/\" target=\"_blank\" rel=\"noopener\" target=\"_blank\" rel=\"noopener\">Luz 3. Historia de la F\u00edsica<\/a>\u201d es la tercera y \u00faltima parte de la trilog\u00eda de espect\u00e1culos multimedia que la Universidad de La Laguna ha dedicado al f\u00edsico canario Blas Cabrera para difundir su figura fundamental en la ciencia del siglo XX y homenajear su importante legado. Esta fusi\u00f3n de teatro, m\u00fasica y audiovisual podr\u00e1 verse el jueves 18 de mayo en el escenario del Paraninfo a partir de las 18:00 horas. La entrada ser\u00e1 gratuita, aunque para controlar el aforo ser\u00e1 necesario retirar invitaciones a trav\u00e9s de la plataforma <a href=\"https:\/\/www.tomaticket.es\/es-es\/entradas-luz-3-historia-de-la-fisica-en-tenerife\" target=\"_blank\" rel=\"noopener\" target=\"_blank\" rel=\"noopener\">Tomaticket<\/a>.<\/p>\n<p>La trilog\u00eda ha sido promovida por el profesor del Departamento de F\u00edsica de la Universidad de La Laguna Jorge M\u00e9ndez, quien tambi\u00e9n ha sido coautor del texto junto al dramaturgo tinerfe\u00f1o Jos\u00e9 Padilla, ganador de un Premio Max de teatro en 2019. La direcci\u00f3n ha corrido a cargo de Pepe Ramos Arteaga, director de la Agrupaci\u00f3n de Teatro de Filolog\u00eda, la cual tambi\u00e9n participa en este montaje a trav\u00e9s de sus int\u00e9rpretes Javier Fernaud, Luis Carballo, Patricia Acosta, Ad\u00e1n Roc\u00edo y Sergio Lorenzo, junto al conocido actor canario Saulo Trujillo. Adem\u00e1s, contar\u00e1 con la actuaci\u00f3n musical de Mara Jaubert al piano, Marcos Depetris al viol\u00edn y el solista Besay P\u00e9rez.<\/p>\n<div id=\"attachment_69682\" style=\"width: 235px\" class=\"wp-caption alignleft\"><a href=\"https:\/\/www.ull.es\/portal\/noticias\/wp-content\/uploads\/sites\/13\/2023\/05\/luz3-historia-fisica-g.jpeg\" target=\"_blank\" rel=\"noopener\" target=\"_blank\" rel=\"noopener\"><img aria-describedby=\"caption-attachment-69682\" decoding=\"async\" loading=\"lazy\" class=\"wp-image-69682 size-medium\" src=\"https:\/\/www.ull.es\/portal\/noticias\/wp-content\/uploads\/sites\/13\/2023\/05\/luz3-historia-fisica-g-225x300.jpeg\" alt=\"Cartel del espect\u00e1culo\" width=\"225\" height=\"300\" srcset=\"https:\/\/www.ull.es\/portal\/noticias\/wp-content\/uploads\/sites\/13\/2023\/05\/luz3-historia-fisica-g-225x300.jpeg 225w, https:\/\/www.ull.es\/portal\/noticias\/wp-content\/uploads\/sites\/13\/2023\/05\/luz3-historia-fisica-g-375x500.jpeg 375w, https:\/\/www.ull.es\/portal\/noticias\/wp-content\/uploads\/sites\/13\/2023\/05\/luz3-historia-fisica-g.jpeg 600w\" sizes=\"(max-width: 225px) 100vw, 225px\" \/><\/a><p id=\"caption-attachment-69682\" class=\"wp-caption-text\">Cartel del espect\u00e1culo.<\/p><\/div>\n<p>El 1 de agosto de 1945 Blas Cabrera Felipe fallec\u00eda en M\u00e9xico tras un exilio no deseado que ha borrado su nombre y su memoria durante a\u00f1os. Hasta su \u00faltimo aliento escribi\u00f3 un manuscrito titulado \u201cHistoria de la F\u00edsica\u201d, una ciencia de la cual \u00e9l mismo fue protagonista junto a sus colegas Albert Einstein, Niels Bohr, Erwin Schr\u00f6dinger y Marie Curie, entre otros con los que integr\u00f3 la \u00e9lite de la ciencia europea del siglo XX, como uno de los padres fundadores de la f\u00edsica cu\u00e1ntica.<\/p>\n<p>Blas Cabrera puso las bases del estudio de las propiedades magn\u00e9ticas de los elementos conocidos como tierras raras, indispensables hoy en d\u00eda en las tecnolog\u00edas verdes y las energ\u00edas renovables para la sostenibilidad. La barbarie y la crueldad de las guerras, junto a posteriores acusaciones injustas tras la Guerra Civil, depuraron y alejaron al llamado \u2018padre de la f\u00edsica espa\u00f1ola\u2019 de donde nunca debi\u00f3 irse, y parece que, con su muerte, cerrara los ojos precisamente para no ver la locura de las bombas at\u00f3micas con las que culminaba tr\u00e1gicamente la Segunda Guerra Mundial esa misma semana de 1945.<\/p>\n<p>Hoy el mensaje de Blas Cabrera es m\u00e1s actual que nunca y su ejemplo hace concebible la posibilidad de alcanzar metas importantes en la ciencia. Recientemente, el insigne f\u00edsico ha vuelto a casa, literalmente, con la repatriaci\u00f3n de sus restos a su tierra natal en Canarias y su entierro en La Laguna (Tenerife), donde creci\u00f3 y comenz\u00f3 a formarse.<\/p>\n","protected":false},"excerpt":{"rendered":"<p>\u201cLuz 3. Historia de la F\u00edsica\u201d es la tercera y \u00faltima parte de la trilog\u00eda de espect\u00e1culos multimedia que la&#8230;<\/p>\n","protected":false},"author":21,"featured_media":69681,"comment_status":"closed","ping_status":"closed","sticky":false,"template":"","format":"image","meta":{"inline_featured_image":false,"footnotes":""},"categories":[344,345,2765],"tags":[418,4310,1601,1624,9968,2980,2047],"acf":[],"yoast_head":"<!-- This site is optimized with the Yoast SEO plugin v21.3 - https:\/\/yoast.com\/wordpress\/plugins\/seo\/ -->\n<title>La trilog\u00eda \u2018Luz\u2019 sobre Blas Cabrera finaliza en el Paraninfo<\/title>\n<meta name=\"description\" content=\"El jueves 18 de mayo a las 18:00 h. ser\u00e1 representada la tercera parte de este espect\u00e1culo esc\u00e9nico en honor al f\u00edsico canario Blas Cabrera.\" \/>\n<meta name=\"robots\" content=\"index, follow, max-snippet:-1, max-image-preview:large, max-video-preview:-1\" \/>\n<link rel=\"canonical\" href=\"https:\/\/www.ull.es\/portal\/noticias\/2023\/trilogia-luz-blas-cabrera-finaliza-en-paraninfo\/\" \/>\n<meta property=\"og:locale\" content=\"es_ES\" \/>\n<meta property=\"og:type\" content=\"article\" \/>\n<meta property=\"og:title\" content=\"La trilog\u00eda \u2018Luz\u2019 sobre Blas Cabrera finaliza en el Paraninfo\" \/>\n<meta property=\"og:description\" content=\"El jueves 18 de mayo a las 18:00 h. ser\u00e1 representada la tercera parte de este espect\u00e1culo esc\u00e9nico en honor al f\u00edsico canario Blas Cabrera.\" \/>\n<meta property=\"og:url\" content=\"https:\/\/www.ull.es\/portal\/noticias\/2023\/trilogia-luz-blas-cabrera-finaliza-en-paraninfo\/\" \/>\n<meta property=\"og:site_name\" content=\"ULL - Noticias\" \/>\n<meta property=\"article:publisher\" content=\"https:\/\/www.facebook.com\/universidaddelalaguna\/\" \/>\n<meta property=\"article:published_time\" content=\"2023-05-16T09:41:57+00:00\" \/>\n<meta property=\"og:image\" content=\"https:\/\/www.ull.es\/portal\/noticias\/wp-content\/uploads\/sites\/13\/2023\/05\/luz3-historia-fisica-p.jpg\" \/>\n\t<meta property=\"og:image:width\" content=\"600\" \/>\n\t<meta property=\"og:image:height\" content=\"377\" \/>\n\t<meta property=\"og:image:type\" content=\"image\/jpeg\" \/>\n<meta name=\"author\" content=\"prensa2\" \/>\n<meta name=\"twitter:card\" content=\"summary_large_image\" \/>\n<meta name=\"twitter:creator\" content=\"@CanalULL\" \/>\n<meta name=\"twitter:site\" content=\"@CanalULL\" \/>\n<meta name=\"twitter:label1\" content=\"Escrito por\" \/>\n\t<meta name=\"twitter:data1\" content=\"prensa2\" \/>\n\t<meta name=\"twitter:label2\" content=\"Tiempo de lectura\" \/>\n\t<meta name=\"twitter:data2\" content=\"3 minutos\" \/>\n<script type=\"application\/ld+json\" class=\"yoast-schema-graph\">{\"@context\":\"https:\/\/schema.org\",\"@graph\":[{\"@type\":\"WebPage\",\"@id\":\"https:\/\/www.ull.es\/portal\/noticias\/2023\/trilogia-luz-blas-cabrera-finaliza-en-paraninfo\/\",\"url\":\"https:\/\/www.ull.es\/portal\/noticias\/2023\/trilogia-luz-blas-cabrera-finaliza-en-paraninfo\/\",\"name\":\"La trilog\u00eda \u2018Luz\u2019 sobre Blas Cabrera finaliza en el Paraninfo\",\"isPartOf\":{\"@id\":\"https:\/\/www.ull.es\/portal\/noticias\/#website\"},\"datePublished\":\"2023-05-16T09:41:57+00:00\",\"dateModified\":\"2023-05-16T09:41:57+00:00\",\"author\":{\"@id\":\"https:\/\/www.ull.es\/portal\/noticias\/#\/schema\/person\/c3b2aa857797592927a03740d6664376\"},\"description\":\"El jueves 18 de mayo a las 18:00 h. ser\u00e1 representada la tercera parte de este espect\u00e1culo esc\u00e9nico en honor al f\u00edsico canario Blas Cabrera.\",\"breadcrumb\":{\"@id\":\"https:\/\/www.ull.es\/portal\/noticias\/2023\/trilogia-luz-blas-cabrera-finaliza-en-paraninfo\/#breadcrumb\"},\"inLanguage\":\"es\",\"potentialAction\":[{\"@type\":\"ReadAction\",\"target\":[\"https:\/\/www.ull.es\/portal\/noticias\/2023\/trilogia-luz-blas-cabrera-finaliza-en-paraninfo\/\"]}]},{\"@type\":\"BreadcrumbList\",\"@id\":\"https:\/\/www.ull.es\/portal\/noticias\/2023\/trilogia-luz-blas-cabrera-finaliza-en-paraninfo\/#breadcrumb\",\"itemListElement\":[{\"@type\":\"ListItem\",\"position\":1,\"name\":\"Portada\",\"item\":\"https:\/\/www.ull.es\/portal\/noticias\/\"},{\"@type\":\"ListItem\",\"position\":2,\"name\":\"La trilog\u00eda esc\u00e9nica \u2018Luz\u2019 dedicada al f\u00edsico canario Blas Cabrera finaliza este jueves en el Paraninfo\"}]},{\"@type\":\"WebSite\",\"@id\":\"https:\/\/www.ull.es\/portal\/noticias\/#website\",\"url\":\"https:\/\/www.ull.es\/portal\/noticias\/\",\"name\":\"ULL - Noticias\",\"description\":\"\",\"potentialAction\":[{\"@type\":\"SearchAction\",\"target\":{\"@type\":\"EntryPoint\",\"urlTemplate\":\"https:\/\/www.ull.es\/portal\/noticias\/?s={search_term_string}\"},\"query-input\":\"required name=search_term_string\"}],\"inLanguage\":\"es\"},{\"@type\":\"Person\",\"@id\":\"https:\/\/www.ull.es\/portal\/noticias\/#\/schema\/person\/c3b2aa857797592927a03740d6664376\",\"name\":\"prensa2\",\"image\":{\"@type\":\"ImageObject\",\"inLanguage\":\"es\",\"@id\":\"https:\/\/www.ull.es\/portal\/noticias\/#\/schema\/person\/image\/\",\"url\":\"https:\/\/secure.gravatar.com\/avatar\/b58f310a5de5feb33d1e026d2493f23c?s=96&d=mm&r=g\",\"contentUrl\":\"https:\/\/secure.gravatar.com\/avatar\/b58f310a5de5feb33d1e026d2493f23c?s=96&d=mm&r=g\",\"caption\":\"prensa2\"},\"url\":\"https:\/\/www.ull.es\/portal\/noticias\/author\/prensa2\/\"}]}<\/script>\n<!-- \/ Yoast SEO plugin. -->","yoast_head_json":{"title":"La trilog\u00eda \u2018Luz\u2019 sobre Blas Cabrera finaliza en el Paraninfo","description":"El jueves 18 de mayo a las 18:00 h. ser\u00e1 representada la tercera parte de este espect\u00e1culo esc\u00e9nico en honor al f\u00edsico canario Blas Cabrera.","robots":{"index":"index","follow":"follow","max-snippet":"max-snippet:-1","max-image-preview":"max-image-preview:large","max-video-preview":"max-video-preview:-1"},"canonical":"https:\/\/www.ull.es\/portal\/noticias\/2023\/trilogia-luz-blas-cabrera-finaliza-en-paraninfo\/","og_locale":"es_ES","og_type":"article","og_title":"La trilog\u00eda \u2018Luz\u2019 sobre Blas Cabrera finaliza en el Paraninfo","og_description":"El jueves 18 de mayo a las 18:00 h. ser\u00e1 representada la tercera parte de este espect\u00e1culo esc\u00e9nico en honor al f\u00edsico canario Blas Cabrera.","og_url":"https:\/\/www.ull.es\/portal\/noticias\/2023\/trilogia-luz-blas-cabrera-finaliza-en-paraninfo\/","og_site_name":"ULL - Noticias","article_publisher":"https:\/\/www.facebook.com\/universidaddelalaguna\/","article_published_time":"2023-05-16T09:41:57+00:00","og_image":[{"width":600,"height":377,"url":"https:\/\/www.ull.es\/portal\/noticias\/wp-content\/uploads\/sites\/13\/2023\/05\/luz3-historia-fisica-p.jpg","type":"image\/jpeg"}],"author":"prensa2","twitter_card":"summary_large_image","twitter_creator":"@CanalULL","twitter_site":"@CanalULL","twitter_misc":{"Escrito por":"prensa2","Tiempo de lectura":"3 minutos"},"schema":{"@context":"https:\/\/schema.org","@graph":[{"@type":"WebPage","@id":"https:\/\/www.ull.es\/portal\/noticias\/2023\/trilogia-luz-blas-cabrera-finaliza-en-paraninfo\/","url":"https:\/\/www.ull.es\/portal\/noticias\/2023\/trilogia-luz-blas-cabrera-finaliza-en-paraninfo\/","name":"La trilog\u00eda \u2018Luz\u2019 sobre Blas Cabrera finaliza en el Paraninfo","isPartOf":{"@id":"https:\/\/www.ull.es\/portal\/noticias\/#website"},"datePublished":"2023-05-16T09:41:57+00:00","dateModified":"2023-05-16T09:41:57+00:00","author":{"@id":"https:\/\/www.ull.es\/portal\/noticias\/#\/schema\/person\/c3b2aa857797592927a03740d6664376"},"description":"El jueves 18 de mayo a las 18:00 h. ser\u00e1 representada la tercera parte de este espect\u00e1culo esc\u00e9nico en honor al f\u00edsico canario Blas Cabrera.","breadcrumb":{"@id":"https:\/\/www.ull.es\/portal\/noticias\/2023\/trilogia-luz-blas-cabrera-finaliza-en-paraninfo\/#breadcrumb"},"inLanguage":"es","potentialAction":[{"@type":"ReadAction","target":["https:\/\/www.ull.es\/portal\/noticias\/2023\/trilogia-luz-blas-cabrera-finaliza-en-paraninfo\/"]}]},{"@type":"BreadcrumbList","@id":"https:\/\/www.ull.es\/portal\/noticias\/2023\/trilogia-luz-blas-cabrera-finaliza-en-paraninfo\/#breadcrumb","itemListElement":[{"@type":"ListItem","position":1,"name":"Portada","item":"https:\/\/www.ull.es\/portal\/noticias\/"},{"@type":"ListItem","position":2,"name":"La trilog\u00eda esc\u00e9nica \u2018Luz\u2019 dedicada al f\u00edsico canario Blas Cabrera finaliza este jueves en el Paraninfo"}]},{"@type":"WebSite","@id":"https:\/\/www.ull.es\/portal\/noticias\/#website","url":"https:\/\/www.ull.es\/portal\/noticias\/","name":"ULL - Noticias","description":"","potentialAction":[{"@type":"SearchAction","target":{"@type":"EntryPoint","urlTemplate":"https:\/\/www.ull.es\/portal\/noticias\/?s={search_term_string}"},"query-input":"required name=search_term_string"}],"inLanguage":"es"},{"@type":"Person","@id":"https:\/\/www.ull.es\/portal\/noticias\/#\/schema\/person\/c3b2aa857797592927a03740d6664376","name":"prensa2","image":{"@type":"ImageObject","inLanguage":"es","@id":"https:\/\/www.ull.es\/portal\/noticias\/#\/schema\/person\/image\/","url":"https:\/\/secure.gravatar.com\/avatar\/b58f310a5de5feb33d1e026d2493f23c?s=96&d=mm&r=g","contentUrl":"https:\/\/secure.gravatar.com\/avatar\/b58f310a5de5feb33d1e026d2493f23c?s=96&d=mm&r=g","caption":"prensa2"},"url":"https:\/\/www.ull.es\/portal\/noticias\/author\/prensa2\/"}]}},"primary_category":{"id":345,"name":"Destacado","slug":"destacado","link":"https:\/\/www.ull.es\/portal\/noticias\/category\/destacado\/"},"featured_image_thumbnail_url":"https:\/\/www.ull.es\/portal\/noticias\/wp-content\/uploads\/sites\/13\/2023\/05\/luz3-historia-fisica-p-300x189.jpg","_links":{"self":[{"href":"https:\/\/www.ull.es\/portal\/noticias\/wp-json\/wp\/v2\/posts\/69679"}],"collection":[{"href":"https:\/\/www.ull.es\/portal\/noticias\/wp-json\/wp\/v2\/posts"}],"about":[{"href":"https:\/\/www.ull.es\/portal\/noticias\/wp-json\/wp\/v2\/types\/post"}],"author":[{"embeddable":true,"href":"https:\/\/www.ull.es\/portal\/noticias\/wp-json\/wp\/v2\/users\/21"}],"replies":[{"embeddable":true,"href":"https:\/\/www.ull.es\/portal\/noticias\/wp-json\/wp\/v2\/comments?post=69679"}],"version-history":[{"count":1,"href":"https:\/\/www.ull.es\/portal\/noticias\/wp-json\/wp\/v2\/posts\/69679\/revisions"}],"predecessor-version":[{"id":69683,"href":"https:\/\/www.ull.es\/portal\/noticias\/wp-json\/wp\/v2\/posts\/69679\/revisions\/69683"}],"wp:featuredmedia":[{"embeddable":true,"href":"https:\/\/www.ull.es\/portal\/noticias\/wp-json\/wp\/v2\/media\/69681"}],"wp:attachment":[{"href":"https:\/\/www.ull.es\/portal\/noticias\/wp-json\/wp\/v2\/media?parent=69679"}],"wp:term":[{"taxonomy":"category","embeddable":true,"href":"https:\/\/www.ull.es\/portal\/noticias\/wp-json\/wp\/v2\/categories?post=69679"},{"taxonomy":"post_tag","embeddable":true,"href":"https:\/\/www.ull.es\/portal\/noticias\/wp-json\/wp\/v2\/tags?post=69679"}],"curies":[{"name":"wp","href":"https:\/\/api.w.org\/{rel}","templated":true}]}}