{"id":69747,"date":"2023-05-18T07:34:33","date_gmt":"2023-05-18T07:34:33","guid":{"rendered":"https:\/\/www.ull.es\/portal\/noticias\/?p=69747"},"modified":"2023-05-18T07:34:33","modified_gmt":"2023-05-18T07:34:33","slug":"aula-matematica-divulgativa-muestra-papiroflexia-tinerflecta","status":"publish","type":"post","link":"https:\/\/www.ull.es\/portal\/noticias\/2023\/aula-matematica-divulgativa-muestra-papiroflexia-tinerflecta\/","title":{"rendered":"El Aula de Matem\u00e1tica Divulgativa de la ULL organiza una muestra de papiroflexia del grupo Tinerflecta"},"content":{"rendered":"<p>Los teselados son construcciones planas o espaciales que hacen referencia a un patr\u00f3n determinado por una o varias figuras que recubren el plano o el espacio. Estas construcciones deben cumplir dos requisitos: cubrir el plano o el espacio sin dejar huecos y no superponer piezas. Este tipo de figuras protagoniza la exposici\u00f3n <a href=\"https:\/\/www.ull.es\/portal\/agenda\/evento\/exposicion-total-y-parte\/\" target=\"_blank\" rel=\"noopener\" target=\"_blank\" rel=\"noopener\">\u201cTotal y Parte\u201d,<\/a> organizada por el <a href=\"http:\/\/matdivu.webs.ull.es\/\" target=\"_blank\" rel=\"noopener\" target=\"_blank\" rel=\"noopener\">Aula Cultural de Matem\u00e1tica Divulgativa<\/a> de la Universidad de La Laguna, que ser\u00e1 inaugurada ma\u00f1ana, viernes 19 de mayo a las 17:30 horas en el antiguo convento de Santo Domingo. En ella se exhibir\u00e1n figuras plegadas por el grupo de papiroflexia Tinerflecta.<\/p>\n<p>Esta exposici\u00f3n, que permanecer\u00e1 abierta hasta el 16 de junio, trata de mostrar el mundo de los teselados del plano y del espacio a trav\u00e9s de la belleza que proporciona la papiroflexia, y tambi\u00e9n incluye esferas dise\u00f1adas con la t\u00e9cnica del Kusudama. La muestra resalta la manera de generar objetos complejos a partir de m\u00f3dulos simples y, de alguna manera, las tipolog\u00edas de objetos expuestas reflejan la estructura del pensamiento matem\u00e1tico: con unos simples axiomas, se encaja una compleja estructura que genera la teor\u00eda global.<\/p>\n<p>Las piezas mostradas reproducen patrones preestablecidos de cierta manera, pues es preciso analizar qu\u00e9 tipo de figuras permiten teselar trozos del plano y del espacio. Las piezas de origami de la exposici\u00f3n van acompa\u00f1adas de paneles informativos sobre teselados planos 2D y 3D y kusudamas.<\/p>\n<p>Tinerflecta es un grupo de nueve mujeres, mayoritariamente profesoras de Primaria y Secundaria quienes, desde 2005, utilizan la papiroflexia como herramienta de acercamiento a las matem\u00e1ticas. Ellas son Pili Acosta, Marisa Benito, Bebey Borges, Quisquis Borges, Elena Borges, Rosi Cano, Sany Dorta, Maife Mart\u00edn y Tere Rodr\u00edguez. Si bien el prop\u00f3sito inicial del grupo era desarrollar la parte sobre geometr\u00eda del curr\u00edculo acad\u00e9mico, la propia belleza de las obras termin\u00f3 anim\u00e1ndolas a dar un paso m\u00e1s all\u00e1 y realizar exposiciones para un p\u00fablico general<\/p>\n<p>La exposici\u00f3n \u201cTotal y Parte\u201d muestra obras preexistentes creadas por reconocidos maestros del origami japoneses, israel\u00edes e italianos. Cuenta con el apoyo del Cabildo Insular de Tenerife, el Ayuntamiento de San Crist\u00f3bal de La Laguna, la Real Academia Canaria de Ciencias, y la Sociedad Canaria \u2018Luis Balbuena Castellano\u2019 de Profesores de Matem\u00e1ticas<\/p>\n","protected":false},"excerpt":{"rendered":"<p>Los teselados son construcciones planas o espaciales que hacen referencia a un patr\u00f3n determinado por una o varias figuras que&#8230;<\/p>\n","protected":false},"author":21,"featured_media":69748,"comment_status":"closed","ping_status":"closed","sticky":false,"template":"","format":"standard","meta":{"inline_featured_image":false,"footnotes":""},"categories":[344,345,2765],"tags":[8840,3516,9978,1861,7419,9977,7418],"acf":[],"yoast_head":"<!-- This site is optimized with the Yoast SEO plugin v21.3 - https:\/\/yoast.com\/wordpress\/plugins\/seo\/ -->\n<title>Una exposici\u00f3n relaciona la geometr\u00eda y la papiroflexia<\/title>\n<meta name=\"description\" content=\"La muestra &quot;Total y Parte&quot; est\u00e1 promovida por el Aula de Matem\u00e1tica Divulgativa de la ULL y muestra obras de origami del grupo Tinerflecta.\" \/>\n<meta name=\"robots\" content=\"index, follow, max-snippet:-1, max-image-preview:large, max-video-preview:-1\" \/>\n<link rel=\"canonical\" href=\"https:\/\/www.ull.es\/portal\/noticias\/2023\/aula-matematica-divulgativa-muestra-papiroflexia-tinerflecta\/\" \/>\n<meta property=\"og:locale\" content=\"es_ES\" \/>\n<meta property=\"og:type\" content=\"article\" \/>\n<meta property=\"og:title\" content=\"Una exposici\u00f3n relaciona la geometr\u00eda y la papiroflexia\" \/>\n<meta property=\"og:description\" content=\"La muestra &quot;Total y Parte&quot; est\u00e1 promovida por el Aula de Matem\u00e1tica Divulgativa de la ULL y muestra obras de origami del grupo Tinerflecta.\" \/>\n<meta property=\"og:url\" content=\"https:\/\/www.ull.es\/portal\/noticias\/2023\/aula-matematica-divulgativa-muestra-papiroflexia-tinerflecta\/\" \/>\n<meta property=\"og:site_name\" content=\"ULL - Noticias\" \/>\n<meta property=\"article:publisher\" content=\"https:\/\/www.facebook.com\/universidaddelalaguna\/\" \/>\n<meta property=\"article:published_time\" content=\"2023-05-18T07:34:33+00:00\" \/>\n<meta property=\"og:image\" content=\"https:\/\/www.ull.es\/portal\/noticias\/wp-content\/uploads\/sites\/13\/2023\/05\/total-y-parte-expo.jpg\" \/>\n\t<meta property=\"og:image:width\" content=\"1600\" \/>\n\t<meta property=\"og:image:height\" content=\"800\" \/>\n\t<meta property=\"og:image:type\" content=\"image\/jpeg\" \/>\n<meta name=\"author\" content=\"prensa2\" \/>\n<meta name=\"twitter:card\" content=\"summary_large_image\" \/>\n<meta name=\"twitter:creator\" content=\"@CanalULL\" \/>\n<meta name=\"twitter:site\" content=\"@CanalULL\" \/>\n<meta name=\"twitter:label1\" content=\"Escrito por\" \/>\n\t<meta name=\"twitter:data1\" content=\"prensa2\" \/>\n\t<meta name=\"twitter:label2\" content=\"Tiempo de lectura\" \/>\n\t<meta name=\"twitter:data2\" content=\"2 minutos\" \/>\n<script type=\"application\/ld+json\" class=\"yoast-schema-graph\">{\"@context\":\"https:\/\/schema.org\",\"@graph\":[{\"@type\":\"WebPage\",\"@id\":\"https:\/\/www.ull.es\/portal\/noticias\/2023\/aula-matematica-divulgativa-muestra-papiroflexia-tinerflecta\/\",\"url\":\"https:\/\/www.ull.es\/portal\/noticias\/2023\/aula-matematica-divulgativa-muestra-papiroflexia-tinerflecta\/\",\"name\":\"Una exposici\u00f3n relaciona la geometr\u00eda y la papiroflexia\",\"isPartOf\":{\"@id\":\"https:\/\/www.ull.es\/portal\/noticias\/#website\"},\"datePublished\":\"2023-05-18T07:34:33+00:00\",\"dateModified\":\"2023-05-18T07:34:33+00:00\",\"author\":{\"@id\":\"https:\/\/www.ull.es\/portal\/noticias\/#\/schema\/person\/c3b2aa857797592927a03740d6664376\"},\"description\":\"La muestra \\\"Total y Parte\\\" est\u00e1 promovida por el Aula de Matem\u00e1tica Divulgativa de la ULL y muestra obras de origami del grupo Tinerflecta.\",\"breadcrumb\":{\"@id\":\"https:\/\/www.ull.es\/portal\/noticias\/2023\/aula-matematica-divulgativa-muestra-papiroflexia-tinerflecta\/#breadcrumb\"},\"inLanguage\":\"es\",\"potentialAction\":[{\"@type\":\"ReadAction\",\"target\":[\"https:\/\/www.ull.es\/portal\/noticias\/2023\/aula-matematica-divulgativa-muestra-papiroflexia-tinerflecta\/\"]}]},{\"@type\":\"BreadcrumbList\",\"@id\":\"https:\/\/www.ull.es\/portal\/noticias\/2023\/aula-matematica-divulgativa-muestra-papiroflexia-tinerflecta\/#breadcrumb\",\"itemListElement\":[{\"@type\":\"ListItem\",\"position\":1,\"name\":\"Portada\",\"item\":\"https:\/\/www.ull.es\/portal\/noticias\/\"},{\"@type\":\"ListItem\",\"position\":2,\"name\":\"El Aula de Matem\u00e1tica Divulgativa de la ULL organiza una muestra de papiroflexia del grupo Tinerflecta\"}]},{\"@type\":\"WebSite\",\"@id\":\"https:\/\/www.ull.es\/portal\/noticias\/#website\",\"url\":\"https:\/\/www.ull.es\/portal\/noticias\/\",\"name\":\"ULL - Noticias\",\"description\":\"\",\"potentialAction\":[{\"@type\":\"SearchAction\",\"target\":{\"@type\":\"EntryPoint\",\"urlTemplate\":\"https:\/\/www.ull.es\/portal\/noticias\/?s={search_term_string}\"},\"query-input\":\"required name=search_term_string\"}],\"inLanguage\":\"es\"},{\"@type\":\"Person\",\"@id\":\"https:\/\/www.ull.es\/portal\/noticias\/#\/schema\/person\/c3b2aa857797592927a03740d6664376\",\"name\":\"prensa2\",\"image\":{\"@type\":\"ImageObject\",\"inLanguage\":\"es\",\"@id\":\"https:\/\/www.ull.es\/portal\/noticias\/#\/schema\/person\/image\/\",\"url\":\"https:\/\/secure.gravatar.com\/avatar\/b58f310a5de5feb33d1e026d2493f23c?s=96&d=mm&r=g\",\"contentUrl\":\"https:\/\/secure.gravatar.com\/avatar\/b58f310a5de5feb33d1e026d2493f23c?s=96&d=mm&r=g\",\"caption\":\"prensa2\"},\"url\":\"https:\/\/www.ull.es\/portal\/noticias\/author\/prensa2\/\"}]}<\/script>\n<!-- \/ Yoast SEO plugin. -->","yoast_head_json":{"title":"Una exposici\u00f3n relaciona la geometr\u00eda y la papiroflexia","description":"La muestra \"Total y Parte\" est\u00e1 promovida por el Aula de Matem\u00e1tica Divulgativa de la ULL y muestra obras de origami del grupo Tinerflecta.","robots":{"index":"index","follow":"follow","max-snippet":"max-snippet:-1","max-image-preview":"max-image-preview:large","max-video-preview":"max-video-preview:-1"},"canonical":"https:\/\/www.ull.es\/portal\/noticias\/2023\/aula-matematica-divulgativa-muestra-papiroflexia-tinerflecta\/","og_locale":"es_ES","og_type":"article","og_title":"Una exposici\u00f3n relaciona la geometr\u00eda y la papiroflexia","og_description":"La muestra \"Total y Parte\" est\u00e1 promovida por el Aula de Matem\u00e1tica Divulgativa de la ULL y muestra obras de origami del grupo Tinerflecta.","og_url":"https:\/\/www.ull.es\/portal\/noticias\/2023\/aula-matematica-divulgativa-muestra-papiroflexia-tinerflecta\/","og_site_name":"ULL - Noticias","article_publisher":"https:\/\/www.facebook.com\/universidaddelalaguna\/","article_published_time":"2023-05-18T07:34:33+00:00","og_image":[{"width":1600,"height":800,"url":"https:\/\/www.ull.es\/portal\/noticias\/wp-content\/uploads\/sites\/13\/2023\/05\/total-y-parte-expo.jpg","type":"image\/jpeg"}],"author":"prensa2","twitter_card":"summary_large_image","twitter_creator":"@CanalULL","twitter_site":"@CanalULL","twitter_misc":{"Escrito por":"prensa2","Tiempo de lectura":"2 minutos"},"schema":{"@context":"https:\/\/schema.org","@graph":[{"@type":"WebPage","@id":"https:\/\/www.ull.es\/portal\/noticias\/2023\/aula-matematica-divulgativa-muestra-papiroflexia-tinerflecta\/","url":"https:\/\/www.ull.es\/portal\/noticias\/2023\/aula-matematica-divulgativa-muestra-papiroflexia-tinerflecta\/","name":"Una exposici\u00f3n relaciona la geometr\u00eda y la papiroflexia","isPartOf":{"@id":"https:\/\/www.ull.es\/portal\/noticias\/#website"},"datePublished":"2023-05-18T07:34:33+00:00","dateModified":"2023-05-18T07:34:33+00:00","author":{"@id":"https:\/\/www.ull.es\/portal\/noticias\/#\/schema\/person\/c3b2aa857797592927a03740d6664376"},"description":"La muestra \"Total y Parte\" est\u00e1 promovida por el Aula de Matem\u00e1tica Divulgativa de la ULL y muestra obras de origami del grupo Tinerflecta.","breadcrumb":{"@id":"https:\/\/www.ull.es\/portal\/noticias\/2023\/aula-matematica-divulgativa-muestra-papiroflexia-tinerflecta\/#breadcrumb"},"inLanguage":"es","potentialAction":[{"@type":"ReadAction","target":["https:\/\/www.ull.es\/portal\/noticias\/2023\/aula-matematica-divulgativa-muestra-papiroflexia-tinerflecta\/"]}]},{"@type":"BreadcrumbList","@id":"https:\/\/www.ull.es\/portal\/noticias\/2023\/aula-matematica-divulgativa-muestra-papiroflexia-tinerflecta\/#breadcrumb","itemListElement":[{"@type":"ListItem","position":1,"name":"Portada","item":"https:\/\/www.ull.es\/portal\/noticias\/"},{"@type":"ListItem","position":2,"name":"El Aula de Matem\u00e1tica Divulgativa de la ULL organiza una muestra de papiroflexia del grupo Tinerflecta"}]},{"@type":"WebSite","@id":"https:\/\/www.ull.es\/portal\/noticias\/#website","url":"https:\/\/www.ull.es\/portal\/noticias\/","name":"ULL - Noticias","description":"","potentialAction":[{"@type":"SearchAction","target":{"@type":"EntryPoint","urlTemplate":"https:\/\/www.ull.es\/portal\/noticias\/?s={search_term_string}"},"query-input":"required name=search_term_string"}],"inLanguage":"es"},{"@type":"Person","@id":"https:\/\/www.ull.es\/portal\/noticias\/#\/schema\/person\/c3b2aa857797592927a03740d6664376","name":"prensa2","image":{"@type":"ImageObject","inLanguage":"es","@id":"https:\/\/www.ull.es\/portal\/noticias\/#\/schema\/person\/image\/","url":"https:\/\/secure.gravatar.com\/avatar\/b58f310a5de5feb33d1e026d2493f23c?s=96&d=mm&r=g","contentUrl":"https:\/\/secure.gravatar.com\/avatar\/b58f310a5de5feb33d1e026d2493f23c?s=96&d=mm&r=g","caption":"prensa2"},"url":"https:\/\/www.ull.es\/portal\/noticias\/author\/prensa2\/"}]}},"primary_category":{"id":345,"name":"Destacado","slug":"destacado","link":"https:\/\/www.ull.es\/portal\/noticias\/category\/destacado\/"},"featured_image_thumbnail_url":"https:\/\/www.ull.es\/portal\/noticias\/wp-content\/uploads\/sites\/13\/2023\/05\/total-y-parte-expo-300x150.jpg","_links":{"self":[{"href":"https:\/\/www.ull.es\/portal\/noticias\/wp-json\/wp\/v2\/posts\/69747"}],"collection":[{"href":"https:\/\/www.ull.es\/portal\/noticias\/wp-json\/wp\/v2\/posts"}],"about":[{"href":"https:\/\/www.ull.es\/portal\/noticias\/wp-json\/wp\/v2\/types\/post"}],"author":[{"embeddable":true,"href":"https:\/\/www.ull.es\/portal\/noticias\/wp-json\/wp\/v2\/users\/21"}],"replies":[{"embeddable":true,"href":"https:\/\/www.ull.es\/portal\/noticias\/wp-json\/wp\/v2\/comments?post=69747"}],"version-history":[{"count":1,"href":"https:\/\/www.ull.es\/portal\/noticias\/wp-json\/wp\/v2\/posts\/69747\/revisions"}],"predecessor-version":[{"id":69749,"href":"https:\/\/www.ull.es\/portal\/noticias\/wp-json\/wp\/v2\/posts\/69747\/revisions\/69749"}],"wp:featuredmedia":[{"embeddable":true,"href":"https:\/\/www.ull.es\/portal\/noticias\/wp-json\/wp\/v2\/media\/69748"}],"wp:attachment":[{"href":"https:\/\/www.ull.es\/portal\/noticias\/wp-json\/wp\/v2\/media?parent=69747"}],"wp:term":[{"taxonomy":"category","embeddable":true,"href":"https:\/\/www.ull.es\/portal\/noticias\/wp-json\/wp\/v2\/categories?post=69747"},{"taxonomy":"post_tag","embeddable":true,"href":"https:\/\/www.ull.es\/portal\/noticias\/wp-json\/wp\/v2\/tags?post=69747"}],"curies":[{"name":"wp","href":"https:\/\/api.w.org\/{rel}","templated":true}]}}