{"id":69838,"date":"2023-05-23T11:46:52","date_gmt":"2023-05-23T11:46:52","guid":{"rendered":"https:\/\/www.ull.es\/portal\/noticias\/?p=69838"},"modified":"2023-05-23T11:47:18","modified_gmt":"2023-05-23T11:47:18","slug":"la-ull-tercera-universidad-espanola-que-mas-contribuye-al-desarrollo-regional-segun-el-ranking-cyd","status":"publish","type":"post","link":"https:\/\/www.ull.es\/portal\/noticias\/2023\/la-ull-tercera-universidad-espanola-que-mas-contribuye-al-desarrollo-regional-segun-el-ranking-cyd\/","title":{"rendered":"La ULL, tercera universidad espa\u00f1ola que m\u00e1s contribuye al desarrollo regional seg\u00fan el Ranking CYD"},"content":{"rendered":"<p>La Universidad de La Laguna ha vuelto a revalidar su posici\u00f3n preferente como una de las instituciones que m\u00e1s contribuye al desarrollo regional, esta vez de la mano del Ranking CYD, que acaba de publicar su <a href=\"http:\/\/www.rankingcyd.org\/\" target=\"_blank\" rel=\"noopener\">d\u00e9cima edici\u00f3n<\/a> y en el que la ULL ocupa el tercer puesto nacional.<\/p>\n<p>La<a href=\"https:\/\/www.fundacioncyd.org\/\" target=\"_blank\" rel=\"noopener\">\u00a0Fundaci\u00f3n CYD<\/a>\u00a0(Fundaci\u00f3n Conocimiento y Desarrollo) naci\u00f3 en 2002 con el objetivo de dar respuesta a una serie de necesidades concretas de la universidad espa\u00f1ola, analizando su realidad y potencialidad en los \u00e1mbitos en los que hace efectivo su aportaci\u00f3n a la sociedad.<\/p>\n<p>En la clasificaci\u00f3n de este a\u00f1o se destacan cinco \u00e1mbitos: ense\u00f1anza y aprendizaje, investigaci\u00f3n, transferencia de conocimiento, orientaci\u00f3n internacional y contribuci\u00f3n al desarrollo regional. Es en este \u00faltimo donde la Universidad de La Laguna ocupa la tercera posici\u00f3n nacional, con la Polit\u00e8cnica de Catalunya y Aut\u00f2noma de Barcelona por delante. Detr\u00e1s de este centro acad\u00e9mico tambi\u00e9n figuran las universidades de Barcelona, Girona, Cat\u00f3lica de Valencia San Vicente\u00a0M\u00e1rtir, Deusto, Pa\u00eds Vasco, M\u00e1laga, Val\u00e8ncia \u2013 Estudi General, Rovira i Virgili, Internacional de Catalunya y Lleida.<\/p>\n<p>En esta d\u00e9cima edici\u00f3n, el ranking sigue creciendo y presenta resultados\u00a0de 80 universidades,\u00a029 \u00e1mbitos de conocimiento\u00a0y\u00a03.266 titulaciones.\u00a0Las universidades participantes representan el\u00a093% de las 86 universidades\u00a0activas que imparten ense\u00f1anzas de grado incluidas en el Registro de Universidades, Centros y T\u00edtulos. De ellas, 48 son p\u00fablicas (lo que supone el\u00a0100% de representatividad) y 32 privadas (el 89% sobre el total).<\/p>\n<p>La clasificaci\u00f3n analiza la informaci\u00f3n facilitada directamente por las universidades a trav\u00e9s de tres cuestionarios, cuyos datos recopila en una plataforma web y con un control de calidad y revisi\u00f3n. Adem\u00e1s, recoge informaci\u00f3n del Sistema Integrado de Informaci\u00f3n Universitaria (SIIU) del Ministerio de Universidades y de la Tesorer\u00eda General de la Seguridad Social. Los indicadores cienciom\u00e9tricos y de patentes han sido elaborados por el SCImago Lab a partir de la informaci\u00f3n extra\u00edda de la base de datos bibliogr\u00e1fica Scopus y de PATSTAT. Para algunos \u00e1mbitos, los indicadores cienciom\u00e9tricos se han construido a partir de la base de datos WoS por el CWTS de Leiden. Se puede<strong>\u00a0<\/strong>consultar la metodolog\u00eda en este <a href=\"rankingcyd.org\/metodologia-del-ranking-cyd\" target=\"_blank\" rel=\"noopener\">enlace<\/a>.<\/p>\n","protected":false},"excerpt":{"rendered":"<p>La Universidad de La Laguna ha vuelto a revalidar su posici\u00f3n preferente como una de las instituciones que m\u00e1s contribuye&#8230;<\/p>\n","protected":false},"author":23,"featured_media":69839,"comment_status":"closed","ping_status":"closed","sticky":false,"template":"","format":"standard","meta":{"inline_featured_image":false,"footnotes":""},"categories":[345,348,2765],"tags":[3684,2740,5705],"acf":[],"yoast_head":"<!-- This site is optimized with the Yoast SEO plugin v21.3 - https:\/\/yoast.com\/wordpress\/plugins\/seo\/ -->\n<title>La ULL, tercera universidad espa\u00f1ola que m\u00e1s contribuye al desarrollo regional seg\u00fan el Ranking CYD - ULL - Noticias<\/title>\n<meta name=\"robots\" content=\"index, follow, max-snippet:-1, max-image-preview:large, max-video-preview:-1\" \/>\n<link rel=\"canonical\" href=\"https:\/\/www.ull.es\/portal\/noticias\/2023\/la-ull-tercera-universidad-espanola-que-mas-contribuye-al-desarrollo-regional-segun-el-ranking-cyd\/\" \/>\n<meta property=\"og:locale\" content=\"es_ES\" \/>\n<meta property=\"og:type\" content=\"article\" \/>\n<meta property=\"og:title\" content=\"La ULL, tercera universidad espa\u00f1ola que m\u00e1s contribuye al desarrollo regional seg\u00fan el Ranking CYD - ULL - Noticias\" \/>\n<meta property=\"og:description\" content=\"La Universidad de La Laguna ha vuelto a revalidar su posici\u00f3n preferente como una de las instituciones que m\u00e1s contribuye...\" \/>\n<meta property=\"og:url\" content=\"https:\/\/www.ull.es\/portal\/noticias\/2023\/la-ull-tercera-universidad-espanola-que-mas-contribuye-al-desarrollo-regional-segun-el-ranking-cyd\/\" \/>\n<meta property=\"og:site_name\" content=\"ULL - Noticias\" \/>\n<meta property=\"article:publisher\" content=\"https:\/\/www.facebook.com\/universidaddelalaguna\/\" \/>\n<meta property=\"article:published_time\" content=\"2023-05-23T11:46:52+00:00\" \/>\n<meta property=\"article:modified_time\" content=\"2023-05-23T11:47:18+00:00\" \/>\n<meta property=\"og:image\" content=\"https:\/\/www.ull.es\/portal\/noticias\/wp-content\/uploads\/sites\/13\/2023\/05\/ranking-cyd.jpg\" \/>\n\t<meta property=\"og:image:width\" content=\"1600\" \/>\n\t<meta property=\"og:image:height\" content=\"915\" \/>\n\t<meta property=\"og:image:type\" content=\"image\/jpeg\" \/>\n<meta name=\"author\" content=\"gaprsa\" \/>\n<meta name=\"twitter:card\" content=\"summary_large_image\" \/>\n<meta name=\"twitter:creator\" content=\"@CanalULL\" \/>\n<meta name=\"twitter:site\" content=\"@CanalULL\" \/>\n<meta name=\"twitter:label1\" content=\"Escrito por\" \/>\n\t<meta name=\"twitter:data1\" content=\"gaprsa\" \/>\n\t<meta name=\"twitter:label2\" content=\"Tiempo de lectura\" \/>\n\t<meta name=\"twitter:data2\" content=\"2 minutos\" \/>\n<script type=\"application\/ld+json\" class=\"yoast-schema-graph\">{\"@context\":\"https:\/\/schema.org\",\"@graph\":[{\"@type\":\"WebPage\",\"@id\":\"https:\/\/www.ull.es\/portal\/noticias\/2023\/la-ull-tercera-universidad-espanola-que-mas-contribuye-al-desarrollo-regional-segun-el-ranking-cyd\/\",\"url\":\"https:\/\/www.ull.es\/portal\/noticias\/2023\/la-ull-tercera-universidad-espanola-que-mas-contribuye-al-desarrollo-regional-segun-el-ranking-cyd\/\",\"name\":\"La ULL, tercera universidad espa\u00f1ola que m\u00e1s contribuye al desarrollo regional seg\u00fan el Ranking CYD - ULL - Noticias\",\"isPartOf\":{\"@id\":\"https:\/\/www.ull.es\/portal\/noticias\/#website\"},\"datePublished\":\"2023-05-23T11:46:52+00:00\",\"dateModified\":\"2023-05-23T11:47:18+00:00\",\"author\":{\"@id\":\"https:\/\/www.ull.es\/portal\/noticias\/#\/schema\/person\/b2b1a89d43ffa609e591f7df8ef3e817\"},\"breadcrumb\":{\"@id\":\"https:\/\/www.ull.es\/portal\/noticias\/2023\/la-ull-tercera-universidad-espanola-que-mas-contribuye-al-desarrollo-regional-segun-el-ranking-cyd\/#breadcrumb\"},\"inLanguage\":\"es\",\"potentialAction\":[{\"@type\":\"ReadAction\",\"target\":[\"https:\/\/www.ull.es\/portal\/noticias\/2023\/la-ull-tercera-universidad-espanola-que-mas-contribuye-al-desarrollo-regional-segun-el-ranking-cyd\/\"]}]},{\"@type\":\"BreadcrumbList\",\"@id\":\"https:\/\/www.ull.es\/portal\/noticias\/2023\/la-ull-tercera-universidad-espanola-que-mas-contribuye-al-desarrollo-regional-segun-el-ranking-cyd\/#breadcrumb\",\"itemListElement\":[{\"@type\":\"ListItem\",\"position\":1,\"name\":\"Portada\",\"item\":\"https:\/\/www.ull.es\/portal\/noticias\/\"},{\"@type\":\"ListItem\",\"position\":2,\"name\":\"La ULL, tercera universidad espa\u00f1ola que m\u00e1s contribuye al desarrollo regional seg\u00fan el Ranking CYD\"}]},{\"@type\":\"WebSite\",\"@id\":\"https:\/\/www.ull.es\/portal\/noticias\/#website\",\"url\":\"https:\/\/www.ull.es\/portal\/noticias\/\",\"name\":\"ULL - Noticias\",\"description\":\"\",\"potentialAction\":[{\"@type\":\"SearchAction\",\"target\":{\"@type\":\"EntryPoint\",\"urlTemplate\":\"https:\/\/www.ull.es\/portal\/noticias\/?s={search_term_string}\"},\"query-input\":\"required name=search_term_string\"}],\"inLanguage\":\"es\"},{\"@type\":\"Person\",\"@id\":\"https:\/\/www.ull.es\/portal\/noticias\/#\/schema\/person\/b2b1a89d43ffa609e591f7df8ef3e817\",\"name\":\"gaprsa\",\"image\":{\"@type\":\"ImageObject\",\"inLanguage\":\"es\",\"@id\":\"https:\/\/www.ull.es\/portal\/noticias\/#\/schema\/person\/image\/\",\"url\":\"https:\/\/secure.gravatar.com\/avatar\/443820550921091458b4823867723b3d?s=96&d=mm&r=g\",\"contentUrl\":\"https:\/\/secure.gravatar.com\/avatar\/443820550921091458b4823867723b3d?s=96&d=mm&r=g\",\"caption\":\"gaprsa\"},\"url\":\"https:\/\/www.ull.es\/portal\/noticias\/author\/gaprsa\/\"}]}<\/script>\n<!-- \/ Yoast SEO plugin. -->","yoast_head_json":{"title":"La ULL, tercera universidad espa\u00f1ola que m\u00e1s contribuye al desarrollo regional seg\u00fan el Ranking CYD - ULL - Noticias","robots":{"index":"index","follow":"follow","max-snippet":"max-snippet:-1","max-image-preview":"max-image-preview:large","max-video-preview":"max-video-preview:-1"},"canonical":"https:\/\/www.ull.es\/portal\/noticias\/2023\/la-ull-tercera-universidad-espanola-que-mas-contribuye-al-desarrollo-regional-segun-el-ranking-cyd\/","og_locale":"es_ES","og_type":"article","og_title":"La ULL, tercera universidad espa\u00f1ola que m\u00e1s contribuye al desarrollo regional seg\u00fan el Ranking CYD - ULL - Noticias","og_description":"La Universidad de La Laguna ha vuelto a revalidar su posici\u00f3n preferente como una de las instituciones que m\u00e1s contribuye...","og_url":"https:\/\/www.ull.es\/portal\/noticias\/2023\/la-ull-tercera-universidad-espanola-que-mas-contribuye-al-desarrollo-regional-segun-el-ranking-cyd\/","og_site_name":"ULL - Noticias","article_publisher":"https:\/\/www.facebook.com\/universidaddelalaguna\/","article_published_time":"2023-05-23T11:46:52+00:00","article_modified_time":"2023-05-23T11:47:18+00:00","og_image":[{"width":1600,"height":915,"url":"https:\/\/www.ull.es\/portal\/noticias\/wp-content\/uploads\/sites\/13\/2023\/05\/ranking-cyd.jpg","type":"image\/jpeg"}],"author":"gaprsa","twitter_card":"summary_large_image","twitter_creator":"@CanalULL","twitter_site":"@CanalULL","twitter_misc":{"Escrito por":"gaprsa","Tiempo de lectura":"2 minutos"},"schema":{"@context":"https:\/\/schema.org","@graph":[{"@type":"WebPage","@id":"https:\/\/www.ull.es\/portal\/noticias\/2023\/la-ull-tercera-universidad-espanola-que-mas-contribuye-al-desarrollo-regional-segun-el-ranking-cyd\/","url":"https:\/\/www.ull.es\/portal\/noticias\/2023\/la-ull-tercera-universidad-espanola-que-mas-contribuye-al-desarrollo-regional-segun-el-ranking-cyd\/","name":"La ULL, tercera universidad espa\u00f1ola que m\u00e1s contribuye al desarrollo regional seg\u00fan el Ranking CYD - ULL - Noticias","isPartOf":{"@id":"https:\/\/www.ull.es\/portal\/noticias\/#website"},"datePublished":"2023-05-23T11:46:52+00:00","dateModified":"2023-05-23T11:47:18+00:00","author":{"@id":"https:\/\/www.ull.es\/portal\/noticias\/#\/schema\/person\/b2b1a89d43ffa609e591f7df8ef3e817"},"breadcrumb":{"@id":"https:\/\/www.ull.es\/portal\/noticias\/2023\/la-ull-tercera-universidad-espanola-que-mas-contribuye-al-desarrollo-regional-segun-el-ranking-cyd\/#breadcrumb"},"inLanguage":"es","potentialAction":[{"@type":"ReadAction","target":["https:\/\/www.ull.es\/portal\/noticias\/2023\/la-ull-tercera-universidad-espanola-que-mas-contribuye-al-desarrollo-regional-segun-el-ranking-cyd\/"]}]},{"@type":"BreadcrumbList","@id":"https:\/\/www.ull.es\/portal\/noticias\/2023\/la-ull-tercera-universidad-espanola-que-mas-contribuye-al-desarrollo-regional-segun-el-ranking-cyd\/#breadcrumb","itemListElement":[{"@type":"ListItem","position":1,"name":"Portada","item":"https:\/\/www.ull.es\/portal\/noticias\/"},{"@type":"ListItem","position":2,"name":"La ULL, tercera universidad espa\u00f1ola que m\u00e1s contribuye al desarrollo regional seg\u00fan el Ranking CYD"}]},{"@type":"WebSite","@id":"https:\/\/www.ull.es\/portal\/noticias\/#website","url":"https:\/\/www.ull.es\/portal\/noticias\/","name":"ULL - Noticias","description":"","potentialAction":[{"@type":"SearchAction","target":{"@type":"EntryPoint","urlTemplate":"https:\/\/www.ull.es\/portal\/noticias\/?s={search_term_string}"},"query-input":"required name=search_term_string"}],"inLanguage":"es"},{"@type":"Person","@id":"https:\/\/www.ull.es\/portal\/noticias\/#\/schema\/person\/b2b1a89d43ffa609e591f7df8ef3e817","name":"gaprsa","image":{"@type":"ImageObject","inLanguage":"es","@id":"https:\/\/www.ull.es\/portal\/noticias\/#\/schema\/person\/image\/","url":"https:\/\/secure.gravatar.com\/avatar\/443820550921091458b4823867723b3d?s=96&d=mm&r=g","contentUrl":"https:\/\/secure.gravatar.com\/avatar\/443820550921091458b4823867723b3d?s=96&d=mm&r=g","caption":"gaprsa"},"url":"https:\/\/www.ull.es\/portal\/noticias\/author\/gaprsa\/"}]}},"primary_category":{"id":345,"name":"Destacado","slug":"destacado","link":"https:\/\/www.ull.es\/portal\/noticias\/category\/destacado\/"},"featured_image_thumbnail_url":"https:\/\/www.ull.es\/portal\/noticias\/wp-content\/uploads\/sites\/13\/2023\/05\/ranking-cyd-300x172.jpg","_links":{"self":[{"href":"https:\/\/www.ull.es\/portal\/noticias\/wp-json\/wp\/v2\/posts\/69838"}],"collection":[{"href":"https:\/\/www.ull.es\/portal\/noticias\/wp-json\/wp\/v2\/posts"}],"about":[{"href":"https:\/\/www.ull.es\/portal\/noticias\/wp-json\/wp\/v2\/types\/post"}],"author":[{"embeddable":true,"href":"https:\/\/www.ull.es\/portal\/noticias\/wp-json\/wp\/v2\/users\/23"}],"replies":[{"embeddable":true,"href":"https:\/\/www.ull.es\/portal\/noticias\/wp-json\/wp\/v2\/comments?post=69838"}],"version-history":[{"count":1,"href":"https:\/\/www.ull.es\/portal\/noticias\/wp-json\/wp\/v2\/posts\/69838\/revisions"}],"predecessor-version":[{"id":69840,"href":"https:\/\/www.ull.es\/portal\/noticias\/wp-json\/wp\/v2\/posts\/69838\/revisions\/69840"}],"wp:featuredmedia":[{"embeddable":true,"href":"https:\/\/www.ull.es\/portal\/noticias\/wp-json\/wp\/v2\/media\/69839"}],"wp:attachment":[{"href":"https:\/\/www.ull.es\/portal\/noticias\/wp-json\/wp\/v2\/media?parent=69838"}],"wp:term":[{"taxonomy":"category","embeddable":true,"href":"https:\/\/www.ull.es\/portal\/noticias\/wp-json\/wp\/v2\/categories?post=69838"},{"taxonomy":"post_tag","embeddable":true,"href":"https:\/\/www.ull.es\/portal\/noticias\/wp-json\/wp\/v2\/tags?post=69838"}],"curies":[{"name":"wp","href":"https:\/\/api.w.org\/{rel}","templated":true}]}}