{"id":69929,"date":"2023-05-26T12:48:57","date_gmt":"2023-05-26T12:48:57","guid":{"rendered":"https:\/\/www.ull.es\/portal\/noticias\/?p=69929"},"modified":"2023-07-31T09:13:04","modified_gmt":"2023-07-31T09:13:04","slug":"victor-acosta-hijo-predilecto-la-palma","status":"publish","type":"post","link":"https:\/\/www.ull.es\/portal\/noticias\/2023\/victor-acosta-hijo-predilecto-la-palma\/","title":{"rendered":"El catedr\u00e1tico de la ULL V\u00edctor Acosta fue nombrado Hijo Predilecto de La Palma"},"content":{"rendered":"<p>El Cabildo Insular de La Palma nombr\u00f3 recientemente al catedr\u00e1tico de Did\u00e1ctica y Organizaci\u00f3n Escolar de la Universidad de La Laguna <a href=\"https:\/\/portalciencia.ull.es\/investigadores\/82448\/detalle\" target=\"_blank\" rel=\"noopener\" target=\"_blank\" rel=\"noopener\">V\u00edctor Manuel Acosta Rodr\u00edguez<\/a> con el t\u00edtulo de Hijo Predilecto, en reconocimiento a su trayectoria profesional e investigadora. Convirti\u00e9ndose en un ejemplo para muchos j\u00f3venes de La Palma, as\u00ed como para el resto de las islas. Actualmente es profesor del departamento de Did\u00e1ctica e Investigaci\u00f3n Educativa y miembro fundacional del Instituto de Universitario de Neurociencia (IUNE).<\/p>\n<p>Acosta dirige el grupo de \u201cInvestigaci\u00f3n en dificultades del Lenguaje Acentejo\u201d y forma parte del \u00c1rea de Educaci\u00f3n, diversidad y dificultades de aprendizaje. Adem\u00e1s, ha conseguido para el IUNE varios proyectos de investigaci\u00f3n en las convocatorias competitivas del Ministerio de Ciencia y Tecnolog\u00eda, todos ellos vinculados a trastornos en los cuales el componente neurol\u00f3gico juega un papel importante. El \u00faltimo de ellos centrado en el retraso del lenguaje y el trastorno espec\u00edfico del lenguaje.<\/p>\n<div id=\"attachment_69931\" style=\"width: 310px\" class=\"wp-caption alignleft\"><a href=\"https:\/\/www.ull.es\/portal\/noticias\/wp-content\/uploads\/sites\/13\/2023\/05\/victor-acosta.jpg\" target=\"_blank\" rel=\"noopener\" target=\"_blank\" rel=\"noopener\"><img aria-describedby=\"caption-attachment-69931\" decoding=\"async\" loading=\"lazy\" class=\"wp-image-69931 size-medium\" src=\"https:\/\/www.ull.es\/portal\/noticias\/wp-content\/uploads\/sites\/13\/2023\/05\/victor-acosta-300x200.jpg\" alt=\"Acosta, en el centro, junto al presidente del Cabildo de La Palma, Mariano Zapata, y el resto de representantes insulares.\" width=\"300\" height=\"200\" srcset=\"https:\/\/www.ull.es\/portal\/noticias\/wp-content\/uploads\/sites\/13\/2023\/05\/victor-acosta-300x200.jpg 300w, https:\/\/www.ull.es\/portal\/noticias\/wp-content\/uploads\/sites\/13\/2023\/05\/victor-acosta-1024x683.jpg 1024w, https:\/\/www.ull.es\/portal\/noticias\/wp-content\/uploads\/sites\/13\/2023\/05\/victor-acosta-768x512.jpg 768w, https:\/\/www.ull.es\/portal\/noticias\/wp-content\/uploads\/sites\/13\/2023\/05\/victor-acosta-375x250.jpg 375w, https:\/\/www.ull.es\/portal\/noticias\/wp-content\/uploads\/sites\/13\/2023\/05\/victor-acosta-750x500.jpg 750w, https:\/\/www.ull.es\/portal\/noticias\/wp-content\/uploads\/sites\/13\/2023\/05\/victor-acosta-1140x760.jpg 1140w, https:\/\/www.ull.es\/portal\/noticias\/wp-content\/uploads\/sites\/13\/2023\/05\/victor-acosta.jpg 1200w\" sizes=\"(max-width: 300px) 100vw, 300px\" \/><\/a><p id=\"caption-attachment-69931\" class=\"wp-caption-text\">Acosta, en el centro, junto al presidente del Cabildo de La Palma, Mariano Zapata, y el resto de representantes insulares.<\/p><\/div>\n<p>Es tambi\u00e9n experto en trastornos infantiles del desarrollo como la dislexia, el trastorno por d\u00e9ficit de atenci\u00f3n e hiperactividad o los trastornos del espectro autista. Es uno de los expertos nacionales m\u00e1s capacitados en la investigaci\u00f3n del desarrollo de las habilidades ling\u00fc\u00edsticas en ni\u00f1os con d\u00e9ficits asociados al desarrollo. Por tal motivo ha sido llamado a participar en diversas comisiones nacionales para el desarrollo de programas de intervenci\u00f3n en estos trastornos.<\/p>\n<p>Su producci\u00f3n cient\u00edfica alcanza los 70 art\u00edculos publicados, 9 libros y 11 tesis dirigidas. Destaca su compromiso investigador, su \u00e9tica profesional, su talante colaborador y emp\u00e1tico en la investigaci\u00f3n con sus colegas y alumnos, as\u00ed como la vinculaci\u00f3n de sus investigaciones al \u00e1mbito territorial educativo de las Islas Canarias, como se manifiesta en la tem\u00e1tica de sus publicaciones.<\/p>\n<p>Su compromiso internacional no ha sido menos importante, destacan sus colaboraciones continuas en investigaci\u00f3n con Universidades de varios pa\u00edses iberoamericanos a los que ha visitado frecuentemente impartiendo conferencias y cursos. Adem\u00e1s, es presidente de la Asociaci\u00f3n Espa\u00f1ola de Logopedia, Foniatr\u00eda y Audiolog\u00eda e Iberoam\u00e9rica de Fonoaudiolog\u00eda, as\u00ed como miembro del Comit\u00e9 de Educaci\u00f3n de la Asociaci\u00f3n Internacional de Logopedia.<\/p>\n","protected":false},"excerpt":{"rendered":"<p>El Cabildo Insular de La Palma nombr\u00f3 recientemente al catedr\u00e1tico de Did\u00e1ctica y Organizaci\u00f3n Escolar de la Universidad de La&#8230;<\/p>\n","protected":false},"author":21,"featured_media":69930,"comment_status":"closed","ping_status":"closed","sticky":false,"template":"","format":"standard","meta":{"inline_featured_image":false,"footnotes":""},"categories":[345,348,2754,2765],"tags":[10009,10008],"acf":[],"yoast_head":"<!-- This site is optimized with the Yoast SEO plugin v21.3 - https:\/\/yoast.com\/wordpress\/plugins\/seo\/ -->\n<title>El catedr\u00e1tico V\u00edctor Acosta, nombrado Hijo Predilecto de La Palma<\/title>\n<meta name=\"description\" content=\"El catedr\u00e1tico de Did\u00e1ctica y Organizaci\u00f3n Escolar de la ULL fue distinguido a principios de mayo por la corporaci\u00f3n insular palmera.\" \/>\n<meta name=\"robots\" content=\"index, follow, max-snippet:-1, max-image-preview:large, max-video-preview:-1\" \/>\n<link rel=\"canonical\" href=\"https:\/\/www.ull.es\/portal\/noticias\/2023\/victor-acosta-hijo-predilecto-la-palma\/\" \/>\n<meta property=\"og:locale\" content=\"es_ES\" \/>\n<meta property=\"og:type\" content=\"article\" \/>\n<meta property=\"og:title\" content=\"El catedr\u00e1tico V\u00edctor Acosta, nombrado Hijo Predilecto de La Palma\" \/>\n<meta property=\"og:description\" content=\"El catedr\u00e1tico de Did\u00e1ctica y Organizaci\u00f3n Escolar de la ULL fue distinguido a principios de mayo por la corporaci\u00f3n insular palmera.\" \/>\n<meta property=\"og:url\" content=\"https:\/\/www.ull.es\/portal\/noticias\/2023\/victor-acosta-hijo-predilecto-la-palma\/\" \/>\n<meta property=\"og:site_name\" content=\"ULL - Noticias\" \/>\n<meta property=\"article:publisher\" content=\"https:\/\/www.facebook.com\/universidaddelalaguna\/\" \/>\n<meta property=\"article:published_time\" content=\"2023-05-26T12:48:57+00:00\" \/>\n<meta property=\"article:modified_time\" content=\"2023-07-31T09:13:04+00:00\" \/>\n<meta property=\"og:image\" content=\"https:\/\/www.ull.es\/portal\/noticias\/wp-content\/uploads\/sites\/13\/2023\/05\/Foto-victor-Acosta-Leccio\u0301n-Inaugural-2016.jpg\" \/>\n\t<meta property=\"og:image:width\" content=\"1034\" \/>\n\t<meta property=\"og:image:height\" content=\"708\" \/>\n\t<meta property=\"og:image:type\" content=\"image\/jpeg\" \/>\n<meta name=\"author\" content=\"prensa2\" \/>\n<meta name=\"twitter:card\" content=\"summary_large_image\" \/>\n<meta name=\"twitter:creator\" content=\"@CanalULL\" \/>\n<meta name=\"twitter:site\" content=\"@CanalULL\" \/>\n<meta name=\"twitter:label1\" content=\"Escrito por\" \/>\n\t<meta name=\"twitter:data1\" content=\"prensa2\" \/>\n\t<meta name=\"twitter:label2\" content=\"Tiempo de lectura\" \/>\n\t<meta name=\"twitter:data2\" content=\"2 minutos\" \/>\n<script type=\"application\/ld+json\" class=\"yoast-schema-graph\">{\"@context\":\"https:\/\/schema.org\",\"@graph\":[{\"@type\":\"WebPage\",\"@id\":\"https:\/\/www.ull.es\/portal\/noticias\/2023\/victor-acosta-hijo-predilecto-la-palma\/\",\"url\":\"https:\/\/www.ull.es\/portal\/noticias\/2023\/victor-acosta-hijo-predilecto-la-palma\/\",\"name\":\"El catedr\u00e1tico V\u00edctor Acosta, nombrado Hijo Predilecto de La Palma\",\"isPartOf\":{\"@id\":\"https:\/\/www.ull.es\/portal\/noticias\/#website\"},\"datePublished\":\"2023-05-26T12:48:57+00:00\",\"dateModified\":\"2023-07-31T09:13:04+00:00\",\"author\":{\"@id\":\"https:\/\/www.ull.es\/portal\/noticias\/#\/schema\/person\/c3b2aa857797592927a03740d6664376\"},\"description\":\"El catedr\u00e1tico de Did\u00e1ctica y Organizaci\u00f3n Escolar de la ULL fue distinguido a principios de mayo por la corporaci\u00f3n insular palmera.\",\"breadcrumb\":{\"@id\":\"https:\/\/www.ull.es\/portal\/noticias\/2023\/victor-acosta-hijo-predilecto-la-palma\/#breadcrumb\"},\"inLanguage\":\"es\",\"potentialAction\":[{\"@type\":\"ReadAction\",\"target\":[\"https:\/\/www.ull.es\/portal\/noticias\/2023\/victor-acosta-hijo-predilecto-la-palma\/\"]}]},{\"@type\":\"BreadcrumbList\",\"@id\":\"https:\/\/www.ull.es\/portal\/noticias\/2023\/victor-acosta-hijo-predilecto-la-palma\/#breadcrumb\",\"itemListElement\":[{\"@type\":\"ListItem\",\"position\":1,\"name\":\"Portada\",\"item\":\"https:\/\/www.ull.es\/portal\/noticias\/\"},{\"@type\":\"ListItem\",\"position\":2,\"name\":\"El catedr\u00e1tico de la ULL V\u00edctor Acosta fue nombrado Hijo Predilecto de La Palma\"}]},{\"@type\":\"WebSite\",\"@id\":\"https:\/\/www.ull.es\/portal\/noticias\/#website\",\"url\":\"https:\/\/www.ull.es\/portal\/noticias\/\",\"name\":\"ULL - Noticias\",\"description\":\"\",\"potentialAction\":[{\"@type\":\"SearchAction\",\"target\":{\"@type\":\"EntryPoint\",\"urlTemplate\":\"https:\/\/www.ull.es\/portal\/noticias\/?s={search_term_string}\"},\"query-input\":\"required name=search_term_string\"}],\"inLanguage\":\"es\"},{\"@type\":\"Person\",\"@id\":\"https:\/\/www.ull.es\/portal\/noticias\/#\/schema\/person\/c3b2aa857797592927a03740d6664376\",\"name\":\"prensa2\",\"image\":{\"@type\":\"ImageObject\",\"inLanguage\":\"es\",\"@id\":\"https:\/\/www.ull.es\/portal\/noticias\/#\/schema\/person\/image\/\",\"url\":\"https:\/\/secure.gravatar.com\/avatar\/b58f310a5de5feb33d1e026d2493f23c?s=96&d=mm&r=g\",\"contentUrl\":\"https:\/\/secure.gravatar.com\/avatar\/b58f310a5de5feb33d1e026d2493f23c?s=96&d=mm&r=g\",\"caption\":\"prensa2\"},\"url\":\"https:\/\/www.ull.es\/portal\/noticias\/author\/prensa2\/\"}]}<\/script>\n<!-- \/ Yoast SEO plugin. -->","yoast_head_json":{"title":"El catedr\u00e1tico V\u00edctor Acosta, nombrado Hijo Predilecto de La Palma","description":"El catedr\u00e1tico de Did\u00e1ctica y Organizaci\u00f3n Escolar de la ULL fue distinguido a principios de mayo por la corporaci\u00f3n insular palmera.","robots":{"index":"index","follow":"follow","max-snippet":"max-snippet:-1","max-image-preview":"max-image-preview:large","max-video-preview":"max-video-preview:-1"},"canonical":"https:\/\/www.ull.es\/portal\/noticias\/2023\/victor-acosta-hijo-predilecto-la-palma\/","og_locale":"es_ES","og_type":"article","og_title":"El catedr\u00e1tico V\u00edctor Acosta, nombrado Hijo Predilecto de La Palma","og_description":"El catedr\u00e1tico de Did\u00e1ctica y Organizaci\u00f3n Escolar de la ULL fue distinguido a principios de mayo por la corporaci\u00f3n insular palmera.","og_url":"https:\/\/www.ull.es\/portal\/noticias\/2023\/victor-acosta-hijo-predilecto-la-palma\/","og_site_name":"ULL - Noticias","article_publisher":"https:\/\/www.facebook.com\/universidaddelalaguna\/","article_published_time":"2023-05-26T12:48:57+00:00","article_modified_time":"2023-07-31T09:13:04+00:00","og_image":[{"width":1034,"height":708,"url":"https:\/\/www.ull.es\/portal\/noticias\/wp-content\/uploads\/sites\/13\/2023\/05\/Foto-victor-Acosta-Leccio\u0301n-Inaugural-2016.jpg","type":"image\/jpeg"}],"author":"prensa2","twitter_card":"summary_large_image","twitter_creator":"@CanalULL","twitter_site":"@CanalULL","twitter_misc":{"Escrito por":"prensa2","Tiempo de lectura":"2 minutos"},"schema":{"@context":"https:\/\/schema.org","@graph":[{"@type":"WebPage","@id":"https:\/\/www.ull.es\/portal\/noticias\/2023\/victor-acosta-hijo-predilecto-la-palma\/","url":"https:\/\/www.ull.es\/portal\/noticias\/2023\/victor-acosta-hijo-predilecto-la-palma\/","name":"El catedr\u00e1tico V\u00edctor Acosta, nombrado Hijo Predilecto de La Palma","isPartOf":{"@id":"https:\/\/www.ull.es\/portal\/noticias\/#website"},"datePublished":"2023-05-26T12:48:57+00:00","dateModified":"2023-07-31T09:13:04+00:00","author":{"@id":"https:\/\/www.ull.es\/portal\/noticias\/#\/schema\/person\/c3b2aa857797592927a03740d6664376"},"description":"El catedr\u00e1tico de Did\u00e1ctica y Organizaci\u00f3n Escolar de la ULL fue distinguido a principios de mayo por la corporaci\u00f3n insular palmera.","breadcrumb":{"@id":"https:\/\/www.ull.es\/portal\/noticias\/2023\/victor-acosta-hijo-predilecto-la-palma\/#breadcrumb"},"inLanguage":"es","potentialAction":[{"@type":"ReadAction","target":["https:\/\/www.ull.es\/portal\/noticias\/2023\/victor-acosta-hijo-predilecto-la-palma\/"]}]},{"@type":"BreadcrumbList","@id":"https:\/\/www.ull.es\/portal\/noticias\/2023\/victor-acosta-hijo-predilecto-la-palma\/#breadcrumb","itemListElement":[{"@type":"ListItem","position":1,"name":"Portada","item":"https:\/\/www.ull.es\/portal\/noticias\/"},{"@type":"ListItem","position":2,"name":"El catedr\u00e1tico de la ULL V\u00edctor Acosta fue nombrado Hijo Predilecto de La Palma"}]},{"@type":"WebSite","@id":"https:\/\/www.ull.es\/portal\/noticias\/#website","url":"https:\/\/www.ull.es\/portal\/noticias\/","name":"ULL - Noticias","description":"","potentialAction":[{"@type":"SearchAction","target":{"@type":"EntryPoint","urlTemplate":"https:\/\/www.ull.es\/portal\/noticias\/?s={search_term_string}"},"query-input":"required name=search_term_string"}],"inLanguage":"es"},{"@type":"Person","@id":"https:\/\/www.ull.es\/portal\/noticias\/#\/schema\/person\/c3b2aa857797592927a03740d6664376","name":"prensa2","image":{"@type":"ImageObject","inLanguage":"es","@id":"https:\/\/www.ull.es\/portal\/noticias\/#\/schema\/person\/image\/","url":"https:\/\/secure.gravatar.com\/avatar\/b58f310a5de5feb33d1e026d2493f23c?s=96&d=mm&r=g","contentUrl":"https:\/\/secure.gravatar.com\/avatar\/b58f310a5de5feb33d1e026d2493f23c?s=96&d=mm&r=g","caption":"prensa2"},"url":"https:\/\/www.ull.es\/portal\/noticias\/author\/prensa2\/"}]}},"primary_category":{"id":345,"name":"Destacado","slug":"destacado","link":"https:\/\/www.ull.es\/portal\/noticias\/category\/destacado\/"},"featured_image_thumbnail_url":"https:\/\/www.ull.es\/portal\/noticias\/wp-content\/uploads\/sites\/13\/2023\/05\/Foto-victor-Acosta-Leccio\u0301n-Inaugural-2016-300x205.jpg","_links":{"self":[{"href":"https:\/\/www.ull.es\/portal\/noticias\/wp-json\/wp\/v2\/posts\/69929"}],"collection":[{"href":"https:\/\/www.ull.es\/portal\/noticias\/wp-json\/wp\/v2\/posts"}],"about":[{"href":"https:\/\/www.ull.es\/portal\/noticias\/wp-json\/wp\/v2\/types\/post"}],"author":[{"embeddable":true,"href":"https:\/\/www.ull.es\/portal\/noticias\/wp-json\/wp\/v2\/users\/21"}],"replies":[{"embeddable":true,"href":"https:\/\/www.ull.es\/portal\/noticias\/wp-json\/wp\/v2\/comments?post=69929"}],"version-history":[{"count":1,"href":"https:\/\/www.ull.es\/portal\/noticias\/wp-json\/wp\/v2\/posts\/69929\/revisions"}],"predecessor-version":[{"id":69932,"href":"https:\/\/www.ull.es\/portal\/noticias\/wp-json\/wp\/v2\/posts\/69929\/revisions\/69932"}],"wp:featuredmedia":[{"embeddable":true,"href":"https:\/\/www.ull.es\/portal\/noticias\/wp-json\/wp\/v2\/media\/69930"}],"wp:attachment":[{"href":"https:\/\/www.ull.es\/portal\/noticias\/wp-json\/wp\/v2\/media?parent=69929"}],"wp:term":[{"taxonomy":"category","embeddable":true,"href":"https:\/\/www.ull.es\/portal\/noticias\/wp-json\/wp\/v2\/categories?post=69929"},{"taxonomy":"post_tag","embeddable":true,"href":"https:\/\/www.ull.es\/portal\/noticias\/wp-json\/wp\/v2\/tags?post=69929"}],"curies":[{"name":"wp","href":"https:\/\/api.w.org\/{rel}","templated":true}]}}