{"id":70026,"date":"2023-06-01T08:45:14","date_gmt":"2023-06-01T08:45:14","guid":{"rendered":"https:\/\/www.ull.es\/portal\/noticias\/?p=70026"},"modified":"2023-06-01T08:46:31","modified_gmt":"2023-06-01T08:46:31","slug":"la-universidad-de-la-laguna-refuerza-su-programa-de-intercambio-con-universidades-italianas","status":"publish","type":"post","link":"https:\/\/www.ull.es\/portal\/noticias\/2023\/la-universidad-de-la-laguna-refuerza-su-programa-de-intercambio-con-universidades-italianas\/","title":{"rendered":"La Universidad de La Laguna refuerza su programa de intercambio con universidades italianas"},"content":{"rendered":"<p>El Vicerrectorado de Internacionalizaci\u00f3n y Cooperaci\u00f3n de la Universidad de La Laguna ha celebrado recientemente un encuentro entre el alumnado del Erasmus+ que realizar\u00e1 una estancia durante el pr\u00f3ximo curso acad\u00e9mico 2023\/24 en Italia y la profesora Lorenza Da Re, de la <a href=\"https:\/\/www.unipd.it\/\" target=\"_blank\" rel=\"noopener\">Universit\u00e0 Degli Studi di Padova<\/a>, con el prop\u00f3sito de explicar c\u00f3mo funciona el sistema universitario en Italia y qu\u00e9 aspectos ser\u00edan necesarios tener presente para desarrollar su estancia de estudios all\u00ed.<\/p>\n<div id=\"attachment_70028\" style=\"width: 310px\" class=\"wp-caption alignleft\"><img aria-describedby=\"caption-attachment-70028\" decoding=\"async\" loading=\"lazy\" class=\"size-medium wp-image-70028\" src=\"https:\/\/www.ull.es\/portal\/noticias\/wp-content\/uploads\/sites\/13\/2023\/06\/encuentro-profesora-italiana-300x262.jpg\" alt=\"\" width=\"300\" height=\"262\" srcset=\"https:\/\/www.ull.es\/portal\/noticias\/wp-content\/uploads\/sites\/13\/2023\/06\/encuentro-profesora-italiana-300x262.jpg 300w, https:\/\/www.ull.es\/portal\/noticias\/wp-content\/uploads\/sites\/13\/2023\/06\/encuentro-profesora-italiana-1024x894.jpg 1024w, https:\/\/www.ull.es\/portal\/noticias\/wp-content\/uploads\/sites\/13\/2023\/06\/encuentro-profesora-italiana-768x671.jpg 768w, https:\/\/www.ull.es\/portal\/noticias\/wp-content\/uploads\/sites\/13\/2023\/06\/encuentro-profesora-italiana-375x328.jpg 375w, https:\/\/www.ull.es\/portal\/noticias\/wp-content\/uploads\/sites\/13\/2023\/06\/encuentro-profesora-italiana-750x655.jpg 750w, https:\/\/www.ull.es\/portal\/noticias\/wp-content\/uploads\/sites\/13\/2023\/06\/encuentro-profesora-italiana-1140x996.jpg 1140w, https:\/\/www.ull.es\/portal\/noticias\/wp-content\/uploads\/sites\/13\/2023\/06\/encuentro-profesora-italiana.jpg 1200w\" sizes=\"(max-width: 300px) 100vw, 300px\" \/><p id=\"caption-attachment-70028\" class=\"wp-caption-text\">Jos\u00e9 Sigut, Lorenza Da Re y Mariano Gonz\u00e1lez. Imagen cedida.<\/p><\/div>\n<p>Dicho encuentro cont\u00f3 con el apoyo de Jos\u00e9 Sigut, director de Movilidad y Cooperaci\u00f3n con Europa y Estados Unidos, y Mariano Gonz\u00e1lez, profesor en el Departamento de Historia y Filosof\u00eda de la Ciencias, la Educaci\u00f3n y el Lenguaje, quien mantiene fruct\u00edferas relaciones con la Universidad de Padua.<\/p>\n<p>Es importante destacar el inter\u00e9s despertado en el alumnado por la profesora italiana, que realiza en estos momentos una estancia de investigaci\u00f3n en la Universidad de La Laguna, as\u00ed como el espacio compartido entre los Erasmus asistentes que han coincidido en elegir a las universidades italianas como punto de destino para mejorar su formaci\u00f3n internacional.<\/p>\n","protected":false},"excerpt":{"rendered":"<p>El Vicerrectorado de Internacionalizaci\u00f3n y Cooperaci\u00f3n de la Universidad de La Laguna ha celebrado recientemente un encuentro entre el alumnado&#8230;<\/p>\n","protected":false},"author":23,"featured_media":70029,"comment_status":"closed","ping_status":"closed","sticky":false,"template":"","format":"standard","meta":{"inline_featured_image":false,"footnotes":""},"categories":[345,349,2765],"tags":[1149,10025],"acf":[],"yoast_head":"<!-- This site is optimized with the Yoast SEO plugin v21.3 - https:\/\/yoast.com\/wordpress\/plugins\/seo\/ -->\n<title>La Universidad de La Laguna refuerza su programa de intercambio con universidades italianas - ULL - Noticias<\/title>\n<meta name=\"robots\" content=\"index, follow, max-snippet:-1, max-image-preview:large, max-video-preview:-1\" \/>\n<link rel=\"canonical\" href=\"https:\/\/www.ull.es\/portal\/noticias\/2023\/la-universidad-de-la-laguna-refuerza-su-programa-de-intercambio-con-universidades-italianas\/\" \/>\n<meta property=\"og:locale\" content=\"es_ES\" \/>\n<meta property=\"og:type\" content=\"article\" \/>\n<meta property=\"og:title\" content=\"La Universidad de La Laguna refuerza su programa de intercambio con universidades italianas - ULL - Noticias\" \/>\n<meta property=\"og:description\" content=\"El Vicerrectorado de Internacionalizaci\u00f3n y Cooperaci\u00f3n de la Universidad de La Laguna ha celebrado recientemente un encuentro entre el alumnado...\" \/>\n<meta property=\"og:url\" content=\"https:\/\/www.ull.es\/portal\/noticias\/2023\/la-universidad-de-la-laguna-refuerza-su-programa-de-intercambio-con-universidades-italianas\/\" \/>\n<meta property=\"og:site_name\" content=\"ULL - Noticias\" \/>\n<meta property=\"article:publisher\" content=\"https:\/\/www.facebook.com\/universidaddelalaguna\/\" \/>\n<meta property=\"article:published_time\" content=\"2023-06-01T08:45:14+00:00\" \/>\n<meta property=\"article:modified_time\" content=\"2023-06-01T08:46:31+00:00\" \/>\n<meta property=\"og:image\" content=\"https:\/\/www.ull.es\/portal\/noticias\/wp-content\/uploads\/sites\/13\/2023\/06\/eramus-italia.jpg\" \/>\n\t<meta property=\"og:image:width\" content=\"1600\" \/>\n\t<meta property=\"og:image:height\" content=\"1200\" \/>\n\t<meta property=\"og:image:type\" content=\"image\/jpeg\" \/>\n<meta name=\"author\" content=\"gaprsa\" \/>\n<meta name=\"twitter:card\" content=\"summary_large_image\" \/>\n<meta name=\"twitter:creator\" content=\"@CanalULL\" \/>\n<meta name=\"twitter:site\" content=\"@CanalULL\" \/>\n<meta name=\"twitter:label1\" content=\"Escrito por\" \/>\n\t<meta name=\"twitter:data1\" content=\"gaprsa\" \/>\n\t<meta name=\"twitter:label2\" content=\"Tiempo de lectura\" \/>\n\t<meta name=\"twitter:data2\" content=\"2 minutos\" \/>\n<script type=\"application\/ld+json\" class=\"yoast-schema-graph\">{\"@context\":\"https:\/\/schema.org\",\"@graph\":[{\"@type\":\"WebPage\",\"@id\":\"https:\/\/www.ull.es\/portal\/noticias\/2023\/la-universidad-de-la-laguna-refuerza-su-programa-de-intercambio-con-universidades-italianas\/\",\"url\":\"https:\/\/www.ull.es\/portal\/noticias\/2023\/la-universidad-de-la-laguna-refuerza-su-programa-de-intercambio-con-universidades-italianas\/\",\"name\":\"La Universidad de La Laguna refuerza su programa de intercambio con universidades italianas - ULL - Noticias\",\"isPartOf\":{\"@id\":\"https:\/\/www.ull.es\/portal\/noticias\/#website\"},\"datePublished\":\"2023-06-01T08:45:14+00:00\",\"dateModified\":\"2023-06-01T08:46:31+00:00\",\"author\":{\"@id\":\"https:\/\/www.ull.es\/portal\/noticias\/#\/schema\/person\/b2b1a89d43ffa609e591f7df8ef3e817\"},\"breadcrumb\":{\"@id\":\"https:\/\/www.ull.es\/portal\/noticias\/2023\/la-universidad-de-la-laguna-refuerza-su-programa-de-intercambio-con-universidades-italianas\/#breadcrumb\"},\"inLanguage\":\"es\",\"potentialAction\":[{\"@type\":\"ReadAction\",\"target\":[\"https:\/\/www.ull.es\/portal\/noticias\/2023\/la-universidad-de-la-laguna-refuerza-su-programa-de-intercambio-con-universidades-italianas\/\"]}]},{\"@type\":\"BreadcrumbList\",\"@id\":\"https:\/\/www.ull.es\/portal\/noticias\/2023\/la-universidad-de-la-laguna-refuerza-su-programa-de-intercambio-con-universidades-italianas\/#breadcrumb\",\"itemListElement\":[{\"@type\":\"ListItem\",\"position\":1,\"name\":\"Portada\",\"item\":\"https:\/\/www.ull.es\/portal\/noticias\/\"},{\"@type\":\"ListItem\",\"position\":2,\"name\":\"La Universidad de La Laguna refuerza su programa de intercambio con universidades italianas\"}]},{\"@type\":\"WebSite\",\"@id\":\"https:\/\/www.ull.es\/portal\/noticias\/#website\",\"url\":\"https:\/\/www.ull.es\/portal\/noticias\/\",\"name\":\"ULL - Noticias\",\"description\":\"\",\"potentialAction\":[{\"@type\":\"SearchAction\",\"target\":{\"@type\":\"EntryPoint\",\"urlTemplate\":\"https:\/\/www.ull.es\/portal\/noticias\/?s={search_term_string}\"},\"query-input\":\"required name=search_term_string\"}],\"inLanguage\":\"es\"},{\"@type\":\"Person\",\"@id\":\"https:\/\/www.ull.es\/portal\/noticias\/#\/schema\/person\/b2b1a89d43ffa609e591f7df8ef3e817\",\"name\":\"gaprsa\",\"image\":{\"@type\":\"ImageObject\",\"inLanguage\":\"es\",\"@id\":\"https:\/\/www.ull.es\/portal\/noticias\/#\/schema\/person\/image\/\",\"url\":\"https:\/\/secure.gravatar.com\/avatar\/443820550921091458b4823867723b3d?s=96&d=mm&r=g\",\"contentUrl\":\"https:\/\/secure.gravatar.com\/avatar\/443820550921091458b4823867723b3d?s=96&d=mm&r=g\",\"caption\":\"gaprsa\"},\"url\":\"https:\/\/www.ull.es\/portal\/noticias\/author\/gaprsa\/\"}]}<\/script>\n<!-- \/ Yoast SEO plugin. -->","yoast_head_json":{"title":"La Universidad de La Laguna refuerza su programa de intercambio con universidades italianas - ULL - Noticias","robots":{"index":"index","follow":"follow","max-snippet":"max-snippet:-1","max-image-preview":"max-image-preview:large","max-video-preview":"max-video-preview:-1"},"canonical":"https:\/\/www.ull.es\/portal\/noticias\/2023\/la-universidad-de-la-laguna-refuerza-su-programa-de-intercambio-con-universidades-italianas\/","og_locale":"es_ES","og_type":"article","og_title":"La Universidad de La Laguna refuerza su programa de intercambio con universidades italianas - ULL - Noticias","og_description":"El Vicerrectorado de Internacionalizaci\u00f3n y Cooperaci\u00f3n de la Universidad de La Laguna ha celebrado recientemente un encuentro entre el alumnado...","og_url":"https:\/\/www.ull.es\/portal\/noticias\/2023\/la-universidad-de-la-laguna-refuerza-su-programa-de-intercambio-con-universidades-italianas\/","og_site_name":"ULL - Noticias","article_publisher":"https:\/\/www.facebook.com\/universidaddelalaguna\/","article_published_time":"2023-06-01T08:45:14+00:00","article_modified_time":"2023-06-01T08:46:31+00:00","og_image":[{"width":1600,"height":1200,"url":"https:\/\/www.ull.es\/portal\/noticias\/wp-content\/uploads\/sites\/13\/2023\/06\/eramus-italia.jpg","type":"image\/jpeg"}],"author":"gaprsa","twitter_card":"summary_large_image","twitter_creator":"@CanalULL","twitter_site":"@CanalULL","twitter_misc":{"Escrito por":"gaprsa","Tiempo de lectura":"2 minutos"},"schema":{"@context":"https:\/\/schema.org","@graph":[{"@type":"WebPage","@id":"https:\/\/www.ull.es\/portal\/noticias\/2023\/la-universidad-de-la-laguna-refuerza-su-programa-de-intercambio-con-universidades-italianas\/","url":"https:\/\/www.ull.es\/portal\/noticias\/2023\/la-universidad-de-la-laguna-refuerza-su-programa-de-intercambio-con-universidades-italianas\/","name":"La Universidad de La Laguna refuerza su programa de intercambio con universidades italianas - ULL - Noticias","isPartOf":{"@id":"https:\/\/www.ull.es\/portal\/noticias\/#website"},"datePublished":"2023-06-01T08:45:14+00:00","dateModified":"2023-06-01T08:46:31+00:00","author":{"@id":"https:\/\/www.ull.es\/portal\/noticias\/#\/schema\/person\/b2b1a89d43ffa609e591f7df8ef3e817"},"breadcrumb":{"@id":"https:\/\/www.ull.es\/portal\/noticias\/2023\/la-universidad-de-la-laguna-refuerza-su-programa-de-intercambio-con-universidades-italianas\/#breadcrumb"},"inLanguage":"es","potentialAction":[{"@type":"ReadAction","target":["https:\/\/www.ull.es\/portal\/noticias\/2023\/la-universidad-de-la-laguna-refuerza-su-programa-de-intercambio-con-universidades-italianas\/"]}]},{"@type":"BreadcrumbList","@id":"https:\/\/www.ull.es\/portal\/noticias\/2023\/la-universidad-de-la-laguna-refuerza-su-programa-de-intercambio-con-universidades-italianas\/#breadcrumb","itemListElement":[{"@type":"ListItem","position":1,"name":"Portada","item":"https:\/\/www.ull.es\/portal\/noticias\/"},{"@type":"ListItem","position":2,"name":"La Universidad de La Laguna refuerza su programa de intercambio con universidades italianas"}]},{"@type":"WebSite","@id":"https:\/\/www.ull.es\/portal\/noticias\/#website","url":"https:\/\/www.ull.es\/portal\/noticias\/","name":"ULL - Noticias","description":"","potentialAction":[{"@type":"SearchAction","target":{"@type":"EntryPoint","urlTemplate":"https:\/\/www.ull.es\/portal\/noticias\/?s={search_term_string}"},"query-input":"required name=search_term_string"}],"inLanguage":"es"},{"@type":"Person","@id":"https:\/\/www.ull.es\/portal\/noticias\/#\/schema\/person\/b2b1a89d43ffa609e591f7df8ef3e817","name":"gaprsa","image":{"@type":"ImageObject","inLanguage":"es","@id":"https:\/\/www.ull.es\/portal\/noticias\/#\/schema\/person\/image\/","url":"https:\/\/secure.gravatar.com\/avatar\/443820550921091458b4823867723b3d?s=96&d=mm&r=g","contentUrl":"https:\/\/secure.gravatar.com\/avatar\/443820550921091458b4823867723b3d?s=96&d=mm&r=g","caption":"gaprsa"},"url":"https:\/\/www.ull.es\/portal\/noticias\/author\/gaprsa\/"}]}},"primary_category":{"id":345,"name":"Destacado","slug":"destacado","link":"https:\/\/www.ull.es\/portal\/noticias\/category\/destacado\/"},"featured_image_thumbnail_url":"https:\/\/www.ull.es\/portal\/noticias\/wp-content\/uploads\/sites\/13\/2023\/06\/eramus-italia-300x225.jpg","_links":{"self":[{"href":"https:\/\/www.ull.es\/portal\/noticias\/wp-json\/wp\/v2\/posts\/70026"}],"collection":[{"href":"https:\/\/www.ull.es\/portal\/noticias\/wp-json\/wp\/v2\/posts"}],"about":[{"href":"https:\/\/www.ull.es\/portal\/noticias\/wp-json\/wp\/v2\/types\/post"}],"author":[{"embeddable":true,"href":"https:\/\/www.ull.es\/portal\/noticias\/wp-json\/wp\/v2\/users\/23"}],"replies":[{"embeddable":true,"href":"https:\/\/www.ull.es\/portal\/noticias\/wp-json\/wp\/v2\/comments?post=70026"}],"version-history":[{"count":3,"href":"https:\/\/www.ull.es\/portal\/noticias\/wp-json\/wp\/v2\/posts\/70026\/revisions"}],"predecessor-version":[{"id":70031,"href":"https:\/\/www.ull.es\/portal\/noticias\/wp-json\/wp\/v2\/posts\/70026\/revisions\/70031"}],"wp:featuredmedia":[{"embeddable":true,"href":"https:\/\/www.ull.es\/portal\/noticias\/wp-json\/wp\/v2\/media\/70029"}],"wp:attachment":[{"href":"https:\/\/www.ull.es\/portal\/noticias\/wp-json\/wp\/v2\/media?parent=70026"}],"wp:term":[{"taxonomy":"category","embeddable":true,"href":"https:\/\/www.ull.es\/portal\/noticias\/wp-json\/wp\/v2\/categories?post=70026"},{"taxonomy":"post_tag","embeddable":true,"href":"https:\/\/www.ull.es\/portal\/noticias\/wp-json\/wp\/v2\/tags?post=70026"}],"curies":[{"name":"wp","href":"https:\/\/api.w.org\/{rel}","templated":true}]}}