{"id":70068,"date":"2023-06-02T12:33:38","date_gmt":"2023-06-02T12:33:38","guid":{"rendered":"https:\/\/www.ull.es\/portal\/noticias\/?p=70068"},"modified":"2023-06-02T12:33:38","modified_gmt":"2023-06-02T12:33:38","slug":"el-instituto-universitario-de-biorganica-antonio-gonzalez-celebra-su-sexagesimo-aniversario","status":"publish","type":"post","link":"https:\/\/www.ull.es\/portal\/noticias\/2023\/el-instituto-universitario-de-biorganica-antonio-gonzalez-celebra-su-sexagesimo-aniversario\/","title":{"rendered":"El Instituto Universitario de Biorg\u00e1nica Antonio Gonz\u00e1lez celebra su sexag\u00e9simo aniversario"},"content":{"rendered":"<p>El <a href=\"https:\/\/www.ull.es\/institutos\/instituto-universitario-bio-organica\/\" target=\"_blank\" rel=\"noopener\">Instituto Universitario de Biorg\u00e1nica Antonio Gonz\u00e1lez<\/a> (IUBO), adscrito a la Universidad de La Laguna, celebrar\u00e1 el lunes 5 de junio su sexag\u00e9simo aniversario, con un acto que dar\u00e1 inicio a las 11 horas en las instalaciones del centro, y que servir\u00e1 para presentar la actividad que desarrollan los ocho laboratorios que componen en la actualidad su estructura cient\u00edfica.<\/p>\n<p>El evento estar\u00e1 presidido por el rector, Francisco Garc\u00eda; el director del centro investigador, V\u00edctor Sotero Mart\u00edn, y el vicerrector de Investigaci\u00f3n y Transferencia, Antonio Aparicio.<\/p>\n<p>El IUBO es un centro multidisciplinar orientado en sus inicios a la investigaci\u00f3n de productos naturales bioactivos. Fundado en 1963, hoy desarrolla su investigaci\u00f3n en torno a diferentes \u00e1reas como qu\u00edmica org\u00e1nica, biomedicina, biotecnolog\u00eda, nanomateriales, paleoambiental y arqueol\u00f3gica.<\/p>\n<p>Algunas de sus l\u00edneas de investigaci\u00f3n son los productos naturales bioactivos, el desarrollo de biopesticidas, los cultivos de microorganismos, el dise\u00f1o y s\u00edntesis de mol\u00e9culas moduladoras de dianas terap\u00e9uticas, las nuevas estrategias sint\u00e9ticas, el desarrollo de nuevos materiales nanoestructurados y multifuncionales y la caracterizaci\u00f3n de biomarcadores en contextos arqueol\u00f3gicos.<\/p>\n<p>El instituto investigador tiene adem\u00e1s una gran trayectoria como centro de formaci\u00f3n y especializaci\u00f3n de doctorandos iberoamericanos. Y desde sus inicios ha sido adem\u00e1s un claro polo de atracci\u00f3n como vivero para la creaci\u00f3n de empresas de base tecnol\u00f3gica, colaborando con el sector productivo y favoreciendo la transferencia tecnol\u00f3gica.<\/p>\n<p>El programa completo de este evento puede conocerse en este <a href=\"https:\/\/www.ull.es\/portal\/agenda\/evento\/60-aniversario-de-la-fundacion-del-instituto-universitario-de-bio-organica-antonio-gonzalez\/\" target=\"_blank\" rel=\"noopener\">enlace<\/a>.<\/p>\n","protected":false},"excerpt":{"rendered":"<p>El Instituto Universitario de Biorg\u00e1nica Antonio Gonz\u00e1lez (IUBO), adscrito a la Universidad de La Laguna, celebrar\u00e1 el lunes 5 de&#8230;<\/p>\n","protected":false},"author":23,"featured_media":70070,"comment_status":"closed","ping_status":"closed","sticky":false,"template":"","format":"standard","meta":{"inline_featured_image":false,"footnotes":""},"categories":[345,348,350,2765],"tags":[10030,1558],"acf":[],"yoast_head":"<!-- This site is optimized with the Yoast SEO plugin v21.3 - https:\/\/yoast.com\/wordpress\/plugins\/seo\/ -->\n<title>El Instituto Universitario de Biorg\u00e1nica Antonio Gonz\u00e1lez celebra su sexag\u00e9simo aniversario - ULL - Noticias<\/title>\n<meta name=\"robots\" content=\"index, follow, max-snippet:-1, max-image-preview:large, max-video-preview:-1\" \/>\n<link rel=\"canonical\" href=\"https:\/\/www.ull.es\/portal\/noticias\/2023\/el-instituto-universitario-de-biorganica-antonio-gonzalez-celebra-su-sexagesimo-aniversario\/\" \/>\n<meta property=\"og:locale\" content=\"es_ES\" \/>\n<meta property=\"og:type\" content=\"article\" \/>\n<meta property=\"og:title\" content=\"El Instituto Universitario de Biorg\u00e1nica Antonio Gonz\u00e1lez celebra su sexag\u00e9simo aniversario - ULL - Noticias\" \/>\n<meta property=\"og:description\" content=\"El Instituto Universitario de Biorg\u00e1nica Antonio Gonz\u00e1lez (IUBO), adscrito a la Universidad de La Laguna, celebrar\u00e1 el lunes 5 de...\" \/>\n<meta property=\"og:url\" content=\"https:\/\/www.ull.es\/portal\/noticias\/2023\/el-instituto-universitario-de-biorganica-antonio-gonzalez-celebra-su-sexagesimo-aniversario\/\" \/>\n<meta property=\"og:site_name\" content=\"ULL - Noticias\" \/>\n<meta property=\"article:publisher\" content=\"https:\/\/www.facebook.com\/universidaddelalaguna\/\" \/>\n<meta property=\"article:published_time\" content=\"2023-06-02T12:33:38+00:00\" \/>\n<meta property=\"og:image\" content=\"https:\/\/www.ull.es\/portal\/noticias\/wp-content\/uploads\/sites\/13\/2023\/06\/aniversario-instituto-biorganica-antonio-gonzalez.png\" \/>\n\t<meta property=\"og:image:width\" content=\"750\" \/>\n\t<meta property=\"og:image:height\" content=\"370\" \/>\n\t<meta property=\"og:image:type\" content=\"image\/png\" \/>\n<meta name=\"author\" content=\"gaprsa\" \/>\n<meta name=\"twitter:card\" content=\"summary_large_image\" \/>\n<meta name=\"twitter:creator\" content=\"@CanalULL\" \/>\n<meta name=\"twitter:site\" content=\"@CanalULL\" \/>\n<meta name=\"twitter:label1\" content=\"Escrito por\" \/>\n\t<meta name=\"twitter:data1\" content=\"gaprsa\" \/>\n\t<meta name=\"twitter:label2\" content=\"Tiempo de lectura\" \/>\n\t<meta name=\"twitter:data2\" content=\"2 minutos\" \/>\n<script type=\"application\/ld+json\" class=\"yoast-schema-graph\">{\"@context\":\"https:\/\/schema.org\",\"@graph\":[{\"@type\":\"WebPage\",\"@id\":\"https:\/\/www.ull.es\/portal\/noticias\/2023\/el-instituto-universitario-de-biorganica-antonio-gonzalez-celebra-su-sexagesimo-aniversario\/\",\"url\":\"https:\/\/www.ull.es\/portal\/noticias\/2023\/el-instituto-universitario-de-biorganica-antonio-gonzalez-celebra-su-sexagesimo-aniversario\/\",\"name\":\"El Instituto Universitario de Biorg\u00e1nica Antonio Gonz\u00e1lez celebra su sexag\u00e9simo aniversario - ULL - Noticias\",\"isPartOf\":{\"@id\":\"https:\/\/www.ull.es\/portal\/noticias\/#website\"},\"datePublished\":\"2023-06-02T12:33:38+00:00\",\"dateModified\":\"2023-06-02T12:33:38+00:00\",\"author\":{\"@id\":\"https:\/\/www.ull.es\/portal\/noticias\/#\/schema\/person\/b2b1a89d43ffa609e591f7df8ef3e817\"},\"breadcrumb\":{\"@id\":\"https:\/\/www.ull.es\/portal\/noticias\/2023\/el-instituto-universitario-de-biorganica-antonio-gonzalez-celebra-su-sexagesimo-aniversario\/#breadcrumb\"},\"inLanguage\":\"es\",\"potentialAction\":[{\"@type\":\"ReadAction\",\"target\":[\"https:\/\/www.ull.es\/portal\/noticias\/2023\/el-instituto-universitario-de-biorganica-antonio-gonzalez-celebra-su-sexagesimo-aniversario\/\"]}]},{\"@type\":\"BreadcrumbList\",\"@id\":\"https:\/\/www.ull.es\/portal\/noticias\/2023\/el-instituto-universitario-de-biorganica-antonio-gonzalez-celebra-su-sexagesimo-aniversario\/#breadcrumb\",\"itemListElement\":[{\"@type\":\"ListItem\",\"position\":1,\"name\":\"Portada\",\"item\":\"https:\/\/www.ull.es\/portal\/noticias\/\"},{\"@type\":\"ListItem\",\"position\":2,\"name\":\"El Instituto Universitario de Biorg\u00e1nica Antonio Gonz\u00e1lez celebra su sexag\u00e9simo aniversario\"}]},{\"@type\":\"WebSite\",\"@id\":\"https:\/\/www.ull.es\/portal\/noticias\/#website\",\"url\":\"https:\/\/www.ull.es\/portal\/noticias\/\",\"name\":\"ULL - Noticias\",\"description\":\"\",\"potentialAction\":[{\"@type\":\"SearchAction\",\"target\":{\"@type\":\"EntryPoint\",\"urlTemplate\":\"https:\/\/www.ull.es\/portal\/noticias\/?s={search_term_string}\"},\"query-input\":\"required name=search_term_string\"}],\"inLanguage\":\"es\"},{\"@type\":\"Person\",\"@id\":\"https:\/\/www.ull.es\/portal\/noticias\/#\/schema\/person\/b2b1a89d43ffa609e591f7df8ef3e817\",\"name\":\"gaprsa\",\"image\":{\"@type\":\"ImageObject\",\"inLanguage\":\"es\",\"@id\":\"https:\/\/www.ull.es\/portal\/noticias\/#\/schema\/person\/image\/\",\"url\":\"https:\/\/secure.gravatar.com\/avatar\/443820550921091458b4823867723b3d?s=96&d=mm&r=g\",\"contentUrl\":\"https:\/\/secure.gravatar.com\/avatar\/443820550921091458b4823867723b3d?s=96&d=mm&r=g\",\"caption\":\"gaprsa\"},\"url\":\"https:\/\/www.ull.es\/portal\/noticias\/author\/gaprsa\/\"}]}<\/script>\n<!-- \/ Yoast SEO plugin. -->","yoast_head_json":{"title":"El Instituto Universitario de Biorg\u00e1nica Antonio Gonz\u00e1lez celebra su sexag\u00e9simo aniversario - ULL - Noticias","robots":{"index":"index","follow":"follow","max-snippet":"max-snippet:-1","max-image-preview":"max-image-preview:large","max-video-preview":"max-video-preview:-1"},"canonical":"https:\/\/www.ull.es\/portal\/noticias\/2023\/el-instituto-universitario-de-biorganica-antonio-gonzalez-celebra-su-sexagesimo-aniversario\/","og_locale":"es_ES","og_type":"article","og_title":"El Instituto Universitario de Biorg\u00e1nica Antonio Gonz\u00e1lez celebra su sexag\u00e9simo aniversario - ULL - Noticias","og_description":"El Instituto Universitario de Biorg\u00e1nica Antonio Gonz\u00e1lez (IUBO), adscrito a la Universidad de La Laguna, celebrar\u00e1 el lunes 5 de...","og_url":"https:\/\/www.ull.es\/portal\/noticias\/2023\/el-instituto-universitario-de-biorganica-antonio-gonzalez-celebra-su-sexagesimo-aniversario\/","og_site_name":"ULL - Noticias","article_publisher":"https:\/\/www.facebook.com\/universidaddelalaguna\/","article_published_time":"2023-06-02T12:33:38+00:00","og_image":[{"width":750,"height":370,"url":"https:\/\/www.ull.es\/portal\/noticias\/wp-content\/uploads\/sites\/13\/2023\/06\/aniversario-instituto-biorganica-antonio-gonzalez.png","type":"image\/png"}],"author":"gaprsa","twitter_card":"summary_large_image","twitter_creator":"@CanalULL","twitter_site":"@CanalULL","twitter_misc":{"Escrito por":"gaprsa","Tiempo de lectura":"2 minutos"},"schema":{"@context":"https:\/\/schema.org","@graph":[{"@type":"WebPage","@id":"https:\/\/www.ull.es\/portal\/noticias\/2023\/el-instituto-universitario-de-biorganica-antonio-gonzalez-celebra-su-sexagesimo-aniversario\/","url":"https:\/\/www.ull.es\/portal\/noticias\/2023\/el-instituto-universitario-de-biorganica-antonio-gonzalez-celebra-su-sexagesimo-aniversario\/","name":"El Instituto Universitario de Biorg\u00e1nica Antonio Gonz\u00e1lez celebra su sexag\u00e9simo aniversario - ULL - Noticias","isPartOf":{"@id":"https:\/\/www.ull.es\/portal\/noticias\/#website"},"datePublished":"2023-06-02T12:33:38+00:00","dateModified":"2023-06-02T12:33:38+00:00","author":{"@id":"https:\/\/www.ull.es\/portal\/noticias\/#\/schema\/person\/b2b1a89d43ffa609e591f7df8ef3e817"},"breadcrumb":{"@id":"https:\/\/www.ull.es\/portal\/noticias\/2023\/el-instituto-universitario-de-biorganica-antonio-gonzalez-celebra-su-sexagesimo-aniversario\/#breadcrumb"},"inLanguage":"es","potentialAction":[{"@type":"ReadAction","target":["https:\/\/www.ull.es\/portal\/noticias\/2023\/el-instituto-universitario-de-biorganica-antonio-gonzalez-celebra-su-sexagesimo-aniversario\/"]}]},{"@type":"BreadcrumbList","@id":"https:\/\/www.ull.es\/portal\/noticias\/2023\/el-instituto-universitario-de-biorganica-antonio-gonzalez-celebra-su-sexagesimo-aniversario\/#breadcrumb","itemListElement":[{"@type":"ListItem","position":1,"name":"Portada","item":"https:\/\/www.ull.es\/portal\/noticias\/"},{"@type":"ListItem","position":2,"name":"El Instituto Universitario de Biorg\u00e1nica Antonio Gonz\u00e1lez celebra su sexag\u00e9simo aniversario"}]},{"@type":"WebSite","@id":"https:\/\/www.ull.es\/portal\/noticias\/#website","url":"https:\/\/www.ull.es\/portal\/noticias\/","name":"ULL - Noticias","description":"","potentialAction":[{"@type":"SearchAction","target":{"@type":"EntryPoint","urlTemplate":"https:\/\/www.ull.es\/portal\/noticias\/?s={search_term_string}"},"query-input":"required name=search_term_string"}],"inLanguage":"es"},{"@type":"Person","@id":"https:\/\/www.ull.es\/portal\/noticias\/#\/schema\/person\/b2b1a89d43ffa609e591f7df8ef3e817","name":"gaprsa","image":{"@type":"ImageObject","inLanguage":"es","@id":"https:\/\/www.ull.es\/portal\/noticias\/#\/schema\/person\/image\/","url":"https:\/\/secure.gravatar.com\/avatar\/443820550921091458b4823867723b3d?s=96&d=mm&r=g","contentUrl":"https:\/\/secure.gravatar.com\/avatar\/443820550921091458b4823867723b3d?s=96&d=mm&r=g","caption":"gaprsa"},"url":"https:\/\/www.ull.es\/portal\/noticias\/author\/gaprsa\/"}]}},"primary_category":{"id":345,"name":"Destacado","slug":"destacado","link":"https:\/\/www.ull.es\/portal\/noticias\/category\/destacado\/"},"featured_image_thumbnail_url":"https:\/\/www.ull.es\/portal\/noticias\/wp-content\/uploads\/sites\/13\/2023\/06\/aniversario-instituto-biorganica-antonio-gonzalez-300x148.png","_links":{"self":[{"href":"https:\/\/www.ull.es\/portal\/noticias\/wp-json\/wp\/v2\/posts\/70068"}],"collection":[{"href":"https:\/\/www.ull.es\/portal\/noticias\/wp-json\/wp\/v2\/posts"}],"about":[{"href":"https:\/\/www.ull.es\/portal\/noticias\/wp-json\/wp\/v2\/types\/post"}],"author":[{"embeddable":true,"href":"https:\/\/www.ull.es\/portal\/noticias\/wp-json\/wp\/v2\/users\/23"}],"replies":[{"embeddable":true,"href":"https:\/\/www.ull.es\/portal\/noticias\/wp-json\/wp\/v2\/comments?post=70068"}],"version-history":[{"count":1,"href":"https:\/\/www.ull.es\/portal\/noticias\/wp-json\/wp\/v2\/posts\/70068\/revisions"}],"predecessor-version":[{"id":70069,"href":"https:\/\/www.ull.es\/portal\/noticias\/wp-json\/wp\/v2\/posts\/70068\/revisions\/70069"}],"wp:featuredmedia":[{"embeddable":true,"href":"https:\/\/www.ull.es\/portal\/noticias\/wp-json\/wp\/v2\/media\/70070"}],"wp:attachment":[{"href":"https:\/\/www.ull.es\/portal\/noticias\/wp-json\/wp\/v2\/media?parent=70068"}],"wp:term":[{"taxonomy":"category","embeddable":true,"href":"https:\/\/www.ull.es\/portal\/noticias\/wp-json\/wp\/v2\/categories?post=70068"},{"taxonomy":"post_tag","embeddable":true,"href":"https:\/\/www.ull.es\/portal\/noticias\/wp-json\/wp\/v2\/tags?post=70068"}],"curies":[{"name":"wp","href":"https:\/\/api.w.org\/{rel}","templated":true}]}}