{"id":70114,"date":"2023-06-06T09:21:01","date_gmt":"2023-06-06T09:21:01","guid":{"rendered":"https:\/\/www.ull.es\/portal\/noticias\/?p=70114"},"modified":"2023-06-07T12:34:40","modified_gmt":"2023-06-07T12:34:40","slug":"miercoles-ebau-pruebas-comunes","status":"publish","type":"post","link":"https:\/\/www.ull.es\/portal\/noticias\/2023\/miercoles-ebau-pruebas-comunes\/","title":{"rendered":"Ma\u00f1ana mi\u00e9rcoles comienzan los cuatro d\u00edas de EBAU con las pruebas comunes para todo el alumnado"},"content":{"rendered":"<p>Los ex\u00e1menes de la Evaluaci\u00f3n de Bachillerato para el Acceso a la Universidad (<a href=\"https:\/\/www.ull.es\/admision-becas\/ebau\/#ebau-2023\" target=\"_blank\" rel=\"noopener\" target=\"_blank\" rel=\"noopener\">EBAU<\/a>) en Canarias comenzar\u00e1n ma\u00f1ana, mi\u00e9rcoles 7 de junio, y se desarrollar\u00e1n hasta el s\u00e1bado d\u00eda 10. En la provincia de Santa Cruz de Tenerife las pruebas est\u00e1n coordinadas por la Universidad de La Laguna y est\u00e1 previsto que se presenten m\u00e1s de 5.400 personas en las <a href=\"https:\/\/www.ull.es\/admision-becas\/ebau\/consulta-aulas-sedes\/\" target=\"_blank\" rel=\"noopener\" target=\"_blank\" rel=\"noopener\">sedes<\/a> ubicadas en las cuatro islas. La primera tanda de pruebas ser\u00e1 la de materias comunes al alumnado de todas las opciones que, por cuestiones log\u00edsticas, se desarrolla en dos d\u00edas diferentes: ma\u00f1ana lo har\u00e1n las aproximadamente 2.500 personas de la opci\u00f3n de Ciencias, y el jueves 8, las de las tres opciones restantes.<\/p>\n<p>As\u00ed, tras la presentaci\u00f3n prevista a las 8:45 horas, el primer examen del d\u00eda, correspondiente a Lengua Castellana y Literatura II, comenzar\u00e1 a las 9:30 horas. La segunda prueba, Lengua Extranjera II, ser\u00e1 a las 11:30 y, ya por la tarde, esta primera tanda de ex\u00e1menes de asignaturas comunes terminar\u00e1 a las 16:00 horas con la evaluaci\u00f3n correspondiente a Historia de Espa\u00f1a. Como ya se ha comentado, el jueves 8 de junio se repetir\u00e1n estas pruebas, con ex\u00e1menes diferentes con el mismo nivel de dificultad, para los estudiantes de las opciones de Artes, Humanidades y Ciencias Sociales.<\/p>\n<p>Los d\u00edas 9 y 10 de junio est\u00e1n reservados a las asignaturas optativas de las diferentes modalidades, de tal modo que en algunas ocasiones coincidir\u00e1n dos o m\u00e1s materias simult\u00e1neamente, si bien destinadas a estudiantes de diferentes ramas de conocimiento. Aun as\u00ed, es posible que a algunos estudiantes les coincidan materias optativas en el mismo horario, por lo cual la organizaci\u00f3n ha previsto la \u00faltima sesi\u00f3n del s\u00e1bado 10 de junio, a las 16:00 horas, para poder realizar estas pruebas coincidentes. El calendario detallado de ex\u00e1menes est\u00e1 disponible en la <a href=\"https:\/\/www.gobiernodecanarias.org\/educacion\/web\/bachillerato\/ebau\/calendario-celebracion-ebau\/index.html\" target=\"_blank\" rel=\"noopener\">p\u00e1gina web<\/a> de la Consejer\u00eda de Educaci\u00f3n, Universidades, Cultura y Deportes del Gobierno de Canarias.<\/p>\n<p>Las calificaciones provisionales ser\u00e1n publicadas online el 16 de junio a partir de las 13:00 y hasta las 12:00 del d\u00eda 20 de junio ser\u00e1 posible presentar reclamaciones. Las definitivas estar\u00e1n disponibles el 23 de junio y para solicitar ver los ex\u00e1menes el plazo estar\u00e1 abierto los d\u00edas 26 y 27 de junio, y un d\u00eda m\u00e1s tarde se publicar\u00e1n las citas para desarrollar este tr\u00e1mite durante los d\u00edas 29 y 30 de junio.<\/p>\n<p>Quienes superen la EBAU en esta convocatoria ordinaria de junio podr\u00e1n presentarse a la preinscripci\u00f3n ordinaria en titulaciones de grado que la Universidad de La Laguna abrir\u00e1 entre el 19 de junio y el 3 de julio. Tambi\u00e9n habr\u00e1 una segunda convocatoria extraordinaria de la EBAU los d\u00edas 5, 6 y 7 de julio.<\/p>\n","protected":false},"excerpt":{"rendered":"<p>Los ex\u00e1menes de la Evaluaci\u00f3n de Bachillerato para el Acceso a la Universidad (EBAU) en Canarias comenzar\u00e1n ma\u00f1ana, mi\u00e9rcoles 7&#8230;<\/p>\n","protected":false},"author":21,"featured_media":70115,"comment_status":"closed","ping_status":"closed","sticky":false,"template":"","format":"standard","meta":{"inline_featured_image":false,"footnotes":""},"categories":[343,345,2765],"tags":[3758,2879,7523,7025],"acf":[],"yoast_head":"<!-- This site is optimized with the Yoast SEO plugin v21.3 - https:\/\/yoast.com\/wordpress\/plugins\/seo\/ -->\n<title>Ma\u00f1ana mi\u00e9rcoles comienzan los cuatro d\u00edas de EBAU<\/title>\n<meta name=\"description\" content=\"Los primeros ex\u00e1menes ser\u00e1n de las materias comunes a todas las opciones que, por razones log\u00edsticas, se desarrollan en dos d\u00edas diferentes.\" \/>\n<meta name=\"robots\" content=\"index, follow, max-snippet:-1, max-image-preview:large, max-video-preview:-1\" \/>\n<link rel=\"canonical\" href=\"https:\/\/www.ull.es\/portal\/noticias\/2023\/miercoles-ebau-pruebas-comunes\/\" \/>\n<meta property=\"og:locale\" content=\"es_ES\" \/>\n<meta property=\"og:type\" content=\"article\" \/>\n<meta property=\"og:title\" content=\"Ma\u00f1ana mi\u00e9rcoles comienzan los cuatro d\u00edas de EBAU\" \/>\n<meta property=\"og:description\" content=\"Los primeros ex\u00e1menes ser\u00e1n de las materias comunes a todas las opciones que, por razones log\u00edsticas, se desarrollan en dos d\u00edas diferentes.\" \/>\n<meta property=\"og:url\" content=\"https:\/\/www.ull.es\/portal\/noticias\/2023\/miercoles-ebau-pruebas-comunes\/\" \/>\n<meta property=\"og:site_name\" content=\"ULL - Noticias\" \/>\n<meta property=\"article:publisher\" content=\"https:\/\/www.facebook.com\/universidaddelalaguna\/\" \/>\n<meta property=\"article:published_time\" content=\"2023-06-06T09:21:01+00:00\" \/>\n<meta property=\"article:modified_time\" content=\"2023-06-07T12:34:40+00:00\" \/>\n<meta property=\"og:image\" content=\"https:\/\/www.ull.es\/portal\/noticias\/wp-content\/uploads\/sites\/13\/2023\/06\/EBAU-junio-22.jpg\" \/>\n\t<meta property=\"og:image:width\" content=\"1024\" \/>\n\t<meta property=\"og:image:height\" content=\"683\" \/>\n\t<meta property=\"og:image:type\" content=\"image\/jpeg\" \/>\n<meta name=\"author\" content=\"prensa2\" \/>\n<meta name=\"twitter:card\" content=\"summary_large_image\" \/>\n<meta name=\"twitter:creator\" content=\"@CanalULL\" \/>\n<meta name=\"twitter:site\" content=\"@CanalULL\" \/>\n<meta name=\"twitter:label1\" content=\"Escrito por\" \/>\n\t<meta name=\"twitter:data1\" content=\"prensa2\" \/>\n\t<meta name=\"twitter:label2\" content=\"Tiempo de lectura\" \/>\n\t<meta name=\"twitter:data2\" content=\"3 minutos\" \/>\n<script type=\"application\/ld+json\" class=\"yoast-schema-graph\">{\"@context\":\"https:\/\/schema.org\",\"@graph\":[{\"@type\":\"WebPage\",\"@id\":\"https:\/\/www.ull.es\/portal\/noticias\/2023\/miercoles-ebau-pruebas-comunes\/\",\"url\":\"https:\/\/www.ull.es\/portal\/noticias\/2023\/miercoles-ebau-pruebas-comunes\/\",\"name\":\"Ma\u00f1ana mi\u00e9rcoles comienzan los cuatro d\u00edas de EBAU\",\"isPartOf\":{\"@id\":\"https:\/\/www.ull.es\/portal\/noticias\/#website\"},\"datePublished\":\"2023-06-06T09:21:01+00:00\",\"dateModified\":\"2023-06-07T12:34:40+00:00\",\"author\":{\"@id\":\"https:\/\/www.ull.es\/portal\/noticias\/#\/schema\/person\/c3b2aa857797592927a03740d6664376\"},\"description\":\"Los primeros ex\u00e1menes ser\u00e1n de las materias comunes a todas las opciones que, por razones log\u00edsticas, se desarrollan en dos d\u00edas diferentes.\",\"breadcrumb\":{\"@id\":\"https:\/\/www.ull.es\/portal\/noticias\/2023\/miercoles-ebau-pruebas-comunes\/#breadcrumb\"},\"inLanguage\":\"es\",\"potentialAction\":[{\"@type\":\"ReadAction\",\"target\":[\"https:\/\/www.ull.es\/portal\/noticias\/2023\/miercoles-ebau-pruebas-comunes\/\"]}]},{\"@type\":\"BreadcrumbList\",\"@id\":\"https:\/\/www.ull.es\/portal\/noticias\/2023\/miercoles-ebau-pruebas-comunes\/#breadcrumb\",\"itemListElement\":[{\"@type\":\"ListItem\",\"position\":1,\"name\":\"Portada\",\"item\":\"https:\/\/www.ull.es\/portal\/noticias\/\"},{\"@type\":\"ListItem\",\"position\":2,\"name\":\"Ma\u00f1ana mi\u00e9rcoles comienzan los cuatro d\u00edas de EBAU con las pruebas comunes para todo el alumnado\"}]},{\"@type\":\"WebSite\",\"@id\":\"https:\/\/www.ull.es\/portal\/noticias\/#website\",\"url\":\"https:\/\/www.ull.es\/portal\/noticias\/\",\"name\":\"ULL - Noticias\",\"description\":\"\",\"potentialAction\":[{\"@type\":\"SearchAction\",\"target\":{\"@type\":\"EntryPoint\",\"urlTemplate\":\"https:\/\/www.ull.es\/portal\/noticias\/?s={search_term_string}\"},\"query-input\":\"required name=search_term_string\"}],\"inLanguage\":\"es\"},{\"@type\":\"Person\",\"@id\":\"https:\/\/www.ull.es\/portal\/noticias\/#\/schema\/person\/c3b2aa857797592927a03740d6664376\",\"name\":\"prensa2\",\"image\":{\"@type\":\"ImageObject\",\"inLanguage\":\"es\",\"@id\":\"https:\/\/www.ull.es\/portal\/noticias\/#\/schema\/person\/image\/\",\"url\":\"https:\/\/secure.gravatar.com\/avatar\/b58f310a5de5feb33d1e026d2493f23c?s=96&d=mm&r=g\",\"contentUrl\":\"https:\/\/secure.gravatar.com\/avatar\/b58f310a5de5feb33d1e026d2493f23c?s=96&d=mm&r=g\",\"caption\":\"prensa2\"},\"url\":\"https:\/\/www.ull.es\/portal\/noticias\/author\/prensa2\/\"}]}<\/script>\n<!-- \/ Yoast SEO plugin. -->","yoast_head_json":{"title":"Ma\u00f1ana mi\u00e9rcoles comienzan los cuatro d\u00edas de EBAU","description":"Los primeros ex\u00e1menes ser\u00e1n de las materias comunes a todas las opciones que, por razones log\u00edsticas, se desarrollan en dos d\u00edas diferentes.","robots":{"index":"index","follow":"follow","max-snippet":"max-snippet:-1","max-image-preview":"max-image-preview:large","max-video-preview":"max-video-preview:-1"},"canonical":"https:\/\/www.ull.es\/portal\/noticias\/2023\/miercoles-ebau-pruebas-comunes\/","og_locale":"es_ES","og_type":"article","og_title":"Ma\u00f1ana mi\u00e9rcoles comienzan los cuatro d\u00edas de EBAU","og_description":"Los primeros ex\u00e1menes ser\u00e1n de las materias comunes a todas las opciones que, por razones log\u00edsticas, se desarrollan en dos d\u00edas diferentes.","og_url":"https:\/\/www.ull.es\/portal\/noticias\/2023\/miercoles-ebau-pruebas-comunes\/","og_site_name":"ULL - Noticias","article_publisher":"https:\/\/www.facebook.com\/universidaddelalaguna\/","article_published_time":"2023-06-06T09:21:01+00:00","article_modified_time":"2023-06-07T12:34:40+00:00","og_image":[{"width":1024,"height":683,"url":"https:\/\/www.ull.es\/portal\/noticias\/wp-content\/uploads\/sites\/13\/2023\/06\/EBAU-junio-22.jpg","type":"image\/jpeg"}],"author":"prensa2","twitter_card":"summary_large_image","twitter_creator":"@CanalULL","twitter_site":"@CanalULL","twitter_misc":{"Escrito por":"prensa2","Tiempo de lectura":"3 minutos"},"schema":{"@context":"https:\/\/schema.org","@graph":[{"@type":"WebPage","@id":"https:\/\/www.ull.es\/portal\/noticias\/2023\/miercoles-ebau-pruebas-comunes\/","url":"https:\/\/www.ull.es\/portal\/noticias\/2023\/miercoles-ebau-pruebas-comunes\/","name":"Ma\u00f1ana mi\u00e9rcoles comienzan los cuatro d\u00edas de EBAU","isPartOf":{"@id":"https:\/\/www.ull.es\/portal\/noticias\/#website"},"datePublished":"2023-06-06T09:21:01+00:00","dateModified":"2023-06-07T12:34:40+00:00","author":{"@id":"https:\/\/www.ull.es\/portal\/noticias\/#\/schema\/person\/c3b2aa857797592927a03740d6664376"},"description":"Los primeros ex\u00e1menes ser\u00e1n de las materias comunes a todas las opciones que, por razones log\u00edsticas, se desarrollan en dos d\u00edas diferentes.","breadcrumb":{"@id":"https:\/\/www.ull.es\/portal\/noticias\/2023\/miercoles-ebau-pruebas-comunes\/#breadcrumb"},"inLanguage":"es","potentialAction":[{"@type":"ReadAction","target":["https:\/\/www.ull.es\/portal\/noticias\/2023\/miercoles-ebau-pruebas-comunes\/"]}]},{"@type":"BreadcrumbList","@id":"https:\/\/www.ull.es\/portal\/noticias\/2023\/miercoles-ebau-pruebas-comunes\/#breadcrumb","itemListElement":[{"@type":"ListItem","position":1,"name":"Portada","item":"https:\/\/www.ull.es\/portal\/noticias\/"},{"@type":"ListItem","position":2,"name":"Ma\u00f1ana mi\u00e9rcoles comienzan los cuatro d\u00edas de EBAU con las pruebas comunes para todo el alumnado"}]},{"@type":"WebSite","@id":"https:\/\/www.ull.es\/portal\/noticias\/#website","url":"https:\/\/www.ull.es\/portal\/noticias\/","name":"ULL - Noticias","description":"","potentialAction":[{"@type":"SearchAction","target":{"@type":"EntryPoint","urlTemplate":"https:\/\/www.ull.es\/portal\/noticias\/?s={search_term_string}"},"query-input":"required name=search_term_string"}],"inLanguage":"es"},{"@type":"Person","@id":"https:\/\/www.ull.es\/portal\/noticias\/#\/schema\/person\/c3b2aa857797592927a03740d6664376","name":"prensa2","image":{"@type":"ImageObject","inLanguage":"es","@id":"https:\/\/www.ull.es\/portal\/noticias\/#\/schema\/person\/image\/","url":"https:\/\/secure.gravatar.com\/avatar\/b58f310a5de5feb33d1e026d2493f23c?s=96&d=mm&r=g","contentUrl":"https:\/\/secure.gravatar.com\/avatar\/b58f310a5de5feb33d1e026d2493f23c?s=96&d=mm&r=g","caption":"prensa2"},"url":"https:\/\/www.ull.es\/portal\/noticias\/author\/prensa2\/"}]}},"primary_category":{"id":345,"name":"Destacado","slug":"destacado","link":"https:\/\/www.ull.es\/portal\/noticias\/category\/destacado\/"},"featured_image_thumbnail_url":"https:\/\/www.ull.es\/portal\/noticias\/wp-content\/uploads\/sites\/13\/2023\/06\/EBAU-junio-22-300x200.jpg","_links":{"self":[{"href":"https:\/\/www.ull.es\/portal\/noticias\/wp-json\/wp\/v2\/posts\/70114"}],"collection":[{"href":"https:\/\/www.ull.es\/portal\/noticias\/wp-json\/wp\/v2\/posts"}],"about":[{"href":"https:\/\/www.ull.es\/portal\/noticias\/wp-json\/wp\/v2\/types\/post"}],"author":[{"embeddable":true,"href":"https:\/\/www.ull.es\/portal\/noticias\/wp-json\/wp\/v2\/users\/21"}],"replies":[{"embeddable":true,"href":"https:\/\/www.ull.es\/portal\/noticias\/wp-json\/wp\/v2\/comments?post=70114"}],"version-history":[{"count":3,"href":"https:\/\/www.ull.es\/portal\/noticias\/wp-json\/wp\/v2\/posts\/70114\/revisions"}],"predecessor-version":[{"id":70169,"href":"https:\/\/www.ull.es\/portal\/noticias\/wp-json\/wp\/v2\/posts\/70114\/revisions\/70169"}],"wp:featuredmedia":[{"embeddable":true,"href":"https:\/\/www.ull.es\/portal\/noticias\/wp-json\/wp\/v2\/media\/70115"}],"wp:attachment":[{"href":"https:\/\/www.ull.es\/portal\/noticias\/wp-json\/wp\/v2\/media?parent=70114"}],"wp:term":[{"taxonomy":"category","embeddable":true,"href":"https:\/\/www.ull.es\/portal\/noticias\/wp-json\/wp\/v2\/categories?post=70114"},{"taxonomy":"post_tag","embeddable":true,"href":"https:\/\/www.ull.es\/portal\/noticias\/wp-json\/wp\/v2\/tags?post=70114"}],"curies":[{"name":"wp","href":"https:\/\/api.w.org\/{rel}","templated":true}]}}