{"id":70176,"date":"2023-06-08T11:32:03","date_gmt":"2023-06-08T11:32:03","guid":{"rendered":"https:\/\/www.ull.es\/portal\/noticias\/?p=70176"},"modified":"2023-06-08T11:47:39","modified_gmt":"2023-06-08T11:47:39","slug":"el-cambio-climatico-pone-en-riesgo-de-desaparicion-las-especies-botanicas-de-las-cumbres-de-tenerife-y-la-palma","status":"publish","type":"post","link":"https:\/\/www.ull.es\/portal\/noticias\/2023\/el-cambio-climatico-pone-en-riesgo-de-desaparicion-las-especies-botanicas-de-las-cumbres-de-tenerife-y-la-palma\/","title":{"rendered":"El cambio clim\u00e1tico pone en riesgo de desaparici\u00f3n las especies bot\u00e1nicas de las cumbres de Tenerife y La Palma"},"content":{"rendered":"<p>El grupo de investigaci\u00f3n de la Universidad de La Laguna <a href=\"https:\/\/www.ull.es\/grupoinvestigacion\/plantcab\/\" target=\"_blank\" rel=\"noopener\">Plant Conservation and Biogeography<\/a> ha finalizado el proyecto \u201cGenerando el conocimiento necesario para frenar las p\u00e9rdidas de biodiversidad de los ecosistemas canarios en el contexto actual de cambio clim\u00e1tico\u201d, financiado por la Agencia Canaria de Investigaci\u00f3n, Innovaci\u00f3n y Sociedad de la Informaci\u00f3n (ACIISI).<\/p>\n<p>Este proyecto ha permitido analizar la vulnerabilidad de la flora end\u00e9mica de 60 especies de las cumbres de Tenerife y La Palma en tres escenarios clim\u00e1ticos: presente (1990-2019), futuro a corto plazo (2041-2060) y futuro a largo plazo (2061-2080). Aunque este proyecto no ha incluido toda la flora end\u00e9mica de los ecosistemas estudiados (pinar y retamar de cumbre), los resultados obtenidos hasta ahora muestran diferencias significativas en la vulnerabilidad de la flora de las cumbres de estas islas para los escenarios futuros.<\/p>\n<p>En Tenerife la proporci\u00f3n de especies con riesgo alto y muy alto en el futuro (33% en el futuro cercano y 50% en el escenario 2061-2080) es el doble que en La Palma (10% para el futuro cercano y 17% para el escenario 2061-2080). El 52% de las especies analizadas en La Palma tiene, al menos, un factor que reduce su capacidad de respuesta al cambio clim\u00e1tico, mientras que en Tenerife este valor asciende a un 67%. Esto indica que, a pesar de la ventaja que tiene este ecosistema en Tenerife al contar con mayor superficie, el estado actual de las poblaciones puede determinar mayor riesgo de p\u00e9rdida de biodiversidad debido al cambio clim\u00e1tico.<\/p>\n<p>Este proyecto ofrece recomendaciones de manejo para cada especie analizada, enfatizando la necesidad de gesti\u00f3n activa para que puedan adaptarse al cambio clim\u00e1tico, incidiendo adem\u00e1s especialmente en el control y erradicaci\u00f3n de herb\u00edvoros invasores en los ecosistemas estudiados.<\/p>\n<div id=\"attachment_70178\" style=\"width: 310px\" class=\"wp-caption alignleft\"><img aria-describedby=\"caption-attachment-70178\" decoding=\"async\" loading=\"lazy\" class=\"size-medium wp-image-70178\" src=\"https:\/\/www.ull.es\/portal\/noticias\/wp-content\/uploads\/sites\/13\/2023\/06\/Caldera-de-Taburiente_Jonay-Cubas-Diaz-300x107.jpg\" alt=\"\" width=\"300\" height=\"107\" srcset=\"https:\/\/www.ull.es\/portal\/noticias\/wp-content\/uploads\/sites\/13\/2023\/06\/Caldera-de-Taburiente_Jonay-Cubas-Diaz-300x107.jpg 300w, https:\/\/www.ull.es\/portal\/noticias\/wp-content\/uploads\/sites\/13\/2023\/06\/Caldera-de-Taburiente_Jonay-Cubas-Diaz-1024x364.jpg 1024w, https:\/\/www.ull.es\/portal\/noticias\/wp-content\/uploads\/sites\/13\/2023\/06\/Caldera-de-Taburiente_Jonay-Cubas-Diaz-768x273.jpg 768w, https:\/\/www.ull.es\/portal\/noticias\/wp-content\/uploads\/sites\/13\/2023\/06\/Caldera-de-Taburiente_Jonay-Cubas-Diaz-1536x546.jpg 1536w, https:\/\/www.ull.es\/portal\/noticias\/wp-content\/uploads\/sites\/13\/2023\/06\/Caldera-de-Taburiente_Jonay-Cubas-Diaz-375x133.jpg 375w, https:\/\/www.ull.es\/portal\/noticias\/wp-content\/uploads\/sites\/13\/2023\/06\/Caldera-de-Taburiente_Jonay-Cubas-Diaz-750x267.jpg 750w, https:\/\/www.ull.es\/portal\/noticias\/wp-content\/uploads\/sites\/13\/2023\/06\/Caldera-de-Taburiente_Jonay-Cubas-Diaz-1140x405.jpg 1140w, https:\/\/www.ull.es\/portal\/noticias\/wp-content\/uploads\/sites\/13\/2023\/06\/Caldera-de-Taburiente_Jonay-Cubas-Diaz.jpg 1600w\" sizes=\"(max-width: 300px) 100vw, 300px\" \/><p id=\"caption-attachment-70178\" class=\"wp-caption-text\">Caldera de Taburiente. Foto de Jonay Cubas Diaz.<\/p><\/div>\n<p>El trabajo ha sido liderado por la profesora titular de Bot\u00e1nica <a href=\"https:\/\/portalciencia.ull.es\/investigadores\/81298\/publicaciones\" target=\"_blank\" rel=\"noopener\" target=\"_blank\" rel=\"noopener\">Juana Mar\u00eda Gonz\u00e1lez Mancebo<\/a>, junto con el catedr\u00e1tico de Bot\u00e1nica<a href=\"https:\/\/portalciencia.ull.es\/investigadores\/81399\/publicaciones\" target=\"_blank\" rel=\"noopener\" target=\"_blank\" rel=\"noopener\"> Marcelino del Arco Aguilar<\/a> y los profesores <a href=\"https:\/\/portalciencia.ull.es\/investigadores\/152315\/publicaciones\" target=\"_blank\" rel=\"noopener\" target=\"_blank\" rel=\"noopener\">V\u00edctor Bello Rodr\u00edguez<\/a> y <a href=\"https:\/\/portalciencia.ull.es\/investigadores\/82420\/publicaciones\" target=\"_blank\" rel=\"noopener\" target=\"_blank\" rel=\"noopener\">Jonay Cubas D\u00edaz<\/a>, todos ellos del grupo de la Universidad de La Laguna. Tambi\u00e9n se ha contado con la colaboraci\u00f3n de investigadores como Andreas Hamann, de la Universidad de Alberta (Canad\u00e1), y de las administraciones p\u00fablicas implicadas, como los parques nacionales del Teide y de La Caldera de Taburiente.<\/p>\n<p>Gracias a este proyecto y a otro previo concedido a este equipo de investigaci\u00f3n por la Fundaci\u00f3n Biodiversidad &#8211; Ministerio para la Transici\u00f3n Ecol\u00f3gica y el Reto demogr\u00e1fico, se ha elaborado por primera vez una metodolog\u00eda precisa que incluye problemas caracter\u00edsticos de las islas oce\u00e1nicas, como son el reducido tama\u00f1o de sus ecosistemas y el estr\u00e9s mantenido en el tiempo por los herb\u00edvoros invasores (conejos, cabras, ovejas, mufl\u00f3n y arru\u00ed).<\/p>\n<p>Esta es la primera vez que en Canarias se trabaja la vulnerabilidad de la flora canaria desde tres aspectos distintos: por un lado, la p\u00e9rdida de superficie potencial de las especies como consecuencia de los cambios de temperatura y precipitaci\u00f3n; el desajuste que se produce en el \u00e1rea de desarrollo de las especies y en las localidades actuales de ocupaci\u00f3n a medida que se incrementa la temperatura; y, por \u00faltimo, las posibilidades de las especies para adaptarse al cambio clim\u00e1tico.<\/p>\n<p>En este \u00faltimo aspecto, se considera no s\u00f3lo el tama\u00f1o del h\u00e1bitat donde vive cada especie y el problema de los herb\u00edvoros invasores, sino tambi\u00e9n otros aspectos como el efecto de la sequ\u00eda o la capacidad de regeneraci\u00f3n y migraci\u00f3n que tienen las especies.<\/p>\n<p>Esta l\u00ednea de investigaci\u00f3n contin\u00faa a trav\u00e9s de un Convenio de Cooperaci\u00f3n con el Gobierno de Canarias para analizar la vulnerabilidad de las comunidades vegetales de Canarias frente a los riesgos inducidos por el cambio clim\u00e1tico, en el que se incluyen todas las islas Canarias, analizando el conjunto de su flora end\u00e9mica. Con este trabajo, que se pretende finalice en el a\u00f1o 2026, se sentaran las bases para una gesti\u00f3n integrada de los ecosistemas de cada una de las Islas Canarias, que permita incrementar la capacidad adaptativa de sus especies a los efectos del calentamiento global.<\/p>\n","protected":false},"excerpt":{"rendered":"<p>El grupo de investigaci\u00f3n de la Universidad de La Laguna Plant Conservation and Biogeography ha finalizado el proyecto \u201cGenerando el&#8230;<\/p>\n","protected":false},"author":23,"featured_media":70177,"comment_status":"closed","ping_status":"closed","sticky":false,"template":"","format":"standard","meta":{"inline_featured_image":false,"footnotes":""},"categories":[345,350,2765],"tags":[680,10043],"acf":[],"yoast_head":"<!-- This site is optimized with the Yoast SEO plugin v21.3 - https:\/\/yoast.com\/wordpress\/plugins\/seo\/ -->\n<title>El cambio clim\u00e1tico pone en riesgo de desaparici\u00f3n las especies bot\u00e1nicas de las cumbres de Tenerife y La Palma - ULL - Noticias<\/title>\n<meta name=\"robots\" content=\"index, follow, max-snippet:-1, max-image-preview:large, max-video-preview:-1\" \/>\n<link rel=\"canonical\" href=\"https:\/\/www.ull.es\/portal\/noticias\/2023\/el-cambio-climatico-pone-en-riesgo-de-desaparicion-las-especies-botanicas-de-las-cumbres-de-tenerife-y-la-palma\/\" \/>\n<meta property=\"og:locale\" content=\"es_ES\" \/>\n<meta property=\"og:type\" content=\"article\" \/>\n<meta property=\"og:title\" content=\"El cambio clim\u00e1tico pone en riesgo de desaparici\u00f3n las especies bot\u00e1nicas de las cumbres de Tenerife y La Palma - ULL - Noticias\" \/>\n<meta property=\"og:description\" content=\"El grupo de investigaci\u00f3n de la Universidad de La Laguna Plant Conservation and Biogeography ha finalizado el proyecto \u201cGenerando el...\" \/>\n<meta property=\"og:url\" content=\"https:\/\/www.ull.es\/portal\/noticias\/2023\/el-cambio-climatico-pone-en-riesgo-de-desaparicion-las-especies-botanicas-de-las-cumbres-de-tenerife-y-la-palma\/\" \/>\n<meta property=\"og:site_name\" content=\"ULL - Noticias\" \/>\n<meta property=\"article:publisher\" content=\"https:\/\/www.facebook.com\/universidaddelalaguna\/\" \/>\n<meta property=\"article:published_time\" content=\"2023-06-08T11:32:03+00:00\" \/>\n<meta property=\"article:modified_time\" content=\"2023-06-08T11:47:39+00:00\" \/>\n<meta property=\"og:image\" content=\"https:\/\/www.ull.es\/portal\/noticias\/wp-content\/uploads\/sites\/13\/2023\/06\/Cumbres-de-La-Palma_Juana-Maria-Gonzalez-Mancebo.jpg\" \/>\n\t<meta property=\"og:image:width\" content=\"1600\" \/>\n\t<meta property=\"og:image:height\" content=\"1200\" \/>\n\t<meta property=\"og:image:type\" content=\"image\/jpeg\" \/>\n<meta name=\"author\" content=\"gaprsa\" \/>\n<meta name=\"twitter:card\" content=\"summary_large_image\" \/>\n<meta name=\"twitter:creator\" content=\"@CanalULL\" \/>\n<meta name=\"twitter:site\" content=\"@CanalULL\" \/>\n<meta name=\"twitter:label1\" content=\"Escrito por\" \/>\n\t<meta name=\"twitter:data1\" content=\"gaprsa\" \/>\n\t<meta name=\"twitter:label2\" content=\"Tiempo de lectura\" \/>\n\t<meta name=\"twitter:data2\" content=\"4 minutos\" \/>\n<script type=\"application\/ld+json\" class=\"yoast-schema-graph\">{\"@context\":\"https:\/\/schema.org\",\"@graph\":[{\"@type\":\"WebPage\",\"@id\":\"https:\/\/www.ull.es\/portal\/noticias\/2023\/el-cambio-climatico-pone-en-riesgo-de-desaparicion-las-especies-botanicas-de-las-cumbres-de-tenerife-y-la-palma\/\",\"url\":\"https:\/\/www.ull.es\/portal\/noticias\/2023\/el-cambio-climatico-pone-en-riesgo-de-desaparicion-las-especies-botanicas-de-las-cumbres-de-tenerife-y-la-palma\/\",\"name\":\"El cambio clim\u00e1tico pone en riesgo de desaparici\u00f3n las especies bot\u00e1nicas de las cumbres de Tenerife y La Palma - ULL - Noticias\",\"isPartOf\":{\"@id\":\"https:\/\/www.ull.es\/portal\/noticias\/#website\"},\"datePublished\":\"2023-06-08T11:32:03+00:00\",\"dateModified\":\"2023-06-08T11:47:39+00:00\",\"author\":{\"@id\":\"https:\/\/www.ull.es\/portal\/noticias\/#\/schema\/person\/b2b1a89d43ffa609e591f7df8ef3e817\"},\"breadcrumb\":{\"@id\":\"https:\/\/www.ull.es\/portal\/noticias\/2023\/el-cambio-climatico-pone-en-riesgo-de-desaparicion-las-especies-botanicas-de-las-cumbres-de-tenerife-y-la-palma\/#breadcrumb\"},\"inLanguage\":\"es\",\"potentialAction\":[{\"@type\":\"ReadAction\",\"target\":[\"https:\/\/www.ull.es\/portal\/noticias\/2023\/el-cambio-climatico-pone-en-riesgo-de-desaparicion-las-especies-botanicas-de-las-cumbres-de-tenerife-y-la-palma\/\"]}]},{\"@type\":\"BreadcrumbList\",\"@id\":\"https:\/\/www.ull.es\/portal\/noticias\/2023\/el-cambio-climatico-pone-en-riesgo-de-desaparicion-las-especies-botanicas-de-las-cumbres-de-tenerife-y-la-palma\/#breadcrumb\",\"itemListElement\":[{\"@type\":\"ListItem\",\"position\":1,\"name\":\"Portada\",\"item\":\"https:\/\/www.ull.es\/portal\/noticias\/\"},{\"@type\":\"ListItem\",\"position\":2,\"name\":\"El cambio clim\u00e1tico pone en riesgo de desaparici\u00f3n las especies bot\u00e1nicas de las cumbres de Tenerife y La Palma\"}]},{\"@type\":\"WebSite\",\"@id\":\"https:\/\/www.ull.es\/portal\/noticias\/#website\",\"url\":\"https:\/\/www.ull.es\/portal\/noticias\/\",\"name\":\"ULL - Noticias\",\"description\":\"\",\"potentialAction\":[{\"@type\":\"SearchAction\",\"target\":{\"@type\":\"EntryPoint\",\"urlTemplate\":\"https:\/\/www.ull.es\/portal\/noticias\/?s={search_term_string}\"},\"query-input\":\"required name=search_term_string\"}],\"inLanguage\":\"es\"},{\"@type\":\"Person\",\"@id\":\"https:\/\/www.ull.es\/portal\/noticias\/#\/schema\/person\/b2b1a89d43ffa609e591f7df8ef3e817\",\"name\":\"gaprsa\",\"image\":{\"@type\":\"ImageObject\",\"inLanguage\":\"es\",\"@id\":\"https:\/\/www.ull.es\/portal\/noticias\/#\/schema\/person\/image\/\",\"url\":\"https:\/\/secure.gravatar.com\/avatar\/443820550921091458b4823867723b3d?s=96&d=mm&r=g\",\"contentUrl\":\"https:\/\/secure.gravatar.com\/avatar\/443820550921091458b4823867723b3d?s=96&d=mm&r=g\",\"caption\":\"gaprsa\"},\"url\":\"https:\/\/www.ull.es\/portal\/noticias\/author\/gaprsa\/\"}]}<\/script>\n<!-- \/ Yoast SEO plugin. -->","yoast_head_json":{"title":"El cambio clim\u00e1tico pone en riesgo de desaparici\u00f3n las especies bot\u00e1nicas de las cumbres de Tenerife y La Palma - ULL - Noticias","robots":{"index":"index","follow":"follow","max-snippet":"max-snippet:-1","max-image-preview":"max-image-preview:large","max-video-preview":"max-video-preview:-1"},"canonical":"https:\/\/www.ull.es\/portal\/noticias\/2023\/el-cambio-climatico-pone-en-riesgo-de-desaparicion-las-especies-botanicas-de-las-cumbres-de-tenerife-y-la-palma\/","og_locale":"es_ES","og_type":"article","og_title":"El cambio clim\u00e1tico pone en riesgo de desaparici\u00f3n las especies bot\u00e1nicas de las cumbres de Tenerife y La Palma - ULL - Noticias","og_description":"El grupo de investigaci\u00f3n de la Universidad de La Laguna Plant Conservation and Biogeography ha finalizado el proyecto \u201cGenerando el...","og_url":"https:\/\/www.ull.es\/portal\/noticias\/2023\/el-cambio-climatico-pone-en-riesgo-de-desaparicion-las-especies-botanicas-de-las-cumbres-de-tenerife-y-la-palma\/","og_site_name":"ULL - Noticias","article_publisher":"https:\/\/www.facebook.com\/universidaddelalaguna\/","article_published_time":"2023-06-08T11:32:03+00:00","article_modified_time":"2023-06-08T11:47:39+00:00","og_image":[{"width":1600,"height":1200,"url":"https:\/\/www.ull.es\/portal\/noticias\/wp-content\/uploads\/sites\/13\/2023\/06\/Cumbres-de-La-Palma_Juana-Maria-Gonzalez-Mancebo.jpg","type":"image\/jpeg"}],"author":"gaprsa","twitter_card":"summary_large_image","twitter_creator":"@CanalULL","twitter_site":"@CanalULL","twitter_misc":{"Escrito por":"gaprsa","Tiempo de lectura":"4 minutos"},"schema":{"@context":"https:\/\/schema.org","@graph":[{"@type":"WebPage","@id":"https:\/\/www.ull.es\/portal\/noticias\/2023\/el-cambio-climatico-pone-en-riesgo-de-desaparicion-las-especies-botanicas-de-las-cumbres-de-tenerife-y-la-palma\/","url":"https:\/\/www.ull.es\/portal\/noticias\/2023\/el-cambio-climatico-pone-en-riesgo-de-desaparicion-las-especies-botanicas-de-las-cumbres-de-tenerife-y-la-palma\/","name":"El cambio clim\u00e1tico pone en riesgo de desaparici\u00f3n las especies bot\u00e1nicas de las cumbres de Tenerife y La Palma - ULL - Noticias","isPartOf":{"@id":"https:\/\/www.ull.es\/portal\/noticias\/#website"},"datePublished":"2023-06-08T11:32:03+00:00","dateModified":"2023-06-08T11:47:39+00:00","author":{"@id":"https:\/\/www.ull.es\/portal\/noticias\/#\/schema\/person\/b2b1a89d43ffa609e591f7df8ef3e817"},"breadcrumb":{"@id":"https:\/\/www.ull.es\/portal\/noticias\/2023\/el-cambio-climatico-pone-en-riesgo-de-desaparicion-las-especies-botanicas-de-las-cumbres-de-tenerife-y-la-palma\/#breadcrumb"},"inLanguage":"es","potentialAction":[{"@type":"ReadAction","target":["https:\/\/www.ull.es\/portal\/noticias\/2023\/el-cambio-climatico-pone-en-riesgo-de-desaparicion-las-especies-botanicas-de-las-cumbres-de-tenerife-y-la-palma\/"]}]},{"@type":"BreadcrumbList","@id":"https:\/\/www.ull.es\/portal\/noticias\/2023\/el-cambio-climatico-pone-en-riesgo-de-desaparicion-las-especies-botanicas-de-las-cumbres-de-tenerife-y-la-palma\/#breadcrumb","itemListElement":[{"@type":"ListItem","position":1,"name":"Portada","item":"https:\/\/www.ull.es\/portal\/noticias\/"},{"@type":"ListItem","position":2,"name":"El cambio clim\u00e1tico pone en riesgo de desaparici\u00f3n las especies bot\u00e1nicas de las cumbres de Tenerife y La Palma"}]},{"@type":"WebSite","@id":"https:\/\/www.ull.es\/portal\/noticias\/#website","url":"https:\/\/www.ull.es\/portal\/noticias\/","name":"ULL - Noticias","description":"","potentialAction":[{"@type":"SearchAction","target":{"@type":"EntryPoint","urlTemplate":"https:\/\/www.ull.es\/portal\/noticias\/?s={search_term_string}"},"query-input":"required name=search_term_string"}],"inLanguage":"es"},{"@type":"Person","@id":"https:\/\/www.ull.es\/portal\/noticias\/#\/schema\/person\/b2b1a89d43ffa609e591f7df8ef3e817","name":"gaprsa","image":{"@type":"ImageObject","inLanguage":"es","@id":"https:\/\/www.ull.es\/portal\/noticias\/#\/schema\/person\/image\/","url":"https:\/\/secure.gravatar.com\/avatar\/443820550921091458b4823867723b3d?s=96&d=mm&r=g","contentUrl":"https:\/\/secure.gravatar.com\/avatar\/443820550921091458b4823867723b3d?s=96&d=mm&r=g","caption":"gaprsa"},"url":"https:\/\/www.ull.es\/portal\/noticias\/author\/gaprsa\/"}]}},"primary_category":{"id":345,"name":"Destacado","slug":"destacado","link":"https:\/\/www.ull.es\/portal\/noticias\/category\/destacado\/"},"featured_image_thumbnail_url":"https:\/\/www.ull.es\/portal\/noticias\/wp-content\/uploads\/sites\/13\/2023\/06\/Cumbres-de-La-Palma_Juana-Maria-Gonzalez-Mancebo-300x225.jpg","_links":{"self":[{"href":"https:\/\/www.ull.es\/portal\/noticias\/wp-json\/wp\/v2\/posts\/70176"}],"collection":[{"href":"https:\/\/www.ull.es\/portal\/noticias\/wp-json\/wp\/v2\/posts"}],"about":[{"href":"https:\/\/www.ull.es\/portal\/noticias\/wp-json\/wp\/v2\/types\/post"}],"author":[{"embeddable":true,"href":"https:\/\/www.ull.es\/portal\/noticias\/wp-json\/wp\/v2\/users\/23"}],"replies":[{"embeddable":true,"href":"https:\/\/www.ull.es\/portal\/noticias\/wp-json\/wp\/v2\/comments?post=70176"}],"version-history":[{"count":3,"href":"https:\/\/www.ull.es\/portal\/noticias\/wp-json\/wp\/v2\/posts\/70176\/revisions"}],"predecessor-version":[{"id":70181,"href":"https:\/\/www.ull.es\/portal\/noticias\/wp-json\/wp\/v2\/posts\/70176\/revisions\/70181"}],"wp:featuredmedia":[{"embeddable":true,"href":"https:\/\/www.ull.es\/portal\/noticias\/wp-json\/wp\/v2\/media\/70177"}],"wp:attachment":[{"href":"https:\/\/www.ull.es\/portal\/noticias\/wp-json\/wp\/v2\/media?parent=70176"}],"wp:term":[{"taxonomy":"category","embeddable":true,"href":"https:\/\/www.ull.es\/portal\/noticias\/wp-json\/wp\/v2\/categories?post=70176"},{"taxonomy":"post_tag","embeddable":true,"href":"https:\/\/www.ull.es\/portal\/noticias\/wp-json\/wp\/v2\/tags?post=70176"}],"curies":[{"name":"wp","href":"https:\/\/api.w.org\/{rel}","templated":true}]}}