{"id":70279,"date":"2023-06-13T13:51:26","date_gmt":"2023-06-13T13:51:26","guid":{"rendered":"https:\/\/www.ull.es\/portal\/noticias\/?p=70279"},"modified":"2023-06-13T13:58:00","modified_gmt":"2023-06-13T13:58:00","slug":"repavimentacion-de-la-calle-pedro-zerolo-y-cambio-del-acceso-al-parking-del-campus-central","status":"publish","type":"post","link":"https:\/\/www.ull.es\/portal\/noticias\/2023\/repavimentacion-de-la-calle-pedro-zerolo-y-cambio-del-acceso-al-parking-del-campus-central\/","title":{"rendered":"Repavimentaci\u00f3n de la calle Pedro Zerolo y cambio del acceso al parking del Campus Central"},"content":{"rendered":"<p>El Ayuntamiento de La Laguna comenzar\u00e1 ma\u00f1ana, mi\u00e9rcoles 14 de junio, la repavimentaci\u00f3n de las calles Pedro Zerolo y Morales, por lo que el acceso al parking del Campus Central se realizar\u00e1 por la calle \u00c1ngel Guimer\u00e1 Jorge. Adem\u00e1s, se reducir\u00e1 el n\u00famero de plazas de aparcamiento, ya que no se podr\u00e1 acceder a los aleda\u00f1os del Edificio Central y la trasera del Paraninfo. Por este motivo, se recomienda el uso del transporte p\u00fablico.<\/p>\n","protected":false},"excerpt":{"rendered":"<p>El Ayuntamiento de La Laguna comenzar\u00e1 ma\u00f1ana, mi\u00e9rcoles 14 de junio, la repavimentaci\u00f3n de las calles Pedro Zerolo y Morales,&#8230;<\/p>\n","protected":false},"author":65,"featured_media":0,"comment_status":"closed","ping_status":"closed","sticky":false,"template":"","format":"standard","meta":{"inline_featured_image":false,"footnotes":""},"categories":[2768,2769,2767],"tags":[],"acf":[],"yoast_head":"<!-- This site is optimized with the Yoast SEO plugin v21.3 - https:\/\/yoast.com\/wordpress\/plugins\/seo\/ -->\n<title>Repavimentaci\u00f3n de la calle Pedro Zerolo y cambio del acceso al parking del Campus Central - ULL - Noticias<\/title>\n<meta name=\"robots\" content=\"index, follow, max-snippet:-1, max-image-preview:large, max-video-preview:-1\" \/>\n<link rel=\"canonical\" href=\"https:\/\/www.ull.es\/portal\/noticias\/2023\/repavimentacion-de-la-calle-pedro-zerolo-y-cambio-del-acceso-al-parking-del-campus-central\/\" \/>\n<meta property=\"og:locale\" content=\"es_ES\" \/>\n<meta property=\"og:type\" content=\"article\" \/>\n<meta property=\"og:title\" content=\"Repavimentaci\u00f3n de la calle Pedro Zerolo y cambio del acceso al parking del Campus Central - ULL - Noticias\" \/>\n<meta property=\"og:description\" content=\"El Ayuntamiento de La Laguna comenzar\u00e1 ma\u00f1ana, mi\u00e9rcoles 14 de junio, la repavimentaci\u00f3n de las calles Pedro Zerolo y Morales,...\" \/>\n<meta property=\"og:url\" content=\"https:\/\/www.ull.es\/portal\/noticias\/2023\/repavimentacion-de-la-calle-pedro-zerolo-y-cambio-del-acceso-al-parking-del-campus-central\/\" \/>\n<meta property=\"og:site_name\" content=\"ULL - Noticias\" \/>\n<meta property=\"article:publisher\" content=\"https:\/\/www.facebook.com\/universidaddelalaguna\/\" \/>\n<meta property=\"article:published_time\" content=\"2023-06-13T13:51:26+00:00\" \/>\n<meta property=\"article:modified_time\" content=\"2023-06-13T13:58:00+00:00\" \/>\n<meta property=\"og:image\" content=\"https:\/\/www.ull.es\/portal\/noticias\/wp-content\/uploads\/sites\/13\/2023\/06\/logo-redimensionado.png\" \/>\n\t<meta property=\"og:image:width\" content=\"1200\" \/>\n\t<meta property=\"og:image:height\" content=\"630\" \/>\n\t<meta property=\"og:image:type\" content=\"image\/png\" \/>\n<meta name=\"author\" content=\"gcom4\" \/>\n<meta name=\"twitter:card\" content=\"summary_large_image\" \/>\n<meta name=\"twitter:creator\" content=\"@CanalULL\" \/>\n<meta name=\"twitter:site\" content=\"@CanalULL\" \/>\n<meta name=\"twitter:label1\" content=\"Escrito por\" \/>\n\t<meta name=\"twitter:data1\" content=\"gcom4\" \/>\n\t<meta name=\"twitter:label2\" content=\"Tiempo de lectura\" \/>\n\t<meta name=\"twitter:data2\" content=\"1 minuto\" \/>\n<script type=\"application\/ld+json\" class=\"yoast-schema-graph\">{\"@context\":\"https:\/\/schema.org\",\"@graph\":[{\"@type\":\"WebPage\",\"@id\":\"https:\/\/www.ull.es\/portal\/noticias\/2023\/repavimentacion-de-la-calle-pedro-zerolo-y-cambio-del-acceso-al-parking-del-campus-central\/\",\"url\":\"https:\/\/www.ull.es\/portal\/noticias\/2023\/repavimentacion-de-la-calle-pedro-zerolo-y-cambio-del-acceso-al-parking-del-campus-central\/\",\"name\":\"Repavimentaci\u00f3n de la calle Pedro Zerolo y cambio del acceso al parking del Campus Central - ULL - Noticias\",\"isPartOf\":{\"@id\":\"https:\/\/www.ull.es\/portal\/noticias\/#website\"},\"datePublished\":\"2023-06-13T13:51:26+00:00\",\"dateModified\":\"2023-06-13T13:58:00+00:00\",\"author\":{\"@id\":\"https:\/\/www.ull.es\/portal\/noticias\/#\/schema\/person\/9924518fb1ad37d4428e7b5d6f311773\"},\"breadcrumb\":{\"@id\":\"https:\/\/www.ull.es\/portal\/noticias\/2023\/repavimentacion-de-la-calle-pedro-zerolo-y-cambio-del-acceso-al-parking-del-campus-central\/#breadcrumb\"},\"inLanguage\":\"es\",\"potentialAction\":[{\"@type\":\"ReadAction\",\"target\":[\"https:\/\/www.ull.es\/portal\/noticias\/2023\/repavimentacion-de-la-calle-pedro-zerolo-y-cambio-del-acceso-al-parking-del-campus-central\/\"]}]},{\"@type\":\"BreadcrumbList\",\"@id\":\"https:\/\/www.ull.es\/portal\/noticias\/2023\/repavimentacion-de-la-calle-pedro-zerolo-y-cambio-del-acceso-al-parking-del-campus-central\/#breadcrumb\",\"itemListElement\":[{\"@type\":\"ListItem\",\"position\":1,\"name\":\"Portada\",\"item\":\"https:\/\/www.ull.es\/portal\/noticias\/\"},{\"@type\":\"ListItem\",\"position\":2,\"name\":\"Repavimentaci\u00f3n de la calle Pedro Zerolo y cambio del acceso al parking del Campus Central\"}]},{\"@type\":\"WebSite\",\"@id\":\"https:\/\/www.ull.es\/portal\/noticias\/#website\",\"url\":\"https:\/\/www.ull.es\/portal\/noticias\/\",\"name\":\"ULL - Noticias\",\"description\":\"\",\"potentialAction\":[{\"@type\":\"SearchAction\",\"target\":{\"@type\":\"EntryPoint\",\"urlTemplate\":\"https:\/\/www.ull.es\/portal\/noticias\/?s={search_term_string}\"},\"query-input\":\"required name=search_term_string\"}],\"inLanguage\":\"es\"},{\"@type\":\"Person\",\"@id\":\"https:\/\/www.ull.es\/portal\/noticias\/#\/schema\/person\/9924518fb1ad37d4428e7b5d6f311773\",\"name\":\"gcom4\",\"image\":{\"@type\":\"ImageObject\",\"inLanguage\":\"es\",\"@id\":\"https:\/\/www.ull.es\/portal\/noticias\/#\/schema\/person\/image\/\",\"url\":\"https:\/\/secure.gravatar.com\/avatar\/a5d1f5573f10617ccfcc209aaf6aa7fb?s=96&d=mm&r=g\",\"contentUrl\":\"https:\/\/secure.gravatar.com\/avatar\/a5d1f5573f10617ccfcc209aaf6aa7fb?s=96&d=mm&r=g\",\"caption\":\"gcom4\"},\"url\":\"https:\/\/www.ull.es\/portal\/noticias\/author\/gcom4\/\"}]}<\/script>\n<!-- \/ Yoast SEO plugin. -->","yoast_head_json":{"title":"Repavimentaci\u00f3n de la calle Pedro Zerolo y cambio del acceso al parking del Campus Central - ULL - Noticias","robots":{"index":"index","follow":"follow","max-snippet":"max-snippet:-1","max-image-preview":"max-image-preview:large","max-video-preview":"max-video-preview:-1"},"canonical":"https:\/\/www.ull.es\/portal\/noticias\/2023\/repavimentacion-de-la-calle-pedro-zerolo-y-cambio-del-acceso-al-parking-del-campus-central\/","og_locale":"es_ES","og_type":"article","og_title":"Repavimentaci\u00f3n de la calle Pedro Zerolo y cambio del acceso al parking del Campus Central - ULL - Noticias","og_description":"El Ayuntamiento de La Laguna comenzar\u00e1 ma\u00f1ana, mi\u00e9rcoles 14 de junio, la repavimentaci\u00f3n de las calles Pedro Zerolo y Morales,...","og_url":"https:\/\/www.ull.es\/portal\/noticias\/2023\/repavimentacion-de-la-calle-pedro-zerolo-y-cambio-del-acceso-al-parking-del-campus-central\/","og_site_name":"ULL - Noticias","article_publisher":"https:\/\/www.facebook.com\/universidaddelalaguna\/","article_published_time":"2023-06-13T13:51:26+00:00","article_modified_time":"2023-06-13T13:58:00+00:00","og_image":[{"width":1200,"height":630,"url":"https:\/\/www.ull.es\/portal\/noticias\/wp-content\/uploads\/sites\/13\/2023\/06\/logo-redimensionado.png","type":"image\/png"}],"author":"gcom4","twitter_card":"summary_large_image","twitter_creator":"@CanalULL","twitter_site":"@CanalULL","twitter_misc":{"Escrito por":"gcom4","Tiempo de lectura":"1 minuto"},"schema":{"@context":"https:\/\/schema.org","@graph":[{"@type":"WebPage","@id":"https:\/\/www.ull.es\/portal\/noticias\/2023\/repavimentacion-de-la-calle-pedro-zerolo-y-cambio-del-acceso-al-parking-del-campus-central\/","url":"https:\/\/www.ull.es\/portal\/noticias\/2023\/repavimentacion-de-la-calle-pedro-zerolo-y-cambio-del-acceso-al-parking-del-campus-central\/","name":"Repavimentaci\u00f3n de la calle Pedro Zerolo y cambio del acceso al parking del Campus Central - ULL - Noticias","isPartOf":{"@id":"https:\/\/www.ull.es\/portal\/noticias\/#website"},"datePublished":"2023-06-13T13:51:26+00:00","dateModified":"2023-06-13T13:58:00+00:00","author":{"@id":"https:\/\/www.ull.es\/portal\/noticias\/#\/schema\/person\/9924518fb1ad37d4428e7b5d6f311773"},"breadcrumb":{"@id":"https:\/\/www.ull.es\/portal\/noticias\/2023\/repavimentacion-de-la-calle-pedro-zerolo-y-cambio-del-acceso-al-parking-del-campus-central\/#breadcrumb"},"inLanguage":"es","potentialAction":[{"@type":"ReadAction","target":["https:\/\/www.ull.es\/portal\/noticias\/2023\/repavimentacion-de-la-calle-pedro-zerolo-y-cambio-del-acceso-al-parking-del-campus-central\/"]}]},{"@type":"BreadcrumbList","@id":"https:\/\/www.ull.es\/portal\/noticias\/2023\/repavimentacion-de-la-calle-pedro-zerolo-y-cambio-del-acceso-al-parking-del-campus-central\/#breadcrumb","itemListElement":[{"@type":"ListItem","position":1,"name":"Portada","item":"https:\/\/www.ull.es\/portal\/noticias\/"},{"@type":"ListItem","position":2,"name":"Repavimentaci\u00f3n de la calle Pedro Zerolo y cambio del acceso al parking del Campus Central"}]},{"@type":"WebSite","@id":"https:\/\/www.ull.es\/portal\/noticias\/#website","url":"https:\/\/www.ull.es\/portal\/noticias\/","name":"ULL - Noticias","description":"","potentialAction":[{"@type":"SearchAction","target":{"@type":"EntryPoint","urlTemplate":"https:\/\/www.ull.es\/portal\/noticias\/?s={search_term_string}"},"query-input":"required name=search_term_string"}],"inLanguage":"es"},{"@type":"Person","@id":"https:\/\/www.ull.es\/portal\/noticias\/#\/schema\/person\/9924518fb1ad37d4428e7b5d6f311773","name":"gcom4","image":{"@type":"ImageObject","inLanguage":"es","@id":"https:\/\/www.ull.es\/portal\/noticias\/#\/schema\/person\/image\/","url":"https:\/\/secure.gravatar.com\/avatar\/a5d1f5573f10617ccfcc209aaf6aa7fb?s=96&d=mm&r=g","contentUrl":"https:\/\/secure.gravatar.com\/avatar\/a5d1f5573f10617ccfcc209aaf6aa7fb?s=96&d=mm&r=g","caption":"gcom4"},"url":"https:\/\/www.ull.es\/portal\/noticias\/author\/gcom4\/"}]}},"primary_category":{"id":2769,"name":"Notificaciones PAS","slug":"notificaciones-pas","link":"https:\/\/www.ull.es\/portal\/noticias\/category\/notificaciones-ull\/notificaciones-pas\/"},"featured_image_thumbnail_url":null,"_links":{"self":[{"href":"https:\/\/www.ull.es\/portal\/noticias\/wp-json\/wp\/v2\/posts\/70279"}],"collection":[{"href":"https:\/\/www.ull.es\/portal\/noticias\/wp-json\/wp\/v2\/posts"}],"about":[{"href":"https:\/\/www.ull.es\/portal\/noticias\/wp-json\/wp\/v2\/types\/post"}],"author":[{"embeddable":true,"href":"https:\/\/www.ull.es\/portal\/noticias\/wp-json\/wp\/v2\/users\/65"}],"replies":[{"embeddable":true,"href":"https:\/\/www.ull.es\/portal\/noticias\/wp-json\/wp\/v2\/comments?post=70279"}],"version-history":[{"count":2,"href":"https:\/\/www.ull.es\/portal\/noticias\/wp-json\/wp\/v2\/posts\/70279\/revisions"}],"predecessor-version":[{"id":70281,"href":"https:\/\/www.ull.es\/portal\/noticias\/wp-json\/wp\/v2\/posts\/70279\/revisions\/70281"}],"wp:attachment":[{"href":"https:\/\/www.ull.es\/portal\/noticias\/wp-json\/wp\/v2\/media?parent=70279"}],"wp:term":[{"taxonomy":"category","embeddable":true,"href":"https:\/\/www.ull.es\/portal\/noticias\/wp-json\/wp\/v2\/categories?post=70279"},{"taxonomy":"post_tag","embeddable":true,"href":"https:\/\/www.ull.es\/portal\/noticias\/wp-json\/wp\/v2\/tags?post=70279"}],"curies":[{"name":"wp","href":"https:\/\/api.w.org\/{rel}","templated":true}]}}