{"id":70284,"date":"2023-06-13T14:30:43","date_gmt":"2023-06-13T14:30:43","guid":{"rendered":"https:\/\/www.ull.es\/portal\/noticias\/?p=70284"},"modified":"2023-06-13T14:30:43","modified_gmt":"2023-06-13T14:30:43","slug":"el-master-en-agroecologia-y-soberania-alimentaria-de-la-ull-imparte-en-la-palma-un-curso-sobre-el-manejo-de-agrosistemas-subtropicales-de-frutales","status":"publish","type":"post","link":"https:\/\/www.ull.es\/portal\/noticias\/2023\/el-master-en-agroecologia-y-soberania-alimentaria-de-la-ull-imparte-en-la-palma-un-curso-sobre-el-manejo-de-agrosistemas-subtropicales-de-frutales\/","title":{"rendered":"El M\u00e1ster en Agroecolog\u00eda y Soberan\u00eda Alimentaria de la ULL imparte en La Palma un curso sobre el manejo de agrosistemas subtropicales de frutales"},"content":{"rendered":"<p>Ha dado comienzo en Los Llanos de Aridane el curso \u2018Manejo de agrosistemas subtropicales de frutales: pl\u00e1tano, aguacate, mango, c\u00edtricos y papaya. La importancia de la ordenaci\u00f3n del territorio\u2019 que organiza la Universidad de La Laguna conjuntamente con la Fundaci\u00f3n Instituto de Agroecolog\u00eda y Sostenibilidad (FIAES), el Instituto Canario de Investigaciones Agrarias (ICIA) y la Cooperativa de Productores de Pl\u00e1tanos de Canarias (COPLACA).<\/p>\n<p>Se trata de un curso de 50 horas de duraci\u00f3n que, a su vez, forma parte del programa formativo del\u00a0<a href=\"https:\/\/www.ull.es\/titulospropios\/master-propio-agroecologia-soberania-alimentaria\/\" target=\"_blank\" rel=\"noopener\">M\u00e1ster Propio de Agroecolog\u00eda, Soberan\u00eda Alimentaria, Ecolog\u00eda Urbana y Cooperaci\u00f3n al Desarrollo Rural<\/a><em>\u00a0<\/em>de la Universidad de La Laguna<em>.<\/em>\u00a0La formaci\u00f3n\u00a0se prolongar\u00e1 hasta el viernes 16 de junio y se imparte en la Escuela de Capacitaci\u00f3n Agraria de Los Llanos de Aridane en la isla de La Palma.\u00a0Esta nueva edici\u00f3n del curso ha vuelto a ser un \u00e9xito de matr\u00edcula, complet\u00e1ndose las 25 plazas que se ofrec\u00edan y ha contado con el patrocinio del Cabildo Insular de Tenerife que ofrec\u00eda una beca del 50% de la matr\u00edcula para el alumnado residente en Tenerife<\/p>\n<p><img decoding=\"async\" loading=\"lazy\" class=\"alignleft size-medium wp-image-70286\" src=\"https:\/\/www.ull.es\/portal\/noticias\/wp-content\/uploads\/sites\/13\/2023\/06\/Cultivos-subtropicales--300x210.jpg\" alt=\"\" width=\"300\" height=\"210\" srcset=\"https:\/\/www.ull.es\/portal\/noticias\/wp-content\/uploads\/sites\/13\/2023\/06\/Cultivos-subtropicales--300x210.jpg 300w, https:\/\/www.ull.es\/portal\/noticias\/wp-content\/uploads\/sites\/13\/2023\/06\/Cultivos-subtropicales--1024x716.jpg 1024w, https:\/\/www.ull.es\/portal\/noticias\/wp-content\/uploads\/sites\/13\/2023\/06\/Cultivos-subtropicales--768x537.jpg 768w, https:\/\/www.ull.es\/portal\/noticias\/wp-content\/uploads\/sites\/13\/2023\/06\/Cultivos-subtropicales--1536x1074.jpg 1536w, https:\/\/www.ull.es\/portal\/noticias\/wp-content\/uploads\/sites\/13\/2023\/06\/Cultivos-subtropicales--375x262.jpg 375w, https:\/\/www.ull.es\/portal\/noticias\/wp-content\/uploads\/sites\/13\/2023\/06\/Cultivos-subtropicales--750x525.jpg 750w, https:\/\/www.ull.es\/portal\/noticias\/wp-content\/uploads\/sites\/13\/2023\/06\/Cultivos-subtropicales--1140x797.jpg 1140w, https:\/\/www.ull.es\/portal\/noticias\/wp-content\/uploads\/sites\/13\/2023\/06\/Cultivos-subtropicales-.jpg 1600w\" sizes=\"(max-width: 300px) 100vw, 300px\" \/>El curso fue inaugurado por el director acad\u00e9mico del M\u00e1ster, Francisco Javier\u00a0Amador, profesor del Departamento de Econom\u00eda, Contabilidad y Finanzas, y por Javier L\u00f3pez Cepero,\u00a0coordinador del Departamento T\u00e9cnico de COPLACA, docente y coordinador de este curso.<\/p>\n<p>Entre el profesorado del curso\u00a0se encuentran\u00a0ponentes de diferentes instituciones acad\u00e9micas, organizaciones agr\u00edcolas, agricultores y t\u00e9cnicos del sector. Adem\u00e1s de ofrecer formaci\u00f3n te\u00f3rica sobre el manejo ecol\u00f3gico de cultivos como el pl\u00e1tano, el aguacate y la papaya, tambi\u00e9n se contemplan m\u00f3dulos dedicados al manejo ecol\u00f3gico de cafetales en el contexto espec\u00edfico de Canarias, as\u00ed como el de hortalizas y legumbres en medios \u00e1ridos, experiencias exitosas de empresas de inserci\u00f3n social en el sector agr\u00edcola que aplican el manejo agroecol\u00f3gico en sus fincas, como el caso de\u00a0<em>Busc\u00e1ndome las Habichuelas<\/em>, y se visitan diversas ecofincas en las que se conoce de primera mano el resultado de llevar las bases te\u00f3ricas a la pr\u00e1ctica.<\/p>\n<p>El curso tambi\u00e9n dedica una parte importante de su contenido al control biol\u00f3gico, al compostaje de materia org\u00e1nica, a la ordenaci\u00f3n del territorio y a los sistemas de certificaci\u00f3n de producci\u00f3n ecol\u00f3gica.<\/p>\n<p>&nbsp;<\/p>\n","protected":false},"excerpt":{"rendered":"<p>Ha dado comienzo en Los Llanos de Aridane el curso \u2018Manejo de agrosistemas subtropicales de frutales: pl\u00e1tano, aguacate, mango, c\u00edtricos&#8230;<\/p>\n","protected":false},"author":23,"featured_media":70285,"comment_status":"closed","ping_status":"closed","sticky":false,"template":"","format":"standard","meta":{"inline_featured_image":false,"footnotes":""},"categories":[345,346,2765],"tags":[10060],"acf":[],"yoast_head":"<!-- This site is optimized with the Yoast SEO plugin v21.3 - https:\/\/yoast.com\/wordpress\/plugins\/seo\/ -->\n<title>El M\u00e1ster en Agroecolog\u00eda y Soberan\u00eda Alimentaria de la ULL imparte en La Palma un curso sobre el manejo de agrosistemas subtropicales de frutales - ULL - Noticias<\/title>\n<meta name=\"robots\" content=\"index, follow, max-snippet:-1, max-image-preview:large, max-video-preview:-1\" \/>\n<link rel=\"canonical\" href=\"https:\/\/www.ull.es\/portal\/noticias\/2023\/el-master-en-agroecologia-y-soberania-alimentaria-de-la-ull-imparte-en-la-palma-un-curso-sobre-el-manejo-de-agrosistemas-subtropicales-de-frutales\/\" \/>\n<meta property=\"og:locale\" content=\"es_ES\" \/>\n<meta property=\"og:type\" content=\"article\" \/>\n<meta property=\"og:title\" content=\"El M\u00e1ster en Agroecolog\u00eda y Soberan\u00eda Alimentaria de la ULL imparte en La Palma un curso sobre el manejo de agrosistemas subtropicales de frutales - ULL - Noticias\" \/>\n<meta property=\"og:description\" content=\"Ha dado comienzo en Los Llanos de Aridane el curso \u2018Manejo de agrosistemas subtropicales de frutales: pl\u00e1tano, aguacate, mango, c\u00edtricos...\" \/>\n<meta property=\"og:url\" content=\"https:\/\/www.ull.es\/portal\/noticias\/2023\/el-master-en-agroecologia-y-soberania-alimentaria-de-la-ull-imparte-en-la-palma-un-curso-sobre-el-manejo-de-agrosistemas-subtropicales-de-frutales\/\" \/>\n<meta property=\"og:site_name\" content=\"ULL - Noticias\" \/>\n<meta property=\"article:publisher\" content=\"https:\/\/www.facebook.com\/universidaddelalaguna\/\" \/>\n<meta property=\"article:published_time\" content=\"2023-06-13T14:30:43+00:00\" \/>\n<meta property=\"og:image\" content=\"https:\/\/www.ull.es\/portal\/noticias\/wp-content\/uploads\/sites\/13\/2023\/06\/master-propio-grupo.jpg\" \/>\n\t<meta property=\"og:image:width\" content=\"1600\" \/>\n\t<meta property=\"og:image:height\" content=\"1200\" \/>\n\t<meta property=\"og:image:type\" content=\"image\/jpeg\" \/>\n<meta name=\"author\" content=\"gaprsa\" \/>\n<meta name=\"twitter:card\" content=\"summary_large_image\" \/>\n<meta name=\"twitter:creator\" content=\"@CanalULL\" \/>\n<meta name=\"twitter:site\" content=\"@CanalULL\" \/>\n<meta name=\"twitter:label1\" content=\"Escrito por\" \/>\n\t<meta name=\"twitter:data1\" content=\"gaprsa\" \/>\n\t<meta name=\"twitter:label2\" content=\"Tiempo de lectura\" \/>\n\t<meta name=\"twitter:data2\" content=\"2 minutos\" \/>\n<script type=\"application\/ld+json\" class=\"yoast-schema-graph\">{\"@context\":\"https:\/\/schema.org\",\"@graph\":[{\"@type\":\"WebPage\",\"@id\":\"https:\/\/www.ull.es\/portal\/noticias\/2023\/el-master-en-agroecologia-y-soberania-alimentaria-de-la-ull-imparte-en-la-palma-un-curso-sobre-el-manejo-de-agrosistemas-subtropicales-de-frutales\/\",\"url\":\"https:\/\/www.ull.es\/portal\/noticias\/2023\/el-master-en-agroecologia-y-soberania-alimentaria-de-la-ull-imparte-en-la-palma-un-curso-sobre-el-manejo-de-agrosistemas-subtropicales-de-frutales\/\",\"name\":\"El M\u00e1ster en Agroecolog\u00eda y Soberan\u00eda Alimentaria de la ULL imparte en La Palma un curso sobre el manejo de agrosistemas subtropicales de frutales - ULL - Noticias\",\"isPartOf\":{\"@id\":\"https:\/\/www.ull.es\/portal\/noticias\/#website\"},\"datePublished\":\"2023-06-13T14:30:43+00:00\",\"dateModified\":\"2023-06-13T14:30:43+00:00\",\"author\":{\"@id\":\"https:\/\/www.ull.es\/portal\/noticias\/#\/schema\/person\/b2b1a89d43ffa609e591f7df8ef3e817\"},\"breadcrumb\":{\"@id\":\"https:\/\/www.ull.es\/portal\/noticias\/2023\/el-master-en-agroecologia-y-soberania-alimentaria-de-la-ull-imparte-en-la-palma-un-curso-sobre-el-manejo-de-agrosistemas-subtropicales-de-frutales\/#breadcrumb\"},\"inLanguage\":\"es\",\"potentialAction\":[{\"@type\":\"ReadAction\",\"target\":[\"https:\/\/www.ull.es\/portal\/noticias\/2023\/el-master-en-agroecologia-y-soberania-alimentaria-de-la-ull-imparte-en-la-palma-un-curso-sobre-el-manejo-de-agrosistemas-subtropicales-de-frutales\/\"]}]},{\"@type\":\"BreadcrumbList\",\"@id\":\"https:\/\/www.ull.es\/portal\/noticias\/2023\/el-master-en-agroecologia-y-soberania-alimentaria-de-la-ull-imparte-en-la-palma-un-curso-sobre-el-manejo-de-agrosistemas-subtropicales-de-frutales\/#breadcrumb\",\"itemListElement\":[{\"@type\":\"ListItem\",\"position\":1,\"name\":\"Portada\",\"item\":\"https:\/\/www.ull.es\/portal\/noticias\/\"},{\"@type\":\"ListItem\",\"position\":2,\"name\":\"El M\u00e1ster en Agroecolog\u00eda y Soberan\u00eda Alimentaria de la ULL imparte en La Palma un curso sobre el manejo de agrosistemas subtropicales de frutales\"}]},{\"@type\":\"WebSite\",\"@id\":\"https:\/\/www.ull.es\/portal\/noticias\/#website\",\"url\":\"https:\/\/www.ull.es\/portal\/noticias\/\",\"name\":\"ULL - Noticias\",\"description\":\"\",\"potentialAction\":[{\"@type\":\"SearchAction\",\"target\":{\"@type\":\"EntryPoint\",\"urlTemplate\":\"https:\/\/www.ull.es\/portal\/noticias\/?s={search_term_string}\"},\"query-input\":\"required name=search_term_string\"}],\"inLanguage\":\"es\"},{\"@type\":\"Person\",\"@id\":\"https:\/\/www.ull.es\/portal\/noticias\/#\/schema\/person\/b2b1a89d43ffa609e591f7df8ef3e817\",\"name\":\"gaprsa\",\"image\":{\"@type\":\"ImageObject\",\"inLanguage\":\"es\",\"@id\":\"https:\/\/www.ull.es\/portal\/noticias\/#\/schema\/person\/image\/\",\"url\":\"https:\/\/secure.gravatar.com\/avatar\/443820550921091458b4823867723b3d?s=96&d=mm&r=g\",\"contentUrl\":\"https:\/\/secure.gravatar.com\/avatar\/443820550921091458b4823867723b3d?s=96&d=mm&r=g\",\"caption\":\"gaprsa\"},\"url\":\"https:\/\/www.ull.es\/portal\/noticias\/author\/gaprsa\/\"}]}<\/script>\n<!-- \/ Yoast SEO plugin. -->","yoast_head_json":{"title":"El M\u00e1ster en Agroecolog\u00eda y Soberan\u00eda Alimentaria de la ULL imparte en La Palma un curso sobre el manejo de agrosistemas subtropicales de frutales - ULL - Noticias","robots":{"index":"index","follow":"follow","max-snippet":"max-snippet:-1","max-image-preview":"max-image-preview:large","max-video-preview":"max-video-preview:-1"},"canonical":"https:\/\/www.ull.es\/portal\/noticias\/2023\/el-master-en-agroecologia-y-soberania-alimentaria-de-la-ull-imparte-en-la-palma-un-curso-sobre-el-manejo-de-agrosistemas-subtropicales-de-frutales\/","og_locale":"es_ES","og_type":"article","og_title":"El M\u00e1ster en Agroecolog\u00eda y Soberan\u00eda Alimentaria de la ULL imparte en La Palma un curso sobre el manejo de agrosistemas subtropicales de frutales - ULL - Noticias","og_description":"Ha dado comienzo en Los Llanos de Aridane el curso \u2018Manejo de agrosistemas subtropicales de frutales: pl\u00e1tano, aguacate, mango, c\u00edtricos...","og_url":"https:\/\/www.ull.es\/portal\/noticias\/2023\/el-master-en-agroecologia-y-soberania-alimentaria-de-la-ull-imparte-en-la-palma-un-curso-sobre-el-manejo-de-agrosistemas-subtropicales-de-frutales\/","og_site_name":"ULL - Noticias","article_publisher":"https:\/\/www.facebook.com\/universidaddelalaguna\/","article_published_time":"2023-06-13T14:30:43+00:00","og_image":[{"width":1600,"height":1200,"url":"https:\/\/www.ull.es\/portal\/noticias\/wp-content\/uploads\/sites\/13\/2023\/06\/master-propio-grupo.jpg","type":"image\/jpeg"}],"author":"gaprsa","twitter_card":"summary_large_image","twitter_creator":"@CanalULL","twitter_site":"@CanalULL","twitter_misc":{"Escrito por":"gaprsa","Tiempo de lectura":"2 minutos"},"schema":{"@context":"https:\/\/schema.org","@graph":[{"@type":"WebPage","@id":"https:\/\/www.ull.es\/portal\/noticias\/2023\/el-master-en-agroecologia-y-soberania-alimentaria-de-la-ull-imparte-en-la-palma-un-curso-sobre-el-manejo-de-agrosistemas-subtropicales-de-frutales\/","url":"https:\/\/www.ull.es\/portal\/noticias\/2023\/el-master-en-agroecologia-y-soberania-alimentaria-de-la-ull-imparte-en-la-palma-un-curso-sobre-el-manejo-de-agrosistemas-subtropicales-de-frutales\/","name":"El M\u00e1ster en Agroecolog\u00eda y Soberan\u00eda Alimentaria de la ULL imparte en La Palma un curso sobre el manejo de agrosistemas subtropicales de frutales - ULL - Noticias","isPartOf":{"@id":"https:\/\/www.ull.es\/portal\/noticias\/#website"},"datePublished":"2023-06-13T14:30:43+00:00","dateModified":"2023-06-13T14:30:43+00:00","author":{"@id":"https:\/\/www.ull.es\/portal\/noticias\/#\/schema\/person\/b2b1a89d43ffa609e591f7df8ef3e817"},"breadcrumb":{"@id":"https:\/\/www.ull.es\/portal\/noticias\/2023\/el-master-en-agroecologia-y-soberania-alimentaria-de-la-ull-imparte-en-la-palma-un-curso-sobre-el-manejo-de-agrosistemas-subtropicales-de-frutales\/#breadcrumb"},"inLanguage":"es","potentialAction":[{"@type":"ReadAction","target":["https:\/\/www.ull.es\/portal\/noticias\/2023\/el-master-en-agroecologia-y-soberania-alimentaria-de-la-ull-imparte-en-la-palma-un-curso-sobre-el-manejo-de-agrosistemas-subtropicales-de-frutales\/"]}]},{"@type":"BreadcrumbList","@id":"https:\/\/www.ull.es\/portal\/noticias\/2023\/el-master-en-agroecologia-y-soberania-alimentaria-de-la-ull-imparte-en-la-palma-un-curso-sobre-el-manejo-de-agrosistemas-subtropicales-de-frutales\/#breadcrumb","itemListElement":[{"@type":"ListItem","position":1,"name":"Portada","item":"https:\/\/www.ull.es\/portal\/noticias\/"},{"@type":"ListItem","position":2,"name":"El M\u00e1ster en Agroecolog\u00eda y Soberan\u00eda Alimentaria de la ULL imparte en La Palma un curso sobre el manejo de agrosistemas subtropicales de frutales"}]},{"@type":"WebSite","@id":"https:\/\/www.ull.es\/portal\/noticias\/#website","url":"https:\/\/www.ull.es\/portal\/noticias\/","name":"ULL - Noticias","description":"","potentialAction":[{"@type":"SearchAction","target":{"@type":"EntryPoint","urlTemplate":"https:\/\/www.ull.es\/portal\/noticias\/?s={search_term_string}"},"query-input":"required name=search_term_string"}],"inLanguage":"es"},{"@type":"Person","@id":"https:\/\/www.ull.es\/portal\/noticias\/#\/schema\/person\/b2b1a89d43ffa609e591f7df8ef3e817","name":"gaprsa","image":{"@type":"ImageObject","inLanguage":"es","@id":"https:\/\/www.ull.es\/portal\/noticias\/#\/schema\/person\/image\/","url":"https:\/\/secure.gravatar.com\/avatar\/443820550921091458b4823867723b3d?s=96&d=mm&r=g","contentUrl":"https:\/\/secure.gravatar.com\/avatar\/443820550921091458b4823867723b3d?s=96&d=mm&r=g","caption":"gaprsa"},"url":"https:\/\/www.ull.es\/portal\/noticias\/author\/gaprsa\/"}]}},"primary_category":{"id":345,"name":"Destacado","slug":"destacado","link":"https:\/\/www.ull.es\/portal\/noticias\/category\/destacado\/"},"featured_image_thumbnail_url":"https:\/\/www.ull.es\/portal\/noticias\/wp-content\/uploads\/sites\/13\/2023\/06\/master-propio-grupo-300x225.jpg","_links":{"self":[{"href":"https:\/\/www.ull.es\/portal\/noticias\/wp-json\/wp\/v2\/posts\/70284"}],"collection":[{"href":"https:\/\/www.ull.es\/portal\/noticias\/wp-json\/wp\/v2\/posts"}],"about":[{"href":"https:\/\/www.ull.es\/portal\/noticias\/wp-json\/wp\/v2\/types\/post"}],"author":[{"embeddable":true,"href":"https:\/\/www.ull.es\/portal\/noticias\/wp-json\/wp\/v2\/users\/23"}],"replies":[{"embeddable":true,"href":"https:\/\/www.ull.es\/portal\/noticias\/wp-json\/wp\/v2\/comments?post=70284"}],"version-history":[{"count":1,"href":"https:\/\/www.ull.es\/portal\/noticias\/wp-json\/wp\/v2\/posts\/70284\/revisions"}],"predecessor-version":[{"id":70287,"href":"https:\/\/www.ull.es\/portal\/noticias\/wp-json\/wp\/v2\/posts\/70284\/revisions\/70287"}],"wp:featuredmedia":[{"embeddable":true,"href":"https:\/\/www.ull.es\/portal\/noticias\/wp-json\/wp\/v2\/media\/70285"}],"wp:attachment":[{"href":"https:\/\/www.ull.es\/portal\/noticias\/wp-json\/wp\/v2\/media?parent=70284"}],"wp:term":[{"taxonomy":"category","embeddable":true,"href":"https:\/\/www.ull.es\/portal\/noticias\/wp-json\/wp\/v2\/categories?post=70284"},{"taxonomy":"post_tag","embeddable":true,"href":"https:\/\/www.ull.es\/portal\/noticias\/wp-json\/wp\/v2\/tags?post=70284"}],"curies":[{"name":"wp","href":"https:\/\/api.w.org\/{rel}","templated":true}]}}