{"id":70429,"date":"2023-06-21T12:22:57","date_gmt":"2023-06-21T12:22:57","guid":{"rendered":"https:\/\/www.ull.es\/portal\/noticias\/?p=70429"},"modified":"2023-06-21T12:22:57","modified_gmt":"2023-06-21T12:22:57","slug":"arrancan-manana-en-la-universidad-de-la-laguna-las-ii-jornadas-de-aprendizaje-servicio","status":"publish","type":"post","link":"https:\/\/www.ull.es\/portal\/noticias\/2023\/arrancan-manana-en-la-universidad-de-la-laguna-las-ii-jornadas-de-aprendizaje-servicio\/","title":{"rendered":"Arrancan ma\u00f1ana en la Universidad de La Laguna las II Jornadas de Aprendizaje-Servicio"},"content":{"rendered":"<p>La Universidad de La Laguna acoger\u00e1 ma\u00f1ana jueves 22 de junio las II Jornadas de Aprendizaje-Servicio que se llevar\u00e1n a cabo de 9:00 a 14:30 en el sal\u00f3n de actos del edificio de La Pir\u00e1mide de la Facultad de Ciencias Sociales y de la Comunicaci\u00f3n. Las jornadas est\u00e1n organizadas por el Programa de Aprendizaje-Servicio de la Universidad de La Laguna y la Consejer\u00eda del \u00c1rea de Educaci\u00f3n, Juventud, Museos y Deportes del Cabildo Insular de Tenerife.<\/p>\n<p>En la inauguraci\u00f3n, participar\u00e1n Francisco Garc\u00eda, rector de la Universidad de La Laguna; Concepci\u00f3n Rivero, consejera insular del \u00c1rea de Educaci\u00f3n, Juventud, Museos y Deportes; Jos\u00e9 Manuel Garc\u00eda Fraga, vicerrector de Docencia y Yolanda Ortega, presidenta de la Asociaci\u00f3n Canaria de Aprendizaje-Servicio<\/p>\n<p>Tras la apertura, se entregar\u00e1n los primeros premios de Aprendizaje-Servicio Universidad de La Laguna &#8211; Cabildo de Tenerife. El objetivo es reconocer los proyectos que han logrado un impacto positivo en la comunidad en el curso 2022-23 o anteriores. A trav\u00e9s de esta distinci\u00f3n, se busca resaltar el compromiso social y el trabajo colaborativo de los participantes.<\/p>\n<p>Durante las jornadas, se contar\u00e1 con la participaci\u00f3n de la pedagoga Roser Batlle, referente del Aprendizaje-Servicio en Espa\u00f1a y fundadora de la red nacional en esta materia, quien ofrecer\u00e1 la conferencia inaugural a trav\u00e9s de videoconferencia. Asimismo, la charla de clausura estar\u00e1 a cargo de Yolanda Ortega. Adem\u00e1s, se presentar\u00e1n nueve proyectos desarrollados en centros de educaci\u00f3n secundaria de Tenerife y en la Universidad de La Laguna. El <a href=\"https:\/\/apsull.wixsite.com\/ii-jornadas-de-apren\" target=\"_blank\" rel=\"noopener\">programa<\/a> e informaci\u00f3n sobre inscripciones est\u00e1n disponibles.<\/p>\n","protected":false},"excerpt":{"rendered":"<p>La Universidad de La Laguna acoger\u00e1 ma\u00f1ana jueves 22 de junio las II Jornadas de Aprendizaje-Servicio que se llevar\u00e1n a&#8230;<\/p>\n","protected":false},"author":23,"featured_media":70431,"comment_status":"closed","ping_status":"closed","sticky":false,"template":"","format":"standard","meta":{"inline_featured_image":false,"footnotes":""},"categories":[345,348,2765],"tags":[3421],"acf":[],"yoast_head":"<!-- This site is optimized with the Yoast SEO plugin v21.3 - https:\/\/yoast.com\/wordpress\/plugins\/seo\/ -->\n<title>Arrancan ma\u00f1ana en la Universidad de La Laguna las II Jornadas de Aprendizaje-Servicio - ULL - Noticias<\/title>\n<meta name=\"robots\" content=\"index, follow, max-snippet:-1, max-image-preview:large, max-video-preview:-1\" \/>\n<link rel=\"canonical\" href=\"https:\/\/www.ull.es\/portal\/noticias\/2023\/arrancan-manana-en-la-universidad-de-la-laguna-las-ii-jornadas-de-aprendizaje-servicio\/\" \/>\n<meta property=\"og:locale\" content=\"es_ES\" \/>\n<meta property=\"og:type\" content=\"article\" \/>\n<meta property=\"og:title\" content=\"Arrancan ma\u00f1ana en la Universidad de La Laguna las II Jornadas de Aprendizaje-Servicio - ULL - Noticias\" \/>\n<meta property=\"og:description\" content=\"La Universidad de La Laguna acoger\u00e1 ma\u00f1ana jueves 22 de junio las II Jornadas de Aprendizaje-Servicio que se llevar\u00e1n a...\" \/>\n<meta property=\"og:url\" content=\"https:\/\/www.ull.es\/portal\/noticias\/2023\/arrancan-manana-en-la-universidad-de-la-laguna-las-ii-jornadas-de-aprendizaje-servicio\/\" \/>\n<meta property=\"og:site_name\" content=\"ULL - Noticias\" \/>\n<meta property=\"article:publisher\" content=\"https:\/\/www.facebook.com\/universidaddelalaguna\/\" \/>\n<meta property=\"article:published_time\" content=\"2023-06-21T12:22:57+00:00\" \/>\n<meta property=\"og:image\" content=\"https:\/\/www.ull.es\/portal\/noticias\/wp-content\/uploads\/sites\/13\/2023\/06\/aprendizaje-servicio.jpg\" \/>\n\t<meta property=\"og:image:width\" content=\"1460\" \/>\n\t<meta property=\"og:image:height\" content=\"730\" \/>\n\t<meta property=\"og:image:type\" content=\"image\/jpeg\" \/>\n<meta name=\"author\" content=\"gaprsa\" \/>\n<meta name=\"twitter:card\" content=\"summary_large_image\" \/>\n<meta name=\"twitter:creator\" content=\"@CanalULL\" \/>\n<meta name=\"twitter:site\" content=\"@CanalULL\" \/>\n<meta name=\"twitter:label1\" content=\"Escrito por\" \/>\n\t<meta name=\"twitter:data1\" content=\"gaprsa\" \/>\n\t<meta name=\"twitter:label2\" content=\"Tiempo de lectura\" \/>\n\t<meta name=\"twitter:data2\" content=\"2 minutos\" \/>\n<script type=\"application\/ld+json\" class=\"yoast-schema-graph\">{\"@context\":\"https:\/\/schema.org\",\"@graph\":[{\"@type\":\"WebPage\",\"@id\":\"https:\/\/www.ull.es\/portal\/noticias\/2023\/arrancan-manana-en-la-universidad-de-la-laguna-las-ii-jornadas-de-aprendizaje-servicio\/\",\"url\":\"https:\/\/www.ull.es\/portal\/noticias\/2023\/arrancan-manana-en-la-universidad-de-la-laguna-las-ii-jornadas-de-aprendizaje-servicio\/\",\"name\":\"Arrancan ma\u00f1ana en la Universidad de La Laguna las II Jornadas de Aprendizaje-Servicio - ULL - Noticias\",\"isPartOf\":{\"@id\":\"https:\/\/www.ull.es\/portal\/noticias\/#website\"},\"datePublished\":\"2023-06-21T12:22:57+00:00\",\"dateModified\":\"2023-06-21T12:22:57+00:00\",\"author\":{\"@id\":\"https:\/\/www.ull.es\/portal\/noticias\/#\/schema\/person\/b2b1a89d43ffa609e591f7df8ef3e817\"},\"breadcrumb\":{\"@id\":\"https:\/\/www.ull.es\/portal\/noticias\/2023\/arrancan-manana-en-la-universidad-de-la-laguna-las-ii-jornadas-de-aprendizaje-servicio\/#breadcrumb\"},\"inLanguage\":\"es\",\"potentialAction\":[{\"@type\":\"ReadAction\",\"target\":[\"https:\/\/www.ull.es\/portal\/noticias\/2023\/arrancan-manana-en-la-universidad-de-la-laguna-las-ii-jornadas-de-aprendizaje-servicio\/\"]}]},{\"@type\":\"BreadcrumbList\",\"@id\":\"https:\/\/www.ull.es\/portal\/noticias\/2023\/arrancan-manana-en-la-universidad-de-la-laguna-las-ii-jornadas-de-aprendizaje-servicio\/#breadcrumb\",\"itemListElement\":[{\"@type\":\"ListItem\",\"position\":1,\"name\":\"Portada\",\"item\":\"https:\/\/www.ull.es\/portal\/noticias\/\"},{\"@type\":\"ListItem\",\"position\":2,\"name\":\"Arrancan ma\u00f1ana en la Universidad de La Laguna las II Jornadas de Aprendizaje-Servicio\"}]},{\"@type\":\"WebSite\",\"@id\":\"https:\/\/www.ull.es\/portal\/noticias\/#website\",\"url\":\"https:\/\/www.ull.es\/portal\/noticias\/\",\"name\":\"ULL - Noticias\",\"description\":\"\",\"potentialAction\":[{\"@type\":\"SearchAction\",\"target\":{\"@type\":\"EntryPoint\",\"urlTemplate\":\"https:\/\/www.ull.es\/portal\/noticias\/?s={search_term_string}\"},\"query-input\":\"required name=search_term_string\"}],\"inLanguage\":\"es\"},{\"@type\":\"Person\",\"@id\":\"https:\/\/www.ull.es\/portal\/noticias\/#\/schema\/person\/b2b1a89d43ffa609e591f7df8ef3e817\",\"name\":\"gaprsa\",\"image\":{\"@type\":\"ImageObject\",\"inLanguage\":\"es\",\"@id\":\"https:\/\/www.ull.es\/portal\/noticias\/#\/schema\/person\/image\/\",\"url\":\"https:\/\/secure.gravatar.com\/avatar\/443820550921091458b4823867723b3d?s=96&d=mm&r=g\",\"contentUrl\":\"https:\/\/secure.gravatar.com\/avatar\/443820550921091458b4823867723b3d?s=96&d=mm&r=g\",\"caption\":\"gaprsa\"},\"url\":\"https:\/\/www.ull.es\/portal\/noticias\/author\/gaprsa\/\"}]}<\/script>\n<!-- \/ Yoast SEO plugin. -->","yoast_head_json":{"title":"Arrancan ma\u00f1ana en la Universidad de La Laguna las II Jornadas de Aprendizaje-Servicio - ULL - Noticias","robots":{"index":"index","follow":"follow","max-snippet":"max-snippet:-1","max-image-preview":"max-image-preview:large","max-video-preview":"max-video-preview:-1"},"canonical":"https:\/\/www.ull.es\/portal\/noticias\/2023\/arrancan-manana-en-la-universidad-de-la-laguna-las-ii-jornadas-de-aprendizaje-servicio\/","og_locale":"es_ES","og_type":"article","og_title":"Arrancan ma\u00f1ana en la Universidad de La Laguna las II Jornadas de Aprendizaje-Servicio - ULL - Noticias","og_description":"La Universidad de La Laguna acoger\u00e1 ma\u00f1ana jueves 22 de junio las II Jornadas de Aprendizaje-Servicio que se llevar\u00e1n a...","og_url":"https:\/\/www.ull.es\/portal\/noticias\/2023\/arrancan-manana-en-la-universidad-de-la-laguna-las-ii-jornadas-de-aprendizaje-servicio\/","og_site_name":"ULL - Noticias","article_publisher":"https:\/\/www.facebook.com\/universidaddelalaguna\/","article_published_time":"2023-06-21T12:22:57+00:00","og_image":[{"width":1460,"height":730,"url":"https:\/\/www.ull.es\/portal\/noticias\/wp-content\/uploads\/sites\/13\/2023\/06\/aprendizaje-servicio.jpg","type":"image\/jpeg"}],"author":"gaprsa","twitter_card":"summary_large_image","twitter_creator":"@CanalULL","twitter_site":"@CanalULL","twitter_misc":{"Escrito por":"gaprsa","Tiempo de lectura":"2 minutos"},"schema":{"@context":"https:\/\/schema.org","@graph":[{"@type":"WebPage","@id":"https:\/\/www.ull.es\/portal\/noticias\/2023\/arrancan-manana-en-la-universidad-de-la-laguna-las-ii-jornadas-de-aprendizaje-servicio\/","url":"https:\/\/www.ull.es\/portal\/noticias\/2023\/arrancan-manana-en-la-universidad-de-la-laguna-las-ii-jornadas-de-aprendizaje-servicio\/","name":"Arrancan ma\u00f1ana en la Universidad de La Laguna las II Jornadas de Aprendizaje-Servicio - ULL - Noticias","isPartOf":{"@id":"https:\/\/www.ull.es\/portal\/noticias\/#website"},"datePublished":"2023-06-21T12:22:57+00:00","dateModified":"2023-06-21T12:22:57+00:00","author":{"@id":"https:\/\/www.ull.es\/portal\/noticias\/#\/schema\/person\/b2b1a89d43ffa609e591f7df8ef3e817"},"breadcrumb":{"@id":"https:\/\/www.ull.es\/portal\/noticias\/2023\/arrancan-manana-en-la-universidad-de-la-laguna-las-ii-jornadas-de-aprendizaje-servicio\/#breadcrumb"},"inLanguage":"es","potentialAction":[{"@type":"ReadAction","target":["https:\/\/www.ull.es\/portal\/noticias\/2023\/arrancan-manana-en-la-universidad-de-la-laguna-las-ii-jornadas-de-aprendizaje-servicio\/"]}]},{"@type":"BreadcrumbList","@id":"https:\/\/www.ull.es\/portal\/noticias\/2023\/arrancan-manana-en-la-universidad-de-la-laguna-las-ii-jornadas-de-aprendizaje-servicio\/#breadcrumb","itemListElement":[{"@type":"ListItem","position":1,"name":"Portada","item":"https:\/\/www.ull.es\/portal\/noticias\/"},{"@type":"ListItem","position":2,"name":"Arrancan ma\u00f1ana en la Universidad de La Laguna las II Jornadas de Aprendizaje-Servicio"}]},{"@type":"WebSite","@id":"https:\/\/www.ull.es\/portal\/noticias\/#website","url":"https:\/\/www.ull.es\/portal\/noticias\/","name":"ULL - Noticias","description":"","potentialAction":[{"@type":"SearchAction","target":{"@type":"EntryPoint","urlTemplate":"https:\/\/www.ull.es\/portal\/noticias\/?s={search_term_string}"},"query-input":"required name=search_term_string"}],"inLanguage":"es"},{"@type":"Person","@id":"https:\/\/www.ull.es\/portal\/noticias\/#\/schema\/person\/b2b1a89d43ffa609e591f7df8ef3e817","name":"gaprsa","image":{"@type":"ImageObject","inLanguage":"es","@id":"https:\/\/www.ull.es\/portal\/noticias\/#\/schema\/person\/image\/","url":"https:\/\/secure.gravatar.com\/avatar\/443820550921091458b4823867723b3d?s=96&d=mm&r=g","contentUrl":"https:\/\/secure.gravatar.com\/avatar\/443820550921091458b4823867723b3d?s=96&d=mm&r=g","caption":"gaprsa"},"url":"https:\/\/www.ull.es\/portal\/noticias\/author\/gaprsa\/"}]}},"primary_category":{"id":345,"name":"Destacado","slug":"destacado","link":"https:\/\/www.ull.es\/portal\/noticias\/category\/destacado\/"},"featured_image_thumbnail_url":"https:\/\/www.ull.es\/portal\/noticias\/wp-content\/uploads\/sites\/13\/2023\/06\/aprendizaje-servicio-300x150.jpg","_links":{"self":[{"href":"https:\/\/www.ull.es\/portal\/noticias\/wp-json\/wp\/v2\/posts\/70429"}],"collection":[{"href":"https:\/\/www.ull.es\/portal\/noticias\/wp-json\/wp\/v2\/posts"}],"about":[{"href":"https:\/\/www.ull.es\/portal\/noticias\/wp-json\/wp\/v2\/types\/post"}],"author":[{"embeddable":true,"href":"https:\/\/www.ull.es\/portal\/noticias\/wp-json\/wp\/v2\/users\/23"}],"replies":[{"embeddable":true,"href":"https:\/\/www.ull.es\/portal\/noticias\/wp-json\/wp\/v2\/comments?post=70429"}],"version-history":[{"count":1,"href":"https:\/\/www.ull.es\/portal\/noticias\/wp-json\/wp\/v2\/posts\/70429\/revisions"}],"predecessor-version":[{"id":70430,"href":"https:\/\/www.ull.es\/portal\/noticias\/wp-json\/wp\/v2\/posts\/70429\/revisions\/70430"}],"wp:featuredmedia":[{"embeddable":true,"href":"https:\/\/www.ull.es\/portal\/noticias\/wp-json\/wp\/v2\/media\/70431"}],"wp:attachment":[{"href":"https:\/\/www.ull.es\/portal\/noticias\/wp-json\/wp\/v2\/media?parent=70429"}],"wp:term":[{"taxonomy":"category","embeddable":true,"href":"https:\/\/www.ull.es\/portal\/noticias\/wp-json\/wp\/v2\/categories?post=70429"},{"taxonomy":"post_tag","embeddable":true,"href":"https:\/\/www.ull.es\/portal\/noticias\/wp-json\/wp\/v2\/tags?post=70429"}],"curies":[{"name":"wp","href":"https:\/\/api.w.org\/{rel}","templated":true}]}}