{"id":70437,"date":"2023-06-21T13:44:40","date_gmt":"2023-06-21T13:44:40","guid":{"rendered":"https:\/\/www.ull.es\/portal\/noticias\/?p=70437"},"modified":"2023-06-21T13:58:59","modified_gmt":"2023-06-21T13:58:59","slug":"la-universidad-de-la-laguna-celebra-un-congreso-que-repasa-los-30-anos-de-investigacion-en-tecnologia-educativa","status":"publish","type":"post","link":"https:\/\/www.ull.es\/portal\/noticias\/2023\/la-universidad-de-la-laguna-celebra-un-congreso-que-repasa-los-30-anos-de-investigacion-en-tecnologia-educativa\/","title":{"rendered":"La Universidad de La Laguna celebra un congreso que repasa los 30 a\u00f1os de investigaci\u00f3n en tecnolog\u00eda educativa"},"content":{"rendered":"<p>La Facultad de Educaci\u00f3n de la Universidad de La Laguna acoge los d\u00edas 22 y 23 de junio las <a href=\"https:\/\/www.ull.es\/portal\/agenda\/evento\/xxx-jornadas-internacionales-universitarias-de-tecnologia-educativa-2\/\" target=\"_blank\" rel=\"noopener\">XXX Jornadas de Tecnolog\u00eda Educativ<\/a>a, que arranca ma\u00f1ana a las 16 horas. Esta edici\u00f3n se centra en realizar un balance de los \u00faltimos 30 a\u00f1os de docencia e investigaci\u00f3n en tecnolog\u00eda educativa y marcar las futuras l\u00edneas de actuaci\u00f3n en este campo. Este evento congregar\u00e1 a expertos y profesorado universitario del \u00e1mbito iberoamericano.<\/p>\n<p>La primera mesa se centrar\u00e1 en los \u00faltimos 30 a\u00f1os de investigaci\u00f3n en tecnolog\u00eda educativa, contando con referentes relevantes en este \u00e1mbito, como Julio Cabero (catedr\u00e1tico de Did\u00e1ctica y organizaci\u00f3n escolar de la Universidad de Sevilla), Francisco Garc\u00eda Pe\u00f1alvo (catedr\u00e1tico de Inform\u00e1tica y Autom\u00e1tica en la Universidad de Salamanca), Juana Sancho (catedr\u00e1tica em\u00e9rita de Tecnolog\u00edas Educativas del Departamento de Did\u00e1ctica y Organizaci\u00f3n Educativa de la Universidad de Barcelona) y Carina Gonz\u00e1lez (catedr\u00e1tica de Arquitectura y Tecnolog\u00eda de Computadores en la Universidad de La Laguna)<\/p>\n<p>La segunda mesa, que tendr\u00e1 lugar en el segundo d\u00edas de las jornadas, se centrar\u00e1 en la docencia con tecnolog\u00eda educativa en los planes de estudio de educaci\u00f3n, con Jes\u00fas Salinas (catedr\u00e1tico de Tecnolog\u00eda Educativa en la Universidad de las Islas Baleares), Mar\u00eda Paz Prendes (catedr\u00e1tica de Tecnolog\u00eda Educativa en la Universidad de Murcia), Cristina Alonso (profesora titular de Tecnolog\u00eda Educativa en la Universidad de Barcelona) y Jes\u00fas Valverde (profesor titular y director del Campus Virtual de la Universidad de Extremadura).<\/p>\n<p>La tercera y \u00faltima mesa redonda se destinar\u00e1 a abordar la tem\u00e1tica de la investigaci\u00f3n y docencia con tecnolog\u00eda educativa en el \u00e1mbito iberoamericano, con la compa\u00f1\u00eda de referentes como Mariana Maggio (directora de la Maestr\u00eda en Tecnolog\u00eda Educativa de la Universidad de Buenos Aires), Magdalena Claro (profesora de la Facultad de Educaci\u00f3n en la Pontificia Universidad Cat\u00f3lica de Chile), Fernando Albuquerque (profesor de Tecnolog\u00eda Educativa en la Universidad de Lisboa), Juan de Pablos (catedr\u00e1tico de Did\u00e1ctica y Organizaci\u00f3n Escolar en la Universidad de Sevilla) y Mar\u00eda Soledad Ram\u00edrez Montoya (profesora del Institute for the Future in Education del Tecnol\u00f3gico de Monterrey, M\u00e9xico).<\/p>\n","protected":false},"excerpt":{"rendered":"<p>La Facultad de Educaci\u00f3n de la Universidad de La Laguna acoge los d\u00edas 22 y 23 de junio las XXX&#8230;<\/p>\n","protected":false},"author":23,"featured_media":70439,"comment_status":"closed","ping_status":"closed","sticky":false,"template":"","format":"standard","meta":{"inline_featured_image":false,"footnotes":""},"categories":[345,3725,348,2765],"tags":[9615,7528],"acf":[],"yoast_head":"<!-- This site is optimized with the Yoast SEO plugin v21.3 - https:\/\/yoast.com\/wordpress\/plugins\/seo\/ -->\n<title>La Universidad de La Laguna celebra un congreso que repasa los 30 a\u00f1os de investigaci\u00f3n en tecnolog\u00eda educativa - ULL - Noticias<\/title>\n<meta name=\"robots\" content=\"index, follow, max-snippet:-1, max-image-preview:large, max-video-preview:-1\" \/>\n<link rel=\"canonical\" href=\"https:\/\/www.ull.es\/portal\/noticias\/2023\/la-universidad-de-la-laguna-celebra-un-congreso-que-repasa-los-30-anos-de-investigacion-en-tecnologia-educativa\/\" \/>\n<meta property=\"og:locale\" content=\"es_ES\" \/>\n<meta property=\"og:type\" content=\"article\" \/>\n<meta property=\"og:title\" content=\"La Universidad de La Laguna celebra un congreso que repasa los 30 a\u00f1os de investigaci\u00f3n en tecnolog\u00eda educativa - ULL - Noticias\" \/>\n<meta property=\"og:description\" content=\"La Facultad de Educaci\u00f3n de la Universidad de La Laguna acoge los d\u00edas 22 y 23 de junio las XXX...\" \/>\n<meta property=\"og:url\" content=\"https:\/\/www.ull.es\/portal\/noticias\/2023\/la-universidad-de-la-laguna-celebra-un-congreso-que-repasa-los-30-anos-de-investigacion-en-tecnologia-educativa\/\" \/>\n<meta property=\"og:site_name\" content=\"ULL - Noticias\" \/>\n<meta property=\"article:publisher\" content=\"https:\/\/www.facebook.com\/universidaddelalaguna\/\" \/>\n<meta property=\"article:published_time\" content=\"2023-06-21T13:44:40+00:00\" \/>\n<meta property=\"article:modified_time\" content=\"2023-06-21T13:58:59+00:00\" \/>\n<meta property=\"og:image\" content=\"https:\/\/www.ull.es\/portal\/noticias\/wp-content\/uploads\/sites\/13\/2023\/06\/Tecnologia-Educativa.png\" \/>\n\t<meta property=\"og:image:width\" content=\"750\" \/>\n\t<meta property=\"og:image:height\" content=\"370\" \/>\n\t<meta property=\"og:image:type\" content=\"image\/png\" \/>\n<meta name=\"author\" content=\"gaprsa\" \/>\n<meta name=\"twitter:card\" content=\"summary_large_image\" \/>\n<meta name=\"twitter:creator\" content=\"@CanalULL\" \/>\n<meta name=\"twitter:site\" content=\"@CanalULL\" \/>\n<meta name=\"twitter:label1\" content=\"Escrito por\" \/>\n\t<meta name=\"twitter:data1\" content=\"gaprsa\" \/>\n\t<meta name=\"twitter:label2\" content=\"Tiempo de lectura\" \/>\n\t<meta name=\"twitter:data2\" content=\"2 minutos\" \/>\n<script type=\"application\/ld+json\" class=\"yoast-schema-graph\">{\"@context\":\"https:\/\/schema.org\",\"@graph\":[{\"@type\":\"WebPage\",\"@id\":\"https:\/\/www.ull.es\/portal\/noticias\/2023\/la-universidad-de-la-laguna-celebra-un-congreso-que-repasa-los-30-anos-de-investigacion-en-tecnologia-educativa\/\",\"url\":\"https:\/\/www.ull.es\/portal\/noticias\/2023\/la-universidad-de-la-laguna-celebra-un-congreso-que-repasa-los-30-anos-de-investigacion-en-tecnologia-educativa\/\",\"name\":\"La Universidad de La Laguna celebra un congreso que repasa los 30 a\u00f1os de investigaci\u00f3n en tecnolog\u00eda educativa - ULL - Noticias\",\"isPartOf\":{\"@id\":\"https:\/\/www.ull.es\/portal\/noticias\/#website\"},\"datePublished\":\"2023-06-21T13:44:40+00:00\",\"dateModified\":\"2023-06-21T13:58:59+00:00\",\"author\":{\"@id\":\"https:\/\/www.ull.es\/portal\/noticias\/#\/schema\/person\/b2b1a89d43ffa609e591f7df8ef3e817\"},\"breadcrumb\":{\"@id\":\"https:\/\/www.ull.es\/portal\/noticias\/2023\/la-universidad-de-la-laguna-celebra-un-congreso-que-repasa-los-30-anos-de-investigacion-en-tecnologia-educativa\/#breadcrumb\"},\"inLanguage\":\"es\",\"potentialAction\":[{\"@type\":\"ReadAction\",\"target\":[\"https:\/\/www.ull.es\/portal\/noticias\/2023\/la-universidad-de-la-laguna-celebra-un-congreso-que-repasa-los-30-anos-de-investigacion-en-tecnologia-educativa\/\"]}]},{\"@type\":\"BreadcrumbList\",\"@id\":\"https:\/\/www.ull.es\/portal\/noticias\/2023\/la-universidad-de-la-laguna-celebra-un-congreso-que-repasa-los-30-anos-de-investigacion-en-tecnologia-educativa\/#breadcrumb\",\"itemListElement\":[{\"@type\":\"ListItem\",\"position\":1,\"name\":\"Portada\",\"item\":\"https:\/\/www.ull.es\/portal\/noticias\/\"},{\"@type\":\"ListItem\",\"position\":2,\"name\":\"La Universidad de La Laguna celebra un congreso que repasa los 30 a\u00f1os de investigaci\u00f3n en tecnolog\u00eda educativa\"}]},{\"@type\":\"WebSite\",\"@id\":\"https:\/\/www.ull.es\/portal\/noticias\/#website\",\"url\":\"https:\/\/www.ull.es\/portal\/noticias\/\",\"name\":\"ULL - Noticias\",\"description\":\"\",\"potentialAction\":[{\"@type\":\"SearchAction\",\"target\":{\"@type\":\"EntryPoint\",\"urlTemplate\":\"https:\/\/www.ull.es\/portal\/noticias\/?s={search_term_string}\"},\"query-input\":\"required name=search_term_string\"}],\"inLanguage\":\"es\"},{\"@type\":\"Person\",\"@id\":\"https:\/\/www.ull.es\/portal\/noticias\/#\/schema\/person\/b2b1a89d43ffa609e591f7df8ef3e817\",\"name\":\"gaprsa\",\"image\":{\"@type\":\"ImageObject\",\"inLanguage\":\"es\",\"@id\":\"https:\/\/www.ull.es\/portal\/noticias\/#\/schema\/person\/image\/\",\"url\":\"https:\/\/secure.gravatar.com\/avatar\/443820550921091458b4823867723b3d?s=96&d=mm&r=g\",\"contentUrl\":\"https:\/\/secure.gravatar.com\/avatar\/443820550921091458b4823867723b3d?s=96&d=mm&r=g\",\"caption\":\"gaprsa\"},\"url\":\"https:\/\/www.ull.es\/portal\/noticias\/author\/gaprsa\/\"}]}<\/script>\n<!-- \/ Yoast SEO plugin. -->","yoast_head_json":{"title":"La Universidad de La Laguna celebra un congreso que repasa los 30 a\u00f1os de investigaci\u00f3n en tecnolog\u00eda educativa - ULL - Noticias","robots":{"index":"index","follow":"follow","max-snippet":"max-snippet:-1","max-image-preview":"max-image-preview:large","max-video-preview":"max-video-preview:-1"},"canonical":"https:\/\/www.ull.es\/portal\/noticias\/2023\/la-universidad-de-la-laguna-celebra-un-congreso-que-repasa-los-30-anos-de-investigacion-en-tecnologia-educativa\/","og_locale":"es_ES","og_type":"article","og_title":"La Universidad de La Laguna celebra un congreso que repasa los 30 a\u00f1os de investigaci\u00f3n en tecnolog\u00eda educativa - ULL - Noticias","og_description":"La Facultad de Educaci\u00f3n de la Universidad de La Laguna acoge los d\u00edas 22 y 23 de junio las XXX...","og_url":"https:\/\/www.ull.es\/portal\/noticias\/2023\/la-universidad-de-la-laguna-celebra-un-congreso-que-repasa-los-30-anos-de-investigacion-en-tecnologia-educativa\/","og_site_name":"ULL - Noticias","article_publisher":"https:\/\/www.facebook.com\/universidaddelalaguna\/","article_published_time":"2023-06-21T13:44:40+00:00","article_modified_time":"2023-06-21T13:58:59+00:00","og_image":[{"width":750,"height":370,"url":"https:\/\/www.ull.es\/portal\/noticias\/wp-content\/uploads\/sites\/13\/2023\/06\/Tecnologia-Educativa.png","type":"image\/png"}],"author":"gaprsa","twitter_card":"summary_large_image","twitter_creator":"@CanalULL","twitter_site":"@CanalULL","twitter_misc":{"Escrito por":"gaprsa","Tiempo de lectura":"2 minutos"},"schema":{"@context":"https:\/\/schema.org","@graph":[{"@type":"WebPage","@id":"https:\/\/www.ull.es\/portal\/noticias\/2023\/la-universidad-de-la-laguna-celebra-un-congreso-que-repasa-los-30-anos-de-investigacion-en-tecnologia-educativa\/","url":"https:\/\/www.ull.es\/portal\/noticias\/2023\/la-universidad-de-la-laguna-celebra-un-congreso-que-repasa-los-30-anos-de-investigacion-en-tecnologia-educativa\/","name":"La Universidad de La Laguna celebra un congreso que repasa los 30 a\u00f1os de investigaci\u00f3n en tecnolog\u00eda educativa - ULL - Noticias","isPartOf":{"@id":"https:\/\/www.ull.es\/portal\/noticias\/#website"},"datePublished":"2023-06-21T13:44:40+00:00","dateModified":"2023-06-21T13:58:59+00:00","author":{"@id":"https:\/\/www.ull.es\/portal\/noticias\/#\/schema\/person\/b2b1a89d43ffa609e591f7df8ef3e817"},"breadcrumb":{"@id":"https:\/\/www.ull.es\/portal\/noticias\/2023\/la-universidad-de-la-laguna-celebra-un-congreso-que-repasa-los-30-anos-de-investigacion-en-tecnologia-educativa\/#breadcrumb"},"inLanguage":"es","potentialAction":[{"@type":"ReadAction","target":["https:\/\/www.ull.es\/portal\/noticias\/2023\/la-universidad-de-la-laguna-celebra-un-congreso-que-repasa-los-30-anos-de-investigacion-en-tecnologia-educativa\/"]}]},{"@type":"BreadcrumbList","@id":"https:\/\/www.ull.es\/portal\/noticias\/2023\/la-universidad-de-la-laguna-celebra-un-congreso-que-repasa-los-30-anos-de-investigacion-en-tecnologia-educativa\/#breadcrumb","itemListElement":[{"@type":"ListItem","position":1,"name":"Portada","item":"https:\/\/www.ull.es\/portal\/noticias\/"},{"@type":"ListItem","position":2,"name":"La Universidad de La Laguna celebra un congreso que repasa los 30 a\u00f1os de investigaci\u00f3n en tecnolog\u00eda educativa"}]},{"@type":"WebSite","@id":"https:\/\/www.ull.es\/portal\/noticias\/#website","url":"https:\/\/www.ull.es\/portal\/noticias\/","name":"ULL - Noticias","description":"","potentialAction":[{"@type":"SearchAction","target":{"@type":"EntryPoint","urlTemplate":"https:\/\/www.ull.es\/portal\/noticias\/?s={search_term_string}"},"query-input":"required name=search_term_string"}],"inLanguage":"es"},{"@type":"Person","@id":"https:\/\/www.ull.es\/portal\/noticias\/#\/schema\/person\/b2b1a89d43ffa609e591f7df8ef3e817","name":"gaprsa","image":{"@type":"ImageObject","inLanguage":"es","@id":"https:\/\/www.ull.es\/portal\/noticias\/#\/schema\/person\/image\/","url":"https:\/\/secure.gravatar.com\/avatar\/443820550921091458b4823867723b3d?s=96&d=mm&r=g","contentUrl":"https:\/\/secure.gravatar.com\/avatar\/443820550921091458b4823867723b3d?s=96&d=mm&r=g","caption":"gaprsa"},"url":"https:\/\/www.ull.es\/portal\/noticias\/author\/gaprsa\/"}]}},"primary_category":{"id":345,"name":"Destacado","slug":"destacado","link":"https:\/\/www.ull.es\/portal\/noticias\/category\/destacado\/"},"featured_image_thumbnail_url":"https:\/\/www.ull.es\/portal\/noticias\/wp-content\/uploads\/sites\/13\/2023\/06\/Tecnologia-Educativa-300x148.png","_links":{"self":[{"href":"https:\/\/www.ull.es\/portal\/noticias\/wp-json\/wp\/v2\/posts\/70437"}],"collection":[{"href":"https:\/\/www.ull.es\/portal\/noticias\/wp-json\/wp\/v2\/posts"}],"about":[{"href":"https:\/\/www.ull.es\/portal\/noticias\/wp-json\/wp\/v2\/types\/post"}],"author":[{"embeddable":true,"href":"https:\/\/www.ull.es\/portal\/noticias\/wp-json\/wp\/v2\/users\/23"}],"replies":[{"embeddable":true,"href":"https:\/\/www.ull.es\/portal\/noticias\/wp-json\/wp\/v2\/comments?post=70437"}],"version-history":[{"count":3,"href":"https:\/\/www.ull.es\/portal\/noticias\/wp-json\/wp\/v2\/posts\/70437\/revisions"}],"predecessor-version":[{"id":70442,"href":"https:\/\/www.ull.es\/portal\/noticias\/wp-json\/wp\/v2\/posts\/70437\/revisions\/70442"}],"wp:featuredmedia":[{"embeddable":true,"href":"https:\/\/www.ull.es\/portal\/noticias\/wp-json\/wp\/v2\/media\/70439"}],"wp:attachment":[{"href":"https:\/\/www.ull.es\/portal\/noticias\/wp-json\/wp\/v2\/media?parent=70437"}],"wp:term":[{"taxonomy":"category","embeddable":true,"href":"https:\/\/www.ull.es\/portal\/noticias\/wp-json\/wp\/v2\/categories?post=70437"},{"taxonomy":"post_tag","embeddable":true,"href":"https:\/\/www.ull.es\/portal\/noticias\/wp-json\/wp\/v2\/tags?post=70437"}],"curies":[{"name":"wp","href":"https:\/\/api.w.org\/{rel}","templated":true}]}}