{"id":70461,"date":"2023-06-22T12:43:51","date_gmt":"2023-06-22T12:43:51","guid":{"rendered":"https:\/\/www.ull.es\/portal\/noticias\/?p=70461"},"modified":"2023-06-22T12:53:32","modified_gmt":"2023-06-22T12:53:32","slug":"la-ull-y-el-cabildo-premian-varios-proyectos-por-su-aportacion-social-en-la-jornada-de-aprendizaje-servicio","status":"publish","type":"post","link":"https:\/\/www.ull.es\/portal\/noticias\/2023\/la-ull-y-el-cabildo-premian-varios-proyectos-por-su-aportacion-social-en-la-jornada-de-aprendizaje-servicio\/","title":{"rendered":"La ULL y el Cabildo premian varios proyectos por su aportaci\u00f3n social en la jornada de Aprendizaje-Servicio"},"content":{"rendered":"<p>La Universidad de La Laguna ha celebrado hoy, jueves 22 de junio, las segundas jornadas centradas en la <a href=\"https:\/\/www.ull.es\/portal\/aprendizajeservicio\/\" target=\"_blank\" rel=\"noopener\" target=\"_blank\" rel=\"noopener\">metodolog\u00eda educativa Aprendizaje-Servicio (ApS)<\/a> en colaboraci\u00f3n con el Cabildo de Tenerife. Se trat\u00f3 de un acto con el que se pretend\u00eda reconocer la labor llevada a cabo por diferentes colectivos, instituciones y entidades que han desarrollado casi una decena de proyectos utilizando este m\u00e9todo con el fin de educar prestando un servicio a la sociedad. Durante la jornada se concedi\u00f3 una serie de galardones a las dos iniciativas que, seg\u00fan un jurado experto, tuvieron una mayor contribuci\u00f3n social.<\/p>\n<p>El Aprendizaje-Servicio se ha establecido como una herramienta clave a la hora de fomentar la participaci\u00f3n activa del estudiantado en su entorno. Por este motivo, la instituci\u00f3n acad\u00e9mica con la ayuda del Cabildo ha seleccionado diferentes iniciativas tanto universitarias como no universitarias, que han trabajado en su comunidad para tratar de dar soluci\u00f3n a problemas reales. Es el caso del proyecto Apadrina, impulsado por el IES Mencey Acaymo, ganador de uno de los premios otorgados, que buscaba fomentar la concienciaci\u00f3n ambiental entre su alumnado con salidas a la zona del Barranco de Badajoz, donde pudieron conocer y ayudar a la eliminaci\u00f3n de especies invasoras como el rabo de gato.<\/p>\n<p><a href=\"https:\/\/www.ull.es\/portal\/noticias\/wp-content\/uploads\/sites\/13\/2023\/06\/Jorn-Aprendizaje-Servicio-03.jpg\" target=\"_blank\" rel=\"noopener\"><img decoding=\"async\" loading=\"lazy\" class=\"alignleft size-medium wp-image-70463\" src=\"https:\/\/www.ull.es\/portal\/noticias\/wp-content\/uploads\/sites\/13\/2023\/06\/Jorn-Aprendizaje-Servicio-03-300x200.jpg\" alt=\"\" width=\"300\" height=\"200\" srcset=\"https:\/\/www.ull.es\/portal\/noticias\/wp-content\/uploads\/sites\/13\/2023\/06\/Jorn-Aprendizaje-Servicio-03-300x200.jpg 300w, https:\/\/www.ull.es\/portal\/noticias\/wp-content\/uploads\/sites\/13\/2023\/06\/Jorn-Aprendizaje-Servicio-03-768x512.jpg 768w, https:\/\/www.ull.es\/portal\/noticias\/wp-content\/uploads\/sites\/13\/2023\/06\/Jorn-Aprendizaje-Servicio-03-375x250.jpg 375w, https:\/\/www.ull.es\/portal\/noticias\/wp-content\/uploads\/sites\/13\/2023\/06\/Jorn-Aprendizaje-Servicio-03-750x500.jpg 750w, https:\/\/www.ull.es\/portal\/noticias\/wp-content\/uploads\/sites\/13\/2023\/06\/Jorn-Aprendizaje-Servicio-03.jpg 1024w\" sizes=\"(max-width: 300px) 100vw, 300px\" \/><\/a>Varios proyectos optaron al t\u00edtulo en la categor\u00eda universitaria que finalmente recay\u00f3 en la iniciativa que se centr\u00f3 en la aplicaci\u00f3n de esta metodolog\u00eda educativa en los Trabajos de Fin de Grado y Fin de M\u00e1ster en la Universidad de La Laguna. M\u00e1s de un centenar de estudiantes y una treinta de entidades participaron en 2022. Durante este tiempo el alumnado ha prestado servicios de asesoramiento especializado, estudios aplicados y te\u00f3ricos, formaci\u00f3n e incluso dise\u00f1o de cursos, dando respuestas a carencias o dificultades que planteaban las entidades colaboradoras.<\/p>\n<div id=\"attachment_70464\" style=\"width: 310px\" class=\"wp-caption alignright\"><a href=\"https:\/\/www.ull.es\/portal\/noticias\/wp-content\/uploads\/sites\/13\/2023\/06\/apadrina.jpg\" target=\"_blank\" rel=\"noopener\"><img aria-describedby=\"caption-attachment-70464\" decoding=\"async\" loading=\"lazy\" class=\"size-medium wp-image-70464\" src=\"https:\/\/www.ull.es\/portal\/noticias\/wp-content\/uploads\/sites\/13\/2023\/06\/apadrina-300x200.jpg\" alt=\"\" width=\"300\" height=\"200\" srcset=\"https:\/\/www.ull.es\/portal\/noticias\/wp-content\/uploads\/sites\/13\/2023\/06\/apadrina-300x200.jpg 300w, https:\/\/www.ull.es\/portal\/noticias\/wp-content\/uploads\/sites\/13\/2023\/06\/apadrina-1024x683.jpg 1024w, https:\/\/www.ull.es\/portal\/noticias\/wp-content\/uploads\/sites\/13\/2023\/06\/apadrina-768x512.jpg 768w, https:\/\/www.ull.es\/portal\/noticias\/wp-content\/uploads\/sites\/13\/2023\/06\/apadrina-375x250.jpg 375w, https:\/\/www.ull.es\/portal\/noticias\/wp-content\/uploads\/sites\/13\/2023\/06\/apadrina-750x500.jpg 750w, https:\/\/www.ull.es\/portal\/noticias\/wp-content\/uploads\/sites\/13\/2023\/06\/apadrina-1140x760.jpg 1140w, https:\/\/www.ull.es\/portal\/noticias\/wp-content\/uploads\/sites\/13\/2023\/06\/apadrina.jpg 1200w\" sizes=\"(max-width: 300px) 100vw, 300px\" \/><\/a><p id=\"caption-attachment-70464\" class=\"wp-caption-text\">Representantes del proyecto no universitario \u00abApadrina\u00bb. Foto cedida.<\/p><\/div>\n<p>\u201cYo soy de ciencias y siempre he pensado que quedarse en el aula era un poco feo. Vamos a llevarlo al laboratorio, pensaba. Y el laboratorio m\u00e1s grande se llama sociedad\u201d. Jos\u00e9 Manuel Garc\u00eda Fraga, vicerrector de Docencia de la Universidad de La Laguna, presente en el acto inaugural, se congratul\u00f3 as\u00ed con la celebraci\u00f3n de estas jornadas que trascienden a la ense\u00f1anza no universitaria y que reuni\u00f3 a centros de primaria y secundaria con el objetivo de ayudar a la comunidad.<\/p>\n<p>Concepci\u00f3n Rivero, consejera insular del \u00c1rea de Educaci\u00f3n, Juventud, Museos y Deportes, se sum\u00f3 a este agradecimiento e incidi\u00f3 en alguna de las ventajas que tendr\u00e1n sus participantes porque, tal y como reconoci\u00f3, ya saben c\u00f3mo se elabora un proyecto y c\u00f3mo se ha de presentar rigurosamente a otras instituciones, \u201calgo que prestar\u00e1 un grand\u00edsimo valor a la sociedad\u201d.<\/p>\n<div id=\"attachment_70465\" style=\"width: 310px\" class=\"wp-caption alignleft\"><a href=\"https:\/\/www.ull.es\/portal\/noticias\/wp-content\/uploads\/sites\/13\/2023\/06\/aps-en-los-tfg-y-tfm.jpg\" target=\"_blank\" rel=\"noopener\"><img aria-describedby=\"caption-attachment-70465\" decoding=\"async\" loading=\"lazy\" class=\"size-medium wp-image-70465\" src=\"https:\/\/www.ull.es\/portal\/noticias\/wp-content\/uploads\/sites\/13\/2023\/06\/aps-en-los-tfg-y-tfm-300x200.jpg\" alt=\"\" width=\"300\" height=\"200\" srcset=\"https:\/\/www.ull.es\/portal\/noticias\/wp-content\/uploads\/sites\/13\/2023\/06\/aps-en-los-tfg-y-tfm-300x200.jpg 300w, https:\/\/www.ull.es\/portal\/noticias\/wp-content\/uploads\/sites\/13\/2023\/06\/aps-en-los-tfg-y-tfm-1024x683.jpg 1024w, https:\/\/www.ull.es\/portal\/noticias\/wp-content\/uploads\/sites\/13\/2023\/06\/aps-en-los-tfg-y-tfm-768x512.jpg 768w, https:\/\/www.ull.es\/portal\/noticias\/wp-content\/uploads\/sites\/13\/2023\/06\/aps-en-los-tfg-y-tfm-375x250.jpg 375w, https:\/\/www.ull.es\/portal\/noticias\/wp-content\/uploads\/sites\/13\/2023\/06\/aps-en-los-tfg-y-tfm-750x500.jpg 750w, https:\/\/www.ull.es\/portal\/noticias\/wp-content\/uploads\/sites\/13\/2023\/06\/aps-en-los-tfg-y-tfm-1140x760.jpg 1140w, https:\/\/www.ull.es\/portal\/noticias\/wp-content\/uploads\/sites\/13\/2023\/06\/aps-en-los-tfg-y-tfm.jpg 1200w\" sizes=\"(max-width: 300px) 100vw, 300px\" \/><\/a><p id=\"caption-attachment-70465\" class=\"wp-caption-text\">Representantes del proyecto \u00abApS aplicado en los TFG y TFM de la ULL\u00bb. Foto cedida.<\/p><\/div>\n<p><strong>El ApS como forma de vida<\/strong><\/p>\n<p>\u201cSin generosidad, sin fraternidad, sin responsabilidad, sin cuidados hacia los dem\u00e1s, la vida perece\u201d. La pedagoga Roser Batlle, referente del Aprendizaje-Servicio en Espa\u00f1a y fundadora de la red nacional de esta metodolog\u00eda, fue la encargada de llevar a cabo la conferencia inaugural de las jornadas. A trav\u00e9s del an\u00e1lisis de lo sucedido a lo largo de los \u00faltimos a\u00f1os en los que la sociedad ha pasado por una pandemia, un confinamiento y hasta una guerra muy cerca del seno europeo, la experta detall\u00f3 algunos de los puntos que necesita la ciudadan\u00eda si desea un futuro m\u00e1s justo, menos hostil y sin fragmentaciones.<\/p>\n<p>\u201cDejarnos llevar por la desconfianza y el odio nos llevar\u00e1 a minusvalorar la democracia. El ApS han de servir de br\u00fajula para orientar el talento\u201d. Batlle apost\u00f3 por esta metodolog\u00eda educativa como v\u00eda hacia la instauraci\u00f3n de un pensamiento social que va mucho m\u00e1s all\u00e1 del ser individualista y que luche por el bien com\u00fan.<\/p>\n<p>Gracias al aprendizaje-servicio el alumnado consigue estar m\u00e1s motivado porque es capaz de advertir que el trabajo que est\u00e1 realizando tiene una utilidad, adem\u00e1s de que es un m\u00e9todo que redunda en la \u00e9tica del cuidado, sentenci\u00f3. \u201cLos j\u00f3venes no son el futuro de la sociedad, ya son la sociedad y es preciso orientarlos. Que ellos sean capaces de ver qui\u00e9n sufre, qui\u00e9n est\u00e1 solo, qui\u00e9n est\u00e1 amenazado, y que se eduquen mientras ayudan a los m\u00e1s fr\u00e1giles es Aprendizaje-Servicio\u201d.<\/p>\n","protected":false},"excerpt":{"rendered":"<p>La Universidad de La Laguna ha celebrado hoy, jueves 22 de junio, las segundas jornadas centradas en la metodolog\u00eda educativa&#8230;<\/p>\n","protected":false},"author":67,"featured_media":70462,"comment_status":"closed","ping_status":"closed","sticky":false,"template":"","format":"standard","meta":{"inline_featured_image":false,"footnotes":""},"categories":[345,346,2765],"tags":[3421,8582],"acf":[],"yoast_head":"<!-- This site is optimized with the Yoast SEO plugin v21.3 - https:\/\/yoast.com\/wordpress\/plugins\/seo\/ -->\n<title>La ULL y el Cabildo premian varios proyectos por su aportaci\u00f3n social en la jornada de Aprendizaje-Servicio - ULL - Noticias<\/title>\n<meta name=\"description\" content=\"La Universidad de La Laguna ha celebrado hoy, jueves 22 de junio, las segundas jornadas centradas en la metodolog\u00eda educativa Aprendizaje-Servicio (ApS) en colaboraci\u00f3n con el Cabildo de Tenerife.\" \/>\n<meta name=\"robots\" content=\"index, follow, max-snippet:-1, max-image-preview:large, max-video-preview:-1\" \/>\n<link rel=\"canonical\" href=\"https:\/\/www.ull.es\/portal\/noticias\/2023\/la-ull-y-el-cabildo-premian-varios-proyectos-por-su-aportacion-social-en-la-jornada-de-aprendizaje-servicio\/\" \/>\n<meta property=\"og:locale\" content=\"es_ES\" \/>\n<meta property=\"og:type\" content=\"article\" \/>\n<meta property=\"og:title\" content=\"La ULL y el Cabildo premian varios proyectos por su aportaci\u00f3n social en la jornada de Aprendizaje-Servicio - ULL - Noticias\" \/>\n<meta property=\"og:description\" content=\"La Universidad de La Laguna ha celebrado hoy, jueves 22 de junio, las segundas jornadas centradas en la metodolog\u00eda educativa Aprendizaje-Servicio (ApS) en colaboraci\u00f3n con el Cabildo de Tenerife.\" \/>\n<meta property=\"og:url\" content=\"https:\/\/www.ull.es\/portal\/noticias\/2023\/la-ull-y-el-cabildo-premian-varios-proyectos-por-su-aportacion-social-en-la-jornada-de-aprendizaje-servicio\/\" \/>\n<meta property=\"og:site_name\" content=\"ULL - Noticias\" \/>\n<meta property=\"article:publisher\" content=\"https:\/\/www.facebook.com\/universidaddelalaguna\/\" \/>\n<meta property=\"article:published_time\" content=\"2023-06-22T12:43:51+00:00\" \/>\n<meta property=\"article:modified_time\" content=\"2023-06-22T12:53:32+00:00\" \/>\n<meta property=\"og:image\" content=\"https:\/\/www.ull.es\/portal\/noticias\/wp-content\/uploads\/sites\/13\/2023\/06\/Jorn-Aprendizaje-Servicio-09.jpg\" \/>\n\t<meta property=\"og:image:width\" content=\"1024\" \/>\n\t<meta property=\"og:image:height\" content=\"683\" \/>\n\t<meta property=\"og:image:type\" content=\"image\/jpeg\" \/>\n<meta name=\"author\" content=\"gcom5\" \/>\n<meta name=\"twitter:card\" content=\"summary_large_image\" \/>\n<meta name=\"twitter:creator\" content=\"@CanalULL\" \/>\n<meta name=\"twitter:site\" content=\"@CanalULL\" \/>\n<meta name=\"twitter:label1\" content=\"Escrito por\" \/>\n\t<meta name=\"twitter:data1\" content=\"gcom5\" \/>\n\t<meta name=\"twitter:label2\" content=\"Tiempo de lectura\" \/>\n\t<meta name=\"twitter:data2\" content=\"4 minutos\" \/>\n<script type=\"application\/ld+json\" class=\"yoast-schema-graph\">{\"@context\":\"https:\/\/schema.org\",\"@graph\":[{\"@type\":\"WebPage\",\"@id\":\"https:\/\/www.ull.es\/portal\/noticias\/2023\/la-ull-y-el-cabildo-premian-varios-proyectos-por-su-aportacion-social-en-la-jornada-de-aprendizaje-servicio\/\",\"url\":\"https:\/\/www.ull.es\/portal\/noticias\/2023\/la-ull-y-el-cabildo-premian-varios-proyectos-por-su-aportacion-social-en-la-jornada-de-aprendizaje-servicio\/\",\"name\":\"La ULL y el Cabildo premian varios proyectos por su aportaci\u00f3n social en la jornada de Aprendizaje-Servicio - ULL - Noticias\",\"isPartOf\":{\"@id\":\"https:\/\/www.ull.es\/portal\/noticias\/#website\"},\"datePublished\":\"2023-06-22T12:43:51+00:00\",\"dateModified\":\"2023-06-22T12:53:32+00:00\",\"author\":{\"@id\":\"https:\/\/www.ull.es\/portal\/noticias\/#\/schema\/person\/8027c6c4687adc2c90dc1532715d34df\"},\"description\":\"La Universidad de La Laguna ha celebrado hoy, jueves 22 de junio, las segundas jornadas centradas en la metodolog\u00eda educativa Aprendizaje-Servicio (ApS) en colaboraci\u00f3n con el Cabildo de Tenerife.\",\"breadcrumb\":{\"@id\":\"https:\/\/www.ull.es\/portal\/noticias\/2023\/la-ull-y-el-cabildo-premian-varios-proyectos-por-su-aportacion-social-en-la-jornada-de-aprendizaje-servicio\/#breadcrumb\"},\"inLanguage\":\"es\",\"potentialAction\":[{\"@type\":\"ReadAction\",\"target\":[\"https:\/\/www.ull.es\/portal\/noticias\/2023\/la-ull-y-el-cabildo-premian-varios-proyectos-por-su-aportacion-social-en-la-jornada-de-aprendizaje-servicio\/\"]}]},{\"@type\":\"BreadcrumbList\",\"@id\":\"https:\/\/www.ull.es\/portal\/noticias\/2023\/la-ull-y-el-cabildo-premian-varios-proyectos-por-su-aportacion-social-en-la-jornada-de-aprendizaje-servicio\/#breadcrumb\",\"itemListElement\":[{\"@type\":\"ListItem\",\"position\":1,\"name\":\"Portada\",\"item\":\"https:\/\/www.ull.es\/portal\/noticias\/\"},{\"@type\":\"ListItem\",\"position\":2,\"name\":\"La ULL y el Cabildo premian varios proyectos por su aportaci\u00f3n social en la jornada de Aprendizaje-Servicio\"}]},{\"@type\":\"WebSite\",\"@id\":\"https:\/\/www.ull.es\/portal\/noticias\/#website\",\"url\":\"https:\/\/www.ull.es\/portal\/noticias\/\",\"name\":\"ULL - Noticias\",\"description\":\"\",\"potentialAction\":[{\"@type\":\"SearchAction\",\"target\":{\"@type\":\"EntryPoint\",\"urlTemplate\":\"https:\/\/www.ull.es\/portal\/noticias\/?s={search_term_string}\"},\"query-input\":\"required name=search_term_string\"}],\"inLanguage\":\"es\"},{\"@type\":\"Person\",\"@id\":\"https:\/\/www.ull.es\/portal\/noticias\/#\/schema\/person\/8027c6c4687adc2c90dc1532715d34df\",\"name\":\"gcom5\",\"image\":{\"@type\":\"ImageObject\",\"inLanguage\":\"es\",\"@id\":\"https:\/\/www.ull.es\/portal\/noticias\/#\/schema\/person\/image\/\",\"url\":\"https:\/\/secure.gravatar.com\/avatar\/8b3777f8048001fa57b88338ce5605b9?s=96&d=mm&r=g\",\"contentUrl\":\"https:\/\/secure.gravatar.com\/avatar\/8b3777f8048001fa57b88338ce5605b9?s=96&d=mm&r=g\",\"caption\":\"gcom5\"},\"url\":\"https:\/\/www.ull.es\/portal\/noticias\/author\/gcom5\/\"}]}<\/script>\n<!-- \/ Yoast SEO plugin. -->","yoast_head_json":{"title":"La ULL y el Cabildo premian varios proyectos por su aportaci\u00f3n social en la jornada de Aprendizaje-Servicio - ULL - Noticias","description":"La Universidad de La Laguna ha celebrado hoy, jueves 22 de junio, las segundas jornadas centradas en la metodolog\u00eda educativa Aprendizaje-Servicio (ApS) en colaboraci\u00f3n con el Cabildo de Tenerife.","robots":{"index":"index","follow":"follow","max-snippet":"max-snippet:-1","max-image-preview":"max-image-preview:large","max-video-preview":"max-video-preview:-1"},"canonical":"https:\/\/www.ull.es\/portal\/noticias\/2023\/la-ull-y-el-cabildo-premian-varios-proyectos-por-su-aportacion-social-en-la-jornada-de-aprendizaje-servicio\/","og_locale":"es_ES","og_type":"article","og_title":"La ULL y el Cabildo premian varios proyectos por su aportaci\u00f3n social en la jornada de Aprendizaje-Servicio - ULL - Noticias","og_description":"La Universidad de La Laguna ha celebrado hoy, jueves 22 de junio, las segundas jornadas centradas en la metodolog\u00eda educativa Aprendizaje-Servicio (ApS) en colaboraci\u00f3n con el Cabildo de Tenerife.","og_url":"https:\/\/www.ull.es\/portal\/noticias\/2023\/la-ull-y-el-cabildo-premian-varios-proyectos-por-su-aportacion-social-en-la-jornada-de-aprendizaje-servicio\/","og_site_name":"ULL - Noticias","article_publisher":"https:\/\/www.facebook.com\/universidaddelalaguna\/","article_published_time":"2023-06-22T12:43:51+00:00","article_modified_time":"2023-06-22T12:53:32+00:00","og_image":[{"width":1024,"height":683,"url":"https:\/\/www.ull.es\/portal\/noticias\/wp-content\/uploads\/sites\/13\/2023\/06\/Jorn-Aprendizaje-Servicio-09.jpg","type":"image\/jpeg"}],"author":"gcom5","twitter_card":"summary_large_image","twitter_creator":"@CanalULL","twitter_site":"@CanalULL","twitter_misc":{"Escrito por":"gcom5","Tiempo de lectura":"4 minutos"},"schema":{"@context":"https:\/\/schema.org","@graph":[{"@type":"WebPage","@id":"https:\/\/www.ull.es\/portal\/noticias\/2023\/la-ull-y-el-cabildo-premian-varios-proyectos-por-su-aportacion-social-en-la-jornada-de-aprendizaje-servicio\/","url":"https:\/\/www.ull.es\/portal\/noticias\/2023\/la-ull-y-el-cabildo-premian-varios-proyectos-por-su-aportacion-social-en-la-jornada-de-aprendizaje-servicio\/","name":"La ULL y el Cabildo premian varios proyectos por su aportaci\u00f3n social en la jornada de Aprendizaje-Servicio - ULL - Noticias","isPartOf":{"@id":"https:\/\/www.ull.es\/portal\/noticias\/#website"},"datePublished":"2023-06-22T12:43:51+00:00","dateModified":"2023-06-22T12:53:32+00:00","author":{"@id":"https:\/\/www.ull.es\/portal\/noticias\/#\/schema\/person\/8027c6c4687adc2c90dc1532715d34df"},"description":"La Universidad de La Laguna ha celebrado hoy, jueves 22 de junio, las segundas jornadas centradas en la metodolog\u00eda educativa Aprendizaje-Servicio (ApS) en colaboraci\u00f3n con el Cabildo de Tenerife.","breadcrumb":{"@id":"https:\/\/www.ull.es\/portal\/noticias\/2023\/la-ull-y-el-cabildo-premian-varios-proyectos-por-su-aportacion-social-en-la-jornada-de-aprendizaje-servicio\/#breadcrumb"},"inLanguage":"es","potentialAction":[{"@type":"ReadAction","target":["https:\/\/www.ull.es\/portal\/noticias\/2023\/la-ull-y-el-cabildo-premian-varios-proyectos-por-su-aportacion-social-en-la-jornada-de-aprendizaje-servicio\/"]}]},{"@type":"BreadcrumbList","@id":"https:\/\/www.ull.es\/portal\/noticias\/2023\/la-ull-y-el-cabildo-premian-varios-proyectos-por-su-aportacion-social-en-la-jornada-de-aprendizaje-servicio\/#breadcrumb","itemListElement":[{"@type":"ListItem","position":1,"name":"Portada","item":"https:\/\/www.ull.es\/portal\/noticias\/"},{"@type":"ListItem","position":2,"name":"La ULL y el Cabildo premian varios proyectos por su aportaci\u00f3n social en la jornada de Aprendizaje-Servicio"}]},{"@type":"WebSite","@id":"https:\/\/www.ull.es\/portal\/noticias\/#website","url":"https:\/\/www.ull.es\/portal\/noticias\/","name":"ULL - Noticias","description":"","potentialAction":[{"@type":"SearchAction","target":{"@type":"EntryPoint","urlTemplate":"https:\/\/www.ull.es\/portal\/noticias\/?s={search_term_string}"},"query-input":"required name=search_term_string"}],"inLanguage":"es"},{"@type":"Person","@id":"https:\/\/www.ull.es\/portal\/noticias\/#\/schema\/person\/8027c6c4687adc2c90dc1532715d34df","name":"gcom5","image":{"@type":"ImageObject","inLanguage":"es","@id":"https:\/\/www.ull.es\/portal\/noticias\/#\/schema\/person\/image\/","url":"https:\/\/secure.gravatar.com\/avatar\/8b3777f8048001fa57b88338ce5605b9?s=96&d=mm&r=g","contentUrl":"https:\/\/secure.gravatar.com\/avatar\/8b3777f8048001fa57b88338ce5605b9?s=96&d=mm&r=g","caption":"gcom5"},"url":"https:\/\/www.ull.es\/portal\/noticias\/author\/gcom5\/"}]}},"primary_category":{"id":345,"name":"Destacado","slug":"destacado","link":"https:\/\/www.ull.es\/portal\/noticias\/category\/destacado\/"},"featured_image_thumbnail_url":"https:\/\/www.ull.es\/portal\/noticias\/wp-content\/uploads\/sites\/13\/2023\/06\/Jorn-Aprendizaje-Servicio-09-300x200.jpg","_links":{"self":[{"href":"https:\/\/www.ull.es\/portal\/noticias\/wp-json\/wp\/v2\/posts\/70461"}],"collection":[{"href":"https:\/\/www.ull.es\/portal\/noticias\/wp-json\/wp\/v2\/posts"}],"about":[{"href":"https:\/\/www.ull.es\/portal\/noticias\/wp-json\/wp\/v2\/types\/post"}],"author":[{"embeddable":true,"href":"https:\/\/www.ull.es\/portal\/noticias\/wp-json\/wp\/v2\/users\/67"}],"replies":[{"embeddable":true,"href":"https:\/\/www.ull.es\/portal\/noticias\/wp-json\/wp\/v2\/comments?post=70461"}],"version-history":[{"count":1,"href":"https:\/\/www.ull.es\/portal\/noticias\/wp-json\/wp\/v2\/posts\/70461\/revisions"}],"predecessor-version":[{"id":70466,"href":"https:\/\/www.ull.es\/portal\/noticias\/wp-json\/wp\/v2\/posts\/70461\/revisions\/70466"}],"wp:featuredmedia":[{"embeddable":true,"href":"https:\/\/www.ull.es\/portal\/noticias\/wp-json\/wp\/v2\/media\/70462"}],"wp:attachment":[{"href":"https:\/\/www.ull.es\/portal\/noticias\/wp-json\/wp\/v2\/media?parent=70461"}],"wp:term":[{"taxonomy":"category","embeddable":true,"href":"https:\/\/www.ull.es\/portal\/noticias\/wp-json\/wp\/v2\/categories?post=70461"},{"taxonomy":"post_tag","embeddable":true,"href":"https:\/\/www.ull.es\/portal\/noticias\/wp-json\/wp\/v2\/tags?post=70461"}],"curies":[{"name":"wp","href":"https:\/\/api.w.org\/{rel}","templated":true}]}}