{"id":70467,"date":"2023-06-22T13:50:16","date_gmt":"2023-06-22T13:50:16","guid":{"rendered":"https:\/\/www.ull.es\/portal\/noticias\/?p=70467"},"modified":"2023-06-23T10:13:20","modified_gmt":"2023-06-23T10:13:20","slug":"la-ull-y-el-cabildo-abren-la-matricula-de-la-universidad-de-verano-de-la-gomera","status":"publish","type":"post","link":"https:\/\/www.ull.es\/portal\/noticias\/2023\/la-ull-y-el-cabildo-abren-la-matricula-de-la-universidad-de-verano-de-la-gomera\/","title":{"rendered":"La ULL y el Cabildo abren la matr\u00edcula de la Universidad de Verano de La Gomera"},"content":{"rendered":"<p>El Cabildo de La Gomera ha abierto hoy, jueves 22 de junio, el plazo de matriculaci\u00f3n a los cursos de formaci\u00f3n que tendr\u00e1n lugar a lo largo del mes de julio como parte de la nueva edici\u00f3n de la Universidad de Verano de La Gomera 2023.\u00a0Se trata de una iniciativa formativa que, con car\u00e1cter anual, promueven la Instituci\u00f3n insular y la Universidad de La Laguna, y que aborda temas de actualidad e inter\u00e9s general en \u00e1reas como la sostenibilidad, sector primario y comercio, salud y bienestar social, arqueolog\u00eda y geolog\u00eda, turismo, y nuevas tecnolog\u00edas.<\/p>\n<p>El presidente en funciones, Casimiro Curbelo, hizo hincapi\u00e9 en la programaci\u00f3n conjunta que la instituci\u00f3n acad\u00e9mica y el Cabildo mantienen no s\u00f3lo con la Universidad de Verano, sino con otras iniciativas como las c\u00e1tedras y las l\u00edneas de cooperaci\u00f3n y apoyo al estudiantado. \u201cEs rese\u00f1able el trabajo conjunto que venimos realizando para acercar la universidad a La Gomera\u201d, remarc\u00f3.<\/p>\n<p>Estos cursos ser\u00e1n de car\u00e1cter presencial y se impartir\u00e1n en los diferentes municipios de la isla,\u00a0entre el 12 y el 28 de julio, con una\u00a0duraci\u00f3n de\u00a0diez horas lectivas cada uno.\u00a0El acceso a las inscripciones se realiza de forma online\u00a0a trav\u00e9s de\u00a0<a href=\"https:\/\/www.ull.es\/cultura\/cursos-extension-universitaria\/universidad-de-verano-de-la-gomera\/\" target=\"_blank\" rel=\"noopener\" target=\"_blank\" rel=\"noopener\"><strong>este enlace<\/strong><\/a>.<\/p>\n<p><strong>Calendario de cursos de la Universidad de Verano La Gomera 2023<\/strong><\/p>\n<p>En materia de sostenibilidad, los d\u00edas 12, 13 y 14 de julio, el Auditorio Benedicto Negr\u00edn de Agulo impartir\u00e1 un curso de\u00a0\u2018Prevenci\u00f3n y gesti\u00f3n descentralizada de biorresiduos mediante compostaje dom\u00e9stico y comunitario\u2019. As\u00ed, se ofrecer\u00e1 una formaci\u00f3n te\u00f3rico &#8211; pr\u00e1ctica introductoria b\u00e1sica para el adecuado manejo y funcionamiento de compostaje. El profesor encargado de impartir la formaci\u00f3n ser\u00e1 Carlos Jim\u00e9nes Mart\u00ednez, del Departamento de Bellas Artes.<\/p>\n<p>Simult\u00e1neamente, del 13 al 15 de julio la Casa de la Cultura de Hermigua acoger\u00e1 el curso de\u00a0\u2018Oportunidades productivas y comerciales de la fruticultura ecol\u00f3gica en La Gomera\u2019, a cargo del profesor de Ingenier\u00eda Agraria, Antonio C\u00e9sar Perdomo Molina. Se proporcionar\u00e1 al alumnado las nociones b\u00e1sicas de producci\u00f3n de fruta ecol\u00f3gica y sus posibilidades de comercializaci\u00f3n, con especial referencia a La Gomera.<\/p>\n<p>En la rama de lo social y sanitario, la programaci\u00f3n incluye el curso de\u00a0\u2018An\u00e1lisis y prevenci\u00f3n\u00a0 de la violencia parental y filio-parental\u2019,\u00a0que se desarrollar\u00e1 del 19 al 21 de julio, en la sala de Edificios M\u00faltiples de Playa Santiago, en el municipio de Alajer\u00f3. La direcci\u00f3n estar\u00e1 a cargo de Juan Mart\u00ednez Torvisco, profesor titular en el departamento de Psicolog\u00eda Cognitiva, Social y Organizacional, quien proporcionar\u00e1 los conocimientos b\u00e1sicos te\u00f3ricos para identificar este tipo de violencia, sus ra\u00edces y fundamentos, as\u00ed como situaciones de conflictos y herramientas para su resoluci\u00f3n.<\/p>\n<p>Asimismo, el 20, 21 y 22 de julio se desarrollar\u00e1 un curso pr\u00e1ctico de\u00a0\u2018Lengua de Signos Espa\u00f1ola (LSE)\u2019\u00a0en la Casa de la Cultura de Valle Gran Rey, que estar\u00e1 dirigido por Mar\u00eda del Carmen Rodr\u00edguez Jim\u00e9nez, profesora contratada doctora del departamento de Did\u00e1ctica e Investigaci\u00f3n Educativa de la Universidad de La Laguna. Durante la formaci\u00f3n, los alumnos aprender\u00e1n a comprender y utilizar expresiones cotidianas de uso frecuente, adem\u00e1s de pedir y proporcionar informaci\u00f3n b\u00e1sica personal.<\/p>\n<p>En el \u00e1mbito de la arqueolog\u00eda y la geolog\u00eda, el Sal\u00f3n de Plenos del Cabildo de La Gomera acoge, los d\u00edas 24, 25 y 26 de julio el curso de\u00a0\u2018Lugares de inter\u00e9s geotur\u00edstico en islas volc\u00e1nicas oce\u00e1nicas\u2019, bajo la direcci\u00f3n de Francisco Javier D\u00f3niz P\u00e1ez, profesor titular en el departamento de Geograf\u00eda e Historia. El principal objetivo de este curso ser\u00e1 dar a conocer el patrimonio cultural y natural &#8211; geopatrimonio &#8211; como recurso para el desarrollo socioecon\u00f3mico de los territorios, al tiempo que se dotar\u00e1 al alumnado de herramientas para el dise\u00f1o de nuevos productos y experiencias tur\u00edsticas ligadas con el geoturismo en espacios volc\u00e1nicos.<\/p>\n<p>Para finalizar la formaci\u00f3n acad\u00e9mica, y en relaci\u00f3n a las nuevas tecnolog\u00edas, el programa incluir\u00e1 un curso b\u00e1sico de\u00a0\u2018Piloto de drones. Capacitaci\u00f3n para certificados en categor\u00eda abierta A1\/A3\u2019, que se llevar\u00e1 a cabo en la Casa de la Cultura Pedro Garc\u00eda Cabrera, en Vallehermoso, los d\u00edas 26, 27 y 28 de julio, a cargo de los docentes Jos\u00e9 Andr\u00e9s Correa Cordob\u00e9s y Miguel Pereyra Chico, miembros de la Asociaci\u00f3n ACUDRON. El objetivo de este curso es la adquisici\u00f3n de experiencia b\u00e1sica en el manejo de drones, tanto en interior como exterior.<\/p>\n<p>La Universidad de La Laguna, a trav\u00e9s del Vicerrectorado de Cultura, Participaci\u00f3n Social y Campus Ofra y La Palma, emitir\u00e1 un certificado de asistencia a todas aquellas personas que asistan a un m\u00ednimo del 80% de las horas lectivas presenciales. Asimismo, quienes superen el trabajo aut\u00f3nomo del alumnado, recibir\u00e1n un certificado de asistencia y aprovechamiento, reconocible a su vez por un cr\u00e9dito ECTS.<\/p>\n","protected":false},"excerpt":{"rendered":"<p>El Cabildo de La Gomera ha abierto hoy, jueves 22 de junio, el plazo de matriculaci\u00f3n a los cursos de&#8230;<\/p>\n","protected":false},"author":67,"featured_media":70483,"comment_status":"closed","ping_status":"closed","sticky":false,"template":"","format":"standard","meta":{"inline_featured_image":false,"footnotes":""},"categories":[345,346,2765],"tags":[2575],"acf":[],"yoast_head":"<!-- This site is optimized with the Yoast SEO plugin v21.3 - https:\/\/yoast.com\/wordpress\/plugins\/seo\/ -->\n<title>La ULL y el Cabildo abren la matr\u00edcula de la Universidad de Verano de La Gomera - ULL - Noticias<\/title>\n<meta name=\"description\" content=\"El Cabildo de La Gomera ha abierto hoy, jueves 22 de junio, el plazo de matriculaci\u00f3n a los cursos de formaci\u00f3n que tendr\u00e1n lugar a lo largo del mes de julio como parte de la nueva edici\u00f3n de la Universidad de Verano de La Gomera 2023.\" \/>\n<meta name=\"robots\" content=\"index, follow, max-snippet:-1, max-image-preview:large, max-video-preview:-1\" \/>\n<link rel=\"canonical\" href=\"https:\/\/www.ull.es\/portal\/noticias\/2023\/la-ull-y-el-cabildo-abren-la-matricula-de-la-universidad-de-verano-de-la-gomera\/\" \/>\n<meta property=\"og:locale\" content=\"es_ES\" \/>\n<meta property=\"og:type\" content=\"article\" \/>\n<meta property=\"og:title\" content=\"La ULL y el Cabildo abren la matr\u00edcula de la Universidad de Verano de La Gomera - ULL - Noticias\" \/>\n<meta property=\"og:description\" content=\"El Cabildo de La Gomera ha abierto hoy, jueves 22 de junio, el plazo de matriculaci\u00f3n a los cursos de formaci\u00f3n que tendr\u00e1n lugar a lo largo del mes de julio como parte de la nueva edici\u00f3n de la Universidad de Verano de La Gomera 2023.\" \/>\n<meta property=\"og:url\" content=\"https:\/\/www.ull.es\/portal\/noticias\/2023\/la-ull-y-el-cabildo-abren-la-matricula-de-la-universidad-de-verano-de-la-gomera\/\" \/>\n<meta property=\"og:site_name\" content=\"ULL - Noticias\" \/>\n<meta property=\"article:publisher\" content=\"https:\/\/www.facebook.com\/universidaddelalaguna\/\" \/>\n<meta property=\"article:published_time\" content=\"2023-06-22T13:50:16+00:00\" \/>\n<meta property=\"article:modified_time\" content=\"2023-06-23T10:13:20+00:00\" \/>\n<meta property=\"og:image\" content=\"https:\/\/www.ull.es\/portal\/noticias\/wp-content\/uploads\/sites\/13\/2023\/06\/Generico_Universidad_de_Verano_La_Gomera_2023-08.png\" \/>\n\t<meta property=\"og:image:width\" content=\"1920\" \/>\n\t<meta property=\"og:image:height\" content=\"1080\" \/>\n\t<meta property=\"og:image:type\" content=\"image\/png\" \/>\n<meta name=\"author\" content=\"gcom5\" \/>\n<meta name=\"twitter:card\" content=\"summary_large_image\" \/>\n<meta name=\"twitter:creator\" content=\"@CanalULL\" \/>\n<meta name=\"twitter:site\" content=\"@CanalULL\" \/>\n<meta name=\"twitter:label1\" content=\"Escrito por\" \/>\n\t<meta name=\"twitter:data1\" content=\"gcom5\" \/>\n\t<meta name=\"twitter:label2\" content=\"Tiempo de lectura\" \/>\n\t<meta name=\"twitter:data2\" content=\"4 minutos\" \/>\n<script type=\"application\/ld+json\" class=\"yoast-schema-graph\">{\"@context\":\"https:\/\/schema.org\",\"@graph\":[{\"@type\":\"WebPage\",\"@id\":\"https:\/\/www.ull.es\/portal\/noticias\/2023\/la-ull-y-el-cabildo-abren-la-matricula-de-la-universidad-de-verano-de-la-gomera\/\",\"url\":\"https:\/\/www.ull.es\/portal\/noticias\/2023\/la-ull-y-el-cabildo-abren-la-matricula-de-la-universidad-de-verano-de-la-gomera\/\",\"name\":\"La ULL y el Cabildo abren la matr\u00edcula de la Universidad de Verano de La Gomera - ULL - Noticias\",\"isPartOf\":{\"@id\":\"https:\/\/www.ull.es\/portal\/noticias\/#website\"},\"datePublished\":\"2023-06-22T13:50:16+00:00\",\"dateModified\":\"2023-06-23T10:13:20+00:00\",\"author\":{\"@id\":\"https:\/\/www.ull.es\/portal\/noticias\/#\/schema\/person\/8027c6c4687adc2c90dc1532715d34df\"},\"description\":\"El Cabildo de La Gomera ha abierto hoy, jueves 22 de junio, el plazo de matriculaci\u00f3n a los cursos de formaci\u00f3n que tendr\u00e1n lugar a lo largo del mes de julio como parte de la nueva edici\u00f3n de la Universidad de Verano de La Gomera 2023.\",\"breadcrumb\":{\"@id\":\"https:\/\/www.ull.es\/portal\/noticias\/2023\/la-ull-y-el-cabildo-abren-la-matricula-de-la-universidad-de-verano-de-la-gomera\/#breadcrumb\"},\"inLanguage\":\"es\",\"potentialAction\":[{\"@type\":\"ReadAction\",\"target\":[\"https:\/\/www.ull.es\/portal\/noticias\/2023\/la-ull-y-el-cabildo-abren-la-matricula-de-la-universidad-de-verano-de-la-gomera\/\"]}]},{\"@type\":\"BreadcrumbList\",\"@id\":\"https:\/\/www.ull.es\/portal\/noticias\/2023\/la-ull-y-el-cabildo-abren-la-matricula-de-la-universidad-de-verano-de-la-gomera\/#breadcrumb\",\"itemListElement\":[{\"@type\":\"ListItem\",\"position\":1,\"name\":\"Portada\",\"item\":\"https:\/\/www.ull.es\/portal\/noticias\/\"},{\"@type\":\"ListItem\",\"position\":2,\"name\":\"La ULL y el Cabildo abren la matr\u00edcula de la Universidad de Verano de La Gomera\"}]},{\"@type\":\"WebSite\",\"@id\":\"https:\/\/www.ull.es\/portal\/noticias\/#website\",\"url\":\"https:\/\/www.ull.es\/portal\/noticias\/\",\"name\":\"ULL - Noticias\",\"description\":\"\",\"potentialAction\":[{\"@type\":\"SearchAction\",\"target\":{\"@type\":\"EntryPoint\",\"urlTemplate\":\"https:\/\/www.ull.es\/portal\/noticias\/?s={search_term_string}\"},\"query-input\":\"required name=search_term_string\"}],\"inLanguage\":\"es\"},{\"@type\":\"Person\",\"@id\":\"https:\/\/www.ull.es\/portal\/noticias\/#\/schema\/person\/8027c6c4687adc2c90dc1532715d34df\",\"name\":\"gcom5\",\"image\":{\"@type\":\"ImageObject\",\"inLanguage\":\"es\",\"@id\":\"https:\/\/www.ull.es\/portal\/noticias\/#\/schema\/person\/image\/\",\"url\":\"https:\/\/secure.gravatar.com\/avatar\/8b3777f8048001fa57b88338ce5605b9?s=96&d=mm&r=g\",\"contentUrl\":\"https:\/\/secure.gravatar.com\/avatar\/8b3777f8048001fa57b88338ce5605b9?s=96&d=mm&r=g\",\"caption\":\"gcom5\"},\"url\":\"https:\/\/www.ull.es\/portal\/noticias\/author\/gcom5\/\"}]}<\/script>\n<!-- \/ Yoast SEO plugin. -->","yoast_head_json":{"title":"La ULL y el Cabildo abren la matr\u00edcula de la Universidad de Verano de La Gomera - ULL - Noticias","description":"El Cabildo de La Gomera ha abierto hoy, jueves 22 de junio, el plazo de matriculaci\u00f3n a los cursos de formaci\u00f3n que tendr\u00e1n lugar a lo largo del mes de julio como parte de la nueva edici\u00f3n de la Universidad de Verano de La Gomera 2023.","robots":{"index":"index","follow":"follow","max-snippet":"max-snippet:-1","max-image-preview":"max-image-preview:large","max-video-preview":"max-video-preview:-1"},"canonical":"https:\/\/www.ull.es\/portal\/noticias\/2023\/la-ull-y-el-cabildo-abren-la-matricula-de-la-universidad-de-verano-de-la-gomera\/","og_locale":"es_ES","og_type":"article","og_title":"La ULL y el Cabildo abren la matr\u00edcula de la Universidad de Verano de La Gomera - ULL - Noticias","og_description":"El Cabildo de La Gomera ha abierto hoy, jueves 22 de junio, el plazo de matriculaci\u00f3n a los cursos de formaci\u00f3n que tendr\u00e1n lugar a lo largo del mes de julio como parte de la nueva edici\u00f3n de la Universidad de Verano de La Gomera 2023.","og_url":"https:\/\/www.ull.es\/portal\/noticias\/2023\/la-ull-y-el-cabildo-abren-la-matricula-de-la-universidad-de-verano-de-la-gomera\/","og_site_name":"ULL - Noticias","article_publisher":"https:\/\/www.facebook.com\/universidaddelalaguna\/","article_published_time":"2023-06-22T13:50:16+00:00","article_modified_time":"2023-06-23T10:13:20+00:00","og_image":[{"width":1920,"height":1080,"url":"https:\/\/www.ull.es\/portal\/noticias\/wp-content\/uploads\/sites\/13\/2023\/06\/Generico_Universidad_de_Verano_La_Gomera_2023-08.png","type":"image\/png"}],"author":"gcom5","twitter_card":"summary_large_image","twitter_creator":"@CanalULL","twitter_site":"@CanalULL","twitter_misc":{"Escrito por":"gcom5","Tiempo de lectura":"4 minutos"},"schema":{"@context":"https:\/\/schema.org","@graph":[{"@type":"WebPage","@id":"https:\/\/www.ull.es\/portal\/noticias\/2023\/la-ull-y-el-cabildo-abren-la-matricula-de-la-universidad-de-verano-de-la-gomera\/","url":"https:\/\/www.ull.es\/portal\/noticias\/2023\/la-ull-y-el-cabildo-abren-la-matricula-de-la-universidad-de-verano-de-la-gomera\/","name":"La ULL y el Cabildo abren la matr\u00edcula de la Universidad de Verano de La Gomera - ULL - Noticias","isPartOf":{"@id":"https:\/\/www.ull.es\/portal\/noticias\/#website"},"datePublished":"2023-06-22T13:50:16+00:00","dateModified":"2023-06-23T10:13:20+00:00","author":{"@id":"https:\/\/www.ull.es\/portal\/noticias\/#\/schema\/person\/8027c6c4687adc2c90dc1532715d34df"},"description":"El Cabildo de La Gomera ha abierto hoy, jueves 22 de junio, el plazo de matriculaci\u00f3n a los cursos de formaci\u00f3n que tendr\u00e1n lugar a lo largo del mes de julio como parte de la nueva edici\u00f3n de la Universidad de Verano de La Gomera 2023.","breadcrumb":{"@id":"https:\/\/www.ull.es\/portal\/noticias\/2023\/la-ull-y-el-cabildo-abren-la-matricula-de-la-universidad-de-verano-de-la-gomera\/#breadcrumb"},"inLanguage":"es","potentialAction":[{"@type":"ReadAction","target":["https:\/\/www.ull.es\/portal\/noticias\/2023\/la-ull-y-el-cabildo-abren-la-matricula-de-la-universidad-de-verano-de-la-gomera\/"]}]},{"@type":"BreadcrumbList","@id":"https:\/\/www.ull.es\/portal\/noticias\/2023\/la-ull-y-el-cabildo-abren-la-matricula-de-la-universidad-de-verano-de-la-gomera\/#breadcrumb","itemListElement":[{"@type":"ListItem","position":1,"name":"Portada","item":"https:\/\/www.ull.es\/portal\/noticias\/"},{"@type":"ListItem","position":2,"name":"La ULL y el Cabildo abren la matr\u00edcula de la Universidad de Verano de La Gomera"}]},{"@type":"WebSite","@id":"https:\/\/www.ull.es\/portal\/noticias\/#website","url":"https:\/\/www.ull.es\/portal\/noticias\/","name":"ULL - Noticias","description":"","potentialAction":[{"@type":"SearchAction","target":{"@type":"EntryPoint","urlTemplate":"https:\/\/www.ull.es\/portal\/noticias\/?s={search_term_string}"},"query-input":"required name=search_term_string"}],"inLanguage":"es"},{"@type":"Person","@id":"https:\/\/www.ull.es\/portal\/noticias\/#\/schema\/person\/8027c6c4687adc2c90dc1532715d34df","name":"gcom5","image":{"@type":"ImageObject","inLanguage":"es","@id":"https:\/\/www.ull.es\/portal\/noticias\/#\/schema\/person\/image\/","url":"https:\/\/secure.gravatar.com\/avatar\/8b3777f8048001fa57b88338ce5605b9?s=96&d=mm&r=g","contentUrl":"https:\/\/secure.gravatar.com\/avatar\/8b3777f8048001fa57b88338ce5605b9?s=96&d=mm&r=g","caption":"gcom5"},"url":"https:\/\/www.ull.es\/portal\/noticias\/author\/gcom5\/"}]}},"primary_category":{"id":345,"name":"Destacado","slug":"destacado","link":"https:\/\/www.ull.es\/portal\/noticias\/category\/destacado\/"},"featured_image_thumbnail_url":"https:\/\/www.ull.es\/portal\/noticias\/wp-content\/uploads\/sites\/13\/2023\/06\/Generico_Universidad_de_Verano_La_Gomera_2023-08-300x169.png","_links":{"self":[{"href":"https:\/\/www.ull.es\/portal\/noticias\/wp-json\/wp\/v2\/posts\/70467"}],"collection":[{"href":"https:\/\/www.ull.es\/portal\/noticias\/wp-json\/wp\/v2\/posts"}],"about":[{"href":"https:\/\/www.ull.es\/portal\/noticias\/wp-json\/wp\/v2\/types\/post"}],"author":[{"embeddable":true,"href":"https:\/\/www.ull.es\/portal\/noticias\/wp-json\/wp\/v2\/users\/67"}],"replies":[{"embeddable":true,"href":"https:\/\/www.ull.es\/portal\/noticias\/wp-json\/wp\/v2\/comments?post=70467"}],"version-history":[{"count":1,"href":"https:\/\/www.ull.es\/portal\/noticias\/wp-json\/wp\/v2\/posts\/70467\/revisions"}],"predecessor-version":[{"id":70469,"href":"https:\/\/www.ull.es\/portal\/noticias\/wp-json\/wp\/v2\/posts\/70467\/revisions\/70469"}],"wp:featuredmedia":[{"embeddable":true,"href":"https:\/\/www.ull.es\/portal\/noticias\/wp-json\/wp\/v2\/media\/70483"}],"wp:attachment":[{"href":"https:\/\/www.ull.es\/portal\/noticias\/wp-json\/wp\/v2\/media?parent=70467"}],"wp:term":[{"taxonomy":"category","embeddable":true,"href":"https:\/\/www.ull.es\/portal\/noticias\/wp-json\/wp\/v2\/categories?post=70467"},{"taxonomy":"post_tag","embeddable":true,"href":"https:\/\/www.ull.es\/portal\/noticias\/wp-json\/wp\/v2\/tags?post=70467"}],"curies":[{"name":"wp","href":"https:\/\/api.w.org\/{rel}","templated":true}]}}