{"id":70470,"date":"2023-06-23T08:17:12","date_gmt":"2023-06-23T08:17:12","guid":{"rendered":"https:\/\/www.ull.es\/portal\/noticias\/?p=70470"},"modified":"2023-06-23T08:17:12","modified_gmt":"2023-06-23T08:17:12","slug":"las-universidades-publicas-canarias-fortalecen-su-accion-conjunta","status":"publish","type":"post","link":"https:\/\/www.ull.es\/portal\/noticias\/2023\/las-universidades-publicas-canarias-fortalecen-su-accion-conjunta\/","title":{"rendered":"Las universidades p\u00fablicas canarias fortalecen su acci\u00f3n conjunta"},"content":{"rendered":"<p>Los equipos rectorales de las dos universidades p\u00fablicas canarias se reunieron esta semana en La Laguna para exponer sus principales retos y dise\u00f1ar un plan com\u00fan de trabajo para cada \u00e1rea.<\/p>\n<p>Presidida por el rector de la ULL, Francisco Garc\u00eda, y por su hom\u00f3logo de la Universidad de Las Palmas de Gran Canaria, Llu\u00eds Serra, el encuentro se desarroll\u00f3 en un \u00f3ptimo clima de entendimiento y cordialidad, bajo la premisa de establecer una estrategia \u00fanica para ambos centros superiores.<\/p>\n<p>Los rectores coincidieron en que en esta \u00e9poca de incertidumbre la \u00fanica certeza es la alianza de las dos instituciones, a la espera de la configuraci\u00f3n de nuevos interlocutores por parte del gobierno auton\u00f3mico. De hecho, el futuro del contrato-programa, que ya contaba con un estudio previo y con necesidades de financiaci\u00f3n definidas, es un tema de gran preocupaci\u00f3n para las dos universidades p\u00fablicas y que habr\u00e1 de retomarse con urgencia.<\/p>\n<div id=\"attachment_70471\" style=\"width: 310px\" class=\"wp-caption alignleft\"><a href=\"https:\/\/www.ull.es\/portal\/noticias\/wp-content\/uploads\/sites\/13\/2023\/06\/Visita-ULPGC-10.jpg\" target=\"_blank\" rel=\"noopener\"><img aria-describedby=\"caption-attachment-70471\" decoding=\"async\" loading=\"lazy\" class=\"size-medium wp-image-70471\" src=\"https:\/\/www.ull.es\/portal\/noticias\/wp-content\/uploads\/sites\/13\/2023\/06\/Visita-ULPGC-10-300x200.jpg\" alt=\"\" width=\"300\" height=\"200\" srcset=\"https:\/\/www.ull.es\/portal\/noticias\/wp-content\/uploads\/sites\/13\/2023\/06\/Visita-ULPGC-10-300x200.jpg 300w, https:\/\/www.ull.es\/portal\/noticias\/wp-content\/uploads\/sites\/13\/2023\/06\/Visita-ULPGC-10-768x512.jpg 768w, https:\/\/www.ull.es\/portal\/noticias\/wp-content\/uploads\/sites\/13\/2023\/06\/Visita-ULPGC-10-375x250.jpg 375w, https:\/\/www.ull.es\/portal\/noticias\/wp-content\/uploads\/sites\/13\/2023\/06\/Visita-ULPGC-10-750x500.jpg 750w, https:\/\/www.ull.es\/portal\/noticias\/wp-content\/uploads\/sites\/13\/2023\/06\/Visita-ULPGC-10.jpg 1024w\" sizes=\"(max-width: 300px) 100vw, 300px\" \/><\/a><p id=\"caption-attachment-70471\" class=\"wp-caption-text\">Un momento de la reuni\u00f3n de trabajo.<\/p><\/div>\n<p>Otro asunto del que se habl\u00f3 es el mapa de titulaciones, en la idea de seguirse coordinando en la implantaci\u00f3n de nuevos t\u00edtulos atendiendo a las necesidades de formaci\u00f3n y capacitaci\u00f3n de la comunidad aut\u00f3noma. Los equipos plantearon la posibilidad de generar estructuras de investigaci\u00f3n comunes, trabajar en los Objetivos de Desarrollo Sostenible de forma coordinada, as\u00ed como en la estabilizaci\u00f3n de la plantilla docente e incluso en la convocatoria conjunta de nuevas ofertas de empleo p\u00fablico de car\u00e1cter extraordinario o de mesas de contrataci\u00f3n comunes.<\/p>\n<p>La situaci\u00f3n de las pr\u00e1cticas curriculares fue otro asunto abordado en el encuentro, dado que las universidades canarias son las \u00fanicas de todo el Estado espa\u00f1ol en las que tienen car\u00e1cter obligatorio en todos los grados, son las de mayor afectaci\u00f3n ante el cambio de normativa y la posibilidad de tributar por ellas.<\/p>\n<p>Compartir programaci\u00f3n cultural y estrategias de comunicaci\u00f3n fueron tambi\u00e9n otros extremos tratados en la reuni\u00f3n, que luego pas\u00f3 a tener un car\u00e1cter m\u00e1s sectorial de modo que los vicerrectores se reunieron por \u00e1reas para concretar l\u00edneas de trabajo.<\/p>\n","protected":false},"excerpt":{"rendered":"<p>Los equipos rectorales de las dos universidades p\u00fablicas canarias se reunieron esta semana en La Laguna para exponer sus principales&#8230;<\/p>\n","protected":false},"author":23,"featured_media":70472,"comment_status":"closed","ping_status":"closed","sticky":false,"template":"","format":"standard","meta":{"inline_featured_image":false,"footnotes":""},"categories":[345,348,2765],"tags":[8389],"acf":[],"yoast_head":"<!-- This site is optimized with the Yoast SEO plugin v21.3 - https:\/\/yoast.com\/wordpress\/plugins\/seo\/ -->\n<title>Las universidades p\u00fablicas canarias fortalecen su acci\u00f3n conjunta - ULL - Noticias<\/title>\n<meta name=\"robots\" content=\"index, follow, max-snippet:-1, max-image-preview:large, max-video-preview:-1\" \/>\n<link rel=\"canonical\" href=\"https:\/\/www.ull.es\/portal\/noticias\/2023\/las-universidades-publicas-canarias-fortalecen-su-accion-conjunta\/\" \/>\n<meta property=\"og:locale\" content=\"es_ES\" \/>\n<meta property=\"og:type\" content=\"article\" \/>\n<meta property=\"og:title\" content=\"Las universidades p\u00fablicas canarias fortalecen su acci\u00f3n conjunta - ULL - Noticias\" \/>\n<meta property=\"og:description\" content=\"Los equipos rectorales de las dos universidades p\u00fablicas canarias se reunieron esta semana en La Laguna para exponer sus principales...\" \/>\n<meta property=\"og:url\" content=\"https:\/\/www.ull.es\/portal\/noticias\/2023\/las-universidades-publicas-canarias-fortalecen-su-accion-conjunta\/\" \/>\n<meta property=\"og:site_name\" content=\"ULL - Noticias\" \/>\n<meta property=\"article:publisher\" content=\"https:\/\/www.facebook.com\/universidaddelalaguna\/\" \/>\n<meta property=\"article:published_time\" content=\"2023-06-23T08:17:12+00:00\" \/>\n<meta property=\"og:image\" content=\"https:\/\/www.ull.es\/portal\/noticias\/wp-content\/uploads\/sites\/13\/2023\/06\/Visita-ULPGC-03-1.jpg\" \/>\n\t<meta property=\"og:image:width\" content=\"1024\" \/>\n\t<meta property=\"og:image:height\" content=\"683\" \/>\n\t<meta property=\"og:image:type\" content=\"image\/jpeg\" \/>\n<meta name=\"author\" content=\"gaprsa\" \/>\n<meta name=\"twitter:card\" content=\"summary_large_image\" \/>\n<meta name=\"twitter:creator\" content=\"@CanalULL\" \/>\n<meta name=\"twitter:site\" content=\"@CanalULL\" \/>\n<meta name=\"twitter:label1\" content=\"Escrito por\" \/>\n\t<meta name=\"twitter:data1\" content=\"gaprsa\" \/>\n\t<meta name=\"twitter:label2\" content=\"Tiempo de lectura\" \/>\n\t<meta name=\"twitter:data2\" content=\"2 minutos\" \/>\n<script type=\"application\/ld+json\" class=\"yoast-schema-graph\">{\"@context\":\"https:\/\/schema.org\",\"@graph\":[{\"@type\":\"WebPage\",\"@id\":\"https:\/\/www.ull.es\/portal\/noticias\/2023\/las-universidades-publicas-canarias-fortalecen-su-accion-conjunta\/\",\"url\":\"https:\/\/www.ull.es\/portal\/noticias\/2023\/las-universidades-publicas-canarias-fortalecen-su-accion-conjunta\/\",\"name\":\"Las universidades p\u00fablicas canarias fortalecen su acci\u00f3n conjunta - ULL - Noticias\",\"isPartOf\":{\"@id\":\"https:\/\/www.ull.es\/portal\/noticias\/#website\"},\"datePublished\":\"2023-06-23T08:17:12+00:00\",\"dateModified\":\"2023-06-23T08:17:12+00:00\",\"author\":{\"@id\":\"https:\/\/www.ull.es\/portal\/noticias\/#\/schema\/person\/b2b1a89d43ffa609e591f7df8ef3e817\"},\"breadcrumb\":{\"@id\":\"https:\/\/www.ull.es\/portal\/noticias\/2023\/las-universidades-publicas-canarias-fortalecen-su-accion-conjunta\/#breadcrumb\"},\"inLanguage\":\"es\",\"potentialAction\":[{\"@type\":\"ReadAction\",\"target\":[\"https:\/\/www.ull.es\/portal\/noticias\/2023\/las-universidades-publicas-canarias-fortalecen-su-accion-conjunta\/\"]}]},{\"@type\":\"BreadcrumbList\",\"@id\":\"https:\/\/www.ull.es\/portal\/noticias\/2023\/las-universidades-publicas-canarias-fortalecen-su-accion-conjunta\/#breadcrumb\",\"itemListElement\":[{\"@type\":\"ListItem\",\"position\":1,\"name\":\"Portada\",\"item\":\"https:\/\/www.ull.es\/portal\/noticias\/\"},{\"@type\":\"ListItem\",\"position\":2,\"name\":\"Las universidades p\u00fablicas canarias fortalecen su acci\u00f3n conjunta\"}]},{\"@type\":\"WebSite\",\"@id\":\"https:\/\/www.ull.es\/portal\/noticias\/#website\",\"url\":\"https:\/\/www.ull.es\/portal\/noticias\/\",\"name\":\"ULL - Noticias\",\"description\":\"\",\"potentialAction\":[{\"@type\":\"SearchAction\",\"target\":{\"@type\":\"EntryPoint\",\"urlTemplate\":\"https:\/\/www.ull.es\/portal\/noticias\/?s={search_term_string}\"},\"query-input\":\"required name=search_term_string\"}],\"inLanguage\":\"es\"},{\"@type\":\"Person\",\"@id\":\"https:\/\/www.ull.es\/portal\/noticias\/#\/schema\/person\/b2b1a89d43ffa609e591f7df8ef3e817\",\"name\":\"gaprsa\",\"image\":{\"@type\":\"ImageObject\",\"inLanguage\":\"es\",\"@id\":\"https:\/\/www.ull.es\/portal\/noticias\/#\/schema\/person\/image\/\",\"url\":\"https:\/\/secure.gravatar.com\/avatar\/443820550921091458b4823867723b3d?s=96&d=mm&r=g\",\"contentUrl\":\"https:\/\/secure.gravatar.com\/avatar\/443820550921091458b4823867723b3d?s=96&d=mm&r=g\",\"caption\":\"gaprsa\"},\"url\":\"https:\/\/www.ull.es\/portal\/noticias\/author\/gaprsa\/\"}]}<\/script>\n<!-- \/ Yoast SEO plugin. -->","yoast_head_json":{"title":"Las universidades p\u00fablicas canarias fortalecen su acci\u00f3n conjunta - ULL - Noticias","robots":{"index":"index","follow":"follow","max-snippet":"max-snippet:-1","max-image-preview":"max-image-preview:large","max-video-preview":"max-video-preview:-1"},"canonical":"https:\/\/www.ull.es\/portal\/noticias\/2023\/las-universidades-publicas-canarias-fortalecen-su-accion-conjunta\/","og_locale":"es_ES","og_type":"article","og_title":"Las universidades p\u00fablicas canarias fortalecen su acci\u00f3n conjunta - ULL - Noticias","og_description":"Los equipos rectorales de las dos universidades p\u00fablicas canarias se reunieron esta semana en La Laguna para exponer sus principales...","og_url":"https:\/\/www.ull.es\/portal\/noticias\/2023\/las-universidades-publicas-canarias-fortalecen-su-accion-conjunta\/","og_site_name":"ULL - Noticias","article_publisher":"https:\/\/www.facebook.com\/universidaddelalaguna\/","article_published_time":"2023-06-23T08:17:12+00:00","og_image":[{"width":1024,"height":683,"url":"https:\/\/www.ull.es\/portal\/noticias\/wp-content\/uploads\/sites\/13\/2023\/06\/Visita-ULPGC-03-1.jpg","type":"image\/jpeg"}],"author":"gaprsa","twitter_card":"summary_large_image","twitter_creator":"@CanalULL","twitter_site":"@CanalULL","twitter_misc":{"Escrito por":"gaprsa","Tiempo de lectura":"2 minutos"},"schema":{"@context":"https:\/\/schema.org","@graph":[{"@type":"WebPage","@id":"https:\/\/www.ull.es\/portal\/noticias\/2023\/las-universidades-publicas-canarias-fortalecen-su-accion-conjunta\/","url":"https:\/\/www.ull.es\/portal\/noticias\/2023\/las-universidades-publicas-canarias-fortalecen-su-accion-conjunta\/","name":"Las universidades p\u00fablicas canarias fortalecen su acci\u00f3n conjunta - ULL - Noticias","isPartOf":{"@id":"https:\/\/www.ull.es\/portal\/noticias\/#website"},"datePublished":"2023-06-23T08:17:12+00:00","dateModified":"2023-06-23T08:17:12+00:00","author":{"@id":"https:\/\/www.ull.es\/portal\/noticias\/#\/schema\/person\/b2b1a89d43ffa609e591f7df8ef3e817"},"breadcrumb":{"@id":"https:\/\/www.ull.es\/portal\/noticias\/2023\/las-universidades-publicas-canarias-fortalecen-su-accion-conjunta\/#breadcrumb"},"inLanguage":"es","potentialAction":[{"@type":"ReadAction","target":["https:\/\/www.ull.es\/portal\/noticias\/2023\/las-universidades-publicas-canarias-fortalecen-su-accion-conjunta\/"]}]},{"@type":"BreadcrumbList","@id":"https:\/\/www.ull.es\/portal\/noticias\/2023\/las-universidades-publicas-canarias-fortalecen-su-accion-conjunta\/#breadcrumb","itemListElement":[{"@type":"ListItem","position":1,"name":"Portada","item":"https:\/\/www.ull.es\/portal\/noticias\/"},{"@type":"ListItem","position":2,"name":"Las universidades p\u00fablicas canarias fortalecen su acci\u00f3n conjunta"}]},{"@type":"WebSite","@id":"https:\/\/www.ull.es\/portal\/noticias\/#website","url":"https:\/\/www.ull.es\/portal\/noticias\/","name":"ULL - Noticias","description":"","potentialAction":[{"@type":"SearchAction","target":{"@type":"EntryPoint","urlTemplate":"https:\/\/www.ull.es\/portal\/noticias\/?s={search_term_string}"},"query-input":"required name=search_term_string"}],"inLanguage":"es"},{"@type":"Person","@id":"https:\/\/www.ull.es\/portal\/noticias\/#\/schema\/person\/b2b1a89d43ffa609e591f7df8ef3e817","name":"gaprsa","image":{"@type":"ImageObject","inLanguage":"es","@id":"https:\/\/www.ull.es\/portal\/noticias\/#\/schema\/person\/image\/","url":"https:\/\/secure.gravatar.com\/avatar\/443820550921091458b4823867723b3d?s=96&d=mm&r=g","contentUrl":"https:\/\/secure.gravatar.com\/avatar\/443820550921091458b4823867723b3d?s=96&d=mm&r=g","caption":"gaprsa"},"url":"https:\/\/www.ull.es\/portal\/noticias\/author\/gaprsa\/"}]}},"primary_category":{"id":345,"name":"Destacado","slug":"destacado","link":"https:\/\/www.ull.es\/portal\/noticias\/category\/destacado\/"},"featured_image_thumbnail_url":"https:\/\/www.ull.es\/portal\/noticias\/wp-content\/uploads\/sites\/13\/2023\/06\/Visita-ULPGC-03-1-300x200.jpg","_links":{"self":[{"href":"https:\/\/www.ull.es\/portal\/noticias\/wp-json\/wp\/v2\/posts\/70470"}],"collection":[{"href":"https:\/\/www.ull.es\/portal\/noticias\/wp-json\/wp\/v2\/posts"}],"about":[{"href":"https:\/\/www.ull.es\/portal\/noticias\/wp-json\/wp\/v2\/types\/post"}],"author":[{"embeddable":true,"href":"https:\/\/www.ull.es\/portal\/noticias\/wp-json\/wp\/v2\/users\/23"}],"replies":[{"embeddable":true,"href":"https:\/\/www.ull.es\/portal\/noticias\/wp-json\/wp\/v2\/comments?post=70470"}],"version-history":[{"count":1,"href":"https:\/\/www.ull.es\/portal\/noticias\/wp-json\/wp\/v2\/posts\/70470\/revisions"}],"predecessor-version":[{"id":70473,"href":"https:\/\/www.ull.es\/portal\/noticias\/wp-json\/wp\/v2\/posts\/70470\/revisions\/70473"}],"wp:featuredmedia":[{"embeddable":true,"href":"https:\/\/www.ull.es\/portal\/noticias\/wp-json\/wp\/v2\/media\/70472"}],"wp:attachment":[{"href":"https:\/\/www.ull.es\/portal\/noticias\/wp-json\/wp\/v2\/media?parent=70470"}],"wp:term":[{"taxonomy":"category","embeddable":true,"href":"https:\/\/www.ull.es\/portal\/noticias\/wp-json\/wp\/v2\/categories?post=70470"},{"taxonomy":"post_tag","embeddable":true,"href":"https:\/\/www.ull.es\/portal\/noticias\/wp-json\/wp\/v2\/tags?post=70470"}],"curies":[{"name":"wp","href":"https:\/\/api.w.org\/{rel}","templated":true}]}}