{"id":70488,"date":"2023-06-23T11:14:07","date_gmt":"2023-06-23T11:14:07","guid":{"rendered":"https:\/\/www.ull.es\/portal\/noticias\/?p=70488"},"modified":"2023-06-23T13:53:52","modified_gmt":"2023-06-23T13:53:52","slug":"los-referentes-nacionales-en-tecnologia-educativa-reunidos-en-la-universidad-de-la-laguna","status":"publish","type":"post","link":"https:\/\/www.ull.es\/portal\/noticias\/2023\/los-referentes-nacionales-en-tecnologia-educativa-reunidos-en-la-universidad-de-la-laguna\/","title":{"rendered":"Los referentes nacionales en tecnolog\u00eda educativa, reunidos en la Universidad de La Laguna"},"content":{"rendered":"<p>Los mayores referentes nacionales en tecnolog\u00eda educativa se re\u00fanen estos d\u00edas en la Universidad de La Laguna para hacer balance de la docencia y la investigaci\u00f3n generada en esta materia en los \u00faltimos treinta a\u00f1os, cuando se cre\u00f3 esta red nacional. \u201cEn 1992 no \u00e9ramos conscientes de lo que la tecnolog\u00eda iba a suponer para el sistema educativo\u201d, resalt\u00f3 Lorea Fern\u00e1ndez, la presidenta de la red nacional que los aglutina. \u201cEstos docentes han creado un \u00e1rea de conocimiento que se ha convertido en una disciplina cient\u00edfica y en un \u00e1mbito de conocimiento propio\u201d.<\/p>\n<p>En estas <a href=\"https:\/\/www.ull.es\/portal\/agenda\/evento\/xxx-jornadas-internacionales-universitarias-de-tecnologia-educativa-2\/\" target=\"_blank\" rel=\"noopener\">XXX Jornadas Universitarias de Tecnolog\u00eda Educativa<\/a> (JUTE) ha quedado patente que la tecnolog\u00eda es una materia clave en la formaci\u00f3n de los docentes y que este colectivo ha impulsado igualmente la docencia online, como record\u00f3 Fern\u00e1ndez. \u201cHab\u00e9is creado escuela: hab\u00e9is formado a una generaci\u00f3n de investigadores e investigadoras que continuar\u00e1n ahora con esta labor\u201d.<\/p>\n<div id=\"attachment_70491\" style=\"width: 310px\" class=\"wp-caption alignleft\"><a href=\"https:\/\/www.ull.es\/portal\/noticias\/wp-content\/uploads\/sites\/13\/2023\/06\/Jorn-Tecnol-Educativa-02.jpg\" target=\"_blank\" rel=\"noopener\"><img aria-describedby=\"caption-attachment-70491\" decoding=\"async\" loading=\"lazy\" class=\"size-medium wp-image-70491\" src=\"https:\/\/www.ull.es\/portal\/noticias\/wp-content\/uploads\/sites\/13\/2023\/06\/Jorn-Tecnol-Educativa-02-300x200.jpg\" alt=\"\" width=\"300\" height=\"200\" srcset=\"https:\/\/www.ull.es\/portal\/noticias\/wp-content\/uploads\/sites\/13\/2023\/06\/Jorn-Tecnol-Educativa-02-300x200.jpg 300w, https:\/\/www.ull.es\/portal\/noticias\/wp-content\/uploads\/sites\/13\/2023\/06\/Jorn-Tecnol-Educativa-02-768x512.jpg 768w, https:\/\/www.ull.es\/portal\/noticias\/wp-content\/uploads\/sites\/13\/2023\/06\/Jorn-Tecnol-Educativa-02-375x250.jpg 375w, https:\/\/www.ull.es\/portal\/noticias\/wp-content\/uploads\/sites\/13\/2023\/06\/Jorn-Tecnol-Educativa-02-750x500.jpg 750w, https:\/\/www.ull.es\/portal\/noticias\/wp-content\/uploads\/sites\/13\/2023\/06\/Jorn-Tecnol-Educativa-02.jpg 1024w\" sizes=\"(max-width: 300px) 100vw, 300px\" \/><\/a><p id=\"caption-attachment-70491\" class=\"wp-caption-text\">De izquierda a derecha, la representante del Cabildo de Tenerife, un directivo del PCTT, la decana de la Facultad de Educaci\u00f3n, el rector, el presidente del congreso, una representante del comit\u00e9 local y un directivo de Cajasiete.<\/p><\/div>\n<p>El congreso ha sido organizado por el catedr\u00e1tico <a href=\"https:\/\/portalciencia.ull.es\/investigadores\/81363\/detalle\" target=\"_blank\" rel=\"noopener\">Manuel Area Moreira<\/a> y su grupo de investigaci\u00f3n, Edullab, pionero en el \u00e1mbito de las tecnolog\u00edas de la informaci\u00f3n y las comunicaciones aplicadas a la investigaci\u00f3n, pues lleva en marcha desde 1999. De la actividad del grupo y del propio Area Moreira tambi\u00e9n ha emanado la C\u00e1tedra Fundaci\u00f3n Mapfre de Tecnolog\u00eda de la Educaci\u00f3n, activa desde 2017.<\/p>\n<p>Area se\u00f1al\u00f3 en el acto de apertura que hace ya 25 a\u00f1os esta universidad acogi\u00f3 uno de los congresos anuales, cuando apenas 40 personas de todo el pa\u00eds se dedicaban a esta materia. \u201cHoy somos m\u00e1s de 300 los investigadores e investigadoras que participamos en JUTE, muchos de forma presencial y otros que se han conectado online\u201d.<\/p>\n<p>Tanto Cajasiete como el Parque Cient\u00edfico Tecnol\u00f3gico apoyan este encuentro profesional, que se desarrolla en la Facultad de Educaci\u00f3n, tanto en su m\u00f3dulo A (C\/Heraclio S\u00e1nchez, s\/n) con las sesiones plenarias como en el B (Edificio Central), con los simposios y comunicaciones.<\/p>\n<p>Como se\u00f1al\u00f3 la decana del centro anfitri\u00f3n, Esperanza Ceballos, estas jornadas son una cita ineludible para estar al tanto de las \u00faltimas novedades en tecnolog\u00eda educativa, a manos de los docentes m\u00e1s inspiradores. Con todo, sostuvo que no hay que perder de vista que la tecnolog\u00eda debe en este caso estar al servicio de la educaci\u00f3n.<\/p>\n<p>El rector, Francisco Garc\u00eda, se\u00f1al\u00f3 por su parte que este binomio tecnolog\u00eda\/educaci\u00f3n cobra hoy la m\u00e1xima relevancia, convirti\u00e9ndose as\u00ed en una palanca transformadora para afrontar los nuevos<\/p>\n<div id=\"attachment_70490\" style=\"width: 310px\" class=\"wp-caption alignright\"><a href=\"https:\/\/www.ull.es\/portal\/noticias\/wp-content\/uploads\/sites\/13\/2023\/06\/Jorn-Tecnol-Educativa-04.jpg\" target=\"_blank\" rel=\"noopener\"><img aria-describedby=\"caption-attachment-70490\" decoding=\"async\" loading=\"lazy\" class=\"size-medium wp-image-70490\" src=\"https:\/\/www.ull.es\/portal\/noticias\/wp-content\/uploads\/sites\/13\/2023\/06\/Jorn-Tecnol-Educativa-04-300x200.jpg\" alt=\"\" width=\"300\" height=\"200\" srcset=\"https:\/\/www.ull.es\/portal\/noticias\/wp-content\/uploads\/sites\/13\/2023\/06\/Jorn-Tecnol-Educativa-04-300x200.jpg 300w, https:\/\/www.ull.es\/portal\/noticias\/wp-content\/uploads\/sites\/13\/2023\/06\/Jorn-Tecnol-Educativa-04-768x512.jpg 768w, https:\/\/www.ull.es\/portal\/noticias\/wp-content\/uploads\/sites\/13\/2023\/06\/Jorn-Tecnol-Educativa-04-375x250.jpg 375w, https:\/\/www.ull.es\/portal\/noticias\/wp-content\/uploads\/sites\/13\/2023\/06\/Jorn-Tecnol-Educativa-04-750x500.jpg 750w, https:\/\/www.ull.es\/portal\/noticias\/wp-content\/uploads\/sites\/13\/2023\/06\/Jorn-Tecnol-Educativa-04.jpg 1024w\" sizes=\"(max-width: 300px) 100vw, 300px\" \/><\/a><p id=\"caption-attachment-70490\" class=\"wp-caption-text\">Una imagen del p\u00fablico asistente.<\/p><\/div>\n<p>retos. \u201cHace 30 a\u00f1os no exist\u00eda Internet, y desde la perspectiva tecnol\u00f3gica podr\u00edamos hablar de un mundo casi arcaico\u201d, record\u00f3. \u201cEs muy positivo ver de d\u00f3nde venimos para reconocer el enorme avance que hemos logrado\u201d.<\/p>\n<p>Tambi\u00e9n tuvo palabras de halago para \u00e1reas tem\u00e1ticas del congreso, que abordan cuestiones tan relevantes como la cultura digital y educaci\u00f3n, la alfabetizaci\u00f3n y competencias digitales, la transformaci\u00f3n digital de las organizaciones o las tecnolog\u00edas digitales y la educaci\u00f3n inclusiva.<\/p>\n","protected":false},"excerpt":{"rendered":"<p>Los mayores referentes nacionales en tecnolog\u00eda educativa se re\u00fanen estos d\u00edas en la Universidad de La Laguna para hacer balance&#8230;<\/p>\n","protected":false},"author":23,"featured_media":70489,"comment_status":"closed","ping_status":"closed","sticky":false,"template":"","format":"standard","meta":{"inline_featured_image":false,"footnotes":""},"categories":[345,3725,350,2765],"tags":[1100,9615,1806,7528],"acf":[],"yoast_head":"<!-- This site is optimized with the Yoast SEO plugin v21.3 - https:\/\/yoast.com\/wordpress\/plugins\/seo\/ -->\n<title>Los referentes nacionales en tecnolog\u00eda educativa, reunidos en la Universidad de La Laguna - ULL - Noticias<\/title>\n<meta name=\"robots\" content=\"index, follow, max-snippet:-1, max-image-preview:large, max-video-preview:-1\" \/>\n<link rel=\"canonical\" href=\"https:\/\/www.ull.es\/portal\/noticias\/2023\/los-referentes-nacionales-en-tecnologia-educativa-reunidos-en-la-universidad-de-la-laguna\/\" \/>\n<meta property=\"og:locale\" content=\"es_ES\" \/>\n<meta property=\"og:type\" content=\"article\" \/>\n<meta property=\"og:title\" content=\"Los referentes nacionales en tecnolog\u00eda educativa, reunidos en la Universidad de La Laguna - ULL - Noticias\" \/>\n<meta property=\"og:description\" content=\"Los mayores referentes nacionales en tecnolog\u00eda educativa se re\u00fanen estos d\u00edas en la Universidad de La Laguna para hacer balance...\" \/>\n<meta property=\"og:url\" content=\"https:\/\/www.ull.es\/portal\/noticias\/2023\/los-referentes-nacionales-en-tecnologia-educativa-reunidos-en-la-universidad-de-la-laguna\/\" \/>\n<meta property=\"og:site_name\" content=\"ULL - Noticias\" \/>\n<meta property=\"article:publisher\" content=\"https:\/\/www.facebook.com\/universidaddelalaguna\/\" \/>\n<meta property=\"article:published_time\" content=\"2023-06-23T11:14:07+00:00\" \/>\n<meta property=\"article:modified_time\" content=\"2023-06-23T13:53:52+00:00\" \/>\n<meta property=\"og:image\" content=\"https:\/\/www.ull.es\/portal\/noticias\/wp-content\/uploads\/sites\/13\/2023\/06\/Jorn-Tecnol-Educativa-14-1.jpg\" \/>\n\t<meta property=\"og:image:width\" content=\"1024\" \/>\n\t<meta property=\"og:image:height\" content=\"683\" \/>\n\t<meta property=\"og:image:type\" content=\"image\/jpeg\" \/>\n<meta name=\"author\" content=\"gaprsa\" \/>\n<meta name=\"twitter:card\" content=\"summary_large_image\" \/>\n<meta name=\"twitter:creator\" content=\"@CanalULL\" \/>\n<meta name=\"twitter:site\" content=\"@CanalULL\" \/>\n<meta name=\"twitter:label1\" content=\"Escrito por\" \/>\n\t<meta name=\"twitter:data1\" content=\"gaprsa\" \/>\n\t<meta name=\"twitter:label2\" content=\"Tiempo de lectura\" \/>\n\t<meta name=\"twitter:data2\" content=\"3 minutos\" \/>\n<script type=\"application\/ld+json\" class=\"yoast-schema-graph\">{\"@context\":\"https:\/\/schema.org\",\"@graph\":[{\"@type\":\"WebPage\",\"@id\":\"https:\/\/www.ull.es\/portal\/noticias\/2023\/los-referentes-nacionales-en-tecnologia-educativa-reunidos-en-la-universidad-de-la-laguna\/\",\"url\":\"https:\/\/www.ull.es\/portal\/noticias\/2023\/los-referentes-nacionales-en-tecnologia-educativa-reunidos-en-la-universidad-de-la-laguna\/\",\"name\":\"Los referentes nacionales en tecnolog\u00eda educativa, reunidos en la Universidad de La Laguna - ULL - Noticias\",\"isPartOf\":{\"@id\":\"https:\/\/www.ull.es\/portal\/noticias\/#website\"},\"datePublished\":\"2023-06-23T11:14:07+00:00\",\"dateModified\":\"2023-06-23T13:53:52+00:00\",\"author\":{\"@id\":\"https:\/\/www.ull.es\/portal\/noticias\/#\/schema\/person\/b2b1a89d43ffa609e591f7df8ef3e817\"},\"breadcrumb\":{\"@id\":\"https:\/\/www.ull.es\/portal\/noticias\/2023\/los-referentes-nacionales-en-tecnologia-educativa-reunidos-en-la-universidad-de-la-laguna\/#breadcrumb\"},\"inLanguage\":\"es\",\"potentialAction\":[{\"@type\":\"ReadAction\",\"target\":[\"https:\/\/www.ull.es\/portal\/noticias\/2023\/los-referentes-nacionales-en-tecnologia-educativa-reunidos-en-la-universidad-de-la-laguna\/\"]}]},{\"@type\":\"BreadcrumbList\",\"@id\":\"https:\/\/www.ull.es\/portal\/noticias\/2023\/los-referentes-nacionales-en-tecnologia-educativa-reunidos-en-la-universidad-de-la-laguna\/#breadcrumb\",\"itemListElement\":[{\"@type\":\"ListItem\",\"position\":1,\"name\":\"Portada\",\"item\":\"https:\/\/www.ull.es\/portal\/noticias\/\"},{\"@type\":\"ListItem\",\"position\":2,\"name\":\"Los referentes nacionales en tecnolog\u00eda educativa, reunidos en la Universidad de La Laguna\"}]},{\"@type\":\"WebSite\",\"@id\":\"https:\/\/www.ull.es\/portal\/noticias\/#website\",\"url\":\"https:\/\/www.ull.es\/portal\/noticias\/\",\"name\":\"ULL - Noticias\",\"description\":\"\",\"potentialAction\":[{\"@type\":\"SearchAction\",\"target\":{\"@type\":\"EntryPoint\",\"urlTemplate\":\"https:\/\/www.ull.es\/portal\/noticias\/?s={search_term_string}\"},\"query-input\":\"required name=search_term_string\"}],\"inLanguage\":\"es\"},{\"@type\":\"Person\",\"@id\":\"https:\/\/www.ull.es\/portal\/noticias\/#\/schema\/person\/b2b1a89d43ffa609e591f7df8ef3e817\",\"name\":\"gaprsa\",\"image\":{\"@type\":\"ImageObject\",\"inLanguage\":\"es\",\"@id\":\"https:\/\/www.ull.es\/portal\/noticias\/#\/schema\/person\/image\/\",\"url\":\"https:\/\/secure.gravatar.com\/avatar\/443820550921091458b4823867723b3d?s=96&d=mm&r=g\",\"contentUrl\":\"https:\/\/secure.gravatar.com\/avatar\/443820550921091458b4823867723b3d?s=96&d=mm&r=g\",\"caption\":\"gaprsa\"},\"url\":\"https:\/\/www.ull.es\/portal\/noticias\/author\/gaprsa\/\"}]}<\/script>\n<!-- \/ Yoast SEO plugin. -->","yoast_head_json":{"title":"Los referentes nacionales en tecnolog\u00eda educativa, reunidos en la Universidad de La Laguna - ULL - Noticias","robots":{"index":"index","follow":"follow","max-snippet":"max-snippet:-1","max-image-preview":"max-image-preview:large","max-video-preview":"max-video-preview:-1"},"canonical":"https:\/\/www.ull.es\/portal\/noticias\/2023\/los-referentes-nacionales-en-tecnologia-educativa-reunidos-en-la-universidad-de-la-laguna\/","og_locale":"es_ES","og_type":"article","og_title":"Los referentes nacionales en tecnolog\u00eda educativa, reunidos en la Universidad de La Laguna - ULL - Noticias","og_description":"Los mayores referentes nacionales en tecnolog\u00eda educativa se re\u00fanen estos d\u00edas en la Universidad de La Laguna para hacer balance...","og_url":"https:\/\/www.ull.es\/portal\/noticias\/2023\/los-referentes-nacionales-en-tecnologia-educativa-reunidos-en-la-universidad-de-la-laguna\/","og_site_name":"ULL - Noticias","article_publisher":"https:\/\/www.facebook.com\/universidaddelalaguna\/","article_published_time":"2023-06-23T11:14:07+00:00","article_modified_time":"2023-06-23T13:53:52+00:00","og_image":[{"width":1024,"height":683,"url":"https:\/\/www.ull.es\/portal\/noticias\/wp-content\/uploads\/sites\/13\/2023\/06\/Jorn-Tecnol-Educativa-14-1.jpg","type":"image\/jpeg"}],"author":"gaprsa","twitter_card":"summary_large_image","twitter_creator":"@CanalULL","twitter_site":"@CanalULL","twitter_misc":{"Escrito por":"gaprsa","Tiempo de lectura":"3 minutos"},"schema":{"@context":"https:\/\/schema.org","@graph":[{"@type":"WebPage","@id":"https:\/\/www.ull.es\/portal\/noticias\/2023\/los-referentes-nacionales-en-tecnologia-educativa-reunidos-en-la-universidad-de-la-laguna\/","url":"https:\/\/www.ull.es\/portal\/noticias\/2023\/los-referentes-nacionales-en-tecnologia-educativa-reunidos-en-la-universidad-de-la-laguna\/","name":"Los referentes nacionales en tecnolog\u00eda educativa, reunidos en la Universidad de La Laguna - ULL - Noticias","isPartOf":{"@id":"https:\/\/www.ull.es\/portal\/noticias\/#website"},"datePublished":"2023-06-23T11:14:07+00:00","dateModified":"2023-06-23T13:53:52+00:00","author":{"@id":"https:\/\/www.ull.es\/portal\/noticias\/#\/schema\/person\/b2b1a89d43ffa609e591f7df8ef3e817"},"breadcrumb":{"@id":"https:\/\/www.ull.es\/portal\/noticias\/2023\/los-referentes-nacionales-en-tecnologia-educativa-reunidos-en-la-universidad-de-la-laguna\/#breadcrumb"},"inLanguage":"es","potentialAction":[{"@type":"ReadAction","target":["https:\/\/www.ull.es\/portal\/noticias\/2023\/los-referentes-nacionales-en-tecnologia-educativa-reunidos-en-la-universidad-de-la-laguna\/"]}]},{"@type":"BreadcrumbList","@id":"https:\/\/www.ull.es\/portal\/noticias\/2023\/los-referentes-nacionales-en-tecnologia-educativa-reunidos-en-la-universidad-de-la-laguna\/#breadcrumb","itemListElement":[{"@type":"ListItem","position":1,"name":"Portada","item":"https:\/\/www.ull.es\/portal\/noticias\/"},{"@type":"ListItem","position":2,"name":"Los referentes nacionales en tecnolog\u00eda educativa, reunidos en la Universidad de La Laguna"}]},{"@type":"WebSite","@id":"https:\/\/www.ull.es\/portal\/noticias\/#website","url":"https:\/\/www.ull.es\/portal\/noticias\/","name":"ULL - Noticias","description":"","potentialAction":[{"@type":"SearchAction","target":{"@type":"EntryPoint","urlTemplate":"https:\/\/www.ull.es\/portal\/noticias\/?s={search_term_string}"},"query-input":"required name=search_term_string"}],"inLanguage":"es"},{"@type":"Person","@id":"https:\/\/www.ull.es\/portal\/noticias\/#\/schema\/person\/b2b1a89d43ffa609e591f7df8ef3e817","name":"gaprsa","image":{"@type":"ImageObject","inLanguage":"es","@id":"https:\/\/www.ull.es\/portal\/noticias\/#\/schema\/person\/image\/","url":"https:\/\/secure.gravatar.com\/avatar\/443820550921091458b4823867723b3d?s=96&d=mm&r=g","contentUrl":"https:\/\/secure.gravatar.com\/avatar\/443820550921091458b4823867723b3d?s=96&d=mm&r=g","caption":"gaprsa"},"url":"https:\/\/www.ull.es\/portal\/noticias\/author\/gaprsa\/"}]}},"primary_category":{"id":345,"name":"Destacado","slug":"destacado","link":"https:\/\/www.ull.es\/portal\/noticias\/category\/destacado\/"},"featured_image_thumbnail_url":"https:\/\/www.ull.es\/portal\/noticias\/wp-content\/uploads\/sites\/13\/2023\/06\/Jorn-Tecnol-Educativa-14-1-300x200.jpg","_links":{"self":[{"href":"https:\/\/www.ull.es\/portal\/noticias\/wp-json\/wp\/v2\/posts\/70488"}],"collection":[{"href":"https:\/\/www.ull.es\/portal\/noticias\/wp-json\/wp\/v2\/posts"}],"about":[{"href":"https:\/\/www.ull.es\/portal\/noticias\/wp-json\/wp\/v2\/types\/post"}],"author":[{"embeddable":true,"href":"https:\/\/www.ull.es\/portal\/noticias\/wp-json\/wp\/v2\/users\/23"}],"replies":[{"embeddable":true,"href":"https:\/\/www.ull.es\/portal\/noticias\/wp-json\/wp\/v2\/comments?post=70488"}],"version-history":[{"count":3,"href":"https:\/\/www.ull.es\/portal\/noticias\/wp-json\/wp\/v2\/posts\/70488\/revisions"}],"predecessor-version":[{"id":70497,"href":"https:\/\/www.ull.es\/portal\/noticias\/wp-json\/wp\/v2\/posts\/70488\/revisions\/70497"}],"wp:featuredmedia":[{"embeddable":true,"href":"https:\/\/www.ull.es\/portal\/noticias\/wp-json\/wp\/v2\/media\/70489"}],"wp:attachment":[{"href":"https:\/\/www.ull.es\/portal\/noticias\/wp-json\/wp\/v2\/media?parent=70488"}],"wp:term":[{"taxonomy":"category","embeddable":true,"href":"https:\/\/www.ull.es\/portal\/noticias\/wp-json\/wp\/v2\/categories?post=70488"},{"taxonomy":"post_tag","embeddable":true,"href":"https:\/\/www.ull.es\/portal\/noticias\/wp-json\/wp\/v2\/tags?post=70488"}],"curies":[{"name":"wp","href":"https:\/\/api.w.org\/{rel}","templated":true}]}}