{"id":70522,"date":"2023-06-26T13:57:26","date_gmt":"2023-06-26T13:57:26","guid":{"rendered":"https:\/\/www.ull.es\/portal\/noticias\/?p=70522"},"modified":"2023-06-26T14:00:21","modified_gmt":"2023-06-26T14:00:21","slug":"renovado-el-compromiso-de-la-universidad-de-la-laguna-con-la-catedra-de-psicologia-aplicada","status":"publish","type":"post","link":"https:\/\/www.ull.es\/portal\/noticias\/2023\/renovado-el-compromiso-de-la-universidad-de-la-laguna-con-la-catedra-de-psicologia-aplicada\/","title":{"rendered":"Renovado el compromiso de la Universidad de La Laguna con la C\u00e1tedra de Psicolog\u00eda Aplicada"},"content":{"rendered":"<p><span style=\"font-weight: 400;\">La Universidad de La Laguna y el Colegio Oficial de Psicolog\u00eda de Santa Cruz de Tenerife han formalizado recientemente el acuerdo para prolongar por un a\u00f1o m\u00e1s el desarrollo de la C\u00e1tedra Institucional de Psicolog\u00eda Aplicada. La renovaci\u00f3n fue rubricada por el rector, Francisco Garc\u00eda, y por la decana, Carmen Mar\u00eda Linares. En el acto tambi\u00e9n estuvo presente la vicerrectora de Cultura y Extensi\u00f3n Universitaria, Isabel Karely Le\u00f3n.<\/span><\/p>\n<p><span style=\"font-weight: 400;\">Durante el encuentro, el rector resalt\u00f3 la importancia de vincularse con los colegios profesionales, ya que eso permite acercarse a la sociedad y a sus sectores productivos, lo que para la universidad constituye una l\u00ednea estrat\u00e9gica, al tiempo que se plante\u00f3 reforzar la colaboraci\u00f3n institucional del centro docente con otros colegios profesionales.<\/span><\/p>\n<p><span style=\"font-weight: 400;\">Uno de los asuntos abordados en la r\u00fabrica del convenio fue la puesta a disposici\u00f3n de los investigadores universitarios de los datos recogidos por el grupo de intervenci\u00f3n en emergencias y cat\u00e1strofes de este colegio profesional, de tal forma que puedan servir para que sirvan de base para nuevas investigaciones.<\/span><\/p>\n<p><span style=\"font-weight: 400;\">La C\u00e1tedra tiene previsto continuar realizando actividades en las que destaque la participaci\u00f3n ciudadana. Adem\u00e1s, el desarrollo de trabajos de investigaci\u00f3n y acciones formativas vinculadas a las competencias profesionales son otros de sus cometidos. Se financiar\u00e1 con la aportaci\u00f3n econ\u00f3mica anual de 15.000 euros y concretar\u00e1 su plan de trabajo tras la primera reuni\u00f3n de la comisi\u00f3n mixta, en la que se nombrar\u00e1 un nuevo director o directora.<\/span><\/p>\n","protected":false},"excerpt":{"rendered":"<p>La Universidad de La Laguna y el Colegio Oficial de Psicolog\u00eda de Santa Cruz de Tenerife han formalizado recientemente el&#8230;<\/p>\n","protected":false},"author":65,"featured_media":70523,"comment_status":"closed","ping_status":"closed","sticky":false,"template":"","format":"standard","meta":{"inline_featured_image":false,"footnotes":""},"categories":[4987,345,348,2765],"tags":[5894,10100,4368],"acf":[],"yoast_head":"<!-- This site is optimized with the Yoast SEO plugin v21.3 - https:\/\/yoast.com\/wordpress\/plugins\/seo\/ -->\n<title>Renovado el compromiso de la ULL con la C\u00e1tedra de Psicolog\u00eda Aplicada<\/title>\n<meta name=\"description\" content=\"La Universidad de La Laguna y el Colegio Oficial de Psicolog\u00eda de Santa Cruz de Tenerife han formalizado recientemente el acuerdo para prolongar por un a\u00f1o m\u00e1s el desarrollo de la C\u00e1tedra Institucional de Psicolog\u00eda Aplicada. La renovaci\u00f3n fue rubricada por el rector, Francisco Garc\u00eda, y por la decana, Carmen Mar\u00eda Linares.\" \/>\n<meta name=\"robots\" content=\"index, follow, max-snippet:-1, max-image-preview:large, max-video-preview:-1\" \/>\n<link rel=\"canonical\" href=\"https:\/\/www.ull.es\/portal\/noticias\/2023\/renovado-el-compromiso-de-la-universidad-de-la-laguna-con-la-catedra-de-psicologia-aplicada\/\" \/>\n<meta property=\"og:locale\" content=\"es_ES\" \/>\n<meta property=\"og:type\" content=\"article\" \/>\n<meta property=\"og:title\" content=\"Renovado el compromiso de la ULL con la C\u00e1tedra de Psicolog\u00eda Aplicada\" \/>\n<meta property=\"og:description\" content=\"La Universidad de La Laguna y el Colegio Oficial de Psicolog\u00eda de Santa Cruz de Tenerife han formalizado recientemente el acuerdo para prolongar por un a\u00f1o m\u00e1s el desarrollo de la C\u00e1tedra Institucional de Psicolog\u00eda Aplicada. La renovaci\u00f3n fue rubricada por el rector, Francisco Garc\u00eda, y por la decana, Carmen Mar\u00eda Linares.\" \/>\n<meta property=\"og:url\" content=\"https:\/\/www.ull.es\/portal\/noticias\/2023\/renovado-el-compromiso-de-la-universidad-de-la-laguna-con-la-catedra-de-psicologia-aplicada\/\" \/>\n<meta property=\"og:site_name\" content=\"ULL - Noticias\" \/>\n<meta property=\"article:publisher\" content=\"https:\/\/www.facebook.com\/universidaddelalaguna\/\" \/>\n<meta property=\"article:published_time\" content=\"2023-06-26T13:57:26+00:00\" \/>\n<meta property=\"article:modified_time\" content=\"2023-06-26T14:00:21+00:00\" \/>\n<meta property=\"og:image\" content=\"https:\/\/www.ull.es\/portal\/noticias\/wp-content\/uploads\/sites\/13\/2023\/06\/convenio-catedra-psicologia-02.jpg\" \/>\n\t<meta property=\"og:image:width\" content=\"1200\" \/>\n\t<meta property=\"og:image:height\" content=\"800\" \/>\n\t<meta property=\"og:image:type\" content=\"image\/jpeg\" \/>\n<meta name=\"author\" content=\"gcom4\" \/>\n<meta name=\"twitter:card\" content=\"summary_large_image\" \/>\n<meta name=\"twitter:creator\" content=\"@CanalULL\" \/>\n<meta name=\"twitter:site\" content=\"@CanalULL\" \/>\n<meta name=\"twitter:label1\" content=\"Escrito por\" \/>\n\t<meta name=\"twitter:data1\" content=\"gcom4\" \/>\n\t<meta name=\"twitter:label2\" content=\"Tiempo de lectura\" \/>\n\t<meta name=\"twitter:data2\" content=\"2 minutos\" \/>\n<script type=\"application\/ld+json\" class=\"yoast-schema-graph\">{\"@context\":\"https:\/\/schema.org\",\"@graph\":[{\"@type\":\"WebPage\",\"@id\":\"https:\/\/www.ull.es\/portal\/noticias\/2023\/renovado-el-compromiso-de-la-universidad-de-la-laguna-con-la-catedra-de-psicologia-aplicada\/\",\"url\":\"https:\/\/www.ull.es\/portal\/noticias\/2023\/renovado-el-compromiso-de-la-universidad-de-la-laguna-con-la-catedra-de-psicologia-aplicada\/\",\"name\":\"Renovado el compromiso de la ULL con la C\u00e1tedra de Psicolog\u00eda Aplicada\",\"isPartOf\":{\"@id\":\"https:\/\/www.ull.es\/portal\/noticias\/#website\"},\"datePublished\":\"2023-06-26T13:57:26+00:00\",\"dateModified\":\"2023-06-26T14:00:21+00:00\",\"author\":{\"@id\":\"https:\/\/www.ull.es\/portal\/noticias\/#\/schema\/person\/9924518fb1ad37d4428e7b5d6f311773\"},\"description\":\"La Universidad de La Laguna y el Colegio Oficial de Psicolog\u00eda de Santa Cruz de Tenerife han formalizado recientemente el acuerdo para prolongar por un a\u00f1o m\u00e1s el desarrollo de la C\u00e1tedra Institucional de Psicolog\u00eda Aplicada. La renovaci\u00f3n fue rubricada por el rector, Francisco Garc\u00eda, y por la decana, Carmen Mar\u00eda Linares.\",\"breadcrumb\":{\"@id\":\"https:\/\/www.ull.es\/portal\/noticias\/2023\/renovado-el-compromiso-de-la-universidad-de-la-laguna-con-la-catedra-de-psicologia-aplicada\/#breadcrumb\"},\"inLanguage\":\"es\",\"potentialAction\":[{\"@type\":\"ReadAction\",\"target\":[\"https:\/\/www.ull.es\/portal\/noticias\/2023\/renovado-el-compromiso-de-la-universidad-de-la-laguna-con-la-catedra-de-psicologia-aplicada\/\"]}]},{\"@type\":\"BreadcrumbList\",\"@id\":\"https:\/\/www.ull.es\/portal\/noticias\/2023\/renovado-el-compromiso-de-la-universidad-de-la-laguna-con-la-catedra-de-psicologia-aplicada\/#breadcrumb\",\"itemListElement\":[{\"@type\":\"ListItem\",\"position\":1,\"name\":\"Portada\",\"item\":\"https:\/\/www.ull.es\/portal\/noticias\/\"},{\"@type\":\"ListItem\",\"position\":2,\"name\":\"Renovado el compromiso de la Universidad de La Laguna con la C\u00e1tedra de Psicolog\u00eda Aplicada\"}]},{\"@type\":\"WebSite\",\"@id\":\"https:\/\/www.ull.es\/portal\/noticias\/#website\",\"url\":\"https:\/\/www.ull.es\/portal\/noticias\/\",\"name\":\"ULL - Noticias\",\"description\":\"\",\"potentialAction\":[{\"@type\":\"SearchAction\",\"target\":{\"@type\":\"EntryPoint\",\"urlTemplate\":\"https:\/\/www.ull.es\/portal\/noticias\/?s={search_term_string}\"},\"query-input\":\"required name=search_term_string\"}],\"inLanguage\":\"es\"},{\"@type\":\"Person\",\"@id\":\"https:\/\/www.ull.es\/portal\/noticias\/#\/schema\/person\/9924518fb1ad37d4428e7b5d6f311773\",\"name\":\"gcom4\",\"image\":{\"@type\":\"ImageObject\",\"inLanguage\":\"es\",\"@id\":\"https:\/\/www.ull.es\/portal\/noticias\/#\/schema\/person\/image\/\",\"url\":\"https:\/\/secure.gravatar.com\/avatar\/a5d1f5573f10617ccfcc209aaf6aa7fb?s=96&d=mm&r=g\",\"contentUrl\":\"https:\/\/secure.gravatar.com\/avatar\/a5d1f5573f10617ccfcc209aaf6aa7fb?s=96&d=mm&r=g\",\"caption\":\"gcom4\"},\"url\":\"https:\/\/www.ull.es\/portal\/noticias\/author\/gcom4\/\"}]}<\/script>\n<!-- \/ Yoast SEO plugin. -->","yoast_head_json":{"title":"Renovado el compromiso de la ULL con la C\u00e1tedra de Psicolog\u00eda Aplicada","description":"La Universidad de La Laguna y el Colegio Oficial de Psicolog\u00eda de Santa Cruz de Tenerife han formalizado recientemente el acuerdo para prolongar por un a\u00f1o m\u00e1s el desarrollo de la C\u00e1tedra Institucional de Psicolog\u00eda Aplicada. La renovaci\u00f3n fue rubricada por el rector, Francisco Garc\u00eda, y por la decana, Carmen Mar\u00eda Linares.","robots":{"index":"index","follow":"follow","max-snippet":"max-snippet:-1","max-image-preview":"max-image-preview:large","max-video-preview":"max-video-preview:-1"},"canonical":"https:\/\/www.ull.es\/portal\/noticias\/2023\/renovado-el-compromiso-de-la-universidad-de-la-laguna-con-la-catedra-de-psicologia-aplicada\/","og_locale":"es_ES","og_type":"article","og_title":"Renovado el compromiso de la ULL con la C\u00e1tedra de Psicolog\u00eda Aplicada","og_description":"La Universidad de La Laguna y el Colegio Oficial de Psicolog\u00eda de Santa Cruz de Tenerife han formalizado recientemente el acuerdo para prolongar por un a\u00f1o m\u00e1s el desarrollo de la C\u00e1tedra Institucional de Psicolog\u00eda Aplicada. La renovaci\u00f3n fue rubricada por el rector, Francisco Garc\u00eda, y por la decana, Carmen Mar\u00eda Linares.","og_url":"https:\/\/www.ull.es\/portal\/noticias\/2023\/renovado-el-compromiso-de-la-universidad-de-la-laguna-con-la-catedra-de-psicologia-aplicada\/","og_site_name":"ULL - Noticias","article_publisher":"https:\/\/www.facebook.com\/universidaddelalaguna\/","article_published_time":"2023-06-26T13:57:26+00:00","article_modified_time":"2023-06-26T14:00:21+00:00","og_image":[{"width":1200,"height":800,"url":"https:\/\/www.ull.es\/portal\/noticias\/wp-content\/uploads\/sites\/13\/2023\/06\/convenio-catedra-psicologia-02.jpg","type":"image\/jpeg"}],"author":"gcom4","twitter_card":"summary_large_image","twitter_creator":"@CanalULL","twitter_site":"@CanalULL","twitter_misc":{"Escrito por":"gcom4","Tiempo de lectura":"2 minutos"},"schema":{"@context":"https:\/\/schema.org","@graph":[{"@type":"WebPage","@id":"https:\/\/www.ull.es\/portal\/noticias\/2023\/renovado-el-compromiso-de-la-universidad-de-la-laguna-con-la-catedra-de-psicologia-aplicada\/","url":"https:\/\/www.ull.es\/portal\/noticias\/2023\/renovado-el-compromiso-de-la-universidad-de-la-laguna-con-la-catedra-de-psicologia-aplicada\/","name":"Renovado el compromiso de la ULL con la C\u00e1tedra de Psicolog\u00eda Aplicada","isPartOf":{"@id":"https:\/\/www.ull.es\/portal\/noticias\/#website"},"datePublished":"2023-06-26T13:57:26+00:00","dateModified":"2023-06-26T14:00:21+00:00","author":{"@id":"https:\/\/www.ull.es\/portal\/noticias\/#\/schema\/person\/9924518fb1ad37d4428e7b5d6f311773"},"description":"La Universidad de La Laguna y el Colegio Oficial de Psicolog\u00eda de Santa Cruz de Tenerife han formalizado recientemente el acuerdo para prolongar por un a\u00f1o m\u00e1s el desarrollo de la C\u00e1tedra Institucional de Psicolog\u00eda Aplicada. La renovaci\u00f3n fue rubricada por el rector, Francisco Garc\u00eda, y por la decana, Carmen Mar\u00eda Linares.","breadcrumb":{"@id":"https:\/\/www.ull.es\/portal\/noticias\/2023\/renovado-el-compromiso-de-la-universidad-de-la-laguna-con-la-catedra-de-psicologia-aplicada\/#breadcrumb"},"inLanguage":"es","potentialAction":[{"@type":"ReadAction","target":["https:\/\/www.ull.es\/portal\/noticias\/2023\/renovado-el-compromiso-de-la-universidad-de-la-laguna-con-la-catedra-de-psicologia-aplicada\/"]}]},{"@type":"BreadcrumbList","@id":"https:\/\/www.ull.es\/portal\/noticias\/2023\/renovado-el-compromiso-de-la-universidad-de-la-laguna-con-la-catedra-de-psicologia-aplicada\/#breadcrumb","itemListElement":[{"@type":"ListItem","position":1,"name":"Portada","item":"https:\/\/www.ull.es\/portal\/noticias\/"},{"@type":"ListItem","position":2,"name":"Renovado el compromiso de la Universidad de La Laguna con la C\u00e1tedra de Psicolog\u00eda Aplicada"}]},{"@type":"WebSite","@id":"https:\/\/www.ull.es\/portal\/noticias\/#website","url":"https:\/\/www.ull.es\/portal\/noticias\/","name":"ULL - Noticias","description":"","potentialAction":[{"@type":"SearchAction","target":{"@type":"EntryPoint","urlTemplate":"https:\/\/www.ull.es\/portal\/noticias\/?s={search_term_string}"},"query-input":"required name=search_term_string"}],"inLanguage":"es"},{"@type":"Person","@id":"https:\/\/www.ull.es\/portal\/noticias\/#\/schema\/person\/9924518fb1ad37d4428e7b5d6f311773","name":"gcom4","image":{"@type":"ImageObject","inLanguage":"es","@id":"https:\/\/www.ull.es\/portal\/noticias\/#\/schema\/person\/image\/","url":"https:\/\/secure.gravatar.com\/avatar\/a5d1f5573f10617ccfcc209aaf6aa7fb?s=96&d=mm&r=g","contentUrl":"https:\/\/secure.gravatar.com\/avatar\/a5d1f5573f10617ccfcc209aaf6aa7fb?s=96&d=mm&r=g","caption":"gcom4"},"url":"https:\/\/www.ull.es\/portal\/noticias\/author\/gcom4\/"}]}},"primary_category":{"id":4987,"name":"C\u00e1tedras institucionales y de empresa","slug":"catedras-institucionales-y-de-empresa","link":"https:\/\/www.ull.es\/portal\/noticias\/category\/catedras-institucionales-y-de-empresa\/"},"featured_image_thumbnail_url":"https:\/\/www.ull.es\/portal\/noticias\/wp-content\/uploads\/sites\/13\/2023\/06\/convenio-catedra-psicologia-02-300x200.jpg","_links":{"self":[{"href":"https:\/\/www.ull.es\/portal\/noticias\/wp-json\/wp\/v2\/posts\/70522"}],"collection":[{"href":"https:\/\/www.ull.es\/portal\/noticias\/wp-json\/wp\/v2\/posts"}],"about":[{"href":"https:\/\/www.ull.es\/portal\/noticias\/wp-json\/wp\/v2\/types\/post"}],"author":[{"embeddable":true,"href":"https:\/\/www.ull.es\/portal\/noticias\/wp-json\/wp\/v2\/users\/65"}],"replies":[{"embeddable":true,"href":"https:\/\/www.ull.es\/portal\/noticias\/wp-json\/wp\/v2\/comments?post=70522"}],"version-history":[{"count":1,"href":"https:\/\/www.ull.es\/portal\/noticias\/wp-json\/wp\/v2\/posts\/70522\/revisions"}],"predecessor-version":[{"id":70524,"href":"https:\/\/www.ull.es\/portal\/noticias\/wp-json\/wp\/v2\/posts\/70522\/revisions\/70524"}],"wp:featuredmedia":[{"embeddable":true,"href":"https:\/\/www.ull.es\/portal\/noticias\/wp-json\/wp\/v2\/media\/70523"}],"wp:attachment":[{"href":"https:\/\/www.ull.es\/portal\/noticias\/wp-json\/wp\/v2\/media?parent=70522"}],"wp:term":[{"taxonomy":"category","embeddable":true,"href":"https:\/\/www.ull.es\/portal\/noticias\/wp-json\/wp\/v2\/categories?post=70522"},{"taxonomy":"post_tag","embeddable":true,"href":"https:\/\/www.ull.es\/portal\/noticias\/wp-json\/wp\/v2\/tags?post=70522"}],"curies":[{"name":"wp","href":"https:\/\/api.w.org\/{rel}","templated":true}]}}