{"id":70620,"date":"2023-07-03T09:51:49","date_gmt":"2023-07-03T09:51:49","guid":{"rendered":"https:\/\/www.ull.es\/portal\/noticias\/?p=70620"},"modified":"2023-07-03T09:51:49","modified_gmt":"2023-07-03T09:51:49","slug":"rector-ull-conocimiento-recuperacion-la-palma","status":"publish","type":"post","link":"https:\/\/www.ull.es\/portal\/noticias\/2023\/rector-ull-conocimiento-recuperacion-la-palma\/","title":{"rendered":"El rector de la ULL apuesta por el conocimiento como factor para la recuperaci\u00f3n de La Palma tras la erupci\u00f3n"},"content":{"rendered":"<p>\u201cLa Palma debe hacer del conocimiento un vector clave de su proceso de desarrollo presente y futuro\u201d, asever\u00f3 el rector de la Universidad de La Laguna, Francisco Garc\u00eda, durante su participaci\u00f3n en la jornada de trabajo conmemorativa del cuadrag\u00e9simo aniversario de la Reserva Mundial de la Biosfera de La Palma, celebrada la semana pasada. Tanto \u00e9l como su hom\u00f3logo de la Universidad de Las Palmas de Gran Canaria, Llu\u00eds Serra, trazaron algunas de las l\u00edneas estrat\u00e9gicas que las instituciones p\u00fablicas de educaci\u00f3n superior deben mantener para contribuir a la recuperaci\u00f3n de la isla tras la reciente erupci\u00f3n volc\u00e1nica.<\/p>\n<p>Garc\u00eda hizo especial \u00e9nfasis en \u201cla atracci\u00f3n y retenci\u00f3n de talento, que permita convertir a La Palma en un aut\u00e9ntico laboratorio de los grandes retos\u201d que presenta el planeta en la actualidad. Para ello, apost\u00f3 por fortalecer el campus universitario de La Palma mediante la creaci\u00f3n de un centro de estudios con soporte institucional y amplia participaci\u00f3n de entidades locales, insulares y regionales.<\/p>\n<p>El rector entiende que \u201cla formaci\u00f3n universitaria debe incidir significativamente en la dinamizaci\u00f3n social, econ\u00f3mica y cultural de la isla\u201d, contribuyendo asimismo a \u201cmejorar su productividad econ\u00f3mica, para consolidar una econom\u00eda insular de alto valor a\u00f1adido, diversificada y circular\u201d. Para ello, parece fundamental, seg\u00fan Garc\u00eda, \u201ccontinuar avanzando en el establecimiento de alianzas eficaces con las instituciones palmeras y su conjunto social, afianzando el marco de trabajo conjunto y la confianza que se ha logrado a lo largo del tiempo\u201d.<\/p>\n<p>En este sentido, el rector hizo un recorrido por algunos de los resultados m\u00e1s significativos de la colaboraci\u00f3n entre la Universidad de La Laguna y la isla en las \u00faltimas tres d\u00e9cadas, comenzando por la participaci\u00f3n de la Universidad en la conformaci\u00f3n de ADER-La Palma en los primeros a\u00f1os noventa del siglo pasado y la introducci\u00f3n de los programas Leader. Tambi\u00e9n se detuvo en la permanente oferta formativa de que dispone la isla a trav\u00e9s de la extensi\u00f3n universitaria lagunera, uno de cuyos hitos fue la Universidad Ambiental de La Palma, y se refiri\u00f3 a la apertura del Campus universitario en 2010 y a la m\u00e1s reciente contribuci\u00f3n cient\u00edfico-t\u00e9cnica durante la erupci\u00f3n del volc\u00e1n.<\/p>\n<p><strong>ULL-La Palma<\/strong><\/p>\n<p>Desde el curso acad\u00e9mico 2004-2005 se han matriculado en estudios oficiales de grado o m\u00e1ster de la Universidad de La Laguna 22.287 personas originarias de La Palma, seg\u00fan la informaci\u00f3n facilitada por Garc\u00eda. En el presente curso 2022-23, la cifra asciende a 928 estudiantes provenientes de todos sus municipios, con algunos de los cuales la instituci\u00f3n mantiene convenios o protocolos de colaboraci\u00f3n, tanto para el desarrollo de actividades pr\u00e1cticas docentes como para la realizaci\u00f3n de proyectos en distintas \u00e1reas. Es el caso, por ejemplo, de Bre\u00f1a Alta (F\u00f3rmula Student), Fuencaliente de La Palma (Investigaci\u00f3n de los oc\u00e9anos), Garaf\u00eda (Agroturismo), Tijarafe (Diagn\u00f3stico socioecon\u00f3mico) o Villa de Mazo (Custodia del territorio). Asimismo, existe una colaboraci\u00f3n con Bre\u00f1a Baja para el desarrollo del proyecto \u2018BarriODS\u2019, y con San Andr\u00e9s y Sauces, Puntallana y Barlovento para \u2018La Palma por el Empleo\u2019.<\/p>\n<p>Hizo alusi\u00f3n al programa \u2018Volc\u00e1n de Talento\u2019, promovido por la Universidad de La Laguna junto a la Fundaci\u00f3n Banco Santander y a las instituciones palmeras, \u201ccomo buena referencia del trabajo de dinamizaci\u00f3n y acompa\u00f1amiento a personas egresadas de la isla que es necesario vincular con las oportunidades que continuar\u00e1n d\u00e1ndose en La Palma\u201d. Esto lo enlaz\u00f3 con la necesidad de promover una \u201cformaci\u00f3n cada vez m\u00e1s experiencial ligada al territorio\u201d, transformadora y a lo largo de la vida de las personas, donde las universidades p\u00fablicas pueden seguir desempe\u00f1ando un papel clave.<\/p>\n<p>En otro sentido, cit\u00f3 la reciente experiencia de \u2018La Palma en tr\u00e1nsito\u2019, que se despleg\u00f3 en plena erupci\u00f3n para activar la reflexi\u00f3n en relaci\u00f3n con el futuro de la isla y la orientaci\u00f3n de su proceso de desarrollo, reuniendo a un amplio grupo de investigadores e investigadoras canarias, especialmente palmeras, que formulan una propuesta integrada de desarrollo con acento sostenible y enfoque comunitario. Su concreci\u00f3n posterior fue la obra \u201cLa Palma, una isla de oportunidades\u201d, promovida junto a la Fundaci\u00f3n Fyde-CajaCanarias.<\/p>\n<p>Para Francisco Garc\u00eda, \u201ccualquier reflexi\u00f3n sobre la aportaci\u00f3n de la universidad a la sociedad palmera en el nuevo tiempo, debe revisar algunos de los antecedentes de esa relaci\u00f3n, en la que destaca, sobre todo, la proximidad y la confianza entre la instituci\u00f3n acad\u00e9mica y el conjunto de actores que configuran la realidad territorial, econ\u00f3mica, social, cultural e institucional de La Palma\u201d. El rector manifiest\u00f3, finalmente, que \u201cexiste un v\u00ednculo consistente y hasta emocional con la Universidad de La Laguna, en el que se profundiza cuando la isla m\u00e1s lo necesita y que se ha visto ahora reforzado con la erupci\u00f3n volc\u00e1nica\u201d.<\/p>\n","protected":false},"excerpt":{"rendered":"<p>\u201cLa Palma debe hacer del conocimiento un vector clave de su proceso de desarrollo presente y futuro\u201d, asever\u00f3 el rector&#8230;<\/p>\n","protected":false},"author":21,"featured_media":70621,"comment_status":"closed","ping_status":"closed","sticky":false,"template":"","format":"standard","meta":{"inline_featured_image":false,"footnotes":""},"categories":[345,348,2765],"tags":[1729,9956,10108,7816,8580],"acf":[],"yoast_head":"<!-- This site is optimized with the Yoast SEO plugin v21.3 - https:\/\/yoast.com\/wordpress\/plugins\/seo\/ -->\n<title>El rector apuesta por el conocimiento para recuperar La Palma<\/title>\n<meta name=\"description\" content=\"Francisco Garc\u00eda intervino en la jornada de trabajo conmemorativa del vig\u00e9simo aniversario de la Reserva Mundial de la Biosfera de la isla.\" \/>\n<meta name=\"robots\" content=\"index, follow, max-snippet:-1, max-image-preview:large, max-video-preview:-1\" \/>\n<link rel=\"canonical\" href=\"https:\/\/www.ull.es\/portal\/noticias\/2023\/rector-ull-conocimiento-recuperacion-la-palma\/\" \/>\n<meta property=\"og:locale\" content=\"es_ES\" \/>\n<meta property=\"og:type\" content=\"article\" \/>\n<meta property=\"og:title\" content=\"El rector apuesta por el conocimiento para recuperar La Palma\" \/>\n<meta property=\"og:description\" content=\"Francisco Garc\u00eda intervino en la jornada de trabajo conmemorativa del vig\u00e9simo aniversario de la Reserva Mundial de la Biosfera de la isla.\" \/>\n<meta property=\"og:url\" content=\"https:\/\/www.ull.es\/portal\/noticias\/2023\/rector-ull-conocimiento-recuperacion-la-palma\/\" \/>\n<meta property=\"og:site_name\" content=\"ULL - Noticias\" \/>\n<meta property=\"article:publisher\" content=\"https:\/\/www.facebook.com\/universidaddelalaguna\/\" \/>\n<meta property=\"article:published_time\" content=\"2023-07-03T09:51:49+00:00\" \/>\n<meta property=\"og:image\" content=\"https:\/\/www.ull.es\/portal\/noticias\/wp-content\/uploads\/sites\/13\/2023\/07\/rector-aniversario-reserva-biosfera.jpg\" \/>\n\t<meta property=\"og:image:width\" content=\"1200\" \/>\n\t<meta property=\"og:image:height\" content=\"800\" \/>\n\t<meta property=\"og:image:type\" content=\"image\/jpeg\" \/>\n<meta name=\"author\" content=\"prensa2\" \/>\n<meta name=\"twitter:card\" content=\"summary_large_image\" \/>\n<meta name=\"twitter:creator\" content=\"@CanalULL\" \/>\n<meta name=\"twitter:site\" content=\"@CanalULL\" \/>\n<meta name=\"twitter:label1\" content=\"Escrito por\" \/>\n\t<meta name=\"twitter:data1\" content=\"prensa2\" \/>\n\t<meta name=\"twitter:label2\" content=\"Tiempo de lectura\" \/>\n\t<meta name=\"twitter:data2\" content=\"4 minutos\" \/>\n<script type=\"application\/ld+json\" class=\"yoast-schema-graph\">{\"@context\":\"https:\/\/schema.org\",\"@graph\":[{\"@type\":\"WebPage\",\"@id\":\"https:\/\/www.ull.es\/portal\/noticias\/2023\/rector-ull-conocimiento-recuperacion-la-palma\/\",\"url\":\"https:\/\/www.ull.es\/portal\/noticias\/2023\/rector-ull-conocimiento-recuperacion-la-palma\/\",\"name\":\"El rector apuesta por el conocimiento para recuperar La Palma\",\"isPartOf\":{\"@id\":\"https:\/\/www.ull.es\/portal\/noticias\/#website\"},\"datePublished\":\"2023-07-03T09:51:49+00:00\",\"dateModified\":\"2023-07-03T09:51:49+00:00\",\"author\":{\"@id\":\"https:\/\/www.ull.es\/portal\/noticias\/#\/schema\/person\/c3b2aa857797592927a03740d6664376\"},\"description\":\"Francisco Garc\u00eda intervino en la jornada de trabajo conmemorativa del vig\u00e9simo aniversario de la Reserva Mundial de la Biosfera de la isla.\",\"breadcrumb\":{\"@id\":\"https:\/\/www.ull.es\/portal\/noticias\/2023\/rector-ull-conocimiento-recuperacion-la-palma\/#breadcrumb\"},\"inLanguage\":\"es\",\"potentialAction\":[{\"@type\":\"ReadAction\",\"target\":[\"https:\/\/www.ull.es\/portal\/noticias\/2023\/rector-ull-conocimiento-recuperacion-la-palma\/\"]}]},{\"@type\":\"BreadcrumbList\",\"@id\":\"https:\/\/www.ull.es\/portal\/noticias\/2023\/rector-ull-conocimiento-recuperacion-la-palma\/#breadcrumb\",\"itemListElement\":[{\"@type\":\"ListItem\",\"position\":1,\"name\":\"Portada\",\"item\":\"https:\/\/www.ull.es\/portal\/noticias\/\"},{\"@type\":\"ListItem\",\"position\":2,\"name\":\"El rector de la ULL apuesta por el conocimiento como factor para la recuperaci\u00f3n de La Palma tras la erupci\u00f3n\"}]},{\"@type\":\"WebSite\",\"@id\":\"https:\/\/www.ull.es\/portal\/noticias\/#website\",\"url\":\"https:\/\/www.ull.es\/portal\/noticias\/\",\"name\":\"ULL - Noticias\",\"description\":\"\",\"potentialAction\":[{\"@type\":\"SearchAction\",\"target\":{\"@type\":\"EntryPoint\",\"urlTemplate\":\"https:\/\/www.ull.es\/portal\/noticias\/?s={search_term_string}\"},\"query-input\":\"required name=search_term_string\"}],\"inLanguage\":\"es\"},{\"@type\":\"Person\",\"@id\":\"https:\/\/www.ull.es\/portal\/noticias\/#\/schema\/person\/c3b2aa857797592927a03740d6664376\",\"name\":\"prensa2\",\"image\":{\"@type\":\"ImageObject\",\"inLanguage\":\"es\",\"@id\":\"https:\/\/www.ull.es\/portal\/noticias\/#\/schema\/person\/image\/\",\"url\":\"https:\/\/secure.gravatar.com\/avatar\/b58f310a5de5feb33d1e026d2493f23c?s=96&d=mm&r=g\",\"contentUrl\":\"https:\/\/secure.gravatar.com\/avatar\/b58f310a5de5feb33d1e026d2493f23c?s=96&d=mm&r=g\",\"caption\":\"prensa2\"},\"url\":\"https:\/\/www.ull.es\/portal\/noticias\/author\/prensa2\/\"}]}<\/script>\n<!-- \/ Yoast SEO plugin. -->","yoast_head_json":{"title":"El rector apuesta por el conocimiento para recuperar La Palma","description":"Francisco Garc\u00eda intervino en la jornada de trabajo conmemorativa del vig\u00e9simo aniversario de la Reserva Mundial de la Biosfera de la isla.","robots":{"index":"index","follow":"follow","max-snippet":"max-snippet:-1","max-image-preview":"max-image-preview:large","max-video-preview":"max-video-preview:-1"},"canonical":"https:\/\/www.ull.es\/portal\/noticias\/2023\/rector-ull-conocimiento-recuperacion-la-palma\/","og_locale":"es_ES","og_type":"article","og_title":"El rector apuesta por el conocimiento para recuperar La Palma","og_description":"Francisco Garc\u00eda intervino en la jornada de trabajo conmemorativa del vig\u00e9simo aniversario de la Reserva Mundial de la Biosfera de la isla.","og_url":"https:\/\/www.ull.es\/portal\/noticias\/2023\/rector-ull-conocimiento-recuperacion-la-palma\/","og_site_name":"ULL - Noticias","article_publisher":"https:\/\/www.facebook.com\/universidaddelalaguna\/","article_published_time":"2023-07-03T09:51:49+00:00","og_image":[{"width":1200,"height":800,"url":"https:\/\/www.ull.es\/portal\/noticias\/wp-content\/uploads\/sites\/13\/2023\/07\/rector-aniversario-reserva-biosfera.jpg","type":"image\/jpeg"}],"author":"prensa2","twitter_card":"summary_large_image","twitter_creator":"@CanalULL","twitter_site":"@CanalULL","twitter_misc":{"Escrito por":"prensa2","Tiempo de lectura":"4 minutos"},"schema":{"@context":"https:\/\/schema.org","@graph":[{"@type":"WebPage","@id":"https:\/\/www.ull.es\/portal\/noticias\/2023\/rector-ull-conocimiento-recuperacion-la-palma\/","url":"https:\/\/www.ull.es\/portal\/noticias\/2023\/rector-ull-conocimiento-recuperacion-la-palma\/","name":"El rector apuesta por el conocimiento para recuperar La Palma","isPartOf":{"@id":"https:\/\/www.ull.es\/portal\/noticias\/#website"},"datePublished":"2023-07-03T09:51:49+00:00","dateModified":"2023-07-03T09:51:49+00:00","author":{"@id":"https:\/\/www.ull.es\/portal\/noticias\/#\/schema\/person\/c3b2aa857797592927a03740d6664376"},"description":"Francisco Garc\u00eda intervino en la jornada de trabajo conmemorativa del vig\u00e9simo aniversario de la Reserva Mundial de la Biosfera de la isla.","breadcrumb":{"@id":"https:\/\/www.ull.es\/portal\/noticias\/2023\/rector-ull-conocimiento-recuperacion-la-palma\/#breadcrumb"},"inLanguage":"es","potentialAction":[{"@type":"ReadAction","target":["https:\/\/www.ull.es\/portal\/noticias\/2023\/rector-ull-conocimiento-recuperacion-la-palma\/"]}]},{"@type":"BreadcrumbList","@id":"https:\/\/www.ull.es\/portal\/noticias\/2023\/rector-ull-conocimiento-recuperacion-la-palma\/#breadcrumb","itemListElement":[{"@type":"ListItem","position":1,"name":"Portada","item":"https:\/\/www.ull.es\/portal\/noticias\/"},{"@type":"ListItem","position":2,"name":"El rector de la ULL apuesta por el conocimiento como factor para la recuperaci\u00f3n de La Palma tras la erupci\u00f3n"}]},{"@type":"WebSite","@id":"https:\/\/www.ull.es\/portal\/noticias\/#website","url":"https:\/\/www.ull.es\/portal\/noticias\/","name":"ULL - Noticias","description":"","potentialAction":[{"@type":"SearchAction","target":{"@type":"EntryPoint","urlTemplate":"https:\/\/www.ull.es\/portal\/noticias\/?s={search_term_string}"},"query-input":"required name=search_term_string"}],"inLanguage":"es"},{"@type":"Person","@id":"https:\/\/www.ull.es\/portal\/noticias\/#\/schema\/person\/c3b2aa857797592927a03740d6664376","name":"prensa2","image":{"@type":"ImageObject","inLanguage":"es","@id":"https:\/\/www.ull.es\/portal\/noticias\/#\/schema\/person\/image\/","url":"https:\/\/secure.gravatar.com\/avatar\/b58f310a5de5feb33d1e026d2493f23c?s=96&d=mm&r=g","contentUrl":"https:\/\/secure.gravatar.com\/avatar\/b58f310a5de5feb33d1e026d2493f23c?s=96&d=mm&r=g","caption":"prensa2"},"url":"https:\/\/www.ull.es\/portal\/noticias\/author\/prensa2\/"}]}},"primary_category":{"id":345,"name":"Destacado","slug":"destacado","link":"https:\/\/www.ull.es\/portal\/noticias\/category\/destacado\/"},"featured_image_thumbnail_url":"https:\/\/www.ull.es\/portal\/noticias\/wp-content\/uploads\/sites\/13\/2023\/07\/rector-aniversario-reserva-biosfera-300x200.jpg","_links":{"self":[{"href":"https:\/\/www.ull.es\/portal\/noticias\/wp-json\/wp\/v2\/posts\/70620"}],"collection":[{"href":"https:\/\/www.ull.es\/portal\/noticias\/wp-json\/wp\/v2\/posts"}],"about":[{"href":"https:\/\/www.ull.es\/portal\/noticias\/wp-json\/wp\/v2\/types\/post"}],"author":[{"embeddable":true,"href":"https:\/\/www.ull.es\/portal\/noticias\/wp-json\/wp\/v2\/users\/21"}],"replies":[{"embeddable":true,"href":"https:\/\/www.ull.es\/portal\/noticias\/wp-json\/wp\/v2\/comments?post=70620"}],"version-history":[{"count":1,"href":"https:\/\/www.ull.es\/portal\/noticias\/wp-json\/wp\/v2\/posts\/70620\/revisions"}],"predecessor-version":[{"id":70622,"href":"https:\/\/www.ull.es\/portal\/noticias\/wp-json\/wp\/v2\/posts\/70620\/revisions\/70622"}],"wp:featuredmedia":[{"embeddable":true,"href":"https:\/\/www.ull.es\/portal\/noticias\/wp-json\/wp\/v2\/media\/70621"}],"wp:attachment":[{"href":"https:\/\/www.ull.es\/portal\/noticias\/wp-json\/wp\/v2\/media?parent=70620"}],"wp:term":[{"taxonomy":"category","embeddable":true,"href":"https:\/\/www.ull.es\/portal\/noticias\/wp-json\/wp\/v2\/categories?post=70620"},{"taxonomy":"post_tag","embeddable":true,"href":"https:\/\/www.ull.es\/portal\/noticias\/wp-json\/wp\/v2\/tags?post=70620"}],"curies":[{"name":"wp","href":"https:\/\/api.w.org\/{rel}","templated":true}]}}