{"id":70640,"date":"2023-07-04T11:56:02","date_gmt":"2023-07-04T11:56:02","guid":{"rendered":"https:\/\/www.ull.es\/portal\/noticias\/?p=70640"},"modified":"2023-07-04T11:56:02","modified_gmt":"2023-07-04T11:56:02","slug":"ebau-extraordinaria-comienza-pruebas-comunes","status":"publish","type":"post","link":"https:\/\/www.ull.es\/portal\/noticias\/2023\/ebau-extraordinaria-comienza-pruebas-comunes\/","title":{"rendered":"La convocatoria extraordinaria de la EBAU comienza ma\u00f1ana con las pruebas comunes"},"content":{"rendered":"<p>La convocatoria extraordinaria de julio de la Evaluaci\u00f3n de Bachillerato para el Acceso a la Universidad (EBAU) en Canarias se celebrar\u00e1 desde ma\u00f1ana, mi\u00e9rcoles 5, hasta el viernes 7 de julio, con una afluencia prevista de 1.171 estudiantes matriculados en la provincia occidental. Como es habitual, los primeros ex\u00e1menes que se celebrar\u00e1n ser\u00e1n los de las materias comunes en todas las opciones, quedando los dos d\u00edas restantes para las optativas.<\/p>\n<p>La jornada de ma\u00f1ana, mi\u00e9rcoles 5 de julio, comenzar\u00e1 a los 9:00 horas con la presentaci\u00f3n de las pruebas y, media hora m\u00e1s tarde, arrancar\u00e1 el examen de Lengua Castellana y Literatura II. La segunda prueba, Lengua Extranjera II, ser\u00e1 a las 11:30, y a las 16:00 horas comenzar\u00e1 el \u00faltimo examen del d\u00eda, de Historia de Espa\u00f1a.<\/p>\n<p>Las materias optativas de las cuatro modalidades se desarrollar\u00e1n los d\u00edas 6 y 7 de julio. En caso de que a alg\u00fan estudiante le coincidan dos ex\u00e1menes a la misma hora, podr\u00e1 recurrir a la sesi\u00f3n del viernes 7 a las 16:00 horas para realizar una de las materias coincidentes. El <a href=\"https:\/\/www.gobiernodecanarias.org\/educacion\/web\/bachillerato\/ebau\/calendario-celebracion-ebau\/index.html\" target=\"_blank\" rel=\"noopener\">calendario completo<\/a> de la EBAU puede consultarse en el portal de la Consejer\u00eda de Educaci\u00f3n, Universidades, Cultura y Deportes del Gobierno de Canarias.<\/p>\n<p>Las calificaciones provisionales sean publicadas el 14 de julio y las definitivas, el 21 del mismo mes, con un plazo de reclamaciones entre medias. Es posible ver los ex\u00e1menes los d\u00edas 27 y 28 de julio, previa solicitud que deber\u00e1 realizarse los d\u00edas anteriores, 24 y 25 de julio.<\/p>\n<p>Las personas que aprueben esta EBAU tiene la posibilidad de solicitar plaza en la Universidad de La Laguna a trav\u00e9s de la preinscripci\u00f3n extraordinaria que se abrir\u00e1 entre el 24 y el 28 de agosto. Las plazas vacantes que se distribuir\u00e1n en este procedimiento ser\u00e1n publicadas en la web institucional a partir del 1 de agosto.<\/p>\n","protected":false},"excerpt":{"rendered":"<p>La convocatoria extraordinaria de julio de la Evaluaci\u00f3n de Bachillerato para el Acceso a la Universidad (EBAU) en Canarias se&#8230;<\/p>\n","protected":false},"author":21,"featured_media":70641,"comment_status":"closed","ping_status":"closed","sticky":false,"template":"","format":"standard","meta":{"inline_featured_image":false,"footnotes":""},"categories":[343,345,2765],"tags":[3758,2879,5796,7675,7025],"acf":[],"yoast_head":"<!-- This site is optimized with the Yoast SEO plugin v21.3 - https:\/\/yoast.com\/wordpress\/plugins\/seo\/ -->\n<title>La convocatoria extraordinaria de la EBAU comienza ma\u00f1ana<\/title>\n<meta name=\"description\" content=\"La EBAU de julio comienza el 5 de julio y ha registrado m\u00e1s de 1.100 matr\u00edculas en la provincia de Santa Cruz de Tenerife.\" \/>\n<meta name=\"robots\" content=\"index, follow, max-snippet:-1, max-image-preview:large, max-video-preview:-1\" \/>\n<link rel=\"canonical\" href=\"https:\/\/www.ull.es\/portal\/noticias\/2023\/ebau-extraordinaria-comienza-pruebas-comunes\/\" \/>\n<meta property=\"og:locale\" content=\"es_ES\" \/>\n<meta property=\"og:type\" content=\"article\" \/>\n<meta property=\"og:title\" content=\"La convocatoria extraordinaria de la EBAU comienza ma\u00f1ana\" \/>\n<meta property=\"og:description\" content=\"La EBAU de julio comienza el 5 de julio y ha registrado m\u00e1s de 1.100 matr\u00edculas en la provincia de Santa Cruz de Tenerife.\" \/>\n<meta property=\"og:url\" content=\"https:\/\/www.ull.es\/portal\/noticias\/2023\/ebau-extraordinaria-comienza-pruebas-comunes\/\" \/>\n<meta property=\"og:site_name\" content=\"ULL - Noticias\" \/>\n<meta property=\"article:publisher\" content=\"https:\/\/www.facebook.com\/universidaddelalaguna\/\" \/>\n<meta property=\"article:published_time\" content=\"2023-07-04T11:56:02+00:00\" \/>\n<meta property=\"og:image\" content=\"https:\/\/www.ull.es\/portal\/noticias\/wp-content\/uploads\/sites\/13\/2023\/07\/EBAU-Selectividad-Jul22-09.jpg\" \/>\n\t<meta property=\"og:image:width\" content=\"1024\" \/>\n\t<meta property=\"og:image:height\" content=\"683\" \/>\n\t<meta property=\"og:image:type\" content=\"image\/jpeg\" \/>\n<meta name=\"author\" content=\"prensa2\" \/>\n<meta name=\"twitter:card\" content=\"summary_large_image\" \/>\n<meta name=\"twitter:creator\" content=\"@CanalULL\" \/>\n<meta name=\"twitter:site\" content=\"@CanalULL\" \/>\n<meta name=\"twitter:label1\" content=\"Escrito por\" \/>\n\t<meta name=\"twitter:data1\" content=\"prensa2\" \/>\n\t<meta name=\"twitter:label2\" content=\"Tiempo de lectura\" \/>\n\t<meta name=\"twitter:data2\" content=\"2 minutos\" \/>\n<script type=\"application\/ld+json\" class=\"yoast-schema-graph\">{\"@context\":\"https:\/\/schema.org\",\"@graph\":[{\"@type\":\"WebPage\",\"@id\":\"https:\/\/www.ull.es\/portal\/noticias\/2023\/ebau-extraordinaria-comienza-pruebas-comunes\/\",\"url\":\"https:\/\/www.ull.es\/portal\/noticias\/2023\/ebau-extraordinaria-comienza-pruebas-comunes\/\",\"name\":\"La convocatoria extraordinaria de la EBAU comienza ma\u00f1ana\",\"isPartOf\":{\"@id\":\"https:\/\/www.ull.es\/portal\/noticias\/#website\"},\"datePublished\":\"2023-07-04T11:56:02+00:00\",\"dateModified\":\"2023-07-04T11:56:02+00:00\",\"author\":{\"@id\":\"https:\/\/www.ull.es\/portal\/noticias\/#\/schema\/person\/c3b2aa857797592927a03740d6664376\"},\"description\":\"La EBAU de julio comienza el 5 de julio y ha registrado m\u00e1s de 1.100 matr\u00edculas en la provincia de Santa Cruz de Tenerife.\",\"breadcrumb\":{\"@id\":\"https:\/\/www.ull.es\/portal\/noticias\/2023\/ebau-extraordinaria-comienza-pruebas-comunes\/#breadcrumb\"},\"inLanguage\":\"es\",\"potentialAction\":[{\"@type\":\"ReadAction\",\"target\":[\"https:\/\/www.ull.es\/portal\/noticias\/2023\/ebau-extraordinaria-comienza-pruebas-comunes\/\"]}]},{\"@type\":\"BreadcrumbList\",\"@id\":\"https:\/\/www.ull.es\/portal\/noticias\/2023\/ebau-extraordinaria-comienza-pruebas-comunes\/#breadcrumb\",\"itemListElement\":[{\"@type\":\"ListItem\",\"position\":1,\"name\":\"Portada\",\"item\":\"https:\/\/www.ull.es\/portal\/noticias\/\"},{\"@type\":\"ListItem\",\"position\":2,\"name\":\"La convocatoria extraordinaria de la EBAU comienza ma\u00f1ana con las pruebas comunes\"}]},{\"@type\":\"WebSite\",\"@id\":\"https:\/\/www.ull.es\/portal\/noticias\/#website\",\"url\":\"https:\/\/www.ull.es\/portal\/noticias\/\",\"name\":\"ULL - Noticias\",\"description\":\"\",\"potentialAction\":[{\"@type\":\"SearchAction\",\"target\":{\"@type\":\"EntryPoint\",\"urlTemplate\":\"https:\/\/www.ull.es\/portal\/noticias\/?s={search_term_string}\"},\"query-input\":\"required name=search_term_string\"}],\"inLanguage\":\"es\"},{\"@type\":\"Person\",\"@id\":\"https:\/\/www.ull.es\/portal\/noticias\/#\/schema\/person\/c3b2aa857797592927a03740d6664376\",\"name\":\"prensa2\",\"image\":{\"@type\":\"ImageObject\",\"inLanguage\":\"es\",\"@id\":\"https:\/\/www.ull.es\/portal\/noticias\/#\/schema\/person\/image\/\",\"url\":\"https:\/\/secure.gravatar.com\/avatar\/b58f310a5de5feb33d1e026d2493f23c?s=96&d=mm&r=g\",\"contentUrl\":\"https:\/\/secure.gravatar.com\/avatar\/b58f310a5de5feb33d1e026d2493f23c?s=96&d=mm&r=g\",\"caption\":\"prensa2\"},\"url\":\"https:\/\/www.ull.es\/portal\/noticias\/author\/prensa2\/\"}]}<\/script>\n<!-- \/ Yoast SEO plugin. -->","yoast_head_json":{"title":"La convocatoria extraordinaria de la EBAU comienza ma\u00f1ana","description":"La EBAU de julio comienza el 5 de julio y ha registrado m\u00e1s de 1.100 matr\u00edculas en la provincia de Santa Cruz de Tenerife.","robots":{"index":"index","follow":"follow","max-snippet":"max-snippet:-1","max-image-preview":"max-image-preview:large","max-video-preview":"max-video-preview:-1"},"canonical":"https:\/\/www.ull.es\/portal\/noticias\/2023\/ebau-extraordinaria-comienza-pruebas-comunes\/","og_locale":"es_ES","og_type":"article","og_title":"La convocatoria extraordinaria de la EBAU comienza ma\u00f1ana","og_description":"La EBAU de julio comienza el 5 de julio y ha registrado m\u00e1s de 1.100 matr\u00edculas en la provincia de Santa Cruz de Tenerife.","og_url":"https:\/\/www.ull.es\/portal\/noticias\/2023\/ebau-extraordinaria-comienza-pruebas-comunes\/","og_site_name":"ULL - Noticias","article_publisher":"https:\/\/www.facebook.com\/universidaddelalaguna\/","article_published_time":"2023-07-04T11:56:02+00:00","og_image":[{"width":1024,"height":683,"url":"https:\/\/www.ull.es\/portal\/noticias\/wp-content\/uploads\/sites\/13\/2023\/07\/EBAU-Selectividad-Jul22-09.jpg","type":"image\/jpeg"}],"author":"prensa2","twitter_card":"summary_large_image","twitter_creator":"@CanalULL","twitter_site":"@CanalULL","twitter_misc":{"Escrito por":"prensa2","Tiempo de lectura":"2 minutos"},"schema":{"@context":"https:\/\/schema.org","@graph":[{"@type":"WebPage","@id":"https:\/\/www.ull.es\/portal\/noticias\/2023\/ebau-extraordinaria-comienza-pruebas-comunes\/","url":"https:\/\/www.ull.es\/portal\/noticias\/2023\/ebau-extraordinaria-comienza-pruebas-comunes\/","name":"La convocatoria extraordinaria de la EBAU comienza ma\u00f1ana","isPartOf":{"@id":"https:\/\/www.ull.es\/portal\/noticias\/#website"},"datePublished":"2023-07-04T11:56:02+00:00","dateModified":"2023-07-04T11:56:02+00:00","author":{"@id":"https:\/\/www.ull.es\/portal\/noticias\/#\/schema\/person\/c3b2aa857797592927a03740d6664376"},"description":"La EBAU de julio comienza el 5 de julio y ha registrado m\u00e1s de 1.100 matr\u00edculas en la provincia de Santa Cruz de Tenerife.","breadcrumb":{"@id":"https:\/\/www.ull.es\/portal\/noticias\/2023\/ebau-extraordinaria-comienza-pruebas-comunes\/#breadcrumb"},"inLanguage":"es","potentialAction":[{"@type":"ReadAction","target":["https:\/\/www.ull.es\/portal\/noticias\/2023\/ebau-extraordinaria-comienza-pruebas-comunes\/"]}]},{"@type":"BreadcrumbList","@id":"https:\/\/www.ull.es\/portal\/noticias\/2023\/ebau-extraordinaria-comienza-pruebas-comunes\/#breadcrumb","itemListElement":[{"@type":"ListItem","position":1,"name":"Portada","item":"https:\/\/www.ull.es\/portal\/noticias\/"},{"@type":"ListItem","position":2,"name":"La convocatoria extraordinaria de la EBAU comienza ma\u00f1ana con las pruebas comunes"}]},{"@type":"WebSite","@id":"https:\/\/www.ull.es\/portal\/noticias\/#website","url":"https:\/\/www.ull.es\/portal\/noticias\/","name":"ULL - Noticias","description":"","potentialAction":[{"@type":"SearchAction","target":{"@type":"EntryPoint","urlTemplate":"https:\/\/www.ull.es\/portal\/noticias\/?s={search_term_string}"},"query-input":"required name=search_term_string"}],"inLanguage":"es"},{"@type":"Person","@id":"https:\/\/www.ull.es\/portal\/noticias\/#\/schema\/person\/c3b2aa857797592927a03740d6664376","name":"prensa2","image":{"@type":"ImageObject","inLanguage":"es","@id":"https:\/\/www.ull.es\/portal\/noticias\/#\/schema\/person\/image\/","url":"https:\/\/secure.gravatar.com\/avatar\/b58f310a5de5feb33d1e026d2493f23c?s=96&d=mm&r=g","contentUrl":"https:\/\/secure.gravatar.com\/avatar\/b58f310a5de5feb33d1e026d2493f23c?s=96&d=mm&r=g","caption":"prensa2"},"url":"https:\/\/www.ull.es\/portal\/noticias\/author\/prensa2\/"}]}},"primary_category":{"id":345,"name":"Destacado","slug":"destacado","link":"https:\/\/www.ull.es\/portal\/noticias\/category\/destacado\/"},"featured_image_thumbnail_url":"https:\/\/www.ull.es\/portal\/noticias\/wp-content\/uploads\/sites\/13\/2023\/07\/EBAU-Selectividad-Jul22-09-300x200.jpg","_links":{"self":[{"href":"https:\/\/www.ull.es\/portal\/noticias\/wp-json\/wp\/v2\/posts\/70640"}],"collection":[{"href":"https:\/\/www.ull.es\/portal\/noticias\/wp-json\/wp\/v2\/posts"}],"about":[{"href":"https:\/\/www.ull.es\/portal\/noticias\/wp-json\/wp\/v2\/types\/post"}],"author":[{"embeddable":true,"href":"https:\/\/www.ull.es\/portal\/noticias\/wp-json\/wp\/v2\/users\/21"}],"replies":[{"embeddable":true,"href":"https:\/\/www.ull.es\/portal\/noticias\/wp-json\/wp\/v2\/comments?post=70640"}],"version-history":[{"count":1,"href":"https:\/\/www.ull.es\/portal\/noticias\/wp-json\/wp\/v2\/posts\/70640\/revisions"}],"predecessor-version":[{"id":70642,"href":"https:\/\/www.ull.es\/portal\/noticias\/wp-json\/wp\/v2\/posts\/70640\/revisions\/70642"}],"wp:featuredmedia":[{"embeddable":true,"href":"https:\/\/www.ull.es\/portal\/noticias\/wp-json\/wp\/v2\/media\/70641"}],"wp:attachment":[{"href":"https:\/\/www.ull.es\/portal\/noticias\/wp-json\/wp\/v2\/media?parent=70640"}],"wp:term":[{"taxonomy":"category","embeddable":true,"href":"https:\/\/www.ull.es\/portal\/noticias\/wp-json\/wp\/v2\/categories?post=70640"},{"taxonomy":"post_tag","embeddable":true,"href":"https:\/\/www.ull.es\/portal\/noticias\/wp-json\/wp\/v2\/tags?post=70640"}],"curies":[{"name":"wp","href":"https:\/\/api.w.org\/{rel}","templated":true}]}}