{"id":70791,"date":"2023-07-13T12:30:54","date_gmt":"2023-07-13T12:30:54","guid":{"rendered":"https:\/\/www.ull.es\/portal\/noticias\/?p=70791"},"modified":"2023-07-13T13:18:36","modified_gmt":"2023-07-13T13:18:36","slug":"el-impacto-de-la-ia-en-la-vida-cotidiana-sera-el-tema-de-la-inauguracion-de-la-xxx-edicion-de-la-universidad-de-verano-de-adeje","status":"publish","type":"post","link":"https:\/\/www.ull.es\/portal\/noticias\/2023\/el-impacto-de-la-ia-en-la-vida-cotidiana-sera-el-tema-de-la-inauguracion-de-la-xxx-edicion-de-la-universidad-de-verano-de-adeje\/","title":{"rendered":"El impacto de la IA en la vida cotidiana, en la inauguraci\u00f3n de la XXX Universidad de Verano de Adeje"},"content":{"rendered":"<p><span style=\"font-weight: 400\">La Sala Contempor\u00e1nea del Auditorio de Adeje acoge ma\u00f1ana viernes 14 de julio a las 11:00 horas la inauguraci\u00f3n de la <a href=\"https:\/\/www.ull.es\/cultura\/cursos-extension-universitaria\/universidad-de-verano-de-adeje\/\" target=\"_blank\" rel=\"noopener\" target=\"_blank\" rel=\"noopener\">XXX edici\u00f3n de la Universidad de Verano de Adeje<\/a>, que ser\u00e1 presidida por Francisco Garc\u00eda, rector de la Universidad de La Lagun,a y Jos\u00e9 Miguel Rodr\u00edguez Fraga, alcalde del municipio.\u00a0<\/span><\/p>\n<p><span style=\"font-weight: 400\">La ponencia inaugural lleva por t\u00edtulo \u00abLa IA en nuestro d\u00eda a d\u00eda: una mirada pr\u00e1ctica del presente hacia el futuro\u00bb, a cargo de <a href=\"https:\/\/twitter.com\/BCrespoRuiz\" target=\"_blank\" rel=\"noopener\" data-insuit-uuid=\"b08b2321-9e21-4676-a775-5a541810bd6f\" target=\"_blank\" rel=\"noopener\">Beatriz Crespo, <\/a>doctora en Medicina y Rendimiento Deportivo, la cual se enfoca en mejorar los h\u00e1bitos de vida del personal a trav\u00e9s del uso de big data y la inteligencia artificial.\u00a0\u00a0<\/span><\/p>\n<p><span style=\"font-weight: 400\">Con una trayectoria destacada en el \u00e1mbito de la salud y el bienestar, Beatriz Crespo ha dedicado su carrera a estudiar el papel de la tecnolog\u00eda y la IA en las empresas. Ha sido reconocida por su labor como empresaria. En 2018 fue incluida en el ranking del Top 100 Mujeres L\u00edderes de Espa\u00f1a, y galardonada como \u201cDirectiva m\u00e1s ZEN\u201d en los premios El Mundo-Adecco. Al a\u00f1o siguiente, en 2019, fue seleccionada como una de las Top Voices Espa\u00f1a en Linkedin, consolidando su posici\u00f3n como una voz experta en el \u00e1mbito de la salud, la innovaci\u00f3n y la aplicaci\u00f3n de la IA y las nuevas tecnolog\u00edas.<\/span><\/p>\n<p>Las conferencias de Beatriz Crespo se han caracterizado por abordar diversas tem\u00e1ticas relacionadas con el bienestar f\u00edsico, la innovaci\u00f3n y la aplicaci\u00f3n de la IA en la salud. Su enfoque pr\u00e1ctico y su experiencia en el campo de la tecnolog\u00eda han captado la atenci\u00f3n de audiencias en todo el pa\u00eds.<\/p>\n<p><span style=\"font-weight: 400\">Los cursos y talleres de la <\/span><span style=\"font-weight: 400\">Universidad de Verano de Adeje<\/span><span style=\"font-weight: 400\"> se desarrollar\u00e1n del 17 al 21 de julio en formato presencial. Las inscripciones e informaci\u00f3n acerca de los servicios paralelos se encuentran disponibles en la web <a href=\"http:\/\/uvadeje.es\" target=\"_blank\" rel=\"noopener\">uvadeje.es<\/a>. La Universidad de Verano es una iniciativa que cumple este a\u00f1o su 30 edici\u00f3n impulsada por el Ayuntamiento de Adeje y la Universidad de La Laguna.<\/span><\/p>\n","protected":false},"excerpt":{"rendered":"<p>La Sala Contempor\u00e1nea del Auditorio de Adeje acoge ma\u00f1ana viernes 14 de julio a las 11:00 horas la inauguraci\u00f3n de&#8230;<\/p>\n","protected":false},"author":65,"featured_media":70792,"comment_status":"closed","ping_status":"closed","sticky":false,"template":"","format":"standard","meta":{"inline_featured_image":false,"footnotes":""},"categories":[344,345,2765],"tags":[10127,2574],"acf":[],"yoast_head":"<!-- This site is optimized with the Yoast SEO plugin v21.3 - https:\/\/yoast.com\/wordpress\/plugins\/seo\/ -->\n<title>La IA en la inauguraci\u00f3n de la Universidad de Verano de Adeje<\/title>\n<meta name=\"description\" content=\"El Auditorio de Adeje acoge la inauguraci\u00f3n de la XXX edici\u00f3n de la Universidad de Verano de Adeje, que ser\u00e1 presidida por Francisco Garc\u00eda, rector de la Universidad de La Laguna y Jos\u00e9 Miguel Rodr\u00edguez Fraga, alcalde de Adeje.\u00a0\" \/>\n<meta name=\"robots\" content=\"index, follow, max-snippet:-1, max-image-preview:large, max-video-preview:-1\" \/>\n<link rel=\"canonical\" href=\"https:\/\/www.ull.es\/portal\/noticias\/2023\/el-impacto-de-la-ia-en-la-vida-cotidiana-sera-el-tema-de-la-inauguracion-de-la-xxx-edicion-de-la-universidad-de-verano-de-adeje\/\" \/>\n<meta property=\"og:locale\" content=\"es_ES\" \/>\n<meta property=\"og:type\" content=\"article\" \/>\n<meta property=\"og:title\" content=\"La IA en la inauguraci\u00f3n de la Universidad de Verano de Adeje\" \/>\n<meta property=\"og:description\" content=\"El Auditorio de Adeje acoge la inauguraci\u00f3n de la XXX edici\u00f3n de la Universidad de Verano de Adeje, que ser\u00e1 presidida por Francisco Garc\u00eda, rector de la Universidad de La Laguna y Jos\u00e9 Miguel Rodr\u00edguez Fraga, alcalde de Adeje.\u00a0\" \/>\n<meta property=\"og:url\" content=\"https:\/\/www.ull.es\/portal\/noticias\/2023\/el-impacto-de-la-ia-en-la-vida-cotidiana-sera-el-tema-de-la-inauguracion-de-la-xxx-edicion-de-la-universidad-de-verano-de-adeje\/\" \/>\n<meta property=\"og:site_name\" content=\"ULL - Noticias\" \/>\n<meta property=\"article:publisher\" content=\"https:\/\/www.facebook.com\/universidaddelalaguna\/\" \/>\n<meta property=\"article:published_time\" content=\"2023-07-13T12:30:54+00:00\" \/>\n<meta property=\"article:modified_time\" content=\"2023-07-13T13:18:36+00:00\" \/>\n<meta property=\"og:image\" content=\"https:\/\/www.ull.es\/portal\/noticias\/wp-content\/uploads\/sites\/13\/2023\/07\/BannerCIAdeje.png\" \/>\n\t<meta property=\"og:image:width\" content=\"700\" \/>\n\t<meta property=\"og:image:height\" content=\"350\" \/>\n\t<meta property=\"og:image:type\" content=\"image\/png\" \/>\n<meta name=\"author\" content=\"gcom4\" \/>\n<meta name=\"twitter:card\" content=\"summary_large_image\" \/>\n<meta name=\"twitter:creator\" content=\"@CanalULL\" \/>\n<meta name=\"twitter:site\" content=\"@CanalULL\" \/>\n<meta name=\"twitter:label1\" content=\"Escrito por\" \/>\n\t<meta name=\"twitter:data1\" content=\"gcom4\" \/>\n\t<meta name=\"twitter:label2\" content=\"Tiempo de lectura\" \/>\n\t<meta name=\"twitter:data2\" content=\"2 minutos\" \/>\n<script type=\"application\/ld+json\" class=\"yoast-schema-graph\">{\"@context\":\"https:\/\/schema.org\",\"@graph\":[{\"@type\":\"WebPage\",\"@id\":\"https:\/\/www.ull.es\/portal\/noticias\/2023\/el-impacto-de-la-ia-en-la-vida-cotidiana-sera-el-tema-de-la-inauguracion-de-la-xxx-edicion-de-la-universidad-de-verano-de-adeje\/\",\"url\":\"https:\/\/www.ull.es\/portal\/noticias\/2023\/el-impacto-de-la-ia-en-la-vida-cotidiana-sera-el-tema-de-la-inauguracion-de-la-xxx-edicion-de-la-universidad-de-verano-de-adeje\/\",\"name\":\"La IA en la inauguraci\u00f3n de la Universidad de Verano de Adeje\",\"isPartOf\":{\"@id\":\"https:\/\/www.ull.es\/portal\/noticias\/#website\"},\"datePublished\":\"2023-07-13T12:30:54+00:00\",\"dateModified\":\"2023-07-13T13:18:36+00:00\",\"author\":{\"@id\":\"https:\/\/www.ull.es\/portal\/noticias\/#\/schema\/person\/9924518fb1ad37d4428e7b5d6f311773\"},\"description\":\"El Auditorio de Adeje acoge la inauguraci\u00f3n de la XXX edici\u00f3n de la Universidad de Verano de Adeje, que ser\u00e1 presidida por Francisco Garc\u00eda, rector de la Universidad de La Laguna y Jos\u00e9 Miguel Rodr\u00edguez Fraga, alcalde de Adeje.\u00a0\",\"breadcrumb\":{\"@id\":\"https:\/\/www.ull.es\/portal\/noticias\/2023\/el-impacto-de-la-ia-en-la-vida-cotidiana-sera-el-tema-de-la-inauguracion-de-la-xxx-edicion-de-la-universidad-de-verano-de-adeje\/#breadcrumb\"},\"inLanguage\":\"es\",\"potentialAction\":[{\"@type\":\"ReadAction\",\"target\":[\"https:\/\/www.ull.es\/portal\/noticias\/2023\/el-impacto-de-la-ia-en-la-vida-cotidiana-sera-el-tema-de-la-inauguracion-de-la-xxx-edicion-de-la-universidad-de-verano-de-adeje\/\"]}]},{\"@type\":\"BreadcrumbList\",\"@id\":\"https:\/\/www.ull.es\/portal\/noticias\/2023\/el-impacto-de-la-ia-en-la-vida-cotidiana-sera-el-tema-de-la-inauguracion-de-la-xxx-edicion-de-la-universidad-de-verano-de-adeje\/#breadcrumb\",\"itemListElement\":[{\"@type\":\"ListItem\",\"position\":1,\"name\":\"Portada\",\"item\":\"https:\/\/www.ull.es\/portal\/noticias\/\"},{\"@type\":\"ListItem\",\"position\":2,\"name\":\"El impacto de la IA en la vida cotidiana, en la inauguraci\u00f3n de la XXX Universidad de Verano de Adeje\"}]},{\"@type\":\"WebSite\",\"@id\":\"https:\/\/www.ull.es\/portal\/noticias\/#website\",\"url\":\"https:\/\/www.ull.es\/portal\/noticias\/\",\"name\":\"ULL - Noticias\",\"description\":\"\",\"potentialAction\":[{\"@type\":\"SearchAction\",\"target\":{\"@type\":\"EntryPoint\",\"urlTemplate\":\"https:\/\/www.ull.es\/portal\/noticias\/?s={search_term_string}\"},\"query-input\":\"required name=search_term_string\"}],\"inLanguage\":\"es\"},{\"@type\":\"Person\",\"@id\":\"https:\/\/www.ull.es\/portal\/noticias\/#\/schema\/person\/9924518fb1ad37d4428e7b5d6f311773\",\"name\":\"gcom4\",\"image\":{\"@type\":\"ImageObject\",\"inLanguage\":\"es\",\"@id\":\"https:\/\/www.ull.es\/portal\/noticias\/#\/schema\/person\/image\/\",\"url\":\"https:\/\/secure.gravatar.com\/avatar\/a5d1f5573f10617ccfcc209aaf6aa7fb?s=96&d=mm&r=g\",\"contentUrl\":\"https:\/\/secure.gravatar.com\/avatar\/a5d1f5573f10617ccfcc209aaf6aa7fb?s=96&d=mm&r=g\",\"caption\":\"gcom4\"},\"url\":\"https:\/\/www.ull.es\/portal\/noticias\/author\/gcom4\/\"}]}<\/script>\n<!-- \/ Yoast SEO plugin. -->","yoast_head_json":{"title":"La IA en la inauguraci\u00f3n de la Universidad de Verano de Adeje","description":"El Auditorio de Adeje acoge la inauguraci\u00f3n de la XXX edici\u00f3n de la Universidad de Verano de Adeje, que ser\u00e1 presidida por Francisco Garc\u00eda, rector de la Universidad de La Laguna y Jos\u00e9 Miguel Rodr\u00edguez Fraga, alcalde de Adeje.\u00a0","robots":{"index":"index","follow":"follow","max-snippet":"max-snippet:-1","max-image-preview":"max-image-preview:large","max-video-preview":"max-video-preview:-1"},"canonical":"https:\/\/www.ull.es\/portal\/noticias\/2023\/el-impacto-de-la-ia-en-la-vida-cotidiana-sera-el-tema-de-la-inauguracion-de-la-xxx-edicion-de-la-universidad-de-verano-de-adeje\/","og_locale":"es_ES","og_type":"article","og_title":"La IA en la inauguraci\u00f3n de la Universidad de Verano de Adeje","og_description":"El Auditorio de Adeje acoge la inauguraci\u00f3n de la XXX edici\u00f3n de la Universidad de Verano de Adeje, que ser\u00e1 presidida por Francisco Garc\u00eda, rector de la Universidad de La Laguna y Jos\u00e9 Miguel Rodr\u00edguez Fraga, alcalde de Adeje.\u00a0","og_url":"https:\/\/www.ull.es\/portal\/noticias\/2023\/el-impacto-de-la-ia-en-la-vida-cotidiana-sera-el-tema-de-la-inauguracion-de-la-xxx-edicion-de-la-universidad-de-verano-de-adeje\/","og_site_name":"ULL - Noticias","article_publisher":"https:\/\/www.facebook.com\/universidaddelalaguna\/","article_published_time":"2023-07-13T12:30:54+00:00","article_modified_time":"2023-07-13T13:18:36+00:00","og_image":[{"width":700,"height":350,"url":"https:\/\/www.ull.es\/portal\/noticias\/wp-content\/uploads\/sites\/13\/2023\/07\/BannerCIAdeje.png","type":"image\/png"}],"author":"gcom4","twitter_card":"summary_large_image","twitter_creator":"@CanalULL","twitter_site":"@CanalULL","twitter_misc":{"Escrito por":"gcom4","Tiempo de lectura":"2 minutos"},"schema":{"@context":"https:\/\/schema.org","@graph":[{"@type":"WebPage","@id":"https:\/\/www.ull.es\/portal\/noticias\/2023\/el-impacto-de-la-ia-en-la-vida-cotidiana-sera-el-tema-de-la-inauguracion-de-la-xxx-edicion-de-la-universidad-de-verano-de-adeje\/","url":"https:\/\/www.ull.es\/portal\/noticias\/2023\/el-impacto-de-la-ia-en-la-vida-cotidiana-sera-el-tema-de-la-inauguracion-de-la-xxx-edicion-de-la-universidad-de-verano-de-adeje\/","name":"La IA en la inauguraci\u00f3n de la Universidad de Verano de Adeje","isPartOf":{"@id":"https:\/\/www.ull.es\/portal\/noticias\/#website"},"datePublished":"2023-07-13T12:30:54+00:00","dateModified":"2023-07-13T13:18:36+00:00","author":{"@id":"https:\/\/www.ull.es\/portal\/noticias\/#\/schema\/person\/9924518fb1ad37d4428e7b5d6f311773"},"description":"El Auditorio de Adeje acoge la inauguraci\u00f3n de la XXX edici\u00f3n de la Universidad de Verano de Adeje, que ser\u00e1 presidida por Francisco Garc\u00eda, rector de la Universidad de La Laguna y Jos\u00e9 Miguel Rodr\u00edguez Fraga, alcalde de Adeje.\u00a0","breadcrumb":{"@id":"https:\/\/www.ull.es\/portal\/noticias\/2023\/el-impacto-de-la-ia-en-la-vida-cotidiana-sera-el-tema-de-la-inauguracion-de-la-xxx-edicion-de-la-universidad-de-verano-de-adeje\/#breadcrumb"},"inLanguage":"es","potentialAction":[{"@type":"ReadAction","target":["https:\/\/www.ull.es\/portal\/noticias\/2023\/el-impacto-de-la-ia-en-la-vida-cotidiana-sera-el-tema-de-la-inauguracion-de-la-xxx-edicion-de-la-universidad-de-verano-de-adeje\/"]}]},{"@type":"BreadcrumbList","@id":"https:\/\/www.ull.es\/portal\/noticias\/2023\/el-impacto-de-la-ia-en-la-vida-cotidiana-sera-el-tema-de-la-inauguracion-de-la-xxx-edicion-de-la-universidad-de-verano-de-adeje\/#breadcrumb","itemListElement":[{"@type":"ListItem","position":1,"name":"Portada","item":"https:\/\/www.ull.es\/portal\/noticias\/"},{"@type":"ListItem","position":2,"name":"El impacto de la IA en la vida cotidiana, en la inauguraci\u00f3n de la XXX Universidad de Verano de Adeje"}]},{"@type":"WebSite","@id":"https:\/\/www.ull.es\/portal\/noticias\/#website","url":"https:\/\/www.ull.es\/portal\/noticias\/","name":"ULL - Noticias","description":"","potentialAction":[{"@type":"SearchAction","target":{"@type":"EntryPoint","urlTemplate":"https:\/\/www.ull.es\/portal\/noticias\/?s={search_term_string}"},"query-input":"required name=search_term_string"}],"inLanguage":"es"},{"@type":"Person","@id":"https:\/\/www.ull.es\/portal\/noticias\/#\/schema\/person\/9924518fb1ad37d4428e7b5d6f311773","name":"gcom4","image":{"@type":"ImageObject","inLanguage":"es","@id":"https:\/\/www.ull.es\/portal\/noticias\/#\/schema\/person\/image\/","url":"https:\/\/secure.gravatar.com\/avatar\/a5d1f5573f10617ccfcc209aaf6aa7fb?s=96&d=mm&r=g","contentUrl":"https:\/\/secure.gravatar.com\/avatar\/a5d1f5573f10617ccfcc209aaf6aa7fb?s=96&d=mm&r=g","caption":"gcom4"},"url":"https:\/\/www.ull.es\/portal\/noticias\/author\/gcom4\/"}]}},"primary_category":{"id":345,"name":"Destacado","slug":"destacado","link":"https:\/\/www.ull.es\/portal\/noticias\/category\/destacado\/"},"featured_image_thumbnail_url":"https:\/\/www.ull.es\/portal\/noticias\/wp-content\/uploads\/sites\/13\/2023\/07\/BannerCIAdeje-300x150.png","_links":{"self":[{"href":"https:\/\/www.ull.es\/portal\/noticias\/wp-json\/wp\/v2\/posts\/70791"}],"collection":[{"href":"https:\/\/www.ull.es\/portal\/noticias\/wp-json\/wp\/v2\/posts"}],"about":[{"href":"https:\/\/www.ull.es\/portal\/noticias\/wp-json\/wp\/v2\/types\/post"}],"author":[{"embeddable":true,"href":"https:\/\/www.ull.es\/portal\/noticias\/wp-json\/wp\/v2\/users\/65"}],"replies":[{"embeddable":true,"href":"https:\/\/www.ull.es\/portal\/noticias\/wp-json\/wp\/v2\/comments?post=70791"}],"version-history":[{"count":7,"href":"https:\/\/www.ull.es\/portal\/noticias\/wp-json\/wp\/v2\/posts\/70791\/revisions"}],"predecessor-version":[{"id":70806,"href":"https:\/\/www.ull.es\/portal\/noticias\/wp-json\/wp\/v2\/posts\/70791\/revisions\/70806"}],"wp:featuredmedia":[{"embeddable":true,"href":"https:\/\/www.ull.es\/portal\/noticias\/wp-json\/wp\/v2\/media\/70792"}],"wp:attachment":[{"href":"https:\/\/www.ull.es\/portal\/noticias\/wp-json\/wp\/v2\/media?parent=70791"}],"wp:term":[{"taxonomy":"category","embeddable":true,"href":"https:\/\/www.ull.es\/portal\/noticias\/wp-json\/wp\/v2\/categories?post=70791"},{"taxonomy":"post_tag","embeddable":true,"href":"https:\/\/www.ull.es\/portal\/noticias\/wp-json\/wp\/v2\/tags?post=70791"}],"curies":[{"name":"wp","href":"https:\/\/api.w.org\/{rel}","templated":true}]}}