{"id":70978,"date":"2023-07-21T14:26:06","date_gmt":"2023-07-21T14:26:06","guid":{"rendered":"https:\/\/www.ull.es\/portal\/noticias\/?p=70978"},"modified":"2023-07-31T12:01:37","modified_gmt":"2023-07-31T12:01:37","slug":"cabildo-y-universidad-exhiben-sintonia-y-establecen-un-calendario-de-trabajo","status":"publish","type":"post","link":"https:\/\/www.ull.es\/portal\/noticias\/2023\/cabildo-y-universidad-exhiben-sintonia-y-establecen-un-calendario-de-trabajo\/","title":{"rendered":"Cabildo y Universidad exhiben sinton\u00eda y establecen un calendario de trabajo"},"content":{"rendered":"<p>La presidenta del Cabildo de Tenerife, Rosa D\u00e1vila, ha visitado hoy 21 de julio la Universidad de La Laguna, acompa\u00f1ada de una amplia delegaci\u00f3n. Recibida por el rector de la instituci\u00f3n acad\u00e9mica, Francisco Garc\u00eda, mantuvo en primer lugar una reuni\u00f3n en la Facultad de Bellas Artes, para luego trasladarse a una parcela situada justo enfrente de este inmueble, donde el centro universitario pretender\u00eda construir la nueva Facultad de Educaci\u00f3n, motivo por el cual estuvieron acompa\u00f1ados por el equipo decanal, con Esperanza Ceballos al frente como decana.<\/p>\n<p style=\"text-align: center\"><a href=\"https:\/\/drive.google.com\/drive\/folders\/1pw1X0x-lfsCK6vbVtJAro6Me6OgSZ1WF?usp=sharing\" target=\"_blank\" rel=\"noopener\" target=\"_blank\" rel=\"noopener\">Galer\u00eda fotogr\u00e1fica<\/a><\/p>\n<p><a href=\"https:\/\/www.ull.es\/portal\/noticias\/wp-content\/uploads\/sites\/13\/2023\/07\/Visita-Rosa-Davila-22.jpg\" target=\"_blank\" rel=\"noopener\"><img decoding=\"async\" loading=\"lazy\" class=\"alignleft size-medium wp-image-70981\" src=\"https:\/\/www.ull.es\/portal\/noticias\/wp-content\/uploads\/sites\/13\/2023\/07\/Visita-Rosa-Davila-22-300x200.jpg\" alt=\"\" width=\"300\" height=\"200\" srcset=\"https:\/\/www.ull.es\/portal\/noticias\/wp-content\/uploads\/sites\/13\/2023\/07\/Visita-Rosa-Davila-22-300x200.jpg 300w, https:\/\/www.ull.es\/portal\/noticias\/wp-content\/uploads\/sites\/13\/2023\/07\/Visita-Rosa-Davila-22-1024x682.jpg 1024w, https:\/\/www.ull.es\/portal\/noticias\/wp-content\/uploads\/sites\/13\/2023\/07\/Visita-Rosa-Davila-22-768x512.jpg 768w, https:\/\/www.ull.es\/portal\/noticias\/wp-content\/uploads\/sites\/13\/2023\/07\/Visita-Rosa-Davila-22-375x250.jpg 375w, https:\/\/www.ull.es\/portal\/noticias\/wp-content\/uploads\/sites\/13\/2023\/07\/Visita-Rosa-Davila-22-750x500.jpg 750w, https:\/\/www.ull.es\/portal\/noticias\/wp-content\/uploads\/sites\/13\/2023\/07\/Visita-Rosa-Davila-22.jpg 1100w\" sizes=\"(max-width: 300px) 100vw, 300px\" \/><\/a>El recorrido termin\u00f3 en los jardines traseros del campus de Guajara, afectados por un proyecto insular de carril-guagua, cuyo trazado ya est\u00e1 previsto modificar para que no altere el espacio dedicado a plantas macaron\u00e9sicas. Se trata de una antigua escombrera que la universidad ha ido rehabilitando en estos \u00faltimos diez a\u00f1os como espacio verde emblem\u00e1tico y que tiene mucho inter\u00e9s en mantener. De hecho, la propia presidenta solicit\u00f3 al rector conocer el jard\u00edn, dado que era conocedora del cambio de ruta solicitado por el centro acad\u00e9mico y aceptado por el Cabildo, con lo cual el carril solo afectar\u00e1 m\u00ednimamente a la zona.<\/p>\n<p>A la visita acudieron los dos vicepresidentes de la corporaci\u00f3n insular, Lope Afonso y Jos\u00e9 Miguel Ruano, adem\u00e1s del consejero de Educaci\u00f3n y Juventud, Efra\u00edn Medina; la consejera de Movilidad, Eulalia Garc\u00eda, y el titular de Investigaci\u00f3n, Innovaci\u00f3n y Desarrollo, Juan Jos\u00e9 Mart\u00ednez. Por parte de la universidad, el rector estuvo acompa\u00f1ado de la vicerrectora de Sostenibilidad e Infraestructuras, Candela D\u00edaz, y del vicerrector de Transformaci\u00f3n Digital, Vicente Blanco.<a href=\"https:\/\/www.ull.es\/portal\/noticias\/wp-content\/uploads\/sites\/13\/2023\/07\/Visita-Rosa-Davila-46.jpg\" target=\"_blank\" rel=\"noopener\"><img decoding=\"async\" loading=\"lazy\" class=\"alignright size-medium wp-image-70982\" src=\"https:\/\/www.ull.es\/portal\/noticias\/wp-content\/uploads\/sites\/13\/2023\/07\/Visita-Rosa-Davila-46-300x200.jpg\" alt=\"\" width=\"300\" height=\"200\" srcset=\"https:\/\/www.ull.es\/portal\/noticias\/wp-content\/uploads\/sites\/13\/2023\/07\/Visita-Rosa-Davila-46-300x200.jpg 300w, https:\/\/www.ull.es\/portal\/noticias\/wp-content\/uploads\/sites\/13\/2023\/07\/Visita-Rosa-Davila-46-768x512.jpg 768w, https:\/\/www.ull.es\/portal\/noticias\/wp-content\/uploads\/sites\/13\/2023\/07\/Visita-Rosa-Davila-46-375x250.jpg 375w, https:\/\/www.ull.es\/portal\/noticias\/wp-content\/uploads\/sites\/13\/2023\/07\/Visita-Rosa-Davila-46-750x500.jpg 750w, https:\/\/www.ull.es\/portal\/noticias\/wp-content\/uploads\/sites\/13\/2023\/07\/Visita-Rosa-Davila-46.jpg 1024w\" sizes=\"(max-width: 300px) 100vw, 300px\" \/><\/a><\/p>\n<p>El rector sostuvo que ha sido una visita muy productiva, \u201cun primer encuentro de trabajo en el que ha quedado patente lo mucho que tenemos en com\u00fan\u00bb, se\u00f1al\u00f3. \u00abHemos realizado un repaso somero a distintos \u00e1mbitos de colaboraci\u00f3n de proyectos en los que ya se ven\u00eda trabajando: emprendimiento, empleabilidad, aprendizaje servicio, apoyo a la internacionalizaci\u00f3n, nuevos t\u00edtulos de posgrado, apoyo al estudiantado y la movilidad\u201d, entre otros asuntos. \u201cLa sinton\u00eda es absoluta, y vamos a empezar a trabajar en comisiones sectoriales\u201d.<\/p>\n<p>Por su parte, Rosa D\u00e1vila agradeci\u00f3 la colaboraci\u00f3n de la universidad, una instituci\u00f3n que juega un papel muy relevante no solo en docencia e investigaci\u00f3n, sino en su propio engranaje con la sociedad y su capacidad de transformaci\u00f3n social, dijo. \u201cQueremos retomar el apoyo a la C\u00e1tedra de Movilidad del centro docente, donde se genera mucho conocimiento. Estamos interesados en implicarnos en el plan de movilidad en el que est\u00e1 trabajando la universidad y a su vez en el de la propia isla. Se trata de contar con herramientas \u00fatiles para acabar con la situaci\u00f3n de caos en el tr\u00e1fico, y para ello es tambi\u00e9n necesario potenciar el transporte p\u00fablico en la universidad\u201d.<\/p>\n","protected":false},"excerpt":{"rendered":"<p>La presidenta del Cabildo de Tenerife, Rosa D\u00e1vila, ha visitado hoy 21 de julio la Universidad de La Laguna, acompa\u00f1ada&#8230;<\/p>\n","protected":false},"author":23,"featured_media":70980,"comment_status":"closed","ping_status":"closed","sticky":false,"template":"","format":"standard","meta":{"inline_featured_image":false,"footnotes":""},"categories":[345,348,2765],"tags":[665,10156],"acf":[],"yoast_head":"<!-- This site is optimized with the Yoast SEO plugin v21.3 - https:\/\/yoast.com\/wordpress\/plugins\/seo\/ -->\n<title>Cabildo y Universidad exhiben sinton\u00eda y establecen un calendario de trabajo - ULL - Noticias<\/title>\n<meta name=\"description\" content=\"La presidenta del Cabildo de Tenerife, Rosa D\u00e1vila, ha visitado la Universidad de La Laguna, acompa\u00f1ada de una amplia delegaci\u00f3n. Recibida por el rector de la instituci\u00f3n acad\u00e9mica, Francisco Garc\u00eda, mantuvo en primer lugar una reuni\u00f3n en la Facultad de Bellas Artes, para luego trasladarse a una parcela situada justo enfrente de este inmueble, donde el centro universitario pretender\u00eda construir la nueva Facultad de Educaci\u00f3n.\" \/>\n<meta name=\"robots\" content=\"index, follow, max-snippet:-1, max-image-preview:large, max-video-preview:-1\" \/>\n<link rel=\"canonical\" href=\"https:\/\/www.ull.es\/portal\/noticias\/2023\/cabildo-y-universidad-exhiben-sintonia-y-establecen-un-calendario-de-trabajo\/\" \/>\n<meta property=\"og:locale\" content=\"es_ES\" \/>\n<meta property=\"og:type\" content=\"article\" \/>\n<meta property=\"og:title\" content=\"Cabildo y Universidad exhiben sinton\u00eda y establecen un calendario de trabajo - ULL - Noticias\" \/>\n<meta property=\"og:description\" content=\"La presidenta del Cabildo de Tenerife, Rosa D\u00e1vila, ha visitado la Universidad de La Laguna, acompa\u00f1ada de una amplia delegaci\u00f3n. Recibida por el rector de la instituci\u00f3n acad\u00e9mica, Francisco Garc\u00eda, mantuvo en primer lugar una reuni\u00f3n en la Facultad de Bellas Artes, para luego trasladarse a una parcela situada justo enfrente de este inmueble, donde el centro universitario pretender\u00eda construir la nueva Facultad de Educaci\u00f3n.\" \/>\n<meta property=\"og:url\" content=\"https:\/\/www.ull.es\/portal\/noticias\/2023\/cabildo-y-universidad-exhiben-sintonia-y-establecen-un-calendario-de-trabajo\/\" \/>\n<meta property=\"og:site_name\" content=\"ULL - Noticias\" \/>\n<meta property=\"article:publisher\" content=\"https:\/\/www.facebook.com\/universidaddelalaguna\/\" \/>\n<meta property=\"article:published_time\" content=\"2023-07-21T14:26:06+00:00\" \/>\n<meta property=\"article:modified_time\" content=\"2023-07-31T12:01:37+00:00\" \/>\n<meta property=\"og:image\" content=\"https:\/\/www.ull.es\/portal\/noticias\/wp-content\/uploads\/sites\/13\/2023\/07\/Visita-Rosa-Davila-06.jpg\" \/>\n\t<meta property=\"og:image:width\" content=\"1100\" \/>\n\t<meta property=\"og:image:height\" content=\"733\" \/>\n\t<meta property=\"og:image:type\" content=\"image\/jpeg\" \/>\n<meta name=\"author\" content=\"gaprsa\" \/>\n<meta name=\"twitter:card\" content=\"summary_large_image\" \/>\n<meta name=\"twitter:creator\" content=\"@CanalULL\" \/>\n<meta name=\"twitter:site\" content=\"@CanalULL\" \/>\n<meta name=\"twitter:label1\" content=\"Escrito por\" \/>\n\t<meta name=\"twitter:data1\" content=\"gaprsa\" \/>\n\t<meta name=\"twitter:label2\" content=\"Tiempo de lectura\" \/>\n\t<meta name=\"twitter:data2\" content=\"3 minutos\" \/>\n<script type=\"application\/ld+json\" class=\"yoast-schema-graph\">{\"@context\":\"https:\/\/schema.org\",\"@graph\":[{\"@type\":\"WebPage\",\"@id\":\"https:\/\/www.ull.es\/portal\/noticias\/2023\/cabildo-y-universidad-exhiben-sintonia-y-establecen-un-calendario-de-trabajo\/\",\"url\":\"https:\/\/www.ull.es\/portal\/noticias\/2023\/cabildo-y-universidad-exhiben-sintonia-y-establecen-un-calendario-de-trabajo\/\",\"name\":\"Cabildo y Universidad exhiben sinton\u00eda y establecen un calendario de trabajo - ULL - Noticias\",\"isPartOf\":{\"@id\":\"https:\/\/www.ull.es\/portal\/noticias\/#website\"},\"datePublished\":\"2023-07-21T14:26:06+00:00\",\"dateModified\":\"2023-07-31T12:01:37+00:00\",\"author\":{\"@id\":\"https:\/\/www.ull.es\/portal\/noticias\/#\/schema\/person\/b2b1a89d43ffa609e591f7df8ef3e817\"},\"description\":\"La presidenta del Cabildo de Tenerife, Rosa D\u00e1vila, ha visitado la Universidad de La Laguna, acompa\u00f1ada de una amplia delegaci\u00f3n. Recibida por el rector de la instituci\u00f3n acad\u00e9mica, Francisco Garc\u00eda, mantuvo en primer lugar una reuni\u00f3n en la Facultad de Bellas Artes, para luego trasladarse a una parcela situada justo enfrente de este inmueble, donde el centro universitario pretender\u00eda construir la nueva Facultad de Educaci\u00f3n.\",\"breadcrumb\":{\"@id\":\"https:\/\/www.ull.es\/portal\/noticias\/2023\/cabildo-y-universidad-exhiben-sintonia-y-establecen-un-calendario-de-trabajo\/#breadcrumb\"},\"inLanguage\":\"es\",\"potentialAction\":[{\"@type\":\"ReadAction\",\"target\":[\"https:\/\/www.ull.es\/portal\/noticias\/2023\/cabildo-y-universidad-exhiben-sintonia-y-establecen-un-calendario-de-trabajo\/\"]}]},{\"@type\":\"BreadcrumbList\",\"@id\":\"https:\/\/www.ull.es\/portal\/noticias\/2023\/cabildo-y-universidad-exhiben-sintonia-y-establecen-un-calendario-de-trabajo\/#breadcrumb\",\"itemListElement\":[{\"@type\":\"ListItem\",\"position\":1,\"name\":\"Portada\",\"item\":\"https:\/\/www.ull.es\/portal\/noticias\/\"},{\"@type\":\"ListItem\",\"position\":2,\"name\":\"Cabildo y Universidad exhiben sinton\u00eda y establecen un calendario de trabajo\"}]},{\"@type\":\"WebSite\",\"@id\":\"https:\/\/www.ull.es\/portal\/noticias\/#website\",\"url\":\"https:\/\/www.ull.es\/portal\/noticias\/\",\"name\":\"ULL - Noticias\",\"description\":\"\",\"potentialAction\":[{\"@type\":\"SearchAction\",\"target\":{\"@type\":\"EntryPoint\",\"urlTemplate\":\"https:\/\/www.ull.es\/portal\/noticias\/?s={search_term_string}\"},\"query-input\":\"required name=search_term_string\"}],\"inLanguage\":\"es\"},{\"@type\":\"Person\",\"@id\":\"https:\/\/www.ull.es\/portal\/noticias\/#\/schema\/person\/b2b1a89d43ffa609e591f7df8ef3e817\",\"name\":\"gaprsa\",\"image\":{\"@type\":\"ImageObject\",\"inLanguage\":\"es\",\"@id\":\"https:\/\/www.ull.es\/portal\/noticias\/#\/schema\/person\/image\/\",\"url\":\"https:\/\/secure.gravatar.com\/avatar\/443820550921091458b4823867723b3d?s=96&d=mm&r=g\",\"contentUrl\":\"https:\/\/secure.gravatar.com\/avatar\/443820550921091458b4823867723b3d?s=96&d=mm&r=g\",\"caption\":\"gaprsa\"},\"url\":\"https:\/\/www.ull.es\/portal\/noticias\/author\/gaprsa\/\"}]}<\/script>\n<!-- \/ Yoast SEO plugin. -->","yoast_head_json":{"title":"Cabildo y Universidad exhiben sinton\u00eda y establecen un calendario de trabajo - ULL - Noticias","description":"La presidenta del Cabildo de Tenerife, Rosa D\u00e1vila, ha visitado la Universidad de La Laguna, acompa\u00f1ada de una amplia delegaci\u00f3n. Recibida por el rector de la instituci\u00f3n acad\u00e9mica, Francisco Garc\u00eda, mantuvo en primer lugar una reuni\u00f3n en la Facultad de Bellas Artes, para luego trasladarse a una parcela situada justo enfrente de este inmueble, donde el centro universitario pretender\u00eda construir la nueva Facultad de Educaci\u00f3n.","robots":{"index":"index","follow":"follow","max-snippet":"max-snippet:-1","max-image-preview":"max-image-preview:large","max-video-preview":"max-video-preview:-1"},"canonical":"https:\/\/www.ull.es\/portal\/noticias\/2023\/cabildo-y-universidad-exhiben-sintonia-y-establecen-un-calendario-de-trabajo\/","og_locale":"es_ES","og_type":"article","og_title":"Cabildo y Universidad exhiben sinton\u00eda y establecen un calendario de trabajo - ULL - Noticias","og_description":"La presidenta del Cabildo de Tenerife, Rosa D\u00e1vila, ha visitado la Universidad de La Laguna, acompa\u00f1ada de una amplia delegaci\u00f3n. Recibida por el rector de la instituci\u00f3n acad\u00e9mica, Francisco Garc\u00eda, mantuvo en primer lugar una reuni\u00f3n en la Facultad de Bellas Artes, para luego trasladarse a una parcela situada justo enfrente de este inmueble, donde el centro universitario pretender\u00eda construir la nueva Facultad de Educaci\u00f3n.","og_url":"https:\/\/www.ull.es\/portal\/noticias\/2023\/cabildo-y-universidad-exhiben-sintonia-y-establecen-un-calendario-de-trabajo\/","og_site_name":"ULL - Noticias","article_publisher":"https:\/\/www.facebook.com\/universidaddelalaguna\/","article_published_time":"2023-07-21T14:26:06+00:00","article_modified_time":"2023-07-31T12:01:37+00:00","og_image":[{"width":1100,"height":733,"url":"https:\/\/www.ull.es\/portal\/noticias\/wp-content\/uploads\/sites\/13\/2023\/07\/Visita-Rosa-Davila-06.jpg","type":"image\/jpeg"}],"author":"gaprsa","twitter_card":"summary_large_image","twitter_creator":"@CanalULL","twitter_site":"@CanalULL","twitter_misc":{"Escrito por":"gaprsa","Tiempo de lectura":"3 minutos"},"schema":{"@context":"https:\/\/schema.org","@graph":[{"@type":"WebPage","@id":"https:\/\/www.ull.es\/portal\/noticias\/2023\/cabildo-y-universidad-exhiben-sintonia-y-establecen-un-calendario-de-trabajo\/","url":"https:\/\/www.ull.es\/portal\/noticias\/2023\/cabildo-y-universidad-exhiben-sintonia-y-establecen-un-calendario-de-trabajo\/","name":"Cabildo y Universidad exhiben sinton\u00eda y establecen un calendario de trabajo - ULL - Noticias","isPartOf":{"@id":"https:\/\/www.ull.es\/portal\/noticias\/#website"},"datePublished":"2023-07-21T14:26:06+00:00","dateModified":"2023-07-31T12:01:37+00:00","author":{"@id":"https:\/\/www.ull.es\/portal\/noticias\/#\/schema\/person\/b2b1a89d43ffa609e591f7df8ef3e817"},"description":"La presidenta del Cabildo de Tenerife, Rosa D\u00e1vila, ha visitado la Universidad de La Laguna, acompa\u00f1ada de una amplia delegaci\u00f3n. Recibida por el rector de la instituci\u00f3n acad\u00e9mica, Francisco Garc\u00eda, mantuvo en primer lugar una reuni\u00f3n en la Facultad de Bellas Artes, para luego trasladarse a una parcela situada justo enfrente de este inmueble, donde el centro universitario pretender\u00eda construir la nueva Facultad de Educaci\u00f3n.","breadcrumb":{"@id":"https:\/\/www.ull.es\/portal\/noticias\/2023\/cabildo-y-universidad-exhiben-sintonia-y-establecen-un-calendario-de-trabajo\/#breadcrumb"},"inLanguage":"es","potentialAction":[{"@type":"ReadAction","target":["https:\/\/www.ull.es\/portal\/noticias\/2023\/cabildo-y-universidad-exhiben-sintonia-y-establecen-un-calendario-de-trabajo\/"]}]},{"@type":"BreadcrumbList","@id":"https:\/\/www.ull.es\/portal\/noticias\/2023\/cabildo-y-universidad-exhiben-sintonia-y-establecen-un-calendario-de-trabajo\/#breadcrumb","itemListElement":[{"@type":"ListItem","position":1,"name":"Portada","item":"https:\/\/www.ull.es\/portal\/noticias\/"},{"@type":"ListItem","position":2,"name":"Cabildo y Universidad exhiben sinton\u00eda y establecen un calendario de trabajo"}]},{"@type":"WebSite","@id":"https:\/\/www.ull.es\/portal\/noticias\/#website","url":"https:\/\/www.ull.es\/portal\/noticias\/","name":"ULL - Noticias","description":"","potentialAction":[{"@type":"SearchAction","target":{"@type":"EntryPoint","urlTemplate":"https:\/\/www.ull.es\/portal\/noticias\/?s={search_term_string}"},"query-input":"required name=search_term_string"}],"inLanguage":"es"},{"@type":"Person","@id":"https:\/\/www.ull.es\/portal\/noticias\/#\/schema\/person\/b2b1a89d43ffa609e591f7df8ef3e817","name":"gaprsa","image":{"@type":"ImageObject","inLanguage":"es","@id":"https:\/\/www.ull.es\/portal\/noticias\/#\/schema\/person\/image\/","url":"https:\/\/secure.gravatar.com\/avatar\/443820550921091458b4823867723b3d?s=96&d=mm&r=g","contentUrl":"https:\/\/secure.gravatar.com\/avatar\/443820550921091458b4823867723b3d?s=96&d=mm&r=g","caption":"gaprsa"},"url":"https:\/\/www.ull.es\/portal\/noticias\/author\/gaprsa\/"}]}},"primary_category":{"id":2765,"name":"Portada ULL","slug":"portada-ull","link":"https:\/\/www.ull.es\/portal\/noticias\/category\/portada-ull\/"},"featured_image_thumbnail_url":"https:\/\/www.ull.es\/portal\/noticias\/wp-content\/uploads\/sites\/13\/2023\/07\/Visita-Rosa-Davila-06-300x200.jpg","_links":{"self":[{"href":"https:\/\/www.ull.es\/portal\/noticias\/wp-json\/wp\/v2\/posts\/70978"}],"collection":[{"href":"https:\/\/www.ull.es\/portal\/noticias\/wp-json\/wp\/v2\/posts"}],"about":[{"href":"https:\/\/www.ull.es\/portal\/noticias\/wp-json\/wp\/v2\/types\/post"}],"author":[{"embeddable":true,"href":"https:\/\/www.ull.es\/portal\/noticias\/wp-json\/wp\/v2\/users\/23"}],"replies":[{"embeddable":true,"href":"https:\/\/www.ull.es\/portal\/noticias\/wp-json\/wp\/v2\/comments?post=70978"}],"version-history":[{"count":6,"href":"https:\/\/www.ull.es\/portal\/noticias\/wp-json\/wp\/v2\/posts\/70978\/revisions"}],"predecessor-version":[{"id":71123,"href":"https:\/\/www.ull.es\/portal\/noticias\/wp-json\/wp\/v2\/posts\/70978\/revisions\/71123"}],"wp:featuredmedia":[{"embeddable":true,"href":"https:\/\/www.ull.es\/portal\/noticias\/wp-json\/wp\/v2\/media\/70980"}],"wp:attachment":[{"href":"https:\/\/www.ull.es\/portal\/noticias\/wp-json\/wp\/v2\/media?parent=70978"}],"wp:term":[{"taxonomy":"category","embeddable":true,"href":"https:\/\/www.ull.es\/portal\/noticias\/wp-json\/wp\/v2\/categories?post=70978"},{"taxonomy":"post_tag","embeddable":true,"href":"https:\/\/www.ull.es\/portal\/noticias\/wp-json\/wp\/v2\/tags?post=70978"}],"curies":[{"name":"wp","href":"https:\/\/api.w.org\/{rel}","templated":true}]}}