{"id":71068,"date":"2023-07-28T13:04:13","date_gmt":"2023-07-28T13:04:13","guid":{"rendered":"https:\/\/www.ull.es\/portal\/noticias\/?p=71068"},"modified":"2023-07-28T13:13:14","modified_gmt":"2023-07-28T13:13:14","slug":"el-eurodiputado-lopez-aguilar-se-interesa-por-el-proyecto-de-tierras-raras-de-la-universidad-de-la-laguna","status":"publish","type":"post","link":"https:\/\/www.ull.es\/portal\/noticias\/2023\/el-eurodiputado-lopez-aguilar-se-interesa-por-el-proyecto-de-tierras-raras-de-la-universidad-de-la-laguna\/","title":{"rendered":"El eurodiputado L\u00f3pez Aguilar se interesa por el proyecto de tierras raras de la Universidad de La Laguna"},"content":{"rendered":"<p>La Uni\u00f3n Europea est\u00e1 preparando una normativa acerca de Materias Primas Cr\u00edticas, cuyo tr\u00e1mite de aprobaci\u00f3n comenzar\u00eda en el pr\u00f3ximo mes de septiembre, y que incluye la obligaci\u00f3n de que todos los pa\u00edses integrantes de la Uni\u00f3n informen peri\u00f3dicamente a Bruselas del potencial que tienen sus proyectos de investigaci\u00f3n y de exploraci\u00f3n de estos minerales cr\u00edticos, esenciales para la tecnolog\u00eda y para las energ\u00edas renovables.<\/p>\n<p>As\u00ed, desde Espa\u00f1a se remitir\u00e1 el potencial del subsuelo de Canarias, como parte del conjunto del inventario espa\u00f1ol, no solo de los montes submarinos, sino los indicios muy prometedores encontrados en la superficie de Fuerteventura, por ejemplo. Este es el motivo de la reuni\u00f3n mantenida hoy 28 de julio en el Rectorado de la Universidad de La Laguna con el europarlamentario <a href=\"https:\/\/es.wikipedia.org\/wiki\/Juan_Fernando_L%C3%B3pez_Aguilar\" target=\"_blank\" rel=\"noopener\">Juan Fernando L\u00f3pez Aguilar<\/a>, interesado en conocer los proyectos que sobre esta materia tiene la instituci\u00f3n acad\u00e9mica.<\/p>\n<p><a href=\"https:\/\/www.ull.es\/portal\/noticias\/wp-content\/uploads\/sites\/13\/2023\/07\/Visita-Lopez-Aguilar-06.jpg\" target=\"_blank\" rel=\"noopener\"><img decoding=\"async\" loading=\"lazy\" class=\"alignleft size-medium wp-image-71071\" src=\"https:\/\/www.ull.es\/portal\/noticias\/wp-content\/uploads\/sites\/13\/2023\/07\/Visita-Lopez-Aguilar-06-300x200.jpg\" alt=\"\" width=\"300\" height=\"200\" srcset=\"https:\/\/www.ull.es\/portal\/noticias\/wp-content\/uploads\/sites\/13\/2023\/07\/Visita-Lopez-Aguilar-06-300x200.jpg 300w, https:\/\/www.ull.es\/portal\/noticias\/wp-content\/uploads\/sites\/13\/2023\/07\/Visita-Lopez-Aguilar-06-768x512.jpg 768w, https:\/\/www.ull.es\/portal\/noticias\/wp-content\/uploads\/sites\/13\/2023\/07\/Visita-Lopez-Aguilar-06-375x250.jpg 375w, https:\/\/www.ull.es\/portal\/noticias\/wp-content\/uploads\/sites\/13\/2023\/07\/Visita-Lopez-Aguilar-06-750x500.jpg 750w, https:\/\/www.ull.es\/portal\/noticias\/wp-content\/uploads\/sites\/13\/2023\/07\/Visita-Lopez-Aguilar-06.jpg 1024w\" sizes=\"(max-width: 300px) 100vw, 300px\" \/><\/a>En la cita con el rector del centro docente, Francisco Garc\u00eda, acompa\u00f1ado de su vicerrector de Investigaci\u00f3n y Transferencia, Antonio Aparicio, ha participado el investigador <a href=\"https:\/\/portalciencia.ull.es\/investigadores\/81713\/detalle\" target=\"_blank\" rel=\"noopener\">Jorge M\u00e9ndez Ramos<\/a>, quien lidera el grupo Magec REEsearch de b\u00fasqueda en Canarias de estos minerales vitales, y cuya extracci\u00f3n se encuentra centralizada en su gran mayor\u00eda en China.<\/p>\n<p>El proyecto MAGEC-REEsearch (Materiales para una avanzada generaci\u00f3n de energ\u00eda en Canarias y b\u00fasqueda de elementos de tierras raras) lleva desde 2013 financiado por la Fundaci\u00f3n Cajacanarias y en posteriores convocatorias por el Ministerio de Ciencia y Tecnolog\u00eda y el Gobierno de Canarias.<\/p>\n<p>En la reuni\u00f3n mantenida hoy, el investigador de la Universidad de La Laguna explic\u00f3 el potencial de los recursos minerales encontrados en Canarias y tuvo oportunidad de que el pol\u00edtico socialista conociera la investigaci\u00f3n geol\u00f3gica que se est\u00e1 realizando en las islas, especialmente en Fuerteventura, como ya se mencion\u00f3.<\/p>\n<p>Por su parte, L\u00f3pez Aguilar felicit\u00f3 al centro acad\u00e9mico por su potencia investigadora, y a\u00f1adi\u00f3 que estos trabajos est\u00e1n alineados con el trabajo de la Comisi\u00f3n Europea acerca de minerales cr\u00edticos. El eurodiputado se comprometi\u00f3 a dar conocimiento del proyecto de la Universidad de La Laguna ante la Comisi\u00f3n, de tal modo que se incluya en este inventario de posibles lugares de inter\u00e9s.<\/p>\n<p>Finalmente, el rector cerr\u00f3 la reuni\u00f3n apostillando que esta es una misi\u00f3n clave de la universidad: transferir su conocimiento a la sociedad, y recalc\u00f3 la importancia para ello de fomentar la investigaci\u00f3n, con el objeto de saber a ciencia cierta lo que tenemos y nuestras potencialidades y recursos.<\/p>\n","protected":false},"excerpt":{"rendered":"<p>La Uni\u00f3n Europea est\u00e1 preparando una normativa acerca de Materias Primas Cr\u00edticas, cuyo tr\u00e1mite de aprobaci\u00f3n comenzar\u00eda en el pr\u00f3ximo&#8230;<\/p>\n","protected":false},"author":23,"featured_media":71070,"comment_status":"closed","ping_status":"closed","sticky":false,"template":"","format":"standard","meta":{"inline_featured_image":false,"footnotes":""},"categories":[345,348,350,2765],"tags":[10176,1602,10175,6977,6976],"acf":[],"yoast_head":"<!-- This site is optimized with the Yoast SEO plugin v21.3 - https:\/\/yoast.com\/wordpress\/plugins\/seo\/ -->\n<title>El eurodiputado L\u00f3pez Aguilar se interesa por el proyecto de tierras raras de la Universidad de La Laguna - ULL - Noticias<\/title>\n<meta name=\"robots\" content=\"index, follow, max-snippet:-1, max-image-preview:large, max-video-preview:-1\" \/>\n<link rel=\"canonical\" href=\"https:\/\/www.ull.es\/portal\/noticias\/2023\/el-eurodiputado-lopez-aguilar-se-interesa-por-el-proyecto-de-tierras-raras-de-la-universidad-de-la-laguna\/\" \/>\n<meta property=\"og:locale\" content=\"es_ES\" \/>\n<meta property=\"og:type\" content=\"article\" \/>\n<meta property=\"og:title\" content=\"El eurodiputado L\u00f3pez Aguilar se interesa por el proyecto de tierras raras de la Universidad de La Laguna - ULL - Noticias\" \/>\n<meta property=\"og:description\" content=\"La Uni\u00f3n Europea est\u00e1 preparando una normativa acerca de Materias Primas Cr\u00edticas, cuyo tr\u00e1mite de aprobaci\u00f3n comenzar\u00eda en el pr\u00f3ximo...\" \/>\n<meta property=\"og:url\" content=\"https:\/\/www.ull.es\/portal\/noticias\/2023\/el-eurodiputado-lopez-aguilar-se-interesa-por-el-proyecto-de-tierras-raras-de-la-universidad-de-la-laguna\/\" \/>\n<meta property=\"og:site_name\" content=\"ULL - Noticias\" \/>\n<meta property=\"article:publisher\" content=\"https:\/\/www.facebook.com\/universidaddelalaguna\/\" \/>\n<meta property=\"article:published_time\" content=\"2023-07-28T13:04:13+00:00\" \/>\n<meta property=\"article:modified_time\" content=\"2023-07-28T13:13:14+00:00\" \/>\n<meta property=\"og:image\" content=\"https:\/\/www.ull.es\/portal\/noticias\/wp-content\/uploads\/sites\/13\/2023\/07\/Visita-Lopez-Aguilar-03.jpg\" \/>\n\t<meta property=\"og:image:width\" content=\"1024\" \/>\n\t<meta property=\"og:image:height\" content=\"683\" \/>\n\t<meta property=\"og:image:type\" content=\"image\/jpeg\" \/>\n<meta name=\"author\" content=\"gaprsa\" \/>\n<meta name=\"twitter:card\" content=\"summary_large_image\" \/>\n<meta name=\"twitter:creator\" content=\"@CanalULL\" \/>\n<meta name=\"twitter:site\" content=\"@CanalULL\" \/>\n<meta name=\"twitter:label1\" content=\"Escrito por\" \/>\n\t<meta name=\"twitter:data1\" content=\"gaprsa\" \/>\n\t<meta name=\"twitter:label2\" content=\"Tiempo de lectura\" \/>\n\t<meta name=\"twitter:data2\" content=\"3 minutos\" \/>\n<script type=\"application\/ld+json\" class=\"yoast-schema-graph\">{\"@context\":\"https:\/\/schema.org\",\"@graph\":[{\"@type\":\"WebPage\",\"@id\":\"https:\/\/www.ull.es\/portal\/noticias\/2023\/el-eurodiputado-lopez-aguilar-se-interesa-por-el-proyecto-de-tierras-raras-de-la-universidad-de-la-laguna\/\",\"url\":\"https:\/\/www.ull.es\/portal\/noticias\/2023\/el-eurodiputado-lopez-aguilar-se-interesa-por-el-proyecto-de-tierras-raras-de-la-universidad-de-la-laguna\/\",\"name\":\"El eurodiputado L\u00f3pez Aguilar se interesa por el proyecto de tierras raras de la Universidad de La Laguna - ULL - Noticias\",\"isPartOf\":{\"@id\":\"https:\/\/www.ull.es\/portal\/noticias\/#website\"},\"datePublished\":\"2023-07-28T13:04:13+00:00\",\"dateModified\":\"2023-07-28T13:13:14+00:00\",\"author\":{\"@id\":\"https:\/\/www.ull.es\/portal\/noticias\/#\/schema\/person\/b2b1a89d43ffa609e591f7df8ef3e817\"},\"breadcrumb\":{\"@id\":\"https:\/\/www.ull.es\/portal\/noticias\/2023\/el-eurodiputado-lopez-aguilar-se-interesa-por-el-proyecto-de-tierras-raras-de-la-universidad-de-la-laguna\/#breadcrumb\"},\"inLanguage\":\"es\",\"potentialAction\":[{\"@type\":\"ReadAction\",\"target\":[\"https:\/\/www.ull.es\/portal\/noticias\/2023\/el-eurodiputado-lopez-aguilar-se-interesa-por-el-proyecto-de-tierras-raras-de-la-universidad-de-la-laguna\/\"]}]},{\"@type\":\"BreadcrumbList\",\"@id\":\"https:\/\/www.ull.es\/portal\/noticias\/2023\/el-eurodiputado-lopez-aguilar-se-interesa-por-el-proyecto-de-tierras-raras-de-la-universidad-de-la-laguna\/#breadcrumb\",\"itemListElement\":[{\"@type\":\"ListItem\",\"position\":1,\"name\":\"Portada\",\"item\":\"https:\/\/www.ull.es\/portal\/noticias\/\"},{\"@type\":\"ListItem\",\"position\":2,\"name\":\"El eurodiputado L\u00f3pez Aguilar se interesa por el proyecto de tierras raras de la Universidad de La Laguna\"}]},{\"@type\":\"WebSite\",\"@id\":\"https:\/\/www.ull.es\/portal\/noticias\/#website\",\"url\":\"https:\/\/www.ull.es\/portal\/noticias\/\",\"name\":\"ULL - Noticias\",\"description\":\"\",\"potentialAction\":[{\"@type\":\"SearchAction\",\"target\":{\"@type\":\"EntryPoint\",\"urlTemplate\":\"https:\/\/www.ull.es\/portal\/noticias\/?s={search_term_string}\"},\"query-input\":\"required name=search_term_string\"}],\"inLanguage\":\"es\"},{\"@type\":\"Person\",\"@id\":\"https:\/\/www.ull.es\/portal\/noticias\/#\/schema\/person\/b2b1a89d43ffa609e591f7df8ef3e817\",\"name\":\"gaprsa\",\"image\":{\"@type\":\"ImageObject\",\"inLanguage\":\"es\",\"@id\":\"https:\/\/www.ull.es\/portal\/noticias\/#\/schema\/person\/image\/\",\"url\":\"https:\/\/secure.gravatar.com\/avatar\/443820550921091458b4823867723b3d?s=96&d=mm&r=g\",\"contentUrl\":\"https:\/\/secure.gravatar.com\/avatar\/443820550921091458b4823867723b3d?s=96&d=mm&r=g\",\"caption\":\"gaprsa\"},\"url\":\"https:\/\/www.ull.es\/portal\/noticias\/author\/gaprsa\/\"}]}<\/script>\n<!-- \/ Yoast SEO plugin. -->","yoast_head_json":{"title":"El eurodiputado L\u00f3pez Aguilar se interesa por el proyecto de tierras raras de la Universidad de La Laguna - ULL - Noticias","robots":{"index":"index","follow":"follow","max-snippet":"max-snippet:-1","max-image-preview":"max-image-preview:large","max-video-preview":"max-video-preview:-1"},"canonical":"https:\/\/www.ull.es\/portal\/noticias\/2023\/el-eurodiputado-lopez-aguilar-se-interesa-por-el-proyecto-de-tierras-raras-de-la-universidad-de-la-laguna\/","og_locale":"es_ES","og_type":"article","og_title":"El eurodiputado L\u00f3pez Aguilar se interesa por el proyecto de tierras raras de la Universidad de La Laguna - ULL - Noticias","og_description":"La Uni\u00f3n Europea est\u00e1 preparando una normativa acerca de Materias Primas Cr\u00edticas, cuyo tr\u00e1mite de aprobaci\u00f3n comenzar\u00eda en el pr\u00f3ximo...","og_url":"https:\/\/www.ull.es\/portal\/noticias\/2023\/el-eurodiputado-lopez-aguilar-se-interesa-por-el-proyecto-de-tierras-raras-de-la-universidad-de-la-laguna\/","og_site_name":"ULL - Noticias","article_publisher":"https:\/\/www.facebook.com\/universidaddelalaguna\/","article_published_time":"2023-07-28T13:04:13+00:00","article_modified_time":"2023-07-28T13:13:14+00:00","og_image":[{"width":1024,"height":683,"url":"https:\/\/www.ull.es\/portal\/noticias\/wp-content\/uploads\/sites\/13\/2023\/07\/Visita-Lopez-Aguilar-03.jpg","type":"image\/jpeg"}],"author":"gaprsa","twitter_card":"summary_large_image","twitter_creator":"@CanalULL","twitter_site":"@CanalULL","twitter_misc":{"Escrito por":"gaprsa","Tiempo de lectura":"3 minutos"},"schema":{"@context":"https:\/\/schema.org","@graph":[{"@type":"WebPage","@id":"https:\/\/www.ull.es\/portal\/noticias\/2023\/el-eurodiputado-lopez-aguilar-se-interesa-por-el-proyecto-de-tierras-raras-de-la-universidad-de-la-laguna\/","url":"https:\/\/www.ull.es\/portal\/noticias\/2023\/el-eurodiputado-lopez-aguilar-se-interesa-por-el-proyecto-de-tierras-raras-de-la-universidad-de-la-laguna\/","name":"El eurodiputado L\u00f3pez Aguilar se interesa por el proyecto de tierras raras de la Universidad de La Laguna - ULL - Noticias","isPartOf":{"@id":"https:\/\/www.ull.es\/portal\/noticias\/#website"},"datePublished":"2023-07-28T13:04:13+00:00","dateModified":"2023-07-28T13:13:14+00:00","author":{"@id":"https:\/\/www.ull.es\/portal\/noticias\/#\/schema\/person\/b2b1a89d43ffa609e591f7df8ef3e817"},"breadcrumb":{"@id":"https:\/\/www.ull.es\/portal\/noticias\/2023\/el-eurodiputado-lopez-aguilar-se-interesa-por-el-proyecto-de-tierras-raras-de-la-universidad-de-la-laguna\/#breadcrumb"},"inLanguage":"es","potentialAction":[{"@type":"ReadAction","target":["https:\/\/www.ull.es\/portal\/noticias\/2023\/el-eurodiputado-lopez-aguilar-se-interesa-por-el-proyecto-de-tierras-raras-de-la-universidad-de-la-laguna\/"]}]},{"@type":"BreadcrumbList","@id":"https:\/\/www.ull.es\/portal\/noticias\/2023\/el-eurodiputado-lopez-aguilar-se-interesa-por-el-proyecto-de-tierras-raras-de-la-universidad-de-la-laguna\/#breadcrumb","itemListElement":[{"@type":"ListItem","position":1,"name":"Portada","item":"https:\/\/www.ull.es\/portal\/noticias\/"},{"@type":"ListItem","position":2,"name":"El eurodiputado L\u00f3pez Aguilar se interesa por el proyecto de tierras raras de la Universidad de La Laguna"}]},{"@type":"WebSite","@id":"https:\/\/www.ull.es\/portal\/noticias\/#website","url":"https:\/\/www.ull.es\/portal\/noticias\/","name":"ULL - Noticias","description":"","potentialAction":[{"@type":"SearchAction","target":{"@type":"EntryPoint","urlTemplate":"https:\/\/www.ull.es\/portal\/noticias\/?s={search_term_string}"},"query-input":"required name=search_term_string"}],"inLanguage":"es"},{"@type":"Person","@id":"https:\/\/www.ull.es\/portal\/noticias\/#\/schema\/person\/b2b1a89d43ffa609e591f7df8ef3e817","name":"gaprsa","image":{"@type":"ImageObject","inLanguage":"es","@id":"https:\/\/www.ull.es\/portal\/noticias\/#\/schema\/person\/image\/","url":"https:\/\/secure.gravatar.com\/avatar\/443820550921091458b4823867723b3d?s=96&d=mm&r=g","contentUrl":"https:\/\/secure.gravatar.com\/avatar\/443820550921091458b4823867723b3d?s=96&d=mm&r=g","caption":"gaprsa"},"url":"https:\/\/www.ull.es\/portal\/noticias\/author\/gaprsa\/"}]}},"primary_category":{"id":345,"name":"Destacado","slug":"destacado","link":"https:\/\/www.ull.es\/portal\/noticias\/category\/destacado\/"},"featured_image_thumbnail_url":"https:\/\/www.ull.es\/portal\/noticias\/wp-content\/uploads\/sites\/13\/2023\/07\/Visita-Lopez-Aguilar-03-300x200.jpg","_links":{"self":[{"href":"https:\/\/www.ull.es\/portal\/noticias\/wp-json\/wp\/v2\/posts\/71068"}],"collection":[{"href":"https:\/\/www.ull.es\/portal\/noticias\/wp-json\/wp\/v2\/posts"}],"about":[{"href":"https:\/\/www.ull.es\/portal\/noticias\/wp-json\/wp\/v2\/types\/post"}],"author":[{"embeddable":true,"href":"https:\/\/www.ull.es\/portal\/noticias\/wp-json\/wp\/v2\/users\/23"}],"replies":[{"embeddable":true,"href":"https:\/\/www.ull.es\/portal\/noticias\/wp-json\/wp\/v2\/comments?post=71068"}],"version-history":[{"count":2,"href":"https:\/\/www.ull.es\/portal\/noticias\/wp-json\/wp\/v2\/posts\/71068\/revisions"}],"predecessor-version":[{"id":71072,"href":"https:\/\/www.ull.es\/portal\/noticias\/wp-json\/wp\/v2\/posts\/71068\/revisions\/71072"}],"wp:featuredmedia":[{"embeddable":true,"href":"https:\/\/www.ull.es\/portal\/noticias\/wp-json\/wp\/v2\/media\/71070"}],"wp:attachment":[{"href":"https:\/\/www.ull.es\/portal\/noticias\/wp-json\/wp\/v2\/media?parent=71068"}],"wp:term":[{"taxonomy":"category","embeddable":true,"href":"https:\/\/www.ull.es\/portal\/noticias\/wp-json\/wp\/v2\/categories?post=71068"},{"taxonomy":"post_tag","embeddable":true,"href":"https:\/\/www.ull.es\/portal\/noticias\/wp-json\/wp\/v2\/tags?post=71068"}],"curies":[{"name":"wp","href":"https:\/\/api.w.org\/{rel}","templated":true}]}}