{"id":71153,"date":"2023-08-01T09:37:26","date_gmt":"2023-08-01T09:37:26","guid":{"rendered":"https:\/\/www.ull.es\/portal\/noticias\/?p=71153"},"modified":"2023-08-01T09:37:26","modified_gmt":"2023-08-01T09:37:26","slug":"antropologas-de-la-ull-presentan-un-proyecto-sobre-el-patrimonio-olvidado","status":"publish","type":"post","link":"https:\/\/www.ull.es\/portal\/noticias\/2023\/antropologas-de-la-ull-presentan-un-proyecto-sobre-el-patrimonio-olvidado\/","title":{"rendered":"Antrop\u00f3logas de la ULL presentan un proyecto sobre el patrimonio olvidado"},"content":{"rendered":"<p>La profesora del departamento de Sociolog\u00eda y Antropolog\u00eda <a href=\"https:\/\/portalciencia.ull.es\/investigadores\/118105\/detalle\" target=\"_blank\" rel=\"noopener\" target=\"_blank\" rel=\"noopener\">Silvia Cristina Zelaya \u00c1lvarez<\/a> junto a la antrop\u00f3loga Cristina Febles han culminado el proyecto denominado Memorias Ordinarias, una investigaci\u00f3n a caballo entre el arte, la arquitectura y la etnograf\u00eda, logrando as\u00ed poner en valor aquellos elementos locales que han sido excluidos del campo patrimonial y muse\u00edstico.<\/p>\n<p>La iniciativa, llevada a cabo desde la <a href=\"https:\/\/www.iberinform.es\/empresa\/9363435\/asociacion-cultural-periferia-creativa-acciones-culturales\" target=\"_blank\" rel=\"noopener\" target=\"_blank\" rel=\"noopener\">Asociaci\u00f3n Cultural Periferia Creativa Acciones Culturales<\/a> con el apoyo del Cabildo de Tenerife y del Gobierno de Canarias ha finalizado con resultados como la publicaci\u00f3n editorial del libro \u201cMemorias Ordinarias\u201d, un estudio en el barrio santacrucero de Juan XXIII, cuyos vecinos comparten un fuerte sentimiento de pertenencia y de olvido sobre su patrimonio vecinal.<\/p>\n<p>Este tipo de patrimonio, subrayan las investigadoras, puede ser tangible o intangible, y tiene m\u00e1s que ver con lo que resulta importante para la vecindad, m\u00e1s all\u00e1 de edificios o lugares que cumplen ciertos requisitos est\u00e9ticos o hist\u00f3ricos.<\/p>\n<p>Destaca tambi\u00e9n la creaci\u00f3n del perfil de <a href=\"https:\/\/www.instagram.com\/memoriasordinarias\/\" target=\"_blank\" rel=\"noopener\" target=\"_blank\" rel=\"noopener\">Instagram @memoriasordinarias<\/a>, que desde noviembre de 2022 ha sido la plataforma para la divulgaci\u00f3n del desarrollo de la investigaci\u00f3n. Otro resultado ha sido la creaci\u00f3n de la p\u00e1gina web <a href=\"https:\/\/memoriasordinarias.org\/\" target=\"_blank\" rel=\"noopener\" target=\"_blank\" rel=\"noopener\">memoriasordinarias.org<\/a>, en la que se puede encontrar toda la informaci\u00f3n y contenido disponible.<\/p>\n<p>Memorias Ordinarias prioriz\u00f3 el trabajo de campo colaborativo a trav\u00e9s de fotograf\u00edas y v\u00eddeos, entrevistas, talleres y rutas cartogr\u00e1ficas junto a vecinas y vecinos del barrio. Se parti\u00f3 de la hip\u00f3tesis de que los propios vecinos reconocen el valor patrimonial de elementos que, por lo general, suelen pasar inadvertidos por parte del conocimiento experto.<\/p>\n<p>\u201cNos encontramos as\u00ed con un tipo de patrimonio urbano que, a diferencia del patrimonio institucionalmente reconocido como tal, solo permanece en la memoria de algunas personas y es especialmente susceptible de caer en el olvido\u201d, se\u00f1alan las investigadoras.<\/p>\n<p>El proyecto se encuentra bajo la direcci\u00f3n de Silvia Cristina Zelaya, profesora en el Departamento de Sociolog\u00eda y Antropolog\u00eda de la Universidad de La Laguna, y de la arquitecta Marta de la Fe, gestora de patrimonio arquitect\u00f3nico y art\u00edstico. Junto a ellas, el equipo se encuentra formado por Cristina Cabrera Febles, graduada en Antropolog\u00eda Social y Cultural por la Universidad de La Laguna y estudiante de M\u00e1ster en la Universidad Complutense de Madrid; Edgar Cerde\u00f1a, fot\u00f3grafo y realizador audiovisual y Ad\u00e1n Navarro, dise\u00f1ador gr\u00e1fico.<\/p>\n","protected":false},"excerpt":{"rendered":"<p>La profesora del departamento de Sociolog\u00eda y Antropolog\u00eda Silvia Cristina Zelaya \u00c1lvarez junto a la antrop\u00f3loga Cristina Febles han culminado&#8230;<\/p>\n","protected":false},"author":67,"featured_media":71154,"comment_status":"closed","ping_status":"closed","sticky":false,"template":"","format":"standard","meta":{"inline_featured_image":false,"footnotes":""},"categories":[345,3432,350,2765,3463],"tags":[10183],"acf":[],"yoast_head":"<!-- This site is optimized with the Yoast SEO plugin v21.3 - https:\/\/yoast.com\/wordpress\/plugins\/seo\/ -->\n<title>Antrop\u00f3logas de la ULL presentan un proyecto sobre el patrimonio olvidado - ULL - Noticias<\/title>\n<meta name=\"description\" content=\"La profesora del departamento de Sociolog\u00eda y Antropolog\u00eda Silvia Cristina Zelaya \u00c1lvarez junto a la antrop\u00f3loga Cristina Febles han culminado el proyecto denominado Memorias Ordinarias, una investigaci\u00f3n a caballo entre el arte, la arquitectura y la etnograf\u00eda, logrando as\u00ed poner en valor aquellos elementos locales que han sido excluidos del campo patrimonial y muse\u00edstico.\" \/>\n<meta name=\"robots\" content=\"index, follow, max-snippet:-1, max-image-preview:large, max-video-preview:-1\" \/>\n<link rel=\"canonical\" href=\"https:\/\/www.ull.es\/portal\/noticias\/2023\/antropologas-de-la-ull-presentan-un-proyecto-sobre-el-patrimonio-olvidado\/\" \/>\n<meta property=\"og:locale\" content=\"es_ES\" \/>\n<meta property=\"og:type\" content=\"article\" \/>\n<meta property=\"og:title\" content=\"Antrop\u00f3logas de la ULL presentan un proyecto sobre el patrimonio olvidado - ULL - Noticias\" \/>\n<meta property=\"og:description\" content=\"La profesora del departamento de Sociolog\u00eda y Antropolog\u00eda Silvia Cristina Zelaya \u00c1lvarez junto a la antrop\u00f3loga Cristina Febles han culminado el proyecto denominado Memorias Ordinarias, una investigaci\u00f3n a caballo entre el arte, la arquitectura y la etnograf\u00eda, logrando as\u00ed poner en valor aquellos elementos locales que han sido excluidos del campo patrimonial y muse\u00edstico.\" \/>\n<meta property=\"og:url\" content=\"https:\/\/www.ull.es\/portal\/noticias\/2023\/antropologas-de-la-ull-presentan-un-proyecto-sobre-el-patrimonio-olvidado\/\" \/>\n<meta property=\"og:site_name\" content=\"ULL - Noticias\" \/>\n<meta property=\"article:publisher\" content=\"https:\/\/www.facebook.com\/universidaddelalaguna\/\" \/>\n<meta property=\"article:published_time\" content=\"2023-08-01T09:37:26+00:00\" \/>\n<meta property=\"og:image\" content=\"https:\/\/www.ull.es\/portal\/noticias\/wp-content\/uploads\/sites\/13\/2023\/08\/memorias.jpg\" \/>\n\t<meta property=\"og:image:width\" content=\"1200\" \/>\n\t<meta property=\"og:image:height\" content=\"800\" \/>\n\t<meta property=\"og:image:type\" content=\"image\/jpeg\" \/>\n<meta name=\"author\" content=\"gcom5\" \/>\n<meta name=\"twitter:card\" content=\"summary_large_image\" \/>\n<meta name=\"twitter:creator\" content=\"@CanalULL\" \/>\n<meta name=\"twitter:site\" content=\"@CanalULL\" \/>\n<meta name=\"twitter:label1\" content=\"Escrito por\" \/>\n\t<meta name=\"twitter:data1\" content=\"gcom5\" \/>\n\t<meta name=\"twitter:label2\" content=\"Tiempo de lectura\" \/>\n\t<meta name=\"twitter:data2\" content=\"2 minutos\" \/>\n<script type=\"application\/ld+json\" class=\"yoast-schema-graph\">{\"@context\":\"https:\/\/schema.org\",\"@graph\":[{\"@type\":\"WebPage\",\"@id\":\"https:\/\/www.ull.es\/portal\/noticias\/2023\/antropologas-de-la-ull-presentan-un-proyecto-sobre-el-patrimonio-olvidado\/\",\"url\":\"https:\/\/www.ull.es\/portal\/noticias\/2023\/antropologas-de-la-ull-presentan-un-proyecto-sobre-el-patrimonio-olvidado\/\",\"name\":\"Antrop\u00f3logas de la ULL presentan un proyecto sobre el patrimonio olvidado - ULL - Noticias\",\"isPartOf\":{\"@id\":\"https:\/\/www.ull.es\/portal\/noticias\/#website\"},\"datePublished\":\"2023-08-01T09:37:26+00:00\",\"dateModified\":\"2023-08-01T09:37:26+00:00\",\"author\":{\"@id\":\"https:\/\/www.ull.es\/portal\/noticias\/#\/schema\/person\/8027c6c4687adc2c90dc1532715d34df\"},\"description\":\"La profesora del departamento de Sociolog\u00eda y Antropolog\u00eda Silvia Cristina Zelaya \u00c1lvarez junto a la antrop\u00f3loga Cristina Febles han culminado el proyecto denominado Memorias Ordinarias, una investigaci\u00f3n a caballo entre el arte, la arquitectura y la etnograf\u00eda, logrando as\u00ed poner en valor aquellos elementos locales que han sido excluidos del campo patrimonial y muse\u00edstico.\",\"breadcrumb\":{\"@id\":\"https:\/\/www.ull.es\/portal\/noticias\/2023\/antropologas-de-la-ull-presentan-un-proyecto-sobre-el-patrimonio-olvidado\/#breadcrumb\"},\"inLanguage\":\"es\",\"potentialAction\":[{\"@type\":\"ReadAction\",\"target\":[\"https:\/\/www.ull.es\/portal\/noticias\/2023\/antropologas-de-la-ull-presentan-un-proyecto-sobre-el-patrimonio-olvidado\/\"]}]},{\"@type\":\"BreadcrumbList\",\"@id\":\"https:\/\/www.ull.es\/portal\/noticias\/2023\/antropologas-de-la-ull-presentan-un-proyecto-sobre-el-patrimonio-olvidado\/#breadcrumb\",\"itemListElement\":[{\"@type\":\"ListItem\",\"position\":1,\"name\":\"Portada\",\"item\":\"https:\/\/www.ull.es\/portal\/noticias\/\"},{\"@type\":\"ListItem\",\"position\":2,\"name\":\"Antrop\u00f3logas de la ULL presentan un proyecto sobre el patrimonio olvidado\"}]},{\"@type\":\"WebSite\",\"@id\":\"https:\/\/www.ull.es\/portal\/noticias\/#website\",\"url\":\"https:\/\/www.ull.es\/portal\/noticias\/\",\"name\":\"ULL - Noticias\",\"description\":\"\",\"potentialAction\":[{\"@type\":\"SearchAction\",\"target\":{\"@type\":\"EntryPoint\",\"urlTemplate\":\"https:\/\/www.ull.es\/portal\/noticias\/?s={search_term_string}\"},\"query-input\":\"required name=search_term_string\"}],\"inLanguage\":\"es\"},{\"@type\":\"Person\",\"@id\":\"https:\/\/www.ull.es\/portal\/noticias\/#\/schema\/person\/8027c6c4687adc2c90dc1532715d34df\",\"name\":\"gcom5\",\"image\":{\"@type\":\"ImageObject\",\"inLanguage\":\"es\",\"@id\":\"https:\/\/www.ull.es\/portal\/noticias\/#\/schema\/person\/image\/\",\"url\":\"https:\/\/secure.gravatar.com\/avatar\/8b3777f8048001fa57b88338ce5605b9?s=96&d=mm&r=g\",\"contentUrl\":\"https:\/\/secure.gravatar.com\/avatar\/8b3777f8048001fa57b88338ce5605b9?s=96&d=mm&r=g\",\"caption\":\"gcom5\"},\"url\":\"https:\/\/www.ull.es\/portal\/noticias\/author\/gcom5\/\"}]}<\/script>\n<!-- \/ Yoast SEO plugin. -->","yoast_head_json":{"title":"Antrop\u00f3logas de la ULL presentan un proyecto sobre el patrimonio olvidado - ULL - Noticias","description":"La profesora del departamento de Sociolog\u00eda y Antropolog\u00eda Silvia Cristina Zelaya \u00c1lvarez junto a la antrop\u00f3loga Cristina Febles han culminado el proyecto denominado Memorias Ordinarias, una investigaci\u00f3n a caballo entre el arte, la arquitectura y la etnograf\u00eda, logrando as\u00ed poner en valor aquellos elementos locales que han sido excluidos del campo patrimonial y muse\u00edstico.","robots":{"index":"index","follow":"follow","max-snippet":"max-snippet:-1","max-image-preview":"max-image-preview:large","max-video-preview":"max-video-preview:-1"},"canonical":"https:\/\/www.ull.es\/portal\/noticias\/2023\/antropologas-de-la-ull-presentan-un-proyecto-sobre-el-patrimonio-olvidado\/","og_locale":"es_ES","og_type":"article","og_title":"Antrop\u00f3logas de la ULL presentan un proyecto sobre el patrimonio olvidado - ULL - Noticias","og_description":"La profesora del departamento de Sociolog\u00eda y Antropolog\u00eda Silvia Cristina Zelaya \u00c1lvarez junto a la antrop\u00f3loga Cristina Febles han culminado el proyecto denominado Memorias Ordinarias, una investigaci\u00f3n a caballo entre el arte, la arquitectura y la etnograf\u00eda, logrando as\u00ed poner en valor aquellos elementos locales que han sido excluidos del campo patrimonial y muse\u00edstico.","og_url":"https:\/\/www.ull.es\/portal\/noticias\/2023\/antropologas-de-la-ull-presentan-un-proyecto-sobre-el-patrimonio-olvidado\/","og_site_name":"ULL - Noticias","article_publisher":"https:\/\/www.facebook.com\/universidaddelalaguna\/","article_published_time":"2023-08-01T09:37:26+00:00","og_image":[{"width":1200,"height":800,"url":"https:\/\/www.ull.es\/portal\/noticias\/wp-content\/uploads\/sites\/13\/2023\/08\/memorias.jpg","type":"image\/jpeg"}],"author":"gcom5","twitter_card":"summary_large_image","twitter_creator":"@CanalULL","twitter_site":"@CanalULL","twitter_misc":{"Escrito por":"gcom5","Tiempo de lectura":"2 minutos"},"schema":{"@context":"https:\/\/schema.org","@graph":[{"@type":"WebPage","@id":"https:\/\/www.ull.es\/portal\/noticias\/2023\/antropologas-de-la-ull-presentan-un-proyecto-sobre-el-patrimonio-olvidado\/","url":"https:\/\/www.ull.es\/portal\/noticias\/2023\/antropologas-de-la-ull-presentan-un-proyecto-sobre-el-patrimonio-olvidado\/","name":"Antrop\u00f3logas de la ULL presentan un proyecto sobre el patrimonio olvidado - ULL - Noticias","isPartOf":{"@id":"https:\/\/www.ull.es\/portal\/noticias\/#website"},"datePublished":"2023-08-01T09:37:26+00:00","dateModified":"2023-08-01T09:37:26+00:00","author":{"@id":"https:\/\/www.ull.es\/portal\/noticias\/#\/schema\/person\/8027c6c4687adc2c90dc1532715d34df"},"description":"La profesora del departamento de Sociolog\u00eda y Antropolog\u00eda Silvia Cristina Zelaya \u00c1lvarez junto a la antrop\u00f3loga Cristina Febles han culminado el proyecto denominado Memorias Ordinarias, una investigaci\u00f3n a caballo entre el arte, la arquitectura y la etnograf\u00eda, logrando as\u00ed poner en valor aquellos elementos locales que han sido excluidos del campo patrimonial y muse\u00edstico.","breadcrumb":{"@id":"https:\/\/www.ull.es\/portal\/noticias\/2023\/antropologas-de-la-ull-presentan-un-proyecto-sobre-el-patrimonio-olvidado\/#breadcrumb"},"inLanguage":"es","potentialAction":[{"@type":"ReadAction","target":["https:\/\/www.ull.es\/portal\/noticias\/2023\/antropologas-de-la-ull-presentan-un-proyecto-sobre-el-patrimonio-olvidado\/"]}]},{"@type":"BreadcrumbList","@id":"https:\/\/www.ull.es\/portal\/noticias\/2023\/antropologas-de-la-ull-presentan-un-proyecto-sobre-el-patrimonio-olvidado\/#breadcrumb","itemListElement":[{"@type":"ListItem","position":1,"name":"Portada","item":"https:\/\/www.ull.es\/portal\/noticias\/"},{"@type":"ListItem","position":2,"name":"Antrop\u00f3logas de la ULL presentan un proyecto sobre el patrimonio olvidado"}]},{"@type":"WebSite","@id":"https:\/\/www.ull.es\/portal\/noticias\/#website","url":"https:\/\/www.ull.es\/portal\/noticias\/","name":"ULL - Noticias","description":"","potentialAction":[{"@type":"SearchAction","target":{"@type":"EntryPoint","urlTemplate":"https:\/\/www.ull.es\/portal\/noticias\/?s={search_term_string}"},"query-input":"required name=search_term_string"}],"inLanguage":"es"},{"@type":"Person","@id":"https:\/\/www.ull.es\/portal\/noticias\/#\/schema\/person\/8027c6c4687adc2c90dc1532715d34df","name":"gcom5","image":{"@type":"ImageObject","inLanguage":"es","@id":"https:\/\/www.ull.es\/portal\/noticias\/#\/schema\/person\/image\/","url":"https:\/\/secure.gravatar.com\/avatar\/8b3777f8048001fa57b88338ce5605b9?s=96&d=mm&r=g","contentUrl":"https:\/\/secure.gravatar.com\/avatar\/8b3777f8048001fa57b88338ce5605b9?s=96&d=mm&r=g","caption":"gcom5"},"url":"https:\/\/www.ull.es\/portal\/noticias\/author\/gcom5\/"}]}},"primary_category":{"id":345,"name":"Destacado","slug":"destacado","link":"https:\/\/www.ull.es\/portal\/noticias\/category\/destacado\/"},"featured_image_thumbnail_url":"https:\/\/www.ull.es\/portal\/noticias\/wp-content\/uploads\/sites\/13\/2023\/08\/memorias-300x200.jpg","_links":{"self":[{"href":"https:\/\/www.ull.es\/portal\/noticias\/wp-json\/wp\/v2\/posts\/71153"}],"collection":[{"href":"https:\/\/www.ull.es\/portal\/noticias\/wp-json\/wp\/v2\/posts"}],"about":[{"href":"https:\/\/www.ull.es\/portal\/noticias\/wp-json\/wp\/v2\/types\/post"}],"author":[{"embeddable":true,"href":"https:\/\/www.ull.es\/portal\/noticias\/wp-json\/wp\/v2\/users\/67"}],"replies":[{"embeddable":true,"href":"https:\/\/www.ull.es\/portal\/noticias\/wp-json\/wp\/v2\/comments?post=71153"}],"version-history":[{"count":1,"href":"https:\/\/www.ull.es\/portal\/noticias\/wp-json\/wp\/v2\/posts\/71153\/revisions"}],"predecessor-version":[{"id":71155,"href":"https:\/\/www.ull.es\/portal\/noticias\/wp-json\/wp\/v2\/posts\/71153\/revisions\/71155"}],"wp:featuredmedia":[{"embeddable":true,"href":"https:\/\/www.ull.es\/portal\/noticias\/wp-json\/wp\/v2\/media\/71154"}],"wp:attachment":[{"href":"https:\/\/www.ull.es\/portal\/noticias\/wp-json\/wp\/v2\/media?parent=71153"}],"wp:term":[{"taxonomy":"category","embeddable":true,"href":"https:\/\/www.ull.es\/portal\/noticias\/wp-json\/wp\/v2\/categories?post=71153"},{"taxonomy":"post_tag","embeddable":true,"href":"https:\/\/www.ull.es\/portal\/noticias\/wp-json\/wp\/v2\/tags?post=71153"}],"curies":[{"name":"wp","href":"https:\/\/api.w.org\/{rel}","templated":true}]}}