{"id":71189,"date":"2023-08-24T08:32:49","date_gmt":"2023-08-24T08:32:49","guid":{"rendered":"https:\/\/www.ull.es\/portal\/noticias\/?p=71189"},"modified":"2023-08-24T08:32:49","modified_gmt":"2023-08-24T08:32:49","slug":"estudio-insularidad-recursos-composicion-genetica-aborigenes","status":"publish","type":"post","link":"https:\/\/www.ull.es\/portal\/noticias\/2023\/estudio-insularidad-recursos-composicion-genetica-aborigenes\/","title":{"rendered":"Un estudio explica c\u00f3mo la insularidad y disponibilidad de recursos moldearon la composici\u00f3n gen\u00e9tica de los abor\u00edgenes"},"content":{"rendered":"<p class=\"p4\">Numerosos estudios arqueol\u00f3gicos, ling\u00fc\u00edsticos y gen\u00e9ticos sit\u00faan el origen geogr\u00e1fico de los abor\u00edgenes canarios en el norte de \u00c1frica. Sin embargo, a\u00fan existen muchas inc\u00f3gnitas por resolver: \u00bfc\u00f3mo se produjo la colonizaci\u00f3n inicial del archipi\u00e9lago? \u00bfExistieron migraciones entre islas? \u00bfC\u00f3mo evolucionaron las poblaciones insulares a lo largo del tiempo? Investigadores de las universidades de La Laguna, Las Palmas de Gran Canaria, Copenhague (Dinamarca) y Stanford (Estados Unidos), junto a los museos insulares canarios, la empresa Tibicena y el Instituto Max Planck (Alemania), han desarrollado un proyecto de colaboraci\u00f3n internacional en el que se han aplicado m\u00e9todos paleogen\u00f3micos al an\u00e1lisis de los abor\u00edgenes canarios, incluyendo por primera vez individuos de todas las islas, con el objetivo de entender c\u00f3mo el aislamiento y la insularidad afectaron a su<span class=\"Apple-converted-space\">\u00a0 <\/span>composici\u00f3n gen\u00e9tica.<\/p>\n<p class=\"p4\">Los resultados de este trabajo, <a href=\"https:\/\/www.nature.com\/articles\/s41467-023-40198-w\" target=\"_blank\" rel=\"noopener\" target=\"_blank\" rel=\"noopener\"><span class=\"s2\">publicados en la revista cient\u00edfica Nature Communications<\/span><\/a>, indican que las poblaciones abor\u00edgenes de Canarias son gen\u00e9ticamente similares a individuos neol\u00edticos de Marruecos de hace 5.000 a\u00f1os. Esta poblaci\u00f3n se caracteriza por presentar mezcla de ascendencia norteafricana y europea, resultado de la migraci\u00f3n de poblaciones neol\u00edticas de Europa al Norte de \u00c1frica.<\/p>\n<p class=\"p4\">Dentro del archipi\u00e9lago se observa heterogeneidad en las poblaciones insulares, tanto en su composici\u00f3n gen\u00e9tica como en su diversidad. Las islas m\u00e1s cercanas al continente (Gran Canaria, Lanzarote y Fuerteventura) ten\u00edan una mayor contribuci\u00f3n del componente asociado a las poblaciones prehist\u00f3ricas de Europa, mientras que las islas occidentales (El Hierro, La Palma, La Gomera y Tenerife) presentaban una mayor aportaci\u00f3n del componente prehist\u00f3rico del norte de \u00c1frica, lo que apuntar\u00eda a un modelo de colonizaci\u00f3n m\u00e1s complejo del que se planteaba hasta ahora.<\/p>\n<p class=\"p4\">Dado que el impacto de las migraciones neol\u00edticas europeas en el norte de \u00c1frica no fue homog\u00e9neo, este resultado se puede explicar de dos formas: las migraciones humanas que afectaron al archipi\u00e9lago fueron asim\u00e9tricas, con algunas arribadas llegando s\u00f3lo a una regi\u00f3n; o que las poblaciones que colonizaron las regiones orientales y occidentales del archipi\u00e9lago proced\u00edan de regiones diferentes del norte de \u00c1frica.<\/p>\n<p class=\"p4\"><span class=\"s2\"><a href=\"https:\/\/portalciencia.ull.es\/investigadores\/82474\/detalle\" target=\"_blank\" rel=\"noopener\" target=\"_blank\" rel=\"noopener\">Javier G. Serrano<\/a><\/span>, del Departamento de Bioqu\u00edmica, Microbiolog\u00eda, Biolog\u00eda Celular y Gen\u00e9tica de laUniversidad de La Laguna y autor principal del estudio, explica que un aspecto importante de este trabajo es el uso combinado de datos de ADN antiguo y dataciones de carbono 14 para todos los individuos analizados. La combinaci\u00f3n de ambas tecnolog\u00edas ha permitido observar que las diferencias entre las islas orientales y occidentales parecen haber existido desde el comienzo del per\u00edodo de colonizaci\u00f3n aborigen, manteni\u00e9ndose sin cambios a lo largo del tiempo. Esto es importante porque determina que, si existieron migraciones asim\u00e9tricas entre las dos regiones, tuvieron que ocurrir al inicio del periodo de colonizaci\u00f3n aborigen.<\/p>\n<p class=\"p4\">Las islas tambi\u00e9n muestran diferencias en su diversidad gen\u00f3mica, lo cual informa del tama\u00f1o que tuvieron esas poblaciones humanas a lo largo del tiempo y de su posible aislamiento. Las islas m\u00e1s peque\u00f1as o con menos recursos (El Hierro, La Gomera, Lanzarote y Fuerteventura) muestran una baja diversidad gen\u00e9tica, lo que puede explicarse por un fuerte aislamiento, dando lugar a la reducci\u00f3n del tama\u00f1o efectivo de su poblaci\u00f3n, y descartando as\u00ed la posibilidad de que hubiera migraci\u00f3n frecuente hacia estas islas.<\/p>\n<p class=\"p4\">El uso combinado de datos de ADN antiguo y carbono 14 ha permitido estimar tambi\u00e9n que la poblaci\u00f3n de El Hierro, la m\u00e1s peque\u00f1a del archipi\u00e9lago, sufri\u00f3 una importante reducci\u00f3n del tama\u00f1o de su poblaci\u00f3n en torno al siglo IX, coincidiendo con un periodo de inestabilidad clim\u00e1tica. Teniendo en cuenta que El Hierro es una isla con recursos limitados, los cambios de temperatura y lluvias que se produjeron durante esa centuria podr\u00edan haber afectado en gran medida la disponibilidad de recursos naturales y la producci\u00f3n de cultivos, lo que es probable que provocara una mortandad importante. Este fen\u00f3meno no se observa en Tenerife y Gran Canaria, caracterizadas por una mayor disponibilidad de recursos y un mayor tama\u00f1o, lo que probablemente permiti\u00f3 a sus poblaciones adaptarse y resistir a este periodo de inestabilidad.<\/p>\n<p class=\"p4\"><span class=\"s2\"><a href=\"https:\/\/portalciencia.ull.es\/investigadores\/82365\/detalle\" target=\"_blank\" rel=\"noopener\" target=\"_blank\" rel=\"noopener\">Rosa Fregel<\/a><\/span>, del Departamento de Bioqu\u00edmica, Microbiolog\u00eda, Biolog\u00eda Celular y Gen\u00e9tica de laUniversidad de La Laguna e investigadora principal del proyecto, destaca que, de acuerdo con las recomendaciones de buenas pr\u00e1cticas para el trabajo sostenible con ADN antiguo, este estudio de colaboraci\u00f3n internacional para la caracterizaci\u00f3n de la poblaci\u00f3n aborigen canaria se ha liderado desde instituciones de las Islas Canarias. Esto ha permitido que, adem\u00e1s de ampliar el conocimiento sobre esta poblaci\u00f3n antigua, se haya mejorado la infraestructura cient\u00edfica local y se hayan desarrollado actividades de divulgaci\u00f3n dirigidas al p\u00fablico general durante todo el periodo de desarrollo del proyecto.<\/p>\n<p class=\"p4\">La investigaci\u00f3n ha sido financiada por los proyectos PALEUCOL y EXPOBIM del Ministerio de Ciencia e Innovaci\u00f3n, el proyecto IsoCAN de Consejo Europeo de Investigaci\u00f3n y el convenio PALEOBIM concedido por la Direcci\u00f3n General de Patrimonio Cultural del Gobierno de Canarias.<\/p>\n","protected":false},"excerpt":{"rendered":"<p>Numerosos estudios arqueol\u00f3gicos, ling\u00fc\u00edsticos y gen\u00e9ticos sit\u00faan el origen geogr\u00e1fico de los abor\u00edgenes canarios en el norte de \u00c1frica. Sin&#8230;<\/p>\n","protected":false},"author":21,"featured_media":71190,"comment_status":"closed","ping_status":"closed","sticky":false,"template":"","format":"standard","meta":{"inline_featured_image":false,"footnotes":""},"categories":[345,350,2765],"tags":[5225,10187,5448,10188,5224],"acf":[],"yoast_head":"<!-- This site is optimized with the Yoast SEO plugin v21.3 - https:\/\/yoast.com\/wordpress\/plugins\/seo\/ -->\n<title>Nuevo estudio sobre la composici\u00f3n gen\u00e9tica de los abor\u00edgenes<\/title>\n<meta name=\"description\" content=\"El trabajo publicado en Nature Communications observa heterogeneidad en la gen\u00e9tica y diversidad de las poblaciones insulares.\" \/>\n<meta name=\"robots\" content=\"index, follow, max-snippet:-1, max-image-preview:large, max-video-preview:-1\" \/>\n<link rel=\"canonical\" href=\"https:\/\/www.ull.es\/portal\/noticias\/2023\/estudio-insularidad-recursos-composicion-genetica-aborigenes\/\" \/>\n<meta property=\"og:locale\" content=\"es_ES\" \/>\n<meta property=\"og:type\" content=\"article\" \/>\n<meta property=\"og:title\" content=\"Nuevo estudio sobre la composici\u00f3n gen\u00e9tica de los abor\u00edgenes\" \/>\n<meta property=\"og:description\" content=\"El trabajo publicado en Nature Communications observa heterogeneidad en la gen\u00e9tica y diversidad de las poblaciones insulares.\" \/>\n<meta property=\"og:url\" content=\"https:\/\/www.ull.es\/portal\/noticias\/2023\/estudio-insularidad-recursos-composicion-genetica-aborigenes\/\" \/>\n<meta property=\"og:site_name\" content=\"ULL - Noticias\" \/>\n<meta property=\"article:publisher\" content=\"https:\/\/www.facebook.com\/universidaddelalaguna\/\" \/>\n<meta property=\"article:published_time\" content=\"2023-08-24T08:32:49+00:00\" \/>\n<meta property=\"og:image\" content=\"https:\/\/www.ull.es\/portal\/noticias\/wp-content\/uploads\/sites\/13\/2023\/08\/estudio-paleogenomico-aborigenes-canarios-laboratorio.jpeg\" \/>\n\t<meta property=\"og:image:width\" content=\"1024\" \/>\n\t<meta property=\"og:image:height\" content=\"683\" \/>\n\t<meta property=\"og:image:type\" content=\"image\/jpeg\" \/>\n<meta name=\"author\" content=\"prensa2\" \/>\n<meta name=\"twitter:card\" content=\"summary_large_image\" \/>\n<meta name=\"twitter:creator\" content=\"@CanalULL\" \/>\n<meta name=\"twitter:site\" content=\"@CanalULL\" \/>\n<meta name=\"twitter:label1\" content=\"Escrito por\" \/>\n\t<meta name=\"twitter:data1\" content=\"prensa2\" \/>\n\t<meta name=\"twitter:label2\" content=\"Tiempo de lectura\" \/>\n\t<meta name=\"twitter:data2\" content=\"4 minutos\" \/>\n<script type=\"application\/ld+json\" class=\"yoast-schema-graph\">{\"@context\":\"https:\/\/schema.org\",\"@graph\":[{\"@type\":\"WebPage\",\"@id\":\"https:\/\/www.ull.es\/portal\/noticias\/2023\/estudio-insularidad-recursos-composicion-genetica-aborigenes\/\",\"url\":\"https:\/\/www.ull.es\/portal\/noticias\/2023\/estudio-insularidad-recursos-composicion-genetica-aborigenes\/\",\"name\":\"Nuevo estudio sobre la composici\u00f3n gen\u00e9tica de los abor\u00edgenes\",\"isPartOf\":{\"@id\":\"https:\/\/www.ull.es\/portal\/noticias\/#website\"},\"datePublished\":\"2023-08-24T08:32:49+00:00\",\"dateModified\":\"2023-08-24T08:32:49+00:00\",\"author\":{\"@id\":\"https:\/\/www.ull.es\/portal\/noticias\/#\/schema\/person\/c3b2aa857797592927a03740d6664376\"},\"description\":\"El trabajo publicado en Nature Communications observa heterogeneidad en la gen\u00e9tica y diversidad de las poblaciones insulares.\",\"breadcrumb\":{\"@id\":\"https:\/\/www.ull.es\/portal\/noticias\/2023\/estudio-insularidad-recursos-composicion-genetica-aborigenes\/#breadcrumb\"},\"inLanguage\":\"es\",\"potentialAction\":[{\"@type\":\"ReadAction\",\"target\":[\"https:\/\/www.ull.es\/portal\/noticias\/2023\/estudio-insularidad-recursos-composicion-genetica-aborigenes\/\"]}]},{\"@type\":\"BreadcrumbList\",\"@id\":\"https:\/\/www.ull.es\/portal\/noticias\/2023\/estudio-insularidad-recursos-composicion-genetica-aborigenes\/#breadcrumb\",\"itemListElement\":[{\"@type\":\"ListItem\",\"position\":1,\"name\":\"Portada\",\"item\":\"https:\/\/www.ull.es\/portal\/noticias\/\"},{\"@type\":\"ListItem\",\"position\":2,\"name\":\"Un estudio explica c\u00f3mo la insularidad y disponibilidad de recursos moldearon la composici\u00f3n gen\u00e9tica de los abor\u00edgenes\"}]},{\"@type\":\"WebSite\",\"@id\":\"https:\/\/www.ull.es\/portal\/noticias\/#website\",\"url\":\"https:\/\/www.ull.es\/portal\/noticias\/\",\"name\":\"ULL - Noticias\",\"description\":\"\",\"potentialAction\":[{\"@type\":\"SearchAction\",\"target\":{\"@type\":\"EntryPoint\",\"urlTemplate\":\"https:\/\/www.ull.es\/portal\/noticias\/?s={search_term_string}\"},\"query-input\":\"required name=search_term_string\"}],\"inLanguage\":\"es\"},{\"@type\":\"Person\",\"@id\":\"https:\/\/www.ull.es\/portal\/noticias\/#\/schema\/person\/c3b2aa857797592927a03740d6664376\",\"name\":\"prensa2\",\"image\":{\"@type\":\"ImageObject\",\"inLanguage\":\"es\",\"@id\":\"https:\/\/www.ull.es\/portal\/noticias\/#\/schema\/person\/image\/\",\"url\":\"https:\/\/secure.gravatar.com\/avatar\/b58f310a5de5feb33d1e026d2493f23c?s=96&d=mm&r=g\",\"contentUrl\":\"https:\/\/secure.gravatar.com\/avatar\/b58f310a5de5feb33d1e026d2493f23c?s=96&d=mm&r=g\",\"caption\":\"prensa2\"},\"url\":\"https:\/\/www.ull.es\/portal\/noticias\/author\/prensa2\/\"}]}<\/script>\n<!-- \/ Yoast SEO plugin. -->","yoast_head_json":{"title":"Nuevo estudio sobre la composici\u00f3n gen\u00e9tica de los abor\u00edgenes","description":"El trabajo publicado en Nature Communications observa heterogeneidad en la gen\u00e9tica y diversidad de las poblaciones insulares.","robots":{"index":"index","follow":"follow","max-snippet":"max-snippet:-1","max-image-preview":"max-image-preview:large","max-video-preview":"max-video-preview:-1"},"canonical":"https:\/\/www.ull.es\/portal\/noticias\/2023\/estudio-insularidad-recursos-composicion-genetica-aborigenes\/","og_locale":"es_ES","og_type":"article","og_title":"Nuevo estudio sobre la composici\u00f3n gen\u00e9tica de los abor\u00edgenes","og_description":"El trabajo publicado en Nature Communications observa heterogeneidad en la gen\u00e9tica y diversidad de las poblaciones insulares.","og_url":"https:\/\/www.ull.es\/portal\/noticias\/2023\/estudio-insularidad-recursos-composicion-genetica-aborigenes\/","og_site_name":"ULL - Noticias","article_publisher":"https:\/\/www.facebook.com\/universidaddelalaguna\/","article_published_time":"2023-08-24T08:32:49+00:00","og_image":[{"width":1024,"height":683,"url":"https:\/\/www.ull.es\/portal\/noticias\/wp-content\/uploads\/sites\/13\/2023\/08\/estudio-paleogenomico-aborigenes-canarios-laboratorio.jpeg","type":"image\/jpeg"}],"author":"prensa2","twitter_card":"summary_large_image","twitter_creator":"@CanalULL","twitter_site":"@CanalULL","twitter_misc":{"Escrito por":"prensa2","Tiempo de lectura":"4 minutos"},"schema":{"@context":"https:\/\/schema.org","@graph":[{"@type":"WebPage","@id":"https:\/\/www.ull.es\/portal\/noticias\/2023\/estudio-insularidad-recursos-composicion-genetica-aborigenes\/","url":"https:\/\/www.ull.es\/portal\/noticias\/2023\/estudio-insularidad-recursos-composicion-genetica-aborigenes\/","name":"Nuevo estudio sobre la composici\u00f3n gen\u00e9tica de los abor\u00edgenes","isPartOf":{"@id":"https:\/\/www.ull.es\/portal\/noticias\/#website"},"datePublished":"2023-08-24T08:32:49+00:00","dateModified":"2023-08-24T08:32:49+00:00","author":{"@id":"https:\/\/www.ull.es\/portal\/noticias\/#\/schema\/person\/c3b2aa857797592927a03740d6664376"},"description":"El trabajo publicado en Nature Communications observa heterogeneidad en la gen\u00e9tica y diversidad de las poblaciones insulares.","breadcrumb":{"@id":"https:\/\/www.ull.es\/portal\/noticias\/2023\/estudio-insularidad-recursos-composicion-genetica-aborigenes\/#breadcrumb"},"inLanguage":"es","potentialAction":[{"@type":"ReadAction","target":["https:\/\/www.ull.es\/portal\/noticias\/2023\/estudio-insularidad-recursos-composicion-genetica-aborigenes\/"]}]},{"@type":"BreadcrumbList","@id":"https:\/\/www.ull.es\/portal\/noticias\/2023\/estudio-insularidad-recursos-composicion-genetica-aborigenes\/#breadcrumb","itemListElement":[{"@type":"ListItem","position":1,"name":"Portada","item":"https:\/\/www.ull.es\/portal\/noticias\/"},{"@type":"ListItem","position":2,"name":"Un estudio explica c\u00f3mo la insularidad y disponibilidad de recursos moldearon la composici\u00f3n gen\u00e9tica de los abor\u00edgenes"}]},{"@type":"WebSite","@id":"https:\/\/www.ull.es\/portal\/noticias\/#website","url":"https:\/\/www.ull.es\/portal\/noticias\/","name":"ULL - Noticias","description":"","potentialAction":[{"@type":"SearchAction","target":{"@type":"EntryPoint","urlTemplate":"https:\/\/www.ull.es\/portal\/noticias\/?s={search_term_string}"},"query-input":"required name=search_term_string"}],"inLanguage":"es"},{"@type":"Person","@id":"https:\/\/www.ull.es\/portal\/noticias\/#\/schema\/person\/c3b2aa857797592927a03740d6664376","name":"prensa2","image":{"@type":"ImageObject","inLanguage":"es","@id":"https:\/\/www.ull.es\/portal\/noticias\/#\/schema\/person\/image\/","url":"https:\/\/secure.gravatar.com\/avatar\/b58f310a5de5feb33d1e026d2493f23c?s=96&d=mm&r=g","contentUrl":"https:\/\/secure.gravatar.com\/avatar\/b58f310a5de5feb33d1e026d2493f23c?s=96&d=mm&r=g","caption":"prensa2"},"url":"https:\/\/www.ull.es\/portal\/noticias\/author\/prensa2\/"}]}},"primary_category":{"id":345,"name":"Destacado","slug":"destacado","link":"https:\/\/www.ull.es\/portal\/noticias\/category\/destacado\/"},"featured_image_thumbnail_url":"https:\/\/www.ull.es\/portal\/noticias\/wp-content\/uploads\/sites\/13\/2023\/08\/estudio-paleogenomico-aborigenes-canarios-laboratorio-300x200.jpeg","_links":{"self":[{"href":"https:\/\/www.ull.es\/portal\/noticias\/wp-json\/wp\/v2\/posts\/71189"}],"collection":[{"href":"https:\/\/www.ull.es\/portal\/noticias\/wp-json\/wp\/v2\/posts"}],"about":[{"href":"https:\/\/www.ull.es\/portal\/noticias\/wp-json\/wp\/v2\/types\/post"}],"author":[{"embeddable":true,"href":"https:\/\/www.ull.es\/portal\/noticias\/wp-json\/wp\/v2\/users\/21"}],"replies":[{"embeddable":true,"href":"https:\/\/www.ull.es\/portal\/noticias\/wp-json\/wp\/v2\/comments?post=71189"}],"version-history":[{"count":1,"href":"https:\/\/www.ull.es\/portal\/noticias\/wp-json\/wp\/v2\/posts\/71189\/revisions"}],"predecessor-version":[{"id":71191,"href":"https:\/\/www.ull.es\/portal\/noticias\/wp-json\/wp\/v2\/posts\/71189\/revisions\/71191"}],"wp:featuredmedia":[{"embeddable":true,"href":"https:\/\/www.ull.es\/portal\/noticias\/wp-json\/wp\/v2\/media\/71190"}],"wp:attachment":[{"href":"https:\/\/www.ull.es\/portal\/noticias\/wp-json\/wp\/v2\/media?parent=71189"}],"wp:term":[{"taxonomy":"category","embeddable":true,"href":"https:\/\/www.ull.es\/portal\/noticias\/wp-json\/wp\/v2\/categories?post=71189"},{"taxonomy":"post_tag","embeddable":true,"href":"https:\/\/www.ull.es\/portal\/noticias\/wp-json\/wp\/v2\/tags?post=71189"}],"curies":[{"name":"wp","href":"https:\/\/api.w.org\/{rel}","templated":true}]}}