{"id":71256,"date":"2023-09-01T13:50:44","date_gmt":"2023-09-01T13:50:44","guid":{"rendered":"https:\/\/www.ull.es\/portal\/noticias\/?p=71256"},"modified":"2023-09-01T13:52:00","modified_gmt":"2023-09-01T13:52:00","slug":"la-universidad-de-la-laguna-continua-con-su-proceso-de-preinscripcion-extraordinaria-de-masteres-oficiales","status":"publish","type":"post","link":"https:\/\/www.ull.es\/portal\/noticias\/2023\/la-universidad-de-la-laguna-continua-con-su-proceso-de-preinscripcion-extraordinaria-de-masteres-oficiales\/","title":{"rendered":"La Universidad de La Laguna contin\u00faa con su proceso de preinscripci\u00f3n extraordinaria de m\u00e1steres oficiales"},"content":{"rendered":"<p>Tras el cierre de la convocatoria ordinaria de m\u00e1steres oficiales de la Universidad de La Laguna el pasado 4 de agosto, la Escuela de Doctorado y Estudios de Posgrado de la instituci\u00f3n acad\u00e9mica est\u00e1 trabajando para la publicaci\u00f3n el jueves 7 de septiembre del listado de personas admitidas y excluidas a la convocatoria extraordinaria de <a href=\"https:\/\/www.ull.es\/estudios-docencia\/masteres\/\" target=\"_blank\" rel=\"noopener\">m\u00e1steres oficiales<\/a>, destinada a cubrir las plazas a\u00fan vacantes y que se abri\u00f3 el pasado 24 de agosto. Algunos de los t\u00edtulos m\u00e1s solicitados como el de Astrof\u00edsica, Abogac\u00eda o en algunas especialidades de Formaci\u00f3n del Profesorado no han completado su cupo, por lo que todav\u00eda quedan algunas plazas disponibles que esperan cubrirse en esta convocatoria extraordinaria.<\/p>\n<p>De la rama de Artes y Humanidades a\u00fan quedan algunas plazas libres en los m\u00e1steres en Investigaci\u00f3n en Filosof\u00eda, Teor\u00eda e Historia del Arte y Gesti\u00f3n Cultural o en el de Uso y Gesti\u00f3n de Patrimonio Cultural. En el campo de las Ciencias no se han completado las plazas en el m\u00e1ster en Qu\u00edmica o en Nanociencia y Nanotecnolog\u00eda Molecular. En la especializaci\u00f3n en Ciencias Sociales y Jur\u00eddicas quedan plazas vacantes en Estudios de G\u00e9nero y Pol\u00edticas de Igualdad, Direcci\u00f3n y Planificaci\u00f3n del Turismo o Direcci\u00f3n de Recursos Humanos, entre otros.<\/p>\n<p>Del \u00e1rea de Ciencias de la Salud todav\u00eda existen plazas disponibles en el m\u00e1ster en Biomedicina, Seguridad y Calidad de los Alimentos o en el de Investigaci\u00f3n y Diagn\u00f3stico en Enfermedades Tropicales. Mientras que en la rama de Ingenier\u00eda y Arquitectura hay vacantes en el m\u00e1ster en Ingenier\u00eda Industrial, Ingenier\u00eda Inform\u00e1tica o en el de Ciberseguridad e Inteligencia de Datos, entre otros. Recordamos que para optar a todos ellos ha sido preciso haber realizado preinscripci\u00f3n extraordinaria en el plazo ya descrito.<\/p>\n<p>El lunes 11 de septiembre se publicar\u00e1 la lista definitiva de admisi\u00f3n y exclusi\u00f3n al procedimiento de la convocatoria extraordinaria de m\u00e1steres. Durante esa semana, del 11 al 15 de septiembre, se realizar\u00e1 la baremaci\u00f3n del alumnado por parte de las comisiones acad\u00e9micas. El listado provisional de y la lista de espera ser\u00e1 difundido el 18 del mismo mes. A partir del d\u00eda siguiente, tanto el 19 como el 20 de septiembre se podr\u00e1 realizar las reclamaciones a la lista provisional de adjudicaci\u00f3n, cuyo listado definitivo se producir\u00e1 el 22.<\/p>\n<p>Quienes hayan obtenido plaza podr\u00e1n matricularse el 25 y el 26 de septiembre y, un d\u00eda despu\u00e9s, ser\u00e1 publicado el segundo listado de adjudicaci\u00f3n para repartir las vacantes restantes. Por \u00faltimo, los d\u00edas 28 y 29 de septiembre se podr\u00e1n matricular los solicitantes con plaza adjudicada en cualquier opci\u00f3n en la segunda lista de adjudicaci\u00f3n de plazas. Adem\u00e1s, el alumnado de continuaci\u00f3n en m\u00e1steres oficiales podr\u00e1 realizar su matr\u00edcula los d\u00edas 6 y 7 de septiembre.<\/p>\n","protected":false},"excerpt":{"rendered":"<p>Tras el cierre de la convocatoria ordinaria de m\u00e1steres oficiales de la Universidad de La Laguna el pasado 4 de&#8230;<\/p>\n","protected":false},"author":23,"featured_media":55529,"comment_status":"closed","ping_status":"closed","sticky":false,"template":"","format":"standard","meta":{"inline_featured_image":false,"footnotes":""},"categories":[345,346,2765],"tags":[],"acf":[],"yoast_head":"<!-- This site is optimized with the Yoast SEO plugin v21.3 - https:\/\/yoast.com\/wordpress\/plugins\/seo\/ -->\n<title>La Universidad de La Laguna contin\u00faa con su proceso de preinscripci\u00f3n extraordinaria de m\u00e1steres oficiales - ULL - Noticias<\/title>\n<meta name=\"robots\" content=\"index, follow, max-snippet:-1, max-image-preview:large, max-video-preview:-1\" \/>\n<link rel=\"canonical\" href=\"https:\/\/www.ull.es\/portal\/noticias\/2023\/la-universidad-de-la-laguna-continua-con-su-proceso-de-preinscripcion-extraordinaria-de-masteres-oficiales\/\" \/>\n<meta property=\"og:locale\" content=\"es_ES\" \/>\n<meta property=\"og:type\" content=\"article\" \/>\n<meta property=\"og:title\" content=\"La Universidad de La Laguna contin\u00faa con su proceso de preinscripci\u00f3n extraordinaria de m\u00e1steres oficiales - ULL - Noticias\" \/>\n<meta property=\"og:description\" content=\"Tras el cierre de la convocatoria ordinaria de m\u00e1steres oficiales de la Universidad de La Laguna el pasado 4 de...\" \/>\n<meta property=\"og:url\" content=\"https:\/\/www.ull.es\/portal\/noticias\/2023\/la-universidad-de-la-laguna-continua-con-su-proceso-de-preinscripcion-extraordinaria-de-masteres-oficiales\/\" \/>\n<meta property=\"og:site_name\" content=\"ULL - Noticias\" \/>\n<meta property=\"article:publisher\" content=\"https:\/\/www.facebook.com\/universidaddelalaguna\/\" \/>\n<meta property=\"article:published_time\" content=\"2023-09-01T13:50:44+00:00\" \/>\n<meta property=\"article:modified_time\" content=\"2023-09-01T13:52:00+00:00\" \/>\n<meta property=\"og:image\" content=\"https:\/\/www.ull.es\/portal\/noticias\/wp-content\/uploads\/sites\/13\/2021\/04\/EBAU-2019-14.jpg\" \/>\n\t<meta property=\"og:image:width\" content=\"1600\" \/>\n\t<meta property=\"og:image:height\" content=\"1067\" \/>\n\t<meta property=\"og:image:type\" content=\"image\/jpeg\" \/>\n<meta name=\"author\" content=\"gaprsa\" \/>\n<meta name=\"twitter:card\" content=\"summary_large_image\" \/>\n<meta name=\"twitter:creator\" content=\"@CanalULL\" \/>\n<meta name=\"twitter:site\" content=\"@CanalULL\" \/>\n<meta name=\"twitter:label1\" content=\"Escrito por\" \/>\n\t<meta name=\"twitter:data1\" content=\"gaprsa\" \/>\n\t<meta name=\"twitter:label2\" content=\"Tiempo de lectura\" \/>\n\t<meta name=\"twitter:data2\" content=\"3 minutos\" \/>\n<script type=\"application\/ld+json\" class=\"yoast-schema-graph\">{\"@context\":\"https:\/\/schema.org\",\"@graph\":[{\"@type\":\"WebPage\",\"@id\":\"https:\/\/www.ull.es\/portal\/noticias\/2023\/la-universidad-de-la-laguna-continua-con-su-proceso-de-preinscripcion-extraordinaria-de-masteres-oficiales\/\",\"url\":\"https:\/\/www.ull.es\/portal\/noticias\/2023\/la-universidad-de-la-laguna-continua-con-su-proceso-de-preinscripcion-extraordinaria-de-masteres-oficiales\/\",\"name\":\"La Universidad de La Laguna contin\u00faa con su proceso de preinscripci\u00f3n extraordinaria de m\u00e1steres oficiales - ULL - Noticias\",\"isPartOf\":{\"@id\":\"https:\/\/www.ull.es\/portal\/noticias\/#website\"},\"datePublished\":\"2023-09-01T13:50:44+00:00\",\"dateModified\":\"2023-09-01T13:52:00+00:00\",\"author\":{\"@id\":\"https:\/\/www.ull.es\/portal\/noticias\/#\/schema\/person\/b2b1a89d43ffa609e591f7df8ef3e817\"},\"breadcrumb\":{\"@id\":\"https:\/\/www.ull.es\/portal\/noticias\/2023\/la-universidad-de-la-laguna-continua-con-su-proceso-de-preinscripcion-extraordinaria-de-masteres-oficiales\/#breadcrumb\"},\"inLanguage\":\"es\",\"potentialAction\":[{\"@type\":\"ReadAction\",\"target\":[\"https:\/\/www.ull.es\/portal\/noticias\/2023\/la-universidad-de-la-laguna-continua-con-su-proceso-de-preinscripcion-extraordinaria-de-masteres-oficiales\/\"]}]},{\"@type\":\"BreadcrumbList\",\"@id\":\"https:\/\/www.ull.es\/portal\/noticias\/2023\/la-universidad-de-la-laguna-continua-con-su-proceso-de-preinscripcion-extraordinaria-de-masteres-oficiales\/#breadcrumb\",\"itemListElement\":[{\"@type\":\"ListItem\",\"position\":1,\"name\":\"Portada\",\"item\":\"https:\/\/www.ull.es\/portal\/noticias\/\"},{\"@type\":\"ListItem\",\"position\":2,\"name\":\"La Universidad de La Laguna contin\u00faa con su proceso de preinscripci\u00f3n extraordinaria de m\u00e1steres oficiales\"}]},{\"@type\":\"WebSite\",\"@id\":\"https:\/\/www.ull.es\/portal\/noticias\/#website\",\"url\":\"https:\/\/www.ull.es\/portal\/noticias\/\",\"name\":\"ULL - Noticias\",\"description\":\"\",\"potentialAction\":[{\"@type\":\"SearchAction\",\"target\":{\"@type\":\"EntryPoint\",\"urlTemplate\":\"https:\/\/www.ull.es\/portal\/noticias\/?s={search_term_string}\"},\"query-input\":\"required name=search_term_string\"}],\"inLanguage\":\"es\"},{\"@type\":\"Person\",\"@id\":\"https:\/\/www.ull.es\/portal\/noticias\/#\/schema\/person\/b2b1a89d43ffa609e591f7df8ef3e817\",\"name\":\"gaprsa\",\"image\":{\"@type\":\"ImageObject\",\"inLanguage\":\"es\",\"@id\":\"https:\/\/www.ull.es\/portal\/noticias\/#\/schema\/person\/image\/\",\"url\":\"https:\/\/secure.gravatar.com\/avatar\/443820550921091458b4823867723b3d?s=96&d=mm&r=g\",\"contentUrl\":\"https:\/\/secure.gravatar.com\/avatar\/443820550921091458b4823867723b3d?s=96&d=mm&r=g\",\"caption\":\"gaprsa\"},\"url\":\"https:\/\/www.ull.es\/portal\/noticias\/author\/gaprsa\/\"}]}<\/script>\n<!-- \/ Yoast SEO plugin. -->","yoast_head_json":{"title":"La Universidad de La Laguna contin\u00faa con su proceso de preinscripci\u00f3n extraordinaria de m\u00e1steres oficiales - ULL - Noticias","robots":{"index":"index","follow":"follow","max-snippet":"max-snippet:-1","max-image-preview":"max-image-preview:large","max-video-preview":"max-video-preview:-1"},"canonical":"https:\/\/www.ull.es\/portal\/noticias\/2023\/la-universidad-de-la-laguna-continua-con-su-proceso-de-preinscripcion-extraordinaria-de-masteres-oficiales\/","og_locale":"es_ES","og_type":"article","og_title":"La Universidad de La Laguna contin\u00faa con su proceso de preinscripci\u00f3n extraordinaria de m\u00e1steres oficiales - ULL - Noticias","og_description":"Tras el cierre de la convocatoria ordinaria de m\u00e1steres oficiales de la Universidad de La Laguna el pasado 4 de...","og_url":"https:\/\/www.ull.es\/portal\/noticias\/2023\/la-universidad-de-la-laguna-continua-con-su-proceso-de-preinscripcion-extraordinaria-de-masteres-oficiales\/","og_site_name":"ULL - Noticias","article_publisher":"https:\/\/www.facebook.com\/universidaddelalaguna\/","article_published_time":"2023-09-01T13:50:44+00:00","article_modified_time":"2023-09-01T13:52:00+00:00","og_image":[{"width":1600,"height":1067,"url":"https:\/\/www.ull.es\/portal\/noticias\/wp-content\/uploads\/sites\/13\/2021\/04\/EBAU-2019-14.jpg","type":"image\/jpeg"}],"author":"gaprsa","twitter_card":"summary_large_image","twitter_creator":"@CanalULL","twitter_site":"@CanalULL","twitter_misc":{"Escrito por":"gaprsa","Tiempo de lectura":"3 minutos"},"schema":{"@context":"https:\/\/schema.org","@graph":[{"@type":"WebPage","@id":"https:\/\/www.ull.es\/portal\/noticias\/2023\/la-universidad-de-la-laguna-continua-con-su-proceso-de-preinscripcion-extraordinaria-de-masteres-oficiales\/","url":"https:\/\/www.ull.es\/portal\/noticias\/2023\/la-universidad-de-la-laguna-continua-con-su-proceso-de-preinscripcion-extraordinaria-de-masteres-oficiales\/","name":"La Universidad de La Laguna contin\u00faa con su proceso de preinscripci\u00f3n extraordinaria de m\u00e1steres oficiales - ULL - Noticias","isPartOf":{"@id":"https:\/\/www.ull.es\/portal\/noticias\/#website"},"datePublished":"2023-09-01T13:50:44+00:00","dateModified":"2023-09-01T13:52:00+00:00","author":{"@id":"https:\/\/www.ull.es\/portal\/noticias\/#\/schema\/person\/b2b1a89d43ffa609e591f7df8ef3e817"},"breadcrumb":{"@id":"https:\/\/www.ull.es\/portal\/noticias\/2023\/la-universidad-de-la-laguna-continua-con-su-proceso-de-preinscripcion-extraordinaria-de-masteres-oficiales\/#breadcrumb"},"inLanguage":"es","potentialAction":[{"@type":"ReadAction","target":["https:\/\/www.ull.es\/portal\/noticias\/2023\/la-universidad-de-la-laguna-continua-con-su-proceso-de-preinscripcion-extraordinaria-de-masteres-oficiales\/"]}]},{"@type":"BreadcrumbList","@id":"https:\/\/www.ull.es\/portal\/noticias\/2023\/la-universidad-de-la-laguna-continua-con-su-proceso-de-preinscripcion-extraordinaria-de-masteres-oficiales\/#breadcrumb","itemListElement":[{"@type":"ListItem","position":1,"name":"Portada","item":"https:\/\/www.ull.es\/portal\/noticias\/"},{"@type":"ListItem","position":2,"name":"La Universidad de La Laguna contin\u00faa con su proceso de preinscripci\u00f3n extraordinaria de m\u00e1steres oficiales"}]},{"@type":"WebSite","@id":"https:\/\/www.ull.es\/portal\/noticias\/#website","url":"https:\/\/www.ull.es\/portal\/noticias\/","name":"ULL - Noticias","description":"","potentialAction":[{"@type":"SearchAction","target":{"@type":"EntryPoint","urlTemplate":"https:\/\/www.ull.es\/portal\/noticias\/?s={search_term_string}"},"query-input":"required name=search_term_string"}],"inLanguage":"es"},{"@type":"Person","@id":"https:\/\/www.ull.es\/portal\/noticias\/#\/schema\/person\/b2b1a89d43ffa609e591f7df8ef3e817","name":"gaprsa","image":{"@type":"ImageObject","inLanguage":"es","@id":"https:\/\/www.ull.es\/portal\/noticias\/#\/schema\/person\/image\/","url":"https:\/\/secure.gravatar.com\/avatar\/443820550921091458b4823867723b3d?s=96&d=mm&r=g","contentUrl":"https:\/\/secure.gravatar.com\/avatar\/443820550921091458b4823867723b3d?s=96&d=mm&r=g","caption":"gaprsa"},"url":"https:\/\/www.ull.es\/portal\/noticias\/author\/gaprsa\/"}]}},"primary_category":{"id":345,"name":"Destacado","slug":"destacado","link":"https:\/\/www.ull.es\/portal\/noticias\/category\/destacado\/"},"featured_image_thumbnail_url":"https:\/\/www.ull.es\/portal\/noticias\/wp-content\/uploads\/sites\/13\/2021\/04\/EBAU-2019-14-300x200.jpg","_links":{"self":[{"href":"https:\/\/www.ull.es\/portal\/noticias\/wp-json\/wp\/v2\/posts\/71256"}],"collection":[{"href":"https:\/\/www.ull.es\/portal\/noticias\/wp-json\/wp\/v2\/posts"}],"about":[{"href":"https:\/\/www.ull.es\/portal\/noticias\/wp-json\/wp\/v2\/types\/post"}],"author":[{"embeddable":true,"href":"https:\/\/www.ull.es\/portal\/noticias\/wp-json\/wp\/v2\/users\/23"}],"replies":[{"embeddable":true,"href":"https:\/\/www.ull.es\/portal\/noticias\/wp-json\/wp\/v2\/comments?post=71256"}],"version-history":[{"count":2,"href":"https:\/\/www.ull.es\/portal\/noticias\/wp-json\/wp\/v2\/posts\/71256\/revisions"}],"predecessor-version":[{"id":71258,"href":"https:\/\/www.ull.es\/portal\/noticias\/wp-json\/wp\/v2\/posts\/71256\/revisions\/71258"}],"wp:featuredmedia":[{"embeddable":true,"href":"https:\/\/www.ull.es\/portal\/noticias\/wp-json\/wp\/v2\/media\/55529"}],"wp:attachment":[{"href":"https:\/\/www.ull.es\/portal\/noticias\/wp-json\/wp\/v2\/media?parent=71256"}],"wp:term":[{"taxonomy":"category","embeddable":true,"href":"https:\/\/www.ull.es\/portal\/noticias\/wp-json\/wp\/v2\/categories?post=71256"},{"taxonomy":"post_tag","embeddable":true,"href":"https:\/\/www.ull.es\/portal\/noticias\/wp-json\/wp\/v2\/tags?post=71256"}],"curies":[{"name":"wp","href":"https:\/\/api.w.org\/{rel}","templated":true}]}}