{"id":71286,"date":"2023-09-05T13:07:09","date_gmt":"2023-09-05T13:07:09","guid":{"rendered":"https:\/\/www.ull.es\/portal\/noticias\/?p=71286"},"modified":"2023-09-05T13:07:22","modified_gmt":"2023-09-05T13:07:22","slug":"la-universidad-de-la-laguna-financia-la-celebracion-de-una-cincuentena-de-congresos-cientificos-para-2023","status":"publish","type":"post","link":"https:\/\/www.ull.es\/portal\/noticias\/2023\/la-universidad-de-la-laguna-financia-la-celebracion-de-una-cincuentena-de-congresos-cientificos-para-2023\/","title":{"rendered":"La Universidad de La Laguna financia la celebraci\u00f3n de una cincuentena de congresos cient\u00edficos para 2023"},"content":{"rendered":"<p>La Universidad de La Laguna cuenta desde hace a\u00f1os con un plan propio de investigaci\u00f3n para potenciar la actividad investigadora en el centro acad\u00e9mico y mejorar as\u00ed su posicionamiento internacional. Una de las l\u00edneas de trabajo de este plan es el apoyo a la organizaci\u00f3n de congresos, reuniones cient\u00edficas, jornadas o seminarios de car\u00e1cter nacional o internacional, con el objeto de intercambiar conocimientos y potenciar la visibilidad de la universidad en el entorno social y cient\u00edfico.<\/p>\n<p>En la convocatoria correspondiente a la anualidad de 2023, el Vicerrectorado de Investigaci\u00f3n y Transferencia asign\u00f3 en octubre de 2022 con car\u00e1cter anticipado una dotaci\u00f3n econ\u00f3mica para este fin, lo que dio lugar a la puesta en marcha de un total de <a href=\"https:\/\/drive.google.com\/file\/d\/1u3y3JwK0dz6YPE37JG-1JDLYn2bCdEeF\/view\" target=\"_blank\" rel=\"noopener\">veinte convocatorias<\/a>. Entre ellas figuran, por ejemplo, el XV Congreso de Ingenier\u00eda del Transporte, el XXV Simposio Internacional sobre Avances en Tecnolog\u00edas de Extracci\u00f3n, el X Coloquio Internacional sobre Darwinismo en Europa, Am\u00e9rica Latina y el Caribe, Jornadas Internacionales en Pol\u00edtica Econ\u00f3mica o el congreso internacional sobre la recepci\u00f3n de la civilizaci\u00f3n egipcia antigua en las sociedades iberoamericanas.<\/p>\n<p>En esa primera convocatoria tambi\u00e9n se financiaron multitud de jornadas nacionales, seminarios y cursos de especializaci\u00f3n, tales como Actualizaci\u00f3n sobre trasplante renal de donante vivo; Obesidad, h\u00edgado y ri\u00f1\u00f3n; Medicina subacu\u00e1tica e hiperb\u00e1rica; o Ciencia y conocimiento en el Atl\u00e1ntico renacentista, entre otros muchos.<\/p>\n<p>Ya en junio de 2023 se resolvi\u00f3 un nuevo plazo para que quienes estaban interesados en organizar este tipo de eventos en este ejercicio y no pudieron participar en la primera edici\u00f3n tuvieran la oportunidad de hacerlo ahora. Un total de <a href=\"https:\/\/drive.google.com\/file\/d\/1aQC0FoAxUJtZJe2nPk5lr89WgdxDe82L\/view\" target=\"_blank\" rel=\"noopener\">28 iniciativas<\/a> han sido seleccionadas y se llevar\u00e1n a cabo en su mayor\u00eda en el \u00faltimo trimestre de 2023.<\/p>\n<p>Las II Jornadas sobre el mundo \u00e1rabe isl\u00e1mico, el II Seminario internacional en lexicograf\u00eda digital, las IV Jornadas sobre antropolog\u00eda e investigaci\u00f3n social aplicada, el Seminario nacional sobre cambio clim\u00e1tico y sus implicaciones para el comportamiento ecol\u00f3gico responsable o el Seminario de geopol\u00edtica de Canarias como frontera sur de Europa son algunos de ejemplos de esta segunda convocatoria.<\/p>\n","protected":false},"excerpt":{"rendered":"<p>La Universidad de La Laguna cuenta desde hace a\u00f1os con un plan propio de investigaci\u00f3n para potenciar la actividad investigadora&#8230;<\/p>\n","protected":false},"author":23,"featured_media":70295,"comment_status":"closed","ping_status":"closed","sticky":false,"template":"","format":"standard","meta":{"inline_featured_image":false,"footnotes":""},"categories":[345,350,2765],"tags":[10221,10222],"acf":[],"yoast_head":"<!-- This site is optimized with the Yoast SEO plugin v21.3 - https:\/\/yoast.com\/wordpress\/plugins\/seo\/ -->\n<title>La Universidad de La Laguna financia la celebraci\u00f3n de una cincuentena de congresos cient\u00edficos para 2023 - ULL - Noticias<\/title>\n<meta name=\"robots\" content=\"index, follow, max-snippet:-1, max-image-preview:large, max-video-preview:-1\" \/>\n<link rel=\"canonical\" href=\"https:\/\/www.ull.es\/portal\/noticias\/2023\/la-universidad-de-la-laguna-financia-la-celebracion-de-una-cincuentena-de-congresos-cientificos-para-2023\/\" \/>\n<meta property=\"og:locale\" content=\"es_ES\" \/>\n<meta property=\"og:type\" content=\"article\" \/>\n<meta property=\"og:title\" content=\"La Universidad de La Laguna financia la celebraci\u00f3n de una cincuentena de congresos cient\u00edficos para 2023 - ULL - Noticias\" \/>\n<meta property=\"og:description\" content=\"La Universidad de La Laguna cuenta desde hace a\u00f1os con un plan propio de investigaci\u00f3n para potenciar la actividad investigadora...\" \/>\n<meta property=\"og:url\" content=\"https:\/\/www.ull.es\/portal\/noticias\/2023\/la-universidad-de-la-laguna-financia-la-celebracion-de-una-cincuentena-de-congresos-cientificos-para-2023\/\" \/>\n<meta property=\"og:site_name\" content=\"ULL - Noticias\" \/>\n<meta property=\"article:publisher\" content=\"https:\/\/www.facebook.com\/universidaddelalaguna\/\" \/>\n<meta property=\"article:published_time\" content=\"2023-09-05T13:07:09+00:00\" \/>\n<meta property=\"article:modified_time\" content=\"2023-09-05T13:07:22+00:00\" \/>\n<meta property=\"og:image\" content=\"https:\/\/www.ull.es\/portal\/noticias\/wp-content\/uploads\/sites\/13\/2023\/06\/XV-Congr-Ingenieria-Transporte-14.jpg\" \/>\n\t<meta property=\"og:image:width\" content=\"1024\" \/>\n\t<meta property=\"og:image:height\" content=\"683\" \/>\n\t<meta property=\"og:image:type\" content=\"image\/jpeg\" \/>\n<meta name=\"author\" content=\"gaprsa\" \/>\n<meta name=\"twitter:card\" content=\"summary_large_image\" \/>\n<meta name=\"twitter:creator\" content=\"@CanalULL\" \/>\n<meta name=\"twitter:site\" content=\"@CanalULL\" \/>\n<meta name=\"twitter:label1\" content=\"Escrito por\" \/>\n\t<meta name=\"twitter:data1\" content=\"gaprsa\" \/>\n\t<meta name=\"twitter:label2\" content=\"Tiempo de lectura\" \/>\n\t<meta name=\"twitter:data2\" content=\"2 minutos\" \/>\n<script type=\"application\/ld+json\" class=\"yoast-schema-graph\">{\"@context\":\"https:\/\/schema.org\",\"@graph\":[{\"@type\":\"WebPage\",\"@id\":\"https:\/\/www.ull.es\/portal\/noticias\/2023\/la-universidad-de-la-laguna-financia-la-celebracion-de-una-cincuentena-de-congresos-cientificos-para-2023\/\",\"url\":\"https:\/\/www.ull.es\/portal\/noticias\/2023\/la-universidad-de-la-laguna-financia-la-celebracion-de-una-cincuentena-de-congresos-cientificos-para-2023\/\",\"name\":\"La Universidad de La Laguna financia la celebraci\u00f3n de una cincuentena de congresos cient\u00edficos para 2023 - ULL - Noticias\",\"isPartOf\":{\"@id\":\"https:\/\/www.ull.es\/portal\/noticias\/#website\"},\"datePublished\":\"2023-09-05T13:07:09+00:00\",\"dateModified\":\"2023-09-05T13:07:22+00:00\",\"author\":{\"@id\":\"https:\/\/www.ull.es\/portal\/noticias\/#\/schema\/person\/b2b1a89d43ffa609e591f7df8ef3e817\"},\"breadcrumb\":{\"@id\":\"https:\/\/www.ull.es\/portal\/noticias\/2023\/la-universidad-de-la-laguna-financia-la-celebracion-de-una-cincuentena-de-congresos-cientificos-para-2023\/#breadcrumb\"},\"inLanguage\":\"es\",\"potentialAction\":[{\"@type\":\"ReadAction\",\"target\":[\"https:\/\/www.ull.es\/portal\/noticias\/2023\/la-universidad-de-la-laguna-financia-la-celebracion-de-una-cincuentena-de-congresos-cientificos-para-2023\/\"]}]},{\"@type\":\"BreadcrumbList\",\"@id\":\"https:\/\/www.ull.es\/portal\/noticias\/2023\/la-universidad-de-la-laguna-financia-la-celebracion-de-una-cincuentena-de-congresos-cientificos-para-2023\/#breadcrumb\",\"itemListElement\":[{\"@type\":\"ListItem\",\"position\":1,\"name\":\"Portada\",\"item\":\"https:\/\/www.ull.es\/portal\/noticias\/\"},{\"@type\":\"ListItem\",\"position\":2,\"name\":\"La Universidad de La Laguna financia la celebraci\u00f3n de una cincuentena de congresos cient\u00edficos para 2023\"}]},{\"@type\":\"WebSite\",\"@id\":\"https:\/\/www.ull.es\/portal\/noticias\/#website\",\"url\":\"https:\/\/www.ull.es\/portal\/noticias\/\",\"name\":\"ULL - Noticias\",\"description\":\"\",\"potentialAction\":[{\"@type\":\"SearchAction\",\"target\":{\"@type\":\"EntryPoint\",\"urlTemplate\":\"https:\/\/www.ull.es\/portal\/noticias\/?s={search_term_string}\"},\"query-input\":\"required name=search_term_string\"}],\"inLanguage\":\"es\"},{\"@type\":\"Person\",\"@id\":\"https:\/\/www.ull.es\/portal\/noticias\/#\/schema\/person\/b2b1a89d43ffa609e591f7df8ef3e817\",\"name\":\"gaprsa\",\"image\":{\"@type\":\"ImageObject\",\"inLanguage\":\"es\",\"@id\":\"https:\/\/www.ull.es\/portal\/noticias\/#\/schema\/person\/image\/\",\"url\":\"https:\/\/secure.gravatar.com\/avatar\/443820550921091458b4823867723b3d?s=96&d=mm&r=g\",\"contentUrl\":\"https:\/\/secure.gravatar.com\/avatar\/443820550921091458b4823867723b3d?s=96&d=mm&r=g\",\"caption\":\"gaprsa\"},\"url\":\"https:\/\/www.ull.es\/portal\/noticias\/author\/gaprsa\/\"}]}<\/script>\n<!-- \/ Yoast SEO plugin. -->","yoast_head_json":{"title":"La Universidad de La Laguna financia la celebraci\u00f3n de una cincuentena de congresos cient\u00edficos para 2023 - ULL - Noticias","robots":{"index":"index","follow":"follow","max-snippet":"max-snippet:-1","max-image-preview":"max-image-preview:large","max-video-preview":"max-video-preview:-1"},"canonical":"https:\/\/www.ull.es\/portal\/noticias\/2023\/la-universidad-de-la-laguna-financia-la-celebracion-de-una-cincuentena-de-congresos-cientificos-para-2023\/","og_locale":"es_ES","og_type":"article","og_title":"La Universidad de La Laguna financia la celebraci\u00f3n de una cincuentena de congresos cient\u00edficos para 2023 - ULL - Noticias","og_description":"La Universidad de La Laguna cuenta desde hace a\u00f1os con un plan propio de investigaci\u00f3n para potenciar la actividad investigadora...","og_url":"https:\/\/www.ull.es\/portal\/noticias\/2023\/la-universidad-de-la-laguna-financia-la-celebracion-de-una-cincuentena-de-congresos-cientificos-para-2023\/","og_site_name":"ULL - Noticias","article_publisher":"https:\/\/www.facebook.com\/universidaddelalaguna\/","article_published_time":"2023-09-05T13:07:09+00:00","article_modified_time":"2023-09-05T13:07:22+00:00","og_image":[{"width":1024,"height":683,"url":"https:\/\/www.ull.es\/portal\/noticias\/wp-content\/uploads\/sites\/13\/2023\/06\/XV-Congr-Ingenieria-Transporte-14.jpg","type":"image\/jpeg"}],"author":"gaprsa","twitter_card":"summary_large_image","twitter_creator":"@CanalULL","twitter_site":"@CanalULL","twitter_misc":{"Escrito por":"gaprsa","Tiempo de lectura":"2 minutos"},"schema":{"@context":"https:\/\/schema.org","@graph":[{"@type":"WebPage","@id":"https:\/\/www.ull.es\/portal\/noticias\/2023\/la-universidad-de-la-laguna-financia-la-celebracion-de-una-cincuentena-de-congresos-cientificos-para-2023\/","url":"https:\/\/www.ull.es\/portal\/noticias\/2023\/la-universidad-de-la-laguna-financia-la-celebracion-de-una-cincuentena-de-congresos-cientificos-para-2023\/","name":"La Universidad de La Laguna financia la celebraci\u00f3n de una cincuentena de congresos cient\u00edficos para 2023 - ULL - Noticias","isPartOf":{"@id":"https:\/\/www.ull.es\/portal\/noticias\/#website"},"datePublished":"2023-09-05T13:07:09+00:00","dateModified":"2023-09-05T13:07:22+00:00","author":{"@id":"https:\/\/www.ull.es\/portal\/noticias\/#\/schema\/person\/b2b1a89d43ffa609e591f7df8ef3e817"},"breadcrumb":{"@id":"https:\/\/www.ull.es\/portal\/noticias\/2023\/la-universidad-de-la-laguna-financia-la-celebracion-de-una-cincuentena-de-congresos-cientificos-para-2023\/#breadcrumb"},"inLanguage":"es","potentialAction":[{"@type":"ReadAction","target":["https:\/\/www.ull.es\/portal\/noticias\/2023\/la-universidad-de-la-laguna-financia-la-celebracion-de-una-cincuentena-de-congresos-cientificos-para-2023\/"]}]},{"@type":"BreadcrumbList","@id":"https:\/\/www.ull.es\/portal\/noticias\/2023\/la-universidad-de-la-laguna-financia-la-celebracion-de-una-cincuentena-de-congresos-cientificos-para-2023\/#breadcrumb","itemListElement":[{"@type":"ListItem","position":1,"name":"Portada","item":"https:\/\/www.ull.es\/portal\/noticias\/"},{"@type":"ListItem","position":2,"name":"La Universidad de La Laguna financia la celebraci\u00f3n de una cincuentena de congresos cient\u00edficos para 2023"}]},{"@type":"WebSite","@id":"https:\/\/www.ull.es\/portal\/noticias\/#website","url":"https:\/\/www.ull.es\/portal\/noticias\/","name":"ULL - Noticias","description":"","potentialAction":[{"@type":"SearchAction","target":{"@type":"EntryPoint","urlTemplate":"https:\/\/www.ull.es\/portal\/noticias\/?s={search_term_string}"},"query-input":"required name=search_term_string"}],"inLanguage":"es"},{"@type":"Person","@id":"https:\/\/www.ull.es\/portal\/noticias\/#\/schema\/person\/b2b1a89d43ffa609e591f7df8ef3e817","name":"gaprsa","image":{"@type":"ImageObject","inLanguage":"es","@id":"https:\/\/www.ull.es\/portal\/noticias\/#\/schema\/person\/image\/","url":"https:\/\/secure.gravatar.com\/avatar\/443820550921091458b4823867723b3d?s=96&d=mm&r=g","contentUrl":"https:\/\/secure.gravatar.com\/avatar\/443820550921091458b4823867723b3d?s=96&d=mm&r=g","caption":"gaprsa"},"url":"https:\/\/www.ull.es\/portal\/noticias\/author\/gaprsa\/"}]}},"primary_category":{"id":345,"name":"Destacado","slug":"destacado","link":"https:\/\/www.ull.es\/portal\/noticias\/category\/destacado\/"},"featured_image_thumbnail_url":"https:\/\/www.ull.es\/portal\/noticias\/wp-content\/uploads\/sites\/13\/2023\/06\/XV-Congr-Ingenieria-Transporte-14-300x200.jpg","_links":{"self":[{"href":"https:\/\/www.ull.es\/portal\/noticias\/wp-json\/wp\/v2\/posts\/71286"}],"collection":[{"href":"https:\/\/www.ull.es\/portal\/noticias\/wp-json\/wp\/v2\/posts"}],"about":[{"href":"https:\/\/www.ull.es\/portal\/noticias\/wp-json\/wp\/v2\/types\/post"}],"author":[{"embeddable":true,"href":"https:\/\/www.ull.es\/portal\/noticias\/wp-json\/wp\/v2\/users\/23"}],"replies":[{"embeddable":true,"href":"https:\/\/www.ull.es\/portal\/noticias\/wp-json\/wp\/v2\/comments?post=71286"}],"version-history":[{"count":3,"href":"https:\/\/www.ull.es\/portal\/noticias\/wp-json\/wp\/v2\/posts\/71286\/revisions"}],"predecessor-version":[{"id":71290,"href":"https:\/\/www.ull.es\/portal\/noticias\/wp-json\/wp\/v2\/posts\/71286\/revisions\/71290"}],"wp:featuredmedia":[{"embeddable":true,"href":"https:\/\/www.ull.es\/portal\/noticias\/wp-json\/wp\/v2\/media\/70295"}],"wp:attachment":[{"href":"https:\/\/www.ull.es\/portal\/noticias\/wp-json\/wp\/v2\/media?parent=71286"}],"wp:term":[{"taxonomy":"category","embeddable":true,"href":"https:\/\/www.ull.es\/portal\/noticias\/wp-json\/wp\/v2\/categories?post=71286"},{"taxonomy":"post_tag","embeddable":true,"href":"https:\/\/www.ull.es\/portal\/noticias\/wp-json\/wp\/v2\/tags?post=71286"}],"curies":[{"name":"wp","href":"https:\/\/api.w.org\/{rel}","templated":true}]}}