{"id":71340,"date":"2023-09-07T11:22:36","date_gmt":"2023-09-07T11:22:36","guid":{"rendered":"https:\/\/www.ull.es\/portal\/noticias\/?p=71340"},"modified":"2023-09-07T11:22:36","modified_gmt":"2023-09-07T11:22:36","slug":"ull-vincula-mecenazgo-transformacion-social","status":"publish","type":"post","link":"https:\/\/www.ull.es\/portal\/noticias\/2023\/ull-vincula-mecenazgo-transformacion-social\/","title":{"rendered":"La ULL vincula el mecenazgo con la posibilidad de transformaci\u00f3n social"},"content":{"rendered":"<p>El <a href=\"https:\/\/www.ull.es\/portal\/consejo-social\/\" target=\"_blank\" rel=\"noopener\" target=\"_blank\" rel=\"noopener\">Consejo Social<\/a> de la Universidad de La Laguna ha celebrado hoy, jueves 7 de septiembre, unas jornadas para ahondar en el papel que el mecenazgo y el patrocinio juegan en las instituciones de educaci\u00f3n superior como fuente alternativa de financiaci\u00f3n y forma de mantener una relaci\u00f3n estrecha con diversos p\u00fablicos de inter\u00e9s del entorno social y econ\u00f3mico. Lo m\u00e1s destacado, se\u00f1alaron varios ponentes, es la capacidad de estas herramientas para transformar la sociedad e impactar en proyectos y personas.<\/p>\n<p>Abri\u00f3 la sesi\u00f3n la presidenta del Consejo Social, Dolores Pelayo, quien sostuvo la necesidad de un mayor acercamiento al tejido productivo. \u201cTenemos que despertar en el empresariado la idea de que ellos tambi\u00e9n tienen responsabilidad social y deben apostar por la universidad\u201d. El Consejo Social puede hacer de puente entre estos dos \u00e1mbitos, dijo, para darle valor a\u00f1adido al beneficio empresarial desde el punto de vista acad\u00e9mico, al tiempo que apunt\u00f3 que estas jornadas servir\u00e1n de punto de inicio.<\/p>\n<div id=\"attachment_71342\" style=\"width: 310px\" class=\"wp-caption alignleft\"><a href=\"https:\/\/www.ull.es\/portal\/noticias\/wp-content\/uploads\/sites\/13\/2023\/09\/Jorn-Mecenazgo-inaug-17.jpg\" target=\"_blank\" rel=\"noopener\" target=\"_blank\" rel=\"noopener\"><img aria-describedby=\"caption-attachment-71342\" decoding=\"async\" loading=\"lazy\" class=\"wp-image-71342 size-medium\" src=\"https:\/\/www.ull.es\/portal\/noticias\/wp-content\/uploads\/sites\/13\/2023\/09\/Jorn-Mecenazgo-inaug-17-300x200.jpg\" alt=\"Francisco Garc\u00eda.\" width=\"300\" height=\"200\" srcset=\"https:\/\/www.ull.es\/portal\/noticias\/wp-content\/uploads\/sites\/13\/2023\/09\/Jorn-Mecenazgo-inaug-17-300x200.jpg 300w, https:\/\/www.ull.es\/portal\/noticias\/wp-content\/uploads\/sites\/13\/2023\/09\/Jorn-Mecenazgo-inaug-17-1024x682.jpg 1024w, https:\/\/www.ull.es\/portal\/noticias\/wp-content\/uploads\/sites\/13\/2023\/09\/Jorn-Mecenazgo-inaug-17-768x512.jpg 768w, https:\/\/www.ull.es\/portal\/noticias\/wp-content\/uploads\/sites\/13\/2023\/09\/Jorn-Mecenazgo-inaug-17-375x250.jpg 375w, https:\/\/www.ull.es\/portal\/noticias\/wp-content\/uploads\/sites\/13\/2023\/09\/Jorn-Mecenazgo-inaug-17-750x500.jpg 750w, https:\/\/www.ull.es\/portal\/noticias\/wp-content\/uploads\/sites\/13\/2023\/09\/Jorn-Mecenazgo-inaug-17.jpg 1100w\" sizes=\"(max-width: 300px) 100vw, 300px\" \/><\/a><p id=\"caption-attachment-71342\" class=\"wp-caption-text\">Francisco Garc\u00eda.<\/p><\/div>\n<p>El principal financiador de una universidad p\u00fablica ha sido y debe seguir siendo, en este caso, el Gobierno de Canarias, indic\u00f3 el rector del centro docente, Francisco Garc\u00eda. \u201cEso no va a cambiar ni debe cambiar\u201d, explic\u00f3, \u201cy debemos exigir que sea suficiente para prestar un servicio de calidad que siga siendo un ascensor social\u201d. Con todo, se mostr\u00f3 partidario de hablar de patrocinio y mecenazgo porque hay que diversificar fuentes de financiaci\u00f3n.<\/p>\n<p>La Universidad de La Laguna ya est\u00e1 encauzada en esta materia, con un programa de c\u00e1tedras institucionales y de empresas que comenz\u00f3 en 2015 y que no ha dejado de crecer, con la aportaci\u00f3n e implicaci\u00f3n directa de multitud de entidades con gran peso en el archipi\u00e9lago. \u201cEs tambi\u00e9n el mecenazgo una herramienta que fomenta el v\u00ednculo de pertenencia, as\u00ed como las donaciones, para lograr una comunidad universitaria fuerte y comprometida con los valores de la universidad\u201d, afirm\u00f3 el rector.<\/p>\n<p>Por tanto, no se trata solo de captar recursos sino de afianzar lazos con la sociedad. \u201cQueremos fortalecer relaciones con el entorno socioecon\u00f3mico\u201d, por lo que Francisco Garc\u00eda agradeci\u00f3 el inter\u00e9s del Consejo Social en este asunto, materializado en estas jornadas.<\/p>\n<div id=\"attachment_71343\" style=\"width: 310px\" class=\"wp-caption alignright\"><a href=\"https:\/\/www.ull.es\/portal\/noticias\/wp-content\/uploads\/sites\/13\/2023\/09\/Jorn-Mecenazgo-1-conf-02.jpg\" target=\"_blank\" rel=\"noopener\" target=\"_blank\" rel=\"noopener\"><img aria-describedby=\"caption-attachment-71343\" decoding=\"async\" loading=\"lazy\" class=\"wp-image-71343 size-medium\" src=\"https:\/\/www.ull.es\/portal\/noticias\/wp-content\/uploads\/sites\/13\/2023\/09\/Jorn-Mecenazgo-1-conf-02-300x200.jpg\" alt=\"Marina Pedreira-Vilari\u00f1o particip\u00f3 en remoto.\" width=\"300\" height=\"200\" srcset=\"https:\/\/www.ull.es\/portal\/noticias\/wp-content\/uploads\/sites\/13\/2023\/09\/Jorn-Mecenazgo-1-conf-02-300x200.jpg 300w, https:\/\/www.ull.es\/portal\/noticias\/wp-content\/uploads\/sites\/13\/2023\/09\/Jorn-Mecenazgo-1-conf-02-1024x682.jpg 1024w, https:\/\/www.ull.es\/portal\/noticias\/wp-content\/uploads\/sites\/13\/2023\/09\/Jorn-Mecenazgo-1-conf-02-768x512.jpg 768w, https:\/\/www.ull.es\/portal\/noticias\/wp-content\/uploads\/sites\/13\/2023\/09\/Jorn-Mecenazgo-1-conf-02-375x250.jpg 375w, https:\/\/www.ull.es\/portal\/noticias\/wp-content\/uploads\/sites\/13\/2023\/09\/Jorn-Mecenazgo-1-conf-02-750x500.jpg 750w, https:\/\/www.ull.es\/portal\/noticias\/wp-content\/uploads\/sites\/13\/2023\/09\/Jorn-Mecenazgo-1-conf-02.jpg 1100w\" sizes=\"(max-width: 300px) 100vw, 300px\" \/><\/a><p id=\"caption-attachment-71343\" class=\"wp-caption-text\">Marina Pedreira-Vilari\u00f1o particip\u00f3 en remoto.<\/p><\/div>\n<p><strong>Relaci\u00f3n personalizada y de largo recorrido<\/strong><\/p>\n<p>Tras la sesi\u00f3n de inauguraci\u00f3n, particip\u00f3 de forma remota Marina Pedreira-Vilari\u00f1o, directora del Departamento de Desarrollo y Relaciones con Alumni de la <a href=\"https:\/\/www.sussex.ac.uk\/\" target=\"_blank\" rel=\"noopener\" target=\"_blank\" rel=\"noopener\">Universidad de Sussex<\/a>, Inglaterra. Se\u00f1al\u00f3 que los ingresos filantr\u00f3picos en las instituciones acad\u00e9micas brit\u00e1nicas se han duplicado en los \u00faltimos diez a\u00f1os. Se trata de un proceso dif\u00edcil, arduo, pero no imposible, que requiere mucha dedicaci\u00f3n. Sussex es una universidad muy internacionalizada, con un 30% de estudiantes de origen extranjero, y mantienen contacto con 150.000 de los 200.000 exalumnos. Disfrutar de los recursos necesarios para captar fondos y el apoyo estrat\u00e9gico de la instituci\u00f3n a su unidad han resultado claves en el aumento exponencial de fondos captados y en la propia trayectoria de crecimiento profesional de su departamento.<\/p>\n<p>\u201cEl verdadero \u00e9xito no se manifiesta en cifras. El verdadero impacto de la filantrop\u00eda radica en el cambio social que se ha producido\u201d, indic\u00f3, a trav\u00e9s de becas para estudiantes con menos recursos, premios al compromiso emprendedor, c\u00e1tedras dedicadas a solucionar problemas de gran complejidad y, adem\u00e1s, \u201crefuerza la imagen de la sociedad en c\u00edrculos influyentes de la sociedad\u201d, sostuvo la ponente.<\/p>\n<p>Pedreira-Vilari\u00f1o sostuvo que un cuarto del programa filantr\u00f3pico de las universidades brit\u00e1nicas proviene de herencias, con grandes sumas de dinero. Con todo, ellos est\u00e1n invirtiendo en el programa de donaciones, a trav\u00e9s de una relaci\u00f3n personalizada con el donante, cara a cara, escuchando sus demandas. \u201cNadie te va a extender un cheque respondiendo a una carta\u201d, dijo. \u201cCentramos nuestro mensaje en el impacto social de la donaci\u00f3n, que es fruto de una relaci\u00f3n personal basada en confianza mutua. El mecenazgo es una inversi\u00f3n a largo plazo\u201d.<\/p>\n<p>Esta relaci\u00f3n no se logra pasando tiempo en la oficina, sino viajando por todo el mundo, conociendo a exalumnos, pensando estrat\u00e9gicamente en c\u00f3mo involucrar a los donantes potenciales. La idea es atraerlos hacia la universidad, indic\u00f3, haci\u00e9ndoles sentir importantes en el entorno acad\u00e9mico. La conferenciante aclar\u00f3 que es muy importante mantener ese contacto y agradecimiento con el donante, inform\u00e1ndole del impacto que ha tenido su gesto. \u201cEs muy relevante que el rector o rectora lidere esta relaci\u00f3n y atienda esa vinculaci\u00f3n\u201d.<\/p>\n<div id=\"attachment_71344\" style=\"width: 310px\" class=\"wp-caption alignleft\"><a href=\"https:\/\/www.ull.es\/portal\/noticias\/wp-content\/uploads\/sites\/13\/2023\/09\/Jorn-Mecenazgo-2-conf-03.jpg\" target=\"_blank\" rel=\"noopener\" target=\"_blank\" rel=\"noopener\"><img aria-describedby=\"caption-attachment-71344\" decoding=\"async\" loading=\"lazy\" class=\"wp-image-71344 size-medium\" src=\"https:\/\/www.ull.es\/portal\/noticias\/wp-content\/uploads\/sites\/13\/2023\/09\/Jorn-Mecenazgo-2-conf-03-300x200.jpg\" alt=\"Juan Salvador P\u00e9rez\" width=\"300\" height=\"200\" srcset=\"https:\/\/www.ull.es\/portal\/noticias\/wp-content\/uploads\/sites\/13\/2023\/09\/Jorn-Mecenazgo-2-conf-03-300x200.jpg 300w, https:\/\/www.ull.es\/portal\/noticias\/wp-content\/uploads\/sites\/13\/2023\/09\/Jorn-Mecenazgo-2-conf-03-1024x682.jpg 1024w, https:\/\/www.ull.es\/portal\/noticias\/wp-content\/uploads\/sites\/13\/2023\/09\/Jorn-Mecenazgo-2-conf-03-768x512.jpg 768w, https:\/\/www.ull.es\/portal\/noticias\/wp-content\/uploads\/sites\/13\/2023\/09\/Jorn-Mecenazgo-2-conf-03-375x250.jpg 375w, https:\/\/www.ull.es\/portal\/noticias\/wp-content\/uploads\/sites\/13\/2023\/09\/Jorn-Mecenazgo-2-conf-03-750x500.jpg 750w, https:\/\/www.ull.es\/portal\/noticias\/wp-content\/uploads\/sites\/13\/2023\/09\/Jorn-Mecenazgo-2-conf-03.jpg 1100w\" sizes=\"(max-width: 300px) 100vw, 300px\" \/><\/a><p id=\"caption-attachment-71344\" class=\"wp-caption-text\">Juan Salvador P\u00e9rez<\/p><\/div>\n<p><strong>Transparencia y gesti\u00f3n<\/strong><\/p>\n<p>Juan Salvador P\u00e9rez, del \u00e1rea de comunicaci\u00f3n corporativa y patrocinio de la <a href=\"https:\/\/www.uji.es\/\" target=\"_blank\" rel=\"noopener\" target=\"_blank\" rel=\"noopener\">Universidad Jaume I<\/a> (UJI), explic\u00f3 que el programa de su instituci\u00f3n fue creado en el a\u00f1o 2000 y es, de hecho, el m\u00e1s antiguo de las universidades espa\u00f1olas. \u201cEl \u00faltimo objetivo es conseguir fondos, porque el primero es aumentar la proyecci\u00f3n social de la universidad, a lo que le sigue estrechar las relaciones con el entorno socioecon\u00f3mico, y fruto de todo ello, llegar\u00e1 la recepci\u00f3n de recursos econ\u00f3micos\u201d, expuso.<\/p>\n<p>La UJI cuenta con una normativa de distinciones de patrocinio y mecenazgo y realiza peri\u00f3dicamente actos de reconocimiento para agradecer a los mecenas su labor. Igualmente, ha simplificado la normativa para eliminar en la medida de lo posible las trabas burocr\u00e1ticas, a\u00f1adiendo un portafolio de proyectos susceptibles de financiaci\u00f3n. P\u00e9rez se\u00f1al\u00f3 que la pol\u00edtica de comunicaci\u00f3n es clave para difundir esa colaboraci\u00f3n, al tiempo que tambi\u00e9n lo es invitar a los y las mecenas a jornadas de reconocimiento. La unidad elabora una memoria anual con todos los datos, financiaci\u00f3n captada, proyectos a los que se ha destinado, etc.<\/p>\n<p>S\u00e1nchez, como tambi\u00e9n se\u00f1al\u00f3 la anterior ponente, aclar\u00f3 que el contacto personal y el conocimiento mutuo son claves para iniciar una relaci\u00f3n de mecenazgo. Tambi\u00e9n indic\u00f3 que en todo momento debe presidir la pol\u00edtica de transparencia, sin que en ning\u00fan caso la entidad donante pretenda lavar su imagen o intente influir o cercenar la libertad acad\u00e9mica de la instituci\u00f3n. \u201cPor muchos miles de euros que nos den, tenemos m\u00e1s que perder que ganar si este fuera el caso\u201d, dijo.<\/p>\n","protected":false},"excerpt":{"rendered":"<p>El Consejo Social de la Universidad de La Laguna ha celebrado hoy, jueves 7 de septiembre, unas jornadas para ahondar&#8230;<\/p>\n","protected":false},"author":21,"featured_media":71341,"comment_status":"closed","ping_status":"closed","sticky":false,"template":"","format":"standard","meta":{"inline_featured_image":false,"footnotes":""},"categories":[9420,345,348,2765],"tags":[465,905,1870,10232],"acf":[],"yoast_head":"<!-- This site is optimized with the Yoast SEO plugin v21.3 - https:\/\/yoast.com\/wordpress\/plugins\/seo\/ -->\n<title>La ULL vincula mecenazgo con transformaci\u00f3n social<\/title>\n<meta name=\"description\" content=\"El Consejo Social ULL organiz\u00f3 las Jornadas de Mecenazgo y Patrocinio, que reivindicaron estas actividades como herramientas de progreso.\" \/>\n<meta name=\"robots\" content=\"index, follow, max-snippet:-1, max-image-preview:large, max-video-preview:-1\" \/>\n<link rel=\"canonical\" href=\"https:\/\/www.ull.es\/portal\/noticias\/2023\/ull-vincula-mecenazgo-transformacion-social\/\" \/>\n<meta property=\"og:locale\" content=\"es_ES\" \/>\n<meta property=\"og:type\" content=\"article\" \/>\n<meta property=\"og:title\" content=\"La ULL vincula mecenazgo con transformaci\u00f3n social\" \/>\n<meta property=\"og:description\" content=\"El Consejo Social ULL organiz\u00f3 las Jornadas de Mecenazgo y Patrocinio, que reivindicaron estas actividades como herramientas de progreso.\" \/>\n<meta property=\"og:url\" content=\"https:\/\/www.ull.es\/portal\/noticias\/2023\/ull-vincula-mecenazgo-transformacion-social\/\" \/>\n<meta property=\"og:site_name\" content=\"ULL - Noticias\" \/>\n<meta property=\"article:publisher\" content=\"https:\/\/www.facebook.com\/universidaddelalaguna\/\" \/>\n<meta property=\"article:published_time\" content=\"2023-09-07T11:22:36+00:00\" \/>\n<meta property=\"og:image\" content=\"https:\/\/www.ull.es\/portal\/noticias\/wp-content\/uploads\/sites\/13\/2023\/09\/Jorn-Mecenazgo-inaug-19.jpg\" \/>\n\t<meta property=\"og:image:width\" content=\"1100\" \/>\n\t<meta property=\"og:image:height\" content=\"733\" \/>\n\t<meta property=\"og:image:type\" content=\"image\/jpeg\" \/>\n<meta name=\"author\" content=\"prensa2\" \/>\n<meta name=\"twitter:card\" content=\"summary_large_image\" \/>\n<meta name=\"twitter:creator\" content=\"@CanalULL\" \/>\n<meta name=\"twitter:site\" content=\"@CanalULL\" \/>\n<meta name=\"twitter:label1\" content=\"Escrito por\" \/>\n\t<meta name=\"twitter:data1\" content=\"prensa2\" \/>\n\t<meta name=\"twitter:label2\" content=\"Tiempo de lectura\" \/>\n\t<meta name=\"twitter:data2\" content=\"6 minutos\" \/>\n<script type=\"application\/ld+json\" class=\"yoast-schema-graph\">{\"@context\":\"https:\/\/schema.org\",\"@graph\":[{\"@type\":\"WebPage\",\"@id\":\"https:\/\/www.ull.es\/portal\/noticias\/2023\/ull-vincula-mecenazgo-transformacion-social\/\",\"url\":\"https:\/\/www.ull.es\/portal\/noticias\/2023\/ull-vincula-mecenazgo-transformacion-social\/\",\"name\":\"La ULL vincula mecenazgo con transformaci\u00f3n social\",\"isPartOf\":{\"@id\":\"https:\/\/www.ull.es\/portal\/noticias\/#website\"},\"datePublished\":\"2023-09-07T11:22:36+00:00\",\"dateModified\":\"2023-09-07T11:22:36+00:00\",\"author\":{\"@id\":\"https:\/\/www.ull.es\/portal\/noticias\/#\/schema\/person\/c3b2aa857797592927a03740d6664376\"},\"description\":\"El Consejo Social ULL organiz\u00f3 las Jornadas de Mecenazgo y Patrocinio, que reivindicaron estas actividades como herramientas de progreso.\",\"breadcrumb\":{\"@id\":\"https:\/\/www.ull.es\/portal\/noticias\/2023\/ull-vincula-mecenazgo-transformacion-social\/#breadcrumb\"},\"inLanguage\":\"es\",\"potentialAction\":[{\"@type\":\"ReadAction\",\"target\":[\"https:\/\/www.ull.es\/portal\/noticias\/2023\/ull-vincula-mecenazgo-transformacion-social\/\"]}]},{\"@type\":\"BreadcrumbList\",\"@id\":\"https:\/\/www.ull.es\/portal\/noticias\/2023\/ull-vincula-mecenazgo-transformacion-social\/#breadcrumb\",\"itemListElement\":[{\"@type\":\"ListItem\",\"position\":1,\"name\":\"Portada\",\"item\":\"https:\/\/www.ull.es\/portal\/noticias\/\"},{\"@type\":\"ListItem\",\"position\":2,\"name\":\"La ULL vincula el mecenazgo con la posibilidad de transformaci\u00f3n social\"}]},{\"@type\":\"WebSite\",\"@id\":\"https:\/\/www.ull.es\/portal\/noticias\/#website\",\"url\":\"https:\/\/www.ull.es\/portal\/noticias\/\",\"name\":\"ULL - Noticias\",\"description\":\"\",\"potentialAction\":[{\"@type\":\"SearchAction\",\"target\":{\"@type\":\"EntryPoint\",\"urlTemplate\":\"https:\/\/www.ull.es\/portal\/noticias\/?s={search_term_string}\"},\"query-input\":\"required name=search_term_string\"}],\"inLanguage\":\"es\"},{\"@type\":\"Person\",\"@id\":\"https:\/\/www.ull.es\/portal\/noticias\/#\/schema\/person\/c3b2aa857797592927a03740d6664376\",\"name\":\"prensa2\",\"image\":{\"@type\":\"ImageObject\",\"inLanguage\":\"es\",\"@id\":\"https:\/\/www.ull.es\/portal\/noticias\/#\/schema\/person\/image\/\",\"url\":\"https:\/\/secure.gravatar.com\/avatar\/b58f310a5de5feb33d1e026d2493f23c?s=96&d=mm&r=g\",\"contentUrl\":\"https:\/\/secure.gravatar.com\/avatar\/b58f310a5de5feb33d1e026d2493f23c?s=96&d=mm&r=g\",\"caption\":\"prensa2\"},\"url\":\"https:\/\/www.ull.es\/portal\/noticias\/author\/prensa2\/\"}]}<\/script>\n<!-- \/ Yoast SEO plugin. -->","yoast_head_json":{"title":"La ULL vincula mecenazgo con transformaci\u00f3n social","description":"El Consejo Social ULL organiz\u00f3 las Jornadas de Mecenazgo y Patrocinio, que reivindicaron estas actividades como herramientas de progreso.","robots":{"index":"index","follow":"follow","max-snippet":"max-snippet:-1","max-image-preview":"max-image-preview:large","max-video-preview":"max-video-preview:-1"},"canonical":"https:\/\/www.ull.es\/portal\/noticias\/2023\/ull-vincula-mecenazgo-transformacion-social\/","og_locale":"es_ES","og_type":"article","og_title":"La ULL vincula mecenazgo con transformaci\u00f3n social","og_description":"El Consejo Social ULL organiz\u00f3 las Jornadas de Mecenazgo y Patrocinio, que reivindicaron estas actividades como herramientas de progreso.","og_url":"https:\/\/www.ull.es\/portal\/noticias\/2023\/ull-vincula-mecenazgo-transformacion-social\/","og_site_name":"ULL - Noticias","article_publisher":"https:\/\/www.facebook.com\/universidaddelalaguna\/","article_published_time":"2023-09-07T11:22:36+00:00","og_image":[{"width":1100,"height":733,"url":"https:\/\/www.ull.es\/portal\/noticias\/wp-content\/uploads\/sites\/13\/2023\/09\/Jorn-Mecenazgo-inaug-19.jpg","type":"image\/jpeg"}],"author":"prensa2","twitter_card":"summary_large_image","twitter_creator":"@CanalULL","twitter_site":"@CanalULL","twitter_misc":{"Escrito por":"prensa2","Tiempo de lectura":"6 minutos"},"schema":{"@context":"https:\/\/schema.org","@graph":[{"@type":"WebPage","@id":"https:\/\/www.ull.es\/portal\/noticias\/2023\/ull-vincula-mecenazgo-transformacion-social\/","url":"https:\/\/www.ull.es\/portal\/noticias\/2023\/ull-vincula-mecenazgo-transformacion-social\/","name":"La ULL vincula mecenazgo con transformaci\u00f3n social","isPartOf":{"@id":"https:\/\/www.ull.es\/portal\/noticias\/#website"},"datePublished":"2023-09-07T11:22:36+00:00","dateModified":"2023-09-07T11:22:36+00:00","author":{"@id":"https:\/\/www.ull.es\/portal\/noticias\/#\/schema\/person\/c3b2aa857797592927a03740d6664376"},"description":"El Consejo Social ULL organiz\u00f3 las Jornadas de Mecenazgo y Patrocinio, que reivindicaron estas actividades como herramientas de progreso.","breadcrumb":{"@id":"https:\/\/www.ull.es\/portal\/noticias\/2023\/ull-vincula-mecenazgo-transformacion-social\/#breadcrumb"},"inLanguage":"es","potentialAction":[{"@type":"ReadAction","target":["https:\/\/www.ull.es\/portal\/noticias\/2023\/ull-vincula-mecenazgo-transformacion-social\/"]}]},{"@type":"BreadcrumbList","@id":"https:\/\/www.ull.es\/portal\/noticias\/2023\/ull-vincula-mecenazgo-transformacion-social\/#breadcrumb","itemListElement":[{"@type":"ListItem","position":1,"name":"Portada","item":"https:\/\/www.ull.es\/portal\/noticias\/"},{"@type":"ListItem","position":2,"name":"La ULL vincula el mecenazgo con la posibilidad de transformaci\u00f3n social"}]},{"@type":"WebSite","@id":"https:\/\/www.ull.es\/portal\/noticias\/#website","url":"https:\/\/www.ull.es\/portal\/noticias\/","name":"ULL - Noticias","description":"","potentialAction":[{"@type":"SearchAction","target":{"@type":"EntryPoint","urlTemplate":"https:\/\/www.ull.es\/portal\/noticias\/?s={search_term_string}"},"query-input":"required name=search_term_string"}],"inLanguage":"es"},{"@type":"Person","@id":"https:\/\/www.ull.es\/portal\/noticias\/#\/schema\/person\/c3b2aa857797592927a03740d6664376","name":"prensa2","image":{"@type":"ImageObject","inLanguage":"es","@id":"https:\/\/www.ull.es\/portal\/noticias\/#\/schema\/person\/image\/","url":"https:\/\/secure.gravatar.com\/avatar\/b58f310a5de5feb33d1e026d2493f23c?s=96&d=mm&r=g","contentUrl":"https:\/\/secure.gravatar.com\/avatar\/b58f310a5de5feb33d1e026d2493f23c?s=96&d=mm&r=g","caption":"prensa2"},"url":"https:\/\/www.ull.es\/portal\/noticias\/author\/prensa2\/"}]}},"primary_category":{"id":345,"name":"Destacado","slug":"destacado","link":"https:\/\/www.ull.es\/portal\/noticias\/category\/destacado\/"},"featured_image_thumbnail_url":"https:\/\/www.ull.es\/portal\/noticias\/wp-content\/uploads\/sites\/13\/2023\/09\/Jorn-Mecenazgo-inaug-19-300x200.jpg","_links":{"self":[{"href":"https:\/\/www.ull.es\/portal\/noticias\/wp-json\/wp\/v2\/posts\/71340"}],"collection":[{"href":"https:\/\/www.ull.es\/portal\/noticias\/wp-json\/wp\/v2\/posts"}],"about":[{"href":"https:\/\/www.ull.es\/portal\/noticias\/wp-json\/wp\/v2\/types\/post"}],"author":[{"embeddable":true,"href":"https:\/\/www.ull.es\/portal\/noticias\/wp-json\/wp\/v2\/users\/21"}],"replies":[{"embeddable":true,"href":"https:\/\/www.ull.es\/portal\/noticias\/wp-json\/wp\/v2\/comments?post=71340"}],"version-history":[{"count":1,"href":"https:\/\/www.ull.es\/portal\/noticias\/wp-json\/wp\/v2\/posts\/71340\/revisions"}],"predecessor-version":[{"id":71345,"href":"https:\/\/www.ull.es\/portal\/noticias\/wp-json\/wp\/v2\/posts\/71340\/revisions\/71345"}],"wp:featuredmedia":[{"embeddable":true,"href":"https:\/\/www.ull.es\/portal\/noticias\/wp-json\/wp\/v2\/media\/71341"}],"wp:attachment":[{"href":"https:\/\/www.ull.es\/portal\/noticias\/wp-json\/wp\/v2\/media?parent=71340"}],"wp:term":[{"taxonomy":"category","embeddable":true,"href":"https:\/\/www.ull.es\/portal\/noticias\/wp-json\/wp\/v2\/categories?post=71340"},{"taxonomy":"post_tag","embeddable":true,"href":"https:\/\/www.ull.es\/portal\/noticias\/wp-json\/wp\/v2\/tags?post=71340"}],"curies":[{"name":"wp","href":"https:\/\/api.w.org\/{rel}","templated":true}]}}