{"id":71398,"date":"2024-11-18T09:04:40","date_gmt":"2024-11-18T09:04:40","guid":{"rendered":"https:\/\/www.ull.es\/portal\/noticias\/?p=71398"},"modified":"2024-11-18T14:23:51","modified_gmt":"2024-11-18T14:23:51","slug":"premio-anual-al-mejor-trabajo-fin-de-grado-jose-luis-moreno-becerra-2023","status":"publish","type":"post","link":"https:\/\/www.ull.es\/portal\/noticias\/2024\/premio-anual-al-mejor-trabajo-fin-de-grado-jose-luis-moreno-becerra-2023\/","title":{"rendered":"Premio anual al mejor Trabajo Fin de Grado \u00abJos\u00e9 Luis Moreno Becerra\u00bb 2024"},"content":{"rendered":"<p>La Real Sociedad Econ\u00f3mica Amigos del Pa\u00eds de Tenerife, la Facultad de Econom\u00eda, Empresa y Turismo y Cajasiete Caja Rural S.C.C., consideran necesaria la generaci\u00f3n de conocimiento en el \u00e1mbito de la econom\u00eda, las finanzas, la empresa y el turismo, a trav\u00e9s del desarrollo de actividades formativas y de investigaci\u00f3n dirigidas a los estudiantes universitarios y a los profesionales del sector.<\/p>\n<p>En esta l\u00ednea la Cajasiete Caja Rural S.C.C. convoca 4 premios otorgados a Trabajos Fin de Grado, elaborados en la Facultad de Econom\u00eda, Empresa y Turismo: Grados en Econom\u00eda, en Administraci\u00f3n y Direcci\u00f3n de Empresas, en Contabilidad y Finanzas y en Turismo.<\/p>\n<p>Con esta iniciativa se pretende estimular a los estudiantes a investigar en temas que preocupan a la sociedad de Tenerife en particular y por extensi\u00f3n a toda Canarias. Se trata de potenciar el af\u00e1n de superaci\u00f3n y la creatividad, as\u00ed como difundir y otorgar el reconocimiento que merecen las iniciativas de las nuevas generaciones de estudiantes.<\/p>\n<div>\n<div>\n<p><strong>Plazo de presentaci\u00f3n de solicitudes:<\/strong>\u00a0<b>del 27 de septiembre al 28 de octubre de 2024<\/b>.<\/p>\n<\/div>\n<\/div>\n<ul>\n<li><a href=\"https:\/\/drive.google.com\/file\/d\/1niL4VLIbnBn_rJH2m0dHkolq4N4IJ07Y\/view?usp=sharing\" target=\"_blank\" rel=\"noopener noreferrer\" target=\"_blank\" rel=\"noopener\">Bases<\/a><\/li>\n<li><a href=\"https:\/\/drive.google.com\/file\/d\/1DvNvIFp_KuKNN_flL2fTAMXtdSbcbNgU\/view?usp=sharing\" target=\"_blank\" rel=\"noopener noreferrer\" target=\"_blank\" rel=\"noopener\">Solicitud<\/a><\/li>\n<\/ul>\n<p><a href=\"https:\/\/drive.google.com\/file\/d\/1_xxMBmfmBFlMYB_Jz2e82T1DYcCgg8km\/view?usp=sharing\" target=\"_blank\" rel=\"noopener\" target=\"_blank\" rel=\"noopener\">Acta de concesi\u00f3n del premio anual Jos\u00e9 Luis Moreno Becerra a los Trabajos Fin de Grado de los estudiantes de la Facultad de Econom\u00eda, Empresa y Turismo que hubieran sido presentados durante el curso acad\u00e9mico 2023-2024 en cada uno de los cuatro Grados de Administraci\u00f3n y Direcci\u00f3n de Empresas, Contabilidad y Finanzas, Econom\u00eda y Turismo.<\/a><\/p>\n","protected":false},"excerpt":{"rendered":"<p>La Real Sociedad Econ\u00f3mica Amigos del Pa\u00eds de Tenerife, la Facultad de Econom\u00eda, Empresa y Turismo y Cajasiete Caja Rural&#8230;<\/p>\n","protected":false},"author":65,"featured_media":0,"comment_status":"closed","ping_status":"closed","sticky":false,"template":"","format":"standard","meta":{"inline_featured_image":false,"footnotes":""},"categories":[3907],"tags":[],"acf":[],"yoast_head":"<!-- This site is optimized with the Yoast SEO plugin v21.3 - https:\/\/yoast.com\/wordpress\/plugins\/seo\/ -->\n<title>Premio anual al mejor Trabajo Fin de Grado \u00abJos\u00e9 Luis Moreno Becerra\u00bb 2024 - ULL - Noticias<\/title>\n<meta name=\"robots\" content=\"index, follow, max-snippet:-1, max-image-preview:large, max-video-preview:-1\" \/>\n<link rel=\"canonical\" href=\"https:\/\/www.ull.es\/portal\/noticias\/2024\/premio-anual-al-mejor-trabajo-fin-de-grado-jose-luis-moreno-becerra-2023\/\" \/>\n<meta property=\"og:locale\" content=\"es_ES\" \/>\n<meta property=\"og:type\" content=\"article\" \/>\n<meta property=\"og:title\" content=\"Premio anual al mejor Trabajo Fin de Grado \u00abJos\u00e9 Luis Moreno Becerra\u00bb 2024 - ULL - Noticias\" \/>\n<meta property=\"og:description\" content=\"La Real Sociedad Econ\u00f3mica Amigos del Pa\u00eds de Tenerife, la Facultad de Econom\u00eda, Empresa y Turismo y Cajasiete Caja Rural...\" \/>\n<meta property=\"og:url\" content=\"https:\/\/www.ull.es\/portal\/noticias\/2024\/premio-anual-al-mejor-trabajo-fin-de-grado-jose-luis-moreno-becerra-2023\/\" \/>\n<meta property=\"og:site_name\" content=\"ULL - Noticias\" \/>\n<meta property=\"article:publisher\" content=\"https:\/\/www.facebook.com\/universidaddelalaguna\/\" \/>\n<meta property=\"article:published_time\" content=\"2024-11-18T09:04:40+00:00\" \/>\n<meta property=\"article:modified_time\" content=\"2024-11-18T14:23:51+00:00\" \/>\n<meta property=\"og:image\" content=\"https:\/\/www.ull.es\/portal\/noticias\/wp-content\/uploads\/sites\/13\/2023\/06\/logo-redimensionado.png\" \/>\n\t<meta property=\"og:image:width\" content=\"1200\" \/>\n\t<meta property=\"og:image:height\" content=\"630\" \/>\n\t<meta property=\"og:image:type\" content=\"image\/png\" \/>\n<meta name=\"author\" content=\"gcom4\" \/>\n<meta name=\"twitter:card\" content=\"summary_large_image\" \/>\n<meta name=\"twitter:creator\" content=\"@CanalULL\" \/>\n<meta name=\"twitter:site\" content=\"@CanalULL\" \/>\n<meta name=\"twitter:label1\" content=\"Escrito por\" \/>\n\t<meta name=\"twitter:data1\" content=\"gcom4\" \/>\n\t<meta name=\"twitter:label2\" content=\"Tiempo de lectura\" \/>\n\t<meta name=\"twitter:data2\" content=\"2 minutos\" \/>\n<script type=\"application\/ld+json\" class=\"yoast-schema-graph\">{\"@context\":\"https:\/\/schema.org\",\"@graph\":[{\"@type\":\"WebPage\",\"@id\":\"https:\/\/www.ull.es\/portal\/noticias\/2024\/premio-anual-al-mejor-trabajo-fin-de-grado-jose-luis-moreno-becerra-2023\/\",\"url\":\"https:\/\/www.ull.es\/portal\/noticias\/2024\/premio-anual-al-mejor-trabajo-fin-de-grado-jose-luis-moreno-becerra-2023\/\",\"name\":\"Premio anual al mejor Trabajo Fin de Grado \u00abJos\u00e9 Luis Moreno Becerra\u00bb 2024 - ULL - Noticias\",\"isPartOf\":{\"@id\":\"https:\/\/www.ull.es\/portal\/noticias\/#website\"},\"datePublished\":\"2024-11-18T09:04:40+00:00\",\"dateModified\":\"2024-11-18T14:23:51+00:00\",\"author\":{\"@id\":\"https:\/\/www.ull.es\/portal\/noticias\/#\/schema\/person\/9924518fb1ad37d4428e7b5d6f311773\"},\"breadcrumb\":{\"@id\":\"https:\/\/www.ull.es\/portal\/noticias\/2024\/premio-anual-al-mejor-trabajo-fin-de-grado-jose-luis-moreno-becerra-2023\/#breadcrumb\"},\"inLanguage\":\"es\",\"potentialAction\":[{\"@type\":\"ReadAction\",\"target\":[\"https:\/\/www.ull.es\/portal\/noticias\/2024\/premio-anual-al-mejor-trabajo-fin-de-grado-jose-luis-moreno-becerra-2023\/\"]}]},{\"@type\":\"BreadcrumbList\",\"@id\":\"https:\/\/www.ull.es\/portal\/noticias\/2024\/premio-anual-al-mejor-trabajo-fin-de-grado-jose-luis-moreno-becerra-2023\/#breadcrumb\",\"itemListElement\":[{\"@type\":\"ListItem\",\"position\":1,\"name\":\"Portada\",\"item\":\"https:\/\/www.ull.es\/portal\/noticias\/\"},{\"@type\":\"ListItem\",\"position\":2,\"name\":\"Premio anual al mejor Trabajo Fin de Grado \u00abJos\u00e9 Luis Moreno Becerra\u00bb 2024\"}]},{\"@type\":\"WebSite\",\"@id\":\"https:\/\/www.ull.es\/portal\/noticias\/#website\",\"url\":\"https:\/\/www.ull.es\/portal\/noticias\/\",\"name\":\"ULL - Noticias\",\"description\":\"\",\"potentialAction\":[{\"@type\":\"SearchAction\",\"target\":{\"@type\":\"EntryPoint\",\"urlTemplate\":\"https:\/\/www.ull.es\/portal\/noticias\/?s={search_term_string}\"},\"query-input\":\"required name=search_term_string\"}],\"inLanguage\":\"es\"},{\"@type\":\"Person\",\"@id\":\"https:\/\/www.ull.es\/portal\/noticias\/#\/schema\/person\/9924518fb1ad37d4428e7b5d6f311773\",\"name\":\"gcom4\",\"image\":{\"@type\":\"ImageObject\",\"inLanguage\":\"es\",\"@id\":\"https:\/\/www.ull.es\/portal\/noticias\/#\/schema\/person\/image\/\",\"url\":\"https:\/\/secure.gravatar.com\/avatar\/a5d1f5573f10617ccfcc209aaf6aa7fb?s=96&d=mm&r=g\",\"contentUrl\":\"https:\/\/secure.gravatar.com\/avatar\/a5d1f5573f10617ccfcc209aaf6aa7fb?s=96&d=mm&r=g\",\"caption\":\"gcom4\"},\"url\":\"https:\/\/www.ull.es\/portal\/noticias\/author\/gcom4\/\"}]}<\/script>\n<!-- \/ Yoast SEO plugin. -->","yoast_head_json":{"title":"Premio anual al mejor Trabajo Fin de Grado \u00abJos\u00e9 Luis Moreno Becerra\u00bb 2024 - ULL - Noticias","robots":{"index":"index","follow":"follow","max-snippet":"max-snippet:-1","max-image-preview":"max-image-preview:large","max-video-preview":"max-video-preview:-1"},"canonical":"https:\/\/www.ull.es\/portal\/noticias\/2024\/premio-anual-al-mejor-trabajo-fin-de-grado-jose-luis-moreno-becerra-2023\/","og_locale":"es_ES","og_type":"article","og_title":"Premio anual al mejor Trabajo Fin de Grado \u00abJos\u00e9 Luis Moreno Becerra\u00bb 2024 - ULL - Noticias","og_description":"La Real Sociedad Econ\u00f3mica Amigos del Pa\u00eds de Tenerife, la Facultad de Econom\u00eda, Empresa y Turismo y Cajasiete Caja Rural...","og_url":"https:\/\/www.ull.es\/portal\/noticias\/2024\/premio-anual-al-mejor-trabajo-fin-de-grado-jose-luis-moreno-becerra-2023\/","og_site_name":"ULL - Noticias","article_publisher":"https:\/\/www.facebook.com\/universidaddelalaguna\/","article_published_time":"2024-11-18T09:04:40+00:00","article_modified_time":"2024-11-18T14:23:51+00:00","og_image":[{"width":1200,"height":630,"url":"https:\/\/www.ull.es\/portal\/noticias\/wp-content\/uploads\/sites\/13\/2023\/06\/logo-redimensionado.png","type":"image\/png"}],"author":"gcom4","twitter_card":"summary_large_image","twitter_creator":"@CanalULL","twitter_site":"@CanalULL","twitter_misc":{"Escrito por":"gcom4","Tiempo de lectura":"2 minutos"},"schema":{"@context":"https:\/\/schema.org","@graph":[{"@type":"WebPage","@id":"https:\/\/www.ull.es\/portal\/noticias\/2024\/premio-anual-al-mejor-trabajo-fin-de-grado-jose-luis-moreno-becerra-2023\/","url":"https:\/\/www.ull.es\/portal\/noticias\/2024\/premio-anual-al-mejor-trabajo-fin-de-grado-jose-luis-moreno-becerra-2023\/","name":"Premio anual al mejor Trabajo Fin de Grado \u00abJos\u00e9 Luis Moreno Becerra\u00bb 2024 - ULL - Noticias","isPartOf":{"@id":"https:\/\/www.ull.es\/portal\/noticias\/#website"},"datePublished":"2024-11-18T09:04:40+00:00","dateModified":"2024-11-18T14:23:51+00:00","author":{"@id":"https:\/\/www.ull.es\/portal\/noticias\/#\/schema\/person\/9924518fb1ad37d4428e7b5d6f311773"},"breadcrumb":{"@id":"https:\/\/www.ull.es\/portal\/noticias\/2024\/premio-anual-al-mejor-trabajo-fin-de-grado-jose-luis-moreno-becerra-2023\/#breadcrumb"},"inLanguage":"es","potentialAction":[{"@type":"ReadAction","target":["https:\/\/www.ull.es\/portal\/noticias\/2024\/premio-anual-al-mejor-trabajo-fin-de-grado-jose-luis-moreno-becerra-2023\/"]}]},{"@type":"BreadcrumbList","@id":"https:\/\/www.ull.es\/portal\/noticias\/2024\/premio-anual-al-mejor-trabajo-fin-de-grado-jose-luis-moreno-becerra-2023\/#breadcrumb","itemListElement":[{"@type":"ListItem","position":1,"name":"Portada","item":"https:\/\/www.ull.es\/portal\/noticias\/"},{"@type":"ListItem","position":2,"name":"Premio anual al mejor Trabajo Fin de Grado \u00abJos\u00e9 Luis Moreno Becerra\u00bb 2024"}]},{"@type":"WebSite","@id":"https:\/\/www.ull.es\/portal\/noticias\/#website","url":"https:\/\/www.ull.es\/portal\/noticias\/","name":"ULL - Noticias","description":"","potentialAction":[{"@type":"SearchAction","target":{"@type":"EntryPoint","urlTemplate":"https:\/\/www.ull.es\/portal\/noticias\/?s={search_term_string}"},"query-input":"required name=search_term_string"}],"inLanguage":"es"},{"@type":"Person","@id":"https:\/\/www.ull.es\/portal\/noticias\/#\/schema\/person\/9924518fb1ad37d4428e7b5d6f311773","name":"gcom4","image":{"@type":"ImageObject","inLanguage":"es","@id":"https:\/\/www.ull.es\/portal\/noticias\/#\/schema\/person\/image\/","url":"https:\/\/secure.gravatar.com\/avatar\/a5d1f5573f10617ccfcc209aaf6aa7fb?s=96&d=mm&r=g","contentUrl":"https:\/\/secure.gravatar.com\/avatar\/a5d1f5573f10617ccfcc209aaf6aa7fb?s=96&d=mm&r=g","caption":"gcom4"},"url":"https:\/\/www.ull.es\/portal\/noticias\/author\/gcom4\/"}]}},"primary_category":{"id":3907,"name":"Facultad de Econom\u00eda, Empresa y Turismo","slug":"facultad-de-economia-empresa-y-turismo-notificaciones-centros","link":"https:\/\/www.ull.es\/portal\/noticias\/category\/notificaciones-centros\/facultad-de-economia-empresa-y-turismo-notificaciones-centros\/"},"featured_image_thumbnail_url":null,"_links":{"self":[{"href":"https:\/\/www.ull.es\/portal\/noticias\/wp-json\/wp\/v2\/posts\/71398"}],"collection":[{"href":"https:\/\/www.ull.es\/portal\/noticias\/wp-json\/wp\/v2\/posts"}],"about":[{"href":"https:\/\/www.ull.es\/portal\/noticias\/wp-json\/wp\/v2\/types\/post"}],"author":[{"embeddable":true,"href":"https:\/\/www.ull.es\/portal\/noticias\/wp-json\/wp\/v2\/users\/65"}],"replies":[{"embeddable":true,"href":"https:\/\/www.ull.es\/portal\/noticias\/wp-json\/wp\/v2\/comments?post=71398"}],"version-history":[{"count":5,"href":"https:\/\/www.ull.es\/portal\/noticias\/wp-json\/wp\/v2\/posts\/71398\/revisions"}],"predecessor-version":[{"id":78750,"href":"https:\/\/www.ull.es\/portal\/noticias\/wp-json\/wp\/v2\/posts\/71398\/revisions\/78750"}],"wp:attachment":[{"href":"https:\/\/www.ull.es\/portal\/noticias\/wp-json\/wp\/v2\/media?parent=71398"}],"wp:term":[{"taxonomy":"category","embeddable":true,"href":"https:\/\/www.ull.es\/portal\/noticias\/wp-json\/wp\/v2\/categories?post=71398"},{"taxonomy":"post_tag","embeddable":true,"href":"https:\/\/www.ull.es\/portal\/noticias\/wp-json\/wp\/v2\/tags?post=71398"}],"curies":[{"name":"wp","href":"https:\/\/api.w.org\/{rel}","templated":true}]}}