{"id":71453,"date":"2023-09-15T08:14:24","date_gmt":"2023-09-15T08:14:24","guid":{"rendered":"https:\/\/www.ull.es\/portal\/noticias\/?p=71453"},"modified":"2023-09-15T08:16:44","modified_gmt":"2023-09-15T08:16:44","slug":"la-ull-celebra-un-seminario-sobre-la-competencia-linguistica-en-la-ensenanza-del-espanol-como-lengua-extranjera","status":"publish","type":"post","link":"https:\/\/www.ull.es\/portal\/noticias\/2023\/la-ull-celebra-un-seminario-sobre-la-competencia-linguistica-en-la-ensenanza-del-espanol-como-lengua-extranjera\/","title":{"rendered":"La ULL celebra un seminario sobre la competencia ling\u00fc\u00edstica en la ense\u00f1anza del espa\u00f1ol como lengua extranjera"},"content":{"rendered":"<p>El <a href=\"https:\/\/eventos.ull.es\/iii-seminario-internacional-aigele\" target=\"_blank\" rel=\"noopener\">III Seminario Internacional AIGELE: Competencia ling\u00fc\u00edstica en ELE a trav\u00e9s del discurso escrito<\/a> es un punto de encuentro para compartir la actividad investigadora sobre saberes y herramientas en la formaci\u00f3n y actualizaci\u00f3n de profesorado e investigadores dedicados a la ense\u00f1anza de espa\u00f1ol como lengua extranjera.<\/p>\n<p>Est\u00e1 destinado a todos los profesionales especializados en la ense\u00f1anza de la lengua espa\u00f1ola y al alumnado de los grados filol\u00f3gicos, especialmente, por ser esta disciplina una de sus principales salidas profesionales.<\/p>\n<p>Este evento forma parte de las actividades de Extensi\u00f3n Universitaria de la Universidad de La Laguna y se celebrar\u00e1 de forma presencial en la sala de audiovisuales del Edificio Departamental de la Secci\u00f3n de Filolog\u00eda los d\u00edas 25, 26 y 27 de septiembre de 2023.<\/p>\n<p>Est\u00e1 organizado por el grupo de investigaci\u00f3n AIGELE (An\u00e1lisis de la Instrucci\u00f3n Gramatical en Espa\u00f1ol como Lengua Extranjera) gracias a la colaboraci\u00f3n del Vicerrectorado de Investigaci\u00f3n y Transferencias, del Instituto Universitario de Ling\u00fc\u00edstica Andr\u00e9s Bello, de la Secci\u00f3n de Filolog\u00eda y del Departamento de Filolog\u00eda Espa\u00f1ola de la Universidad de La Laguna.<\/p>\n<p>Entre las conferencias incluidas habr\u00e1 espacio para la reflexi\u00f3n sobre el desarrollo profesional e investigador del profesorado de ELE. Pero, principalmente, el seminario se centra en el uso del texto escrito en cualquiera de sus formatos para el desarrollo del componente ling\u00fc\u00edstico.<\/p>\n<p>El mi\u00e9rcoles, 27 de septiembre, tendr\u00e1 lugar una mesa redonda sobre el futuro del texto literario en las aulas de ELE. Participan investigadores de las universidades de Oxford, Antonio de Nebrija, Rey Juan Carlos, Complutense de Madrid y varios docentes de la Universidad de La Laguna.<\/p>\n","protected":false},"excerpt":{"rendered":"<p>El III Seminario Internacional AIGELE: Competencia ling\u00fc\u00edstica en ELE a trav\u00e9s del discurso escrito es un punto de encuentro para&#8230;<\/p>\n","protected":false},"author":23,"featured_media":71456,"comment_status":"closed","ping_status":"closed","sticky":false,"template":"","format":"standard","meta":{"inline_featured_image":false,"footnotes":""},"categories":[345,3408,350,2765],"tags":[10251,8553,10250],"acf":[],"yoast_head":"<!-- This site is optimized with the Yoast SEO plugin v21.3 - https:\/\/yoast.com\/wordpress\/plugins\/seo\/ -->\n<title>La ULL celebra un seminario sobre la competencia ling\u00fc\u00edstica en la ense\u00f1anza del espa\u00f1ol como lengua extranjera - ULL - Noticias<\/title>\n<meta name=\"robots\" content=\"index, follow, max-snippet:-1, max-image-preview:large, max-video-preview:-1\" \/>\n<link rel=\"canonical\" href=\"https:\/\/www.ull.es\/portal\/noticias\/2023\/la-ull-celebra-un-seminario-sobre-la-competencia-linguistica-en-la-ensenanza-del-espanol-como-lengua-extranjera\/\" \/>\n<meta property=\"og:locale\" content=\"es_ES\" \/>\n<meta property=\"og:type\" content=\"article\" \/>\n<meta property=\"og:title\" content=\"La ULL celebra un seminario sobre la competencia ling\u00fc\u00edstica en la ense\u00f1anza del espa\u00f1ol como lengua extranjera - ULL - Noticias\" \/>\n<meta property=\"og:description\" content=\"El III Seminario Internacional AIGELE: Competencia ling\u00fc\u00edstica en ELE a trav\u00e9s del discurso escrito es un punto de encuentro para...\" \/>\n<meta property=\"og:url\" content=\"https:\/\/www.ull.es\/portal\/noticias\/2023\/la-ull-celebra-un-seminario-sobre-la-competencia-linguistica-en-la-ensenanza-del-espanol-como-lengua-extranjera\/\" \/>\n<meta property=\"og:site_name\" content=\"ULL - Noticias\" \/>\n<meta property=\"article:publisher\" content=\"https:\/\/www.facebook.com\/universidaddelalaguna\/\" \/>\n<meta property=\"article:published_time\" content=\"2023-09-15T08:14:24+00:00\" \/>\n<meta property=\"article:modified_time\" content=\"2023-09-15T08:16:44+00:00\" \/>\n<meta property=\"og:image\" content=\"https:\/\/www.ull.es\/portal\/noticias\/wp-content\/uploads\/sites\/13\/2023\/09\/seminario-def.png\" \/>\n\t<meta property=\"og:image:width\" content=\"1043\" \/>\n\t<meta property=\"og:image:height\" content=\"770\" \/>\n\t<meta property=\"og:image:type\" content=\"image\/png\" \/>\n<meta name=\"author\" content=\"gaprsa\" \/>\n<meta name=\"twitter:card\" content=\"summary_large_image\" \/>\n<meta name=\"twitter:creator\" content=\"@CanalULL\" \/>\n<meta name=\"twitter:site\" content=\"@CanalULL\" \/>\n<meta name=\"twitter:label1\" content=\"Escrito por\" \/>\n\t<meta name=\"twitter:data1\" content=\"gaprsa\" \/>\n\t<meta name=\"twitter:label2\" content=\"Tiempo de lectura\" \/>\n\t<meta name=\"twitter:data2\" content=\"2 minutos\" \/>\n<script type=\"application\/ld+json\" class=\"yoast-schema-graph\">{\"@context\":\"https:\/\/schema.org\",\"@graph\":[{\"@type\":\"WebPage\",\"@id\":\"https:\/\/www.ull.es\/portal\/noticias\/2023\/la-ull-celebra-un-seminario-sobre-la-competencia-linguistica-en-la-ensenanza-del-espanol-como-lengua-extranjera\/\",\"url\":\"https:\/\/www.ull.es\/portal\/noticias\/2023\/la-ull-celebra-un-seminario-sobre-la-competencia-linguistica-en-la-ensenanza-del-espanol-como-lengua-extranjera\/\",\"name\":\"La ULL celebra un seminario sobre la competencia ling\u00fc\u00edstica en la ense\u00f1anza del espa\u00f1ol como lengua extranjera - ULL - Noticias\",\"isPartOf\":{\"@id\":\"https:\/\/www.ull.es\/portal\/noticias\/#website\"},\"datePublished\":\"2023-09-15T08:14:24+00:00\",\"dateModified\":\"2023-09-15T08:16:44+00:00\",\"author\":{\"@id\":\"https:\/\/www.ull.es\/portal\/noticias\/#\/schema\/person\/b2b1a89d43ffa609e591f7df8ef3e817\"},\"breadcrumb\":{\"@id\":\"https:\/\/www.ull.es\/portal\/noticias\/2023\/la-ull-celebra-un-seminario-sobre-la-competencia-linguistica-en-la-ensenanza-del-espanol-como-lengua-extranjera\/#breadcrumb\"},\"inLanguage\":\"es\",\"potentialAction\":[{\"@type\":\"ReadAction\",\"target\":[\"https:\/\/www.ull.es\/portal\/noticias\/2023\/la-ull-celebra-un-seminario-sobre-la-competencia-linguistica-en-la-ensenanza-del-espanol-como-lengua-extranjera\/\"]}]},{\"@type\":\"BreadcrumbList\",\"@id\":\"https:\/\/www.ull.es\/portal\/noticias\/2023\/la-ull-celebra-un-seminario-sobre-la-competencia-linguistica-en-la-ensenanza-del-espanol-como-lengua-extranjera\/#breadcrumb\",\"itemListElement\":[{\"@type\":\"ListItem\",\"position\":1,\"name\":\"Portada\",\"item\":\"https:\/\/www.ull.es\/portal\/noticias\/\"},{\"@type\":\"ListItem\",\"position\":2,\"name\":\"La ULL celebra un seminario sobre la competencia ling\u00fc\u00edstica en la ense\u00f1anza del espa\u00f1ol como lengua extranjera\"}]},{\"@type\":\"WebSite\",\"@id\":\"https:\/\/www.ull.es\/portal\/noticias\/#website\",\"url\":\"https:\/\/www.ull.es\/portal\/noticias\/\",\"name\":\"ULL - Noticias\",\"description\":\"\",\"potentialAction\":[{\"@type\":\"SearchAction\",\"target\":{\"@type\":\"EntryPoint\",\"urlTemplate\":\"https:\/\/www.ull.es\/portal\/noticias\/?s={search_term_string}\"},\"query-input\":\"required name=search_term_string\"}],\"inLanguage\":\"es\"},{\"@type\":\"Person\",\"@id\":\"https:\/\/www.ull.es\/portal\/noticias\/#\/schema\/person\/b2b1a89d43ffa609e591f7df8ef3e817\",\"name\":\"gaprsa\",\"image\":{\"@type\":\"ImageObject\",\"inLanguage\":\"es\",\"@id\":\"https:\/\/www.ull.es\/portal\/noticias\/#\/schema\/person\/image\/\",\"url\":\"https:\/\/secure.gravatar.com\/avatar\/443820550921091458b4823867723b3d?s=96&d=mm&r=g\",\"contentUrl\":\"https:\/\/secure.gravatar.com\/avatar\/443820550921091458b4823867723b3d?s=96&d=mm&r=g\",\"caption\":\"gaprsa\"},\"url\":\"https:\/\/www.ull.es\/portal\/noticias\/author\/gaprsa\/\"}]}<\/script>\n<!-- \/ Yoast SEO plugin. -->","yoast_head_json":{"title":"La ULL celebra un seminario sobre la competencia ling\u00fc\u00edstica en la ense\u00f1anza del espa\u00f1ol como lengua extranjera - ULL - Noticias","robots":{"index":"index","follow":"follow","max-snippet":"max-snippet:-1","max-image-preview":"max-image-preview:large","max-video-preview":"max-video-preview:-1"},"canonical":"https:\/\/www.ull.es\/portal\/noticias\/2023\/la-ull-celebra-un-seminario-sobre-la-competencia-linguistica-en-la-ensenanza-del-espanol-como-lengua-extranjera\/","og_locale":"es_ES","og_type":"article","og_title":"La ULL celebra un seminario sobre la competencia ling\u00fc\u00edstica en la ense\u00f1anza del espa\u00f1ol como lengua extranjera - ULL - Noticias","og_description":"El III Seminario Internacional AIGELE: Competencia ling\u00fc\u00edstica en ELE a trav\u00e9s del discurso escrito es un punto de encuentro para...","og_url":"https:\/\/www.ull.es\/portal\/noticias\/2023\/la-ull-celebra-un-seminario-sobre-la-competencia-linguistica-en-la-ensenanza-del-espanol-como-lengua-extranjera\/","og_site_name":"ULL - Noticias","article_publisher":"https:\/\/www.facebook.com\/universidaddelalaguna\/","article_published_time":"2023-09-15T08:14:24+00:00","article_modified_time":"2023-09-15T08:16:44+00:00","og_image":[{"width":1043,"height":770,"url":"https:\/\/www.ull.es\/portal\/noticias\/wp-content\/uploads\/sites\/13\/2023\/09\/seminario-def.png","type":"image\/png"}],"author":"gaprsa","twitter_card":"summary_large_image","twitter_creator":"@CanalULL","twitter_site":"@CanalULL","twitter_misc":{"Escrito por":"gaprsa","Tiempo de lectura":"2 minutos"},"schema":{"@context":"https:\/\/schema.org","@graph":[{"@type":"WebPage","@id":"https:\/\/www.ull.es\/portal\/noticias\/2023\/la-ull-celebra-un-seminario-sobre-la-competencia-linguistica-en-la-ensenanza-del-espanol-como-lengua-extranjera\/","url":"https:\/\/www.ull.es\/portal\/noticias\/2023\/la-ull-celebra-un-seminario-sobre-la-competencia-linguistica-en-la-ensenanza-del-espanol-como-lengua-extranjera\/","name":"La ULL celebra un seminario sobre la competencia ling\u00fc\u00edstica en la ense\u00f1anza del espa\u00f1ol como lengua extranjera - ULL - Noticias","isPartOf":{"@id":"https:\/\/www.ull.es\/portal\/noticias\/#website"},"datePublished":"2023-09-15T08:14:24+00:00","dateModified":"2023-09-15T08:16:44+00:00","author":{"@id":"https:\/\/www.ull.es\/portal\/noticias\/#\/schema\/person\/b2b1a89d43ffa609e591f7df8ef3e817"},"breadcrumb":{"@id":"https:\/\/www.ull.es\/portal\/noticias\/2023\/la-ull-celebra-un-seminario-sobre-la-competencia-linguistica-en-la-ensenanza-del-espanol-como-lengua-extranjera\/#breadcrumb"},"inLanguage":"es","potentialAction":[{"@type":"ReadAction","target":["https:\/\/www.ull.es\/portal\/noticias\/2023\/la-ull-celebra-un-seminario-sobre-la-competencia-linguistica-en-la-ensenanza-del-espanol-como-lengua-extranjera\/"]}]},{"@type":"BreadcrumbList","@id":"https:\/\/www.ull.es\/portal\/noticias\/2023\/la-ull-celebra-un-seminario-sobre-la-competencia-linguistica-en-la-ensenanza-del-espanol-como-lengua-extranjera\/#breadcrumb","itemListElement":[{"@type":"ListItem","position":1,"name":"Portada","item":"https:\/\/www.ull.es\/portal\/noticias\/"},{"@type":"ListItem","position":2,"name":"La ULL celebra un seminario sobre la competencia ling\u00fc\u00edstica en la ense\u00f1anza del espa\u00f1ol como lengua extranjera"}]},{"@type":"WebSite","@id":"https:\/\/www.ull.es\/portal\/noticias\/#website","url":"https:\/\/www.ull.es\/portal\/noticias\/","name":"ULL - Noticias","description":"","potentialAction":[{"@type":"SearchAction","target":{"@type":"EntryPoint","urlTemplate":"https:\/\/www.ull.es\/portal\/noticias\/?s={search_term_string}"},"query-input":"required name=search_term_string"}],"inLanguage":"es"},{"@type":"Person","@id":"https:\/\/www.ull.es\/portal\/noticias\/#\/schema\/person\/b2b1a89d43ffa609e591f7df8ef3e817","name":"gaprsa","image":{"@type":"ImageObject","inLanguage":"es","@id":"https:\/\/www.ull.es\/portal\/noticias\/#\/schema\/person\/image\/","url":"https:\/\/secure.gravatar.com\/avatar\/443820550921091458b4823867723b3d?s=96&d=mm&r=g","contentUrl":"https:\/\/secure.gravatar.com\/avatar\/443820550921091458b4823867723b3d?s=96&d=mm&r=g","caption":"gaprsa"},"url":"https:\/\/www.ull.es\/portal\/noticias\/author\/gaprsa\/"}]}},"primary_category":{"id":345,"name":"Destacado","slug":"destacado","link":"https:\/\/www.ull.es\/portal\/noticias\/category\/destacado\/"},"featured_image_thumbnail_url":"https:\/\/www.ull.es\/portal\/noticias\/wp-content\/uploads\/sites\/13\/2023\/09\/seminario-def-300x221.png","_links":{"self":[{"href":"https:\/\/www.ull.es\/portal\/noticias\/wp-json\/wp\/v2\/posts\/71453"}],"collection":[{"href":"https:\/\/www.ull.es\/portal\/noticias\/wp-json\/wp\/v2\/posts"}],"about":[{"href":"https:\/\/www.ull.es\/portal\/noticias\/wp-json\/wp\/v2\/types\/post"}],"author":[{"embeddable":true,"href":"https:\/\/www.ull.es\/portal\/noticias\/wp-json\/wp\/v2\/users\/23"}],"replies":[{"embeddable":true,"href":"https:\/\/www.ull.es\/portal\/noticias\/wp-json\/wp\/v2\/comments?post=71453"}],"version-history":[{"count":1,"href":"https:\/\/www.ull.es\/portal\/noticias\/wp-json\/wp\/v2\/posts\/71453\/revisions"}],"predecessor-version":[{"id":71454,"href":"https:\/\/www.ull.es\/portal\/noticias\/wp-json\/wp\/v2\/posts\/71453\/revisions\/71454"}],"wp:featuredmedia":[{"embeddable":true,"href":"https:\/\/www.ull.es\/portal\/noticias\/wp-json\/wp\/v2\/media\/71456"}],"wp:attachment":[{"href":"https:\/\/www.ull.es\/portal\/noticias\/wp-json\/wp\/v2\/media?parent=71453"}],"wp:term":[{"taxonomy":"category","embeddable":true,"href":"https:\/\/www.ull.es\/portal\/noticias\/wp-json\/wp\/v2\/categories?post=71453"},{"taxonomy":"post_tag","embeddable":true,"href":"https:\/\/www.ull.es\/portal\/noticias\/wp-json\/wp\/v2\/tags?post=71453"}],"curies":[{"name":"wp","href":"https:\/\/api.w.org\/{rel}","templated":true}]}}