{"id":71633,"date":"2023-09-25T08:34:57","date_gmt":"2023-09-25T08:34:57","guid":{"rendered":"https:\/\/www.ull.es\/portal\/noticias\/?p=71633"},"modified":"2023-09-25T08:37:21","modified_gmt":"2023-09-25T08:37:21","slug":"ull-y-cabildo-facilitan-insercion-laboral-jovenes-programa-ponos","status":"publish","type":"post","link":"https:\/\/www.ull.es\/portal\/noticias\/2023\/ull-y-cabildo-facilitan-insercion-laboral-jovenes-programa-ponos\/","title":{"rendered":"La ULL y el Cabildo de Tenerife facilitan la inserci\u00f3n laboral de los j\u00f3venes a trav\u00e9s del programa Ponos"},"content":{"rendered":"<p>El Cabildo de Tenerife, a trav\u00e9s del \u00e1rea de Educaci\u00f3n y Juventud, y la Universidad de La Laguna, han atendido directamente a 1.756 j\u00f3venes para facilitar su inserci\u00f3n laboral a trav\u00e9s del II <a href=\"https:\/\/consiguecurroconponos.com\/\" target=\"_blank\" rel=\"noopener\" target=\"_blank\" rel=\"noopener\">Programa Ponos<\/a>. Esta iniciativa tiene como objetivo acompa\u00f1ar a las personas j\u00f3venes de entre 16 y 35 a\u00f1os en la elaboraci\u00f3n de su proyecto personal de empleo y en su segunda edici\u00f3n se han realizado 404 acciones formativas de empleabilidad en las que han participado 3.185 personas. Adem\u00e1s, se han otorgado 237 becas a j\u00f3venes para acceder al mercado laboral.<\/p>\n<p>El consejero de Empleo y Educaci\u00f3n, Efra\u00edn Medina; el consejero de Juventud y Formaci\u00f3n, Seraf\u00edn Mesa, y la vicerrectora de Estudiantes de la instituci\u00f3n acad\u00e9mica, Mar\u00eda Rosario Hern\u00e1ndez, asistieron al II Ponos Fest celebrada recientemente en la Facultad de Bellas Artes en el que se pusieron en com\u00fan diferentes experiencias y se reconoci\u00f3 la labor de las empresas participantes.<\/p>\n<p>Efra\u00edn Medina agradeci\u00f3 la labor realizada \u201cpara mejorar la formaci\u00f3n y facilitar la inserci\u00f3n de las personas j\u00f3venes de Tenerife en la que siempre encontramos el apoyo de la Universidad de La Laguna y la Fundaci\u00f3n General de la ULL\u201d, mientras que Mesa subray\u00f3 la necesidad de seguir trabajando \u201ca trav\u00e9s de diferentes l\u00edneas para potenciar las oportunidades de empleo para la juventud. Ya estamos trabajando para seguir con este tipo de iniciativas y complementarlas con otras l\u00edneas estrat\u00e9gicas del Cabildo\u201d. Por su parte, Mar\u00eda Rosario Hern\u00e1ndez asegur\u00f3 que el compromiso de la Universidad de La Laguna es firme para seguir apostando por estas iniciativas que facilitan la inserci\u00f3n laboral de los j\u00f3venes.<\/p>\n<p>Desde su puesta en marcha en 2021, m\u00e1s de 3.089 j\u00f3venes han sido atendidos en el programa, que es financiado por el Cabildo e impulsado por la Fundaci\u00f3n General de la Universidad de La Laguna. Adem\u00e1s, se han realizado 564 acciones formativas en las que han tomado parte 4.164 personas y 358 j\u00f3venes han disfrutado de una beca para acceder al mercado laboral.<a href=\"https:\/\/www.ull.es\/portal\/noticias\/wp-content\/uploads\/sites\/13\/2023\/09\/ponos.jpg\" target=\"_blank\" rel=\"noopener\"><img decoding=\"async\" loading=\"lazy\" class=\"alignright size-medium wp-image-71636\" src=\"https:\/\/www.ull.es\/portal\/noticias\/wp-content\/uploads\/sites\/13\/2023\/09\/ponos-300x200.jpg\" alt=\"\" width=\"300\" height=\"200\" srcset=\"https:\/\/www.ull.es\/portal\/noticias\/wp-content\/uploads\/sites\/13\/2023\/09\/ponos-300x200.jpg 300w, https:\/\/www.ull.es\/portal\/noticias\/wp-content\/uploads\/sites\/13\/2023\/09\/ponos-1024x683.jpg 1024w, https:\/\/www.ull.es\/portal\/noticias\/wp-content\/uploads\/sites\/13\/2023\/09\/ponos-768x512.jpg 768w, https:\/\/www.ull.es\/portal\/noticias\/wp-content\/uploads\/sites\/13\/2023\/09\/ponos-375x250.jpg 375w, https:\/\/www.ull.es\/portal\/noticias\/wp-content\/uploads\/sites\/13\/2023\/09\/ponos-750x500.jpg 750w, https:\/\/www.ull.es\/portal\/noticias\/wp-content\/uploads\/sites\/13\/2023\/09\/ponos-1140x760.jpg 1140w, https:\/\/www.ull.es\/portal\/noticias\/wp-content\/uploads\/sites\/13\/2023\/09\/ponos.jpg 1200w\" sizes=\"(max-width: 300px) 100vw, 300px\" \/><\/a><\/p>\n<p>El proyecto Ponos cuenta con acuerdos en distintos ayuntamientos de la isla y trabaja en nueve sedes de Tenerife situadas en los municipios de Santa Cruz, La Laguna, Candelaria, Arona, Gu\u00eda de Isora y Los Realejos. Desde all\u00ed, desarrollan formaciones a medida, sesiones de orientaci\u00f3n individuales y convocan las becas de inserci\u00f3n Ponos, unas ayudas que permiten a los j\u00f3venes trabajar en empresas asociadas durante un periodo de hasta cinco meses mientras se forman para mejorar su empleabilidad. A su vez, este proyecto tambi\u00e9n busca la participaci\u00f3n activa de empresas y entidades que brinden oportunidades para el desarrollo laboral de las nuevas generaciones.<\/p>\n<p>El Ponos Fest 2023, adem\u00e1s de reconocer el papel de empresas, organismos colaboradores y j\u00f3venes en la generaci\u00f3n de oportunidades de acceso al mercado laboral, permite acercarlo a nuevos participantes y colaboradores para la tercera edici\u00f3n que est\u00e1 a punto de comenzar. Durante el evento, adem\u00e1s de compartir diferentes experiencias y visiones sobre las necesidades de las empresas y la orientaci\u00f3n que las personas j\u00f3venes demandan y encuentran en este innovador programa, tuvieron lugar din\u00e1micas de networking y desarrollo de capacidades, guiadas por personal t\u00e9cnico de Ponos.<\/p>\n<p><strong>Nota de prensa y fotograf\u00eda cedidas.<\/strong><\/p>\n","protected":false},"excerpt":{"rendered":"<p>El Cabildo de Tenerife, a trav\u00e9s del \u00e1rea de Educaci\u00f3n y Juventud, y la Universidad de La Laguna, han atendido&#8230;<\/p>\n","protected":false},"author":67,"featured_media":71635,"comment_status":"closed","ping_status":"closed","sticky":false,"template":"","format":"standard","meta":{"inline_featured_image":false,"footnotes":""},"categories":[343,345,2765],"tags":[665,1509,7898],"acf":[],"yoast_head":"<!-- This site is optimized with the Yoast SEO plugin v21.3 - https:\/\/yoast.com\/wordpress\/plugins\/seo\/ -->\n<title>La ULL y el Cabildo de Tenerife facilitan la inserci\u00f3n laboral de los j\u00f3venes a trav\u00e9s del programa Ponos - ULL - Noticias<\/title>\n<meta name=\"description\" content=\"El Cabildo de Tenerife, a trav\u00e9s del \u00e1rea de Educaci\u00f3n y Juventud, y la Universidad de La Laguna, han atendido directamente a 1.756 j\u00f3venes para facilitar su inserci\u00f3n laboral a trav\u00e9s del II Programa Ponos.\" \/>\n<meta name=\"robots\" content=\"index, follow, max-snippet:-1, max-image-preview:large, max-video-preview:-1\" \/>\n<link rel=\"canonical\" href=\"https:\/\/www.ull.es\/portal\/noticias\/2023\/ull-y-cabildo-facilitan-insercion-laboral-jovenes-programa-ponos\/\" \/>\n<meta property=\"og:locale\" content=\"es_ES\" \/>\n<meta property=\"og:type\" content=\"article\" \/>\n<meta property=\"og:title\" content=\"La ULL y el Cabildo de Tenerife facilitan la inserci\u00f3n laboral de los j\u00f3venes a trav\u00e9s del programa Ponos - ULL - Noticias\" \/>\n<meta property=\"og:description\" content=\"El Cabildo de Tenerife, a trav\u00e9s del \u00e1rea de Educaci\u00f3n y Juventud, y la Universidad de La Laguna, han atendido directamente a 1.756 j\u00f3venes para facilitar su inserci\u00f3n laboral a trav\u00e9s del II Programa Ponos.\" \/>\n<meta property=\"og:url\" content=\"https:\/\/www.ull.es\/portal\/noticias\/2023\/ull-y-cabildo-facilitan-insercion-laboral-jovenes-programa-ponos\/\" \/>\n<meta property=\"og:site_name\" content=\"ULL - Noticias\" \/>\n<meta property=\"article:publisher\" content=\"https:\/\/www.facebook.com\/universidaddelalaguna\/\" \/>\n<meta property=\"article:published_time\" content=\"2023-09-25T08:34:57+00:00\" \/>\n<meta property=\"article:modified_time\" content=\"2023-09-25T08:37:21+00:00\" \/>\n<meta property=\"og:image\" content=\"https:\/\/www.ull.es\/portal\/noticias\/wp-content\/uploads\/sites\/13\/2023\/09\/ponos-1.jpg\" \/>\n\t<meta property=\"og:image:width\" content=\"1200\" \/>\n\t<meta property=\"og:image:height\" content=\"800\" \/>\n\t<meta property=\"og:image:type\" content=\"image\/jpeg\" \/>\n<meta name=\"author\" content=\"gcom5\" \/>\n<meta name=\"twitter:card\" content=\"summary_large_image\" \/>\n<meta name=\"twitter:creator\" content=\"@CanalULL\" \/>\n<meta name=\"twitter:site\" content=\"@CanalULL\" \/>\n<meta name=\"twitter:label1\" content=\"Escrito por\" \/>\n\t<meta name=\"twitter:data1\" content=\"gcom5\" \/>\n\t<meta name=\"twitter:label2\" content=\"Tiempo de lectura\" \/>\n\t<meta name=\"twitter:data2\" content=\"3 minutos\" \/>\n<script type=\"application\/ld+json\" class=\"yoast-schema-graph\">{\"@context\":\"https:\/\/schema.org\",\"@graph\":[{\"@type\":\"WebPage\",\"@id\":\"https:\/\/www.ull.es\/portal\/noticias\/2023\/ull-y-cabildo-facilitan-insercion-laboral-jovenes-programa-ponos\/\",\"url\":\"https:\/\/www.ull.es\/portal\/noticias\/2023\/ull-y-cabildo-facilitan-insercion-laboral-jovenes-programa-ponos\/\",\"name\":\"La ULL y el Cabildo de Tenerife facilitan la inserci\u00f3n laboral de los j\u00f3venes a trav\u00e9s del programa Ponos - ULL - Noticias\",\"isPartOf\":{\"@id\":\"https:\/\/www.ull.es\/portal\/noticias\/#website\"},\"datePublished\":\"2023-09-25T08:34:57+00:00\",\"dateModified\":\"2023-09-25T08:37:21+00:00\",\"author\":{\"@id\":\"https:\/\/www.ull.es\/portal\/noticias\/#\/schema\/person\/8027c6c4687adc2c90dc1532715d34df\"},\"description\":\"El Cabildo de Tenerife, a trav\u00e9s del \u00e1rea de Educaci\u00f3n y Juventud, y la Universidad de La Laguna, han atendido directamente a 1.756 j\u00f3venes para facilitar su inserci\u00f3n laboral a trav\u00e9s del II Programa Ponos.\",\"breadcrumb\":{\"@id\":\"https:\/\/www.ull.es\/portal\/noticias\/2023\/ull-y-cabildo-facilitan-insercion-laboral-jovenes-programa-ponos\/#breadcrumb\"},\"inLanguage\":\"es\",\"potentialAction\":[{\"@type\":\"ReadAction\",\"target\":[\"https:\/\/www.ull.es\/portal\/noticias\/2023\/ull-y-cabildo-facilitan-insercion-laboral-jovenes-programa-ponos\/\"]}]},{\"@type\":\"BreadcrumbList\",\"@id\":\"https:\/\/www.ull.es\/portal\/noticias\/2023\/ull-y-cabildo-facilitan-insercion-laboral-jovenes-programa-ponos\/#breadcrumb\",\"itemListElement\":[{\"@type\":\"ListItem\",\"position\":1,\"name\":\"Portada\",\"item\":\"https:\/\/www.ull.es\/portal\/noticias\/\"},{\"@type\":\"ListItem\",\"position\":2,\"name\":\"La ULL y el Cabildo de Tenerife facilitan la inserci\u00f3n laboral de los j\u00f3venes a trav\u00e9s del programa Ponos\"}]},{\"@type\":\"WebSite\",\"@id\":\"https:\/\/www.ull.es\/portal\/noticias\/#website\",\"url\":\"https:\/\/www.ull.es\/portal\/noticias\/\",\"name\":\"ULL - Noticias\",\"description\":\"\",\"potentialAction\":[{\"@type\":\"SearchAction\",\"target\":{\"@type\":\"EntryPoint\",\"urlTemplate\":\"https:\/\/www.ull.es\/portal\/noticias\/?s={search_term_string}\"},\"query-input\":\"required name=search_term_string\"}],\"inLanguage\":\"es\"},{\"@type\":\"Person\",\"@id\":\"https:\/\/www.ull.es\/portal\/noticias\/#\/schema\/person\/8027c6c4687adc2c90dc1532715d34df\",\"name\":\"gcom5\",\"image\":{\"@type\":\"ImageObject\",\"inLanguage\":\"es\",\"@id\":\"https:\/\/www.ull.es\/portal\/noticias\/#\/schema\/person\/image\/\",\"url\":\"https:\/\/secure.gravatar.com\/avatar\/8b3777f8048001fa57b88338ce5605b9?s=96&d=mm&r=g\",\"contentUrl\":\"https:\/\/secure.gravatar.com\/avatar\/8b3777f8048001fa57b88338ce5605b9?s=96&d=mm&r=g\",\"caption\":\"gcom5\"},\"url\":\"https:\/\/www.ull.es\/portal\/noticias\/author\/gcom5\/\"}]}<\/script>\n<!-- \/ Yoast SEO plugin. -->","yoast_head_json":{"title":"La ULL y el Cabildo de Tenerife facilitan la inserci\u00f3n laboral de los j\u00f3venes a trav\u00e9s del programa Ponos - ULL - Noticias","description":"El Cabildo de Tenerife, a trav\u00e9s del \u00e1rea de Educaci\u00f3n y Juventud, y la Universidad de La Laguna, han atendido directamente a 1.756 j\u00f3venes para facilitar su inserci\u00f3n laboral a trav\u00e9s del II Programa Ponos.","robots":{"index":"index","follow":"follow","max-snippet":"max-snippet:-1","max-image-preview":"max-image-preview:large","max-video-preview":"max-video-preview:-1"},"canonical":"https:\/\/www.ull.es\/portal\/noticias\/2023\/ull-y-cabildo-facilitan-insercion-laboral-jovenes-programa-ponos\/","og_locale":"es_ES","og_type":"article","og_title":"La ULL y el Cabildo de Tenerife facilitan la inserci\u00f3n laboral de los j\u00f3venes a trav\u00e9s del programa Ponos - ULL - Noticias","og_description":"El Cabildo de Tenerife, a trav\u00e9s del \u00e1rea de Educaci\u00f3n y Juventud, y la Universidad de La Laguna, han atendido directamente a 1.756 j\u00f3venes para facilitar su inserci\u00f3n laboral a trav\u00e9s del II Programa Ponos.","og_url":"https:\/\/www.ull.es\/portal\/noticias\/2023\/ull-y-cabildo-facilitan-insercion-laboral-jovenes-programa-ponos\/","og_site_name":"ULL - Noticias","article_publisher":"https:\/\/www.facebook.com\/universidaddelalaguna\/","article_published_time":"2023-09-25T08:34:57+00:00","article_modified_time":"2023-09-25T08:37:21+00:00","og_image":[{"width":1200,"height":800,"url":"https:\/\/www.ull.es\/portal\/noticias\/wp-content\/uploads\/sites\/13\/2023\/09\/ponos-1.jpg","type":"image\/jpeg"}],"author":"gcom5","twitter_card":"summary_large_image","twitter_creator":"@CanalULL","twitter_site":"@CanalULL","twitter_misc":{"Escrito por":"gcom5","Tiempo de lectura":"3 minutos"},"schema":{"@context":"https:\/\/schema.org","@graph":[{"@type":"WebPage","@id":"https:\/\/www.ull.es\/portal\/noticias\/2023\/ull-y-cabildo-facilitan-insercion-laboral-jovenes-programa-ponos\/","url":"https:\/\/www.ull.es\/portal\/noticias\/2023\/ull-y-cabildo-facilitan-insercion-laboral-jovenes-programa-ponos\/","name":"La ULL y el Cabildo de Tenerife facilitan la inserci\u00f3n laboral de los j\u00f3venes a trav\u00e9s del programa Ponos - ULL - Noticias","isPartOf":{"@id":"https:\/\/www.ull.es\/portal\/noticias\/#website"},"datePublished":"2023-09-25T08:34:57+00:00","dateModified":"2023-09-25T08:37:21+00:00","author":{"@id":"https:\/\/www.ull.es\/portal\/noticias\/#\/schema\/person\/8027c6c4687adc2c90dc1532715d34df"},"description":"El Cabildo de Tenerife, a trav\u00e9s del \u00e1rea de Educaci\u00f3n y Juventud, y la Universidad de La Laguna, han atendido directamente a 1.756 j\u00f3venes para facilitar su inserci\u00f3n laboral a trav\u00e9s del II Programa Ponos.","breadcrumb":{"@id":"https:\/\/www.ull.es\/portal\/noticias\/2023\/ull-y-cabildo-facilitan-insercion-laboral-jovenes-programa-ponos\/#breadcrumb"},"inLanguage":"es","potentialAction":[{"@type":"ReadAction","target":["https:\/\/www.ull.es\/portal\/noticias\/2023\/ull-y-cabildo-facilitan-insercion-laboral-jovenes-programa-ponos\/"]}]},{"@type":"BreadcrumbList","@id":"https:\/\/www.ull.es\/portal\/noticias\/2023\/ull-y-cabildo-facilitan-insercion-laboral-jovenes-programa-ponos\/#breadcrumb","itemListElement":[{"@type":"ListItem","position":1,"name":"Portada","item":"https:\/\/www.ull.es\/portal\/noticias\/"},{"@type":"ListItem","position":2,"name":"La ULL y el Cabildo de Tenerife facilitan la inserci\u00f3n laboral de los j\u00f3venes a trav\u00e9s del programa Ponos"}]},{"@type":"WebSite","@id":"https:\/\/www.ull.es\/portal\/noticias\/#website","url":"https:\/\/www.ull.es\/portal\/noticias\/","name":"ULL - Noticias","description":"","potentialAction":[{"@type":"SearchAction","target":{"@type":"EntryPoint","urlTemplate":"https:\/\/www.ull.es\/portal\/noticias\/?s={search_term_string}"},"query-input":"required name=search_term_string"}],"inLanguage":"es"},{"@type":"Person","@id":"https:\/\/www.ull.es\/portal\/noticias\/#\/schema\/person\/8027c6c4687adc2c90dc1532715d34df","name":"gcom5","image":{"@type":"ImageObject","inLanguage":"es","@id":"https:\/\/www.ull.es\/portal\/noticias\/#\/schema\/person\/image\/","url":"https:\/\/secure.gravatar.com\/avatar\/8b3777f8048001fa57b88338ce5605b9?s=96&d=mm&r=g","contentUrl":"https:\/\/secure.gravatar.com\/avatar\/8b3777f8048001fa57b88338ce5605b9?s=96&d=mm&r=g","caption":"gcom5"},"url":"https:\/\/www.ull.es\/portal\/noticias\/author\/gcom5\/"}]}},"primary_category":{"id":345,"name":"Destacado","slug":"destacado","link":"https:\/\/www.ull.es\/portal\/noticias\/category\/destacado\/"},"featured_image_thumbnail_url":"https:\/\/www.ull.es\/portal\/noticias\/wp-content\/uploads\/sites\/13\/2023\/09\/ponos-1-300x200.jpg","_links":{"self":[{"href":"https:\/\/www.ull.es\/portal\/noticias\/wp-json\/wp\/v2\/posts\/71633"}],"collection":[{"href":"https:\/\/www.ull.es\/portal\/noticias\/wp-json\/wp\/v2\/posts"}],"about":[{"href":"https:\/\/www.ull.es\/portal\/noticias\/wp-json\/wp\/v2\/types\/post"}],"author":[{"embeddable":true,"href":"https:\/\/www.ull.es\/portal\/noticias\/wp-json\/wp\/v2\/users\/67"}],"replies":[{"embeddable":true,"href":"https:\/\/www.ull.es\/portal\/noticias\/wp-json\/wp\/v2\/comments?post=71633"}],"version-history":[{"count":2,"href":"https:\/\/www.ull.es\/portal\/noticias\/wp-json\/wp\/v2\/posts\/71633\/revisions"}],"predecessor-version":[{"id":71638,"href":"https:\/\/www.ull.es\/portal\/noticias\/wp-json\/wp\/v2\/posts\/71633\/revisions\/71638"}],"wp:featuredmedia":[{"embeddable":true,"href":"https:\/\/www.ull.es\/portal\/noticias\/wp-json\/wp\/v2\/media\/71635"}],"wp:attachment":[{"href":"https:\/\/www.ull.es\/portal\/noticias\/wp-json\/wp\/v2\/media?parent=71633"}],"wp:term":[{"taxonomy":"category","embeddable":true,"href":"https:\/\/www.ull.es\/portal\/noticias\/wp-json\/wp\/v2\/categories?post=71633"},{"taxonomy":"post_tag","embeddable":true,"href":"https:\/\/www.ull.es\/portal\/noticias\/wp-json\/wp\/v2\/tags?post=71633"}],"curies":[{"name":"wp","href":"https:\/\/api.w.org\/{rel}","templated":true}]}}