{"id":71651,"date":"2023-09-25T13:26:50","date_gmt":"2023-09-25T13:26:50","guid":{"rendered":"https:\/\/www.ull.es\/portal\/noticias\/?p=71651"},"modified":"2023-09-25T13:26:50","modified_gmt":"2023-09-25T13:26:50","slug":"abre-matricula-acceso-mayores-25-40-45","status":"publish","type":"post","link":"https:\/\/www.ull.es\/portal\/noticias\/2023\/abre-matricula-acceso-mayores-25-40-45\/","title":{"rendered":"La ULL abre la matr\u00edcula de sus procedimientos de acceso para personas mayores de 25, 40 y 45 a\u00f1os"},"content":{"rendered":"<p>Entre las modalidades de acceso a estudios de grado disponibles en la Universidad de La Laguna se cuentan las dise\u00f1adas para personas mayores de 25, 40 y de 45 a\u00f1os sin la titulaci\u00f3n necesaria para solicitar el procedimiento ordinario. La matr\u00edcula para acceder a estas v\u00edas de entrada est\u00e1 abierta hasta el pr\u00f3ximo 2 de octubre. En el caso de mayores de 25 y 45 a\u00f1os, las personas interesadas han de superar unas pruebas de acceso el pr\u00f3ximo marzo pero para poder realizarla, primero deben superar un curso preparatorio. La <a href=\"https:\/\/www.ull.es\/admision-becas\/acceso-mayores\/\" target=\"_blank\" rel=\"noopener\" target=\"_blank\" rel=\"noopener\">informaci\u00f3n completa<\/a> sobre el procedimiento de matr\u00edcula, la documentaci\u00f3n necesaria y la estructura de las tres modalidades de acceso est\u00e1 disponible en el banner ubicado en la portada de la web institucional.<\/p>\n<p>Las personas que se matriculen tanto en el curso para mayores de 25 como en el de 45 a\u00f1os deber\u00e1n indicar en el momento de matricularse si desean realizar esta formaci\u00f3n en la propia Universidad de La Laguna o en el Centro de Educaci\u00f3n de Adultos a Distancia (CEAD) \u201cMercedes Pinto\u201d. En el caso de la prueba para 25 a\u00f1os, el coste de matr\u00edcula ser\u00e1 de 278,18 euros, mientras que en caso de 45, ser\u00e1 de 174,5, si bien existen descuentos y exenciones de pago para diversas casu\u00edsticas, como ser miembro de familia numerosa, tener discapacidad superior al 33% o ser v\u00edctima de terrorismo o de violencia de g\u00e9nero, entre otras.<\/p>\n<p>En ambos casos, el curso se desarrollar\u00e1 entre el 23 de octubre y el 16 de febrero, con interrupciones con motivo de las festividades navide\u00f1as y el puente de diciembre. En cuanto a las pruebas, la primera de ellas, la fase general, se celebrar\u00e1 el d\u00eda 20 de marzo de 2024 tanto para mayores de 25 como de 45. En ella, el alumnado de la primera modalidad completar\u00e1 tres ejercicios de las materias Comentario de Texto, Lengua Castellana y Lengua Extranjera (Ingl\u00e9s o Franc\u00e9s), mientras que la fase general para mayores de 45 a\u00f1os consistir\u00e1 en s\u00f3lo dos pruebas: Comentario de Texto y Lengua Castellana.<\/p>\n<p>Tras esta primera fase general, ambas modalidades difieren: la de mayores de 25 contar\u00e1 con una segunda tanda de ex\u00e1menes, el 21 de marzo, sobre las tres materias correspondientes a la opci\u00f3n elegida por cada estudiante cuando se matricul\u00f3 de entre las cinco disponibles: Arte y Humanidades, Ciencias, Ciencias de la Salud, Ciencias Sociales y Jur\u00eddicas e Ingenier\u00eda y Arquitectura. En cambio, la segunda etapa de la prueba para mayores de 45 a\u00f1os consistir\u00e1 en una entrevista personal en dos fases: la primera mediante un cuestionario t\u00e9cnico sobre su curr\u00edculo, y la segunda de car\u00e1cter oral ante una comisi\u00f3n evaluadora.<\/p>\n<p><strong>Mayores de 40 a\u00f1os<\/strong><\/p>\n<p>En el caso de la convocatoria para mayores de 40 a\u00f1os, no existe curso formativo porque el acceso no requiere ninguna prueba. Esta modalidad est\u00e1 destinada a personas sin titulaci\u00f3n para acceder a la universidad mediante el procedimiento ordinario pero con experiencia profesional relacionada con el grado en el cual desean matricularse. Por ello, se realizar\u00e1 una evaluaci\u00f3n de m\u00e9ritos profesionales y formaci\u00f3n recibida y, en caso de superar esa primera criba, se acceder\u00e1 a una fase final de entrevista.<\/p>\n<p>En todos los casos, las personas que logren superar alguno de estos tres procedimientos de acceso podr\u00e1n formalizar su matr\u00edcula en la titulaci\u00f3n de grado de su inter\u00e9s el pr\u00f3ximo curso 2024-25.<\/p>\n","protected":false},"excerpt":{"rendered":"<p>Entre las modalidades de acceso a estudios de grado disponibles en la Universidad de La Laguna se cuentan las dise\u00f1adas&#8230;<\/p>\n","protected":false},"author":21,"featured_media":71652,"comment_status":"closed","ping_status":"closed","sticky":false,"template":"","format":"standard","meta":{"inline_featured_image":false,"footnotes":""},"categories":[343,345,2765],"tags":[3758,8956,677,678,6012,6014,6013,2039,2040],"acf":[],"yoast_head":"<!-- This site is optimized with the Yoast SEO plugin v21.3 - https:\/\/yoast.com\/wordpress\/plugins\/seo\/ -->\n<title>Abierta la matr\u00edcula para el acceso a mayores de 25, 40 y 45 a\u00f1os<\/title>\n<meta name=\"description\" content=\"Las personas interesadas en inscribirse en alguna de estas tres modalidades de entrada a la ULL podr\u00e1n solicitarlo hasta el 2 de octubre.\" \/>\n<meta name=\"robots\" content=\"index, follow, max-snippet:-1, max-image-preview:large, max-video-preview:-1\" \/>\n<link rel=\"canonical\" href=\"https:\/\/www.ull.es\/portal\/noticias\/2023\/abre-matricula-acceso-mayores-25-40-45\/\" \/>\n<meta property=\"og:locale\" content=\"es_ES\" \/>\n<meta property=\"og:type\" content=\"article\" \/>\n<meta property=\"og:title\" content=\"Abierta la matr\u00edcula para el acceso a mayores de 25, 40 y 45 a\u00f1os\" \/>\n<meta property=\"og:description\" content=\"Las personas interesadas en inscribirse en alguna de estas tres modalidades de entrada a la ULL podr\u00e1n solicitarlo hasta el 2 de octubre.\" \/>\n<meta property=\"og:url\" content=\"https:\/\/www.ull.es\/portal\/noticias\/2023\/abre-matricula-acceso-mayores-25-40-45\/\" \/>\n<meta property=\"og:site_name\" content=\"ULL - Noticias\" \/>\n<meta property=\"article:publisher\" content=\"https:\/\/www.facebook.com\/universidaddelalaguna\/\" \/>\n<meta property=\"article:published_time\" content=\"2023-09-25T13:26:50+00:00\" \/>\n<meta property=\"og:image\" content=\"https:\/\/www.ull.es\/portal\/noticias\/wp-content\/uploads\/sites\/13\/2023\/09\/Exa\u0301menes-para-mayores-031.jpg\" \/>\n\t<meta property=\"og:image:width\" content=\"1600\" \/>\n\t<meta property=\"og:image:height\" content=\"1067\" \/>\n\t<meta property=\"og:image:type\" content=\"image\/jpeg\" \/>\n<meta name=\"author\" content=\"prensa2\" \/>\n<meta name=\"twitter:card\" content=\"summary_large_image\" \/>\n<meta name=\"twitter:creator\" content=\"@CanalULL\" \/>\n<meta name=\"twitter:site\" content=\"@CanalULL\" \/>\n<meta name=\"twitter:label1\" content=\"Escrito por\" \/>\n\t<meta name=\"twitter:data1\" content=\"prensa2\" \/>\n\t<meta name=\"twitter:label2\" content=\"Tiempo de lectura\" \/>\n\t<meta name=\"twitter:data2\" content=\"3 minutos\" \/>\n<script type=\"application\/ld+json\" class=\"yoast-schema-graph\">{\"@context\":\"https:\/\/schema.org\",\"@graph\":[{\"@type\":\"WebPage\",\"@id\":\"https:\/\/www.ull.es\/portal\/noticias\/2023\/abre-matricula-acceso-mayores-25-40-45\/\",\"url\":\"https:\/\/www.ull.es\/portal\/noticias\/2023\/abre-matricula-acceso-mayores-25-40-45\/\",\"name\":\"Abierta la matr\u00edcula para el acceso a mayores de 25, 40 y 45 a\u00f1os\",\"isPartOf\":{\"@id\":\"https:\/\/www.ull.es\/portal\/noticias\/#website\"},\"datePublished\":\"2023-09-25T13:26:50+00:00\",\"dateModified\":\"2023-09-25T13:26:50+00:00\",\"author\":{\"@id\":\"https:\/\/www.ull.es\/portal\/noticias\/#\/schema\/person\/c3b2aa857797592927a03740d6664376\"},\"description\":\"Las personas interesadas en inscribirse en alguna de estas tres modalidades de entrada a la ULL podr\u00e1n solicitarlo hasta el 2 de octubre.\",\"breadcrumb\":{\"@id\":\"https:\/\/www.ull.es\/portal\/noticias\/2023\/abre-matricula-acceso-mayores-25-40-45\/#breadcrumb\"},\"inLanguage\":\"es\",\"potentialAction\":[{\"@type\":\"ReadAction\",\"target\":[\"https:\/\/www.ull.es\/portal\/noticias\/2023\/abre-matricula-acceso-mayores-25-40-45\/\"]}]},{\"@type\":\"BreadcrumbList\",\"@id\":\"https:\/\/www.ull.es\/portal\/noticias\/2023\/abre-matricula-acceso-mayores-25-40-45\/#breadcrumb\",\"itemListElement\":[{\"@type\":\"ListItem\",\"position\":1,\"name\":\"Portada\",\"item\":\"https:\/\/www.ull.es\/portal\/noticias\/\"},{\"@type\":\"ListItem\",\"position\":2,\"name\":\"La ULL abre la matr\u00edcula de sus procedimientos de acceso para personas mayores de 25, 40 y 45 a\u00f1os\"}]},{\"@type\":\"WebSite\",\"@id\":\"https:\/\/www.ull.es\/portal\/noticias\/#website\",\"url\":\"https:\/\/www.ull.es\/portal\/noticias\/\",\"name\":\"ULL - Noticias\",\"description\":\"\",\"potentialAction\":[{\"@type\":\"SearchAction\",\"target\":{\"@type\":\"EntryPoint\",\"urlTemplate\":\"https:\/\/www.ull.es\/portal\/noticias\/?s={search_term_string}\"},\"query-input\":\"required name=search_term_string\"}],\"inLanguage\":\"es\"},{\"@type\":\"Person\",\"@id\":\"https:\/\/www.ull.es\/portal\/noticias\/#\/schema\/person\/c3b2aa857797592927a03740d6664376\",\"name\":\"prensa2\",\"image\":{\"@type\":\"ImageObject\",\"inLanguage\":\"es\",\"@id\":\"https:\/\/www.ull.es\/portal\/noticias\/#\/schema\/person\/image\/\",\"url\":\"https:\/\/secure.gravatar.com\/avatar\/b58f310a5de5feb33d1e026d2493f23c?s=96&d=mm&r=g\",\"contentUrl\":\"https:\/\/secure.gravatar.com\/avatar\/b58f310a5de5feb33d1e026d2493f23c?s=96&d=mm&r=g\",\"caption\":\"prensa2\"},\"url\":\"https:\/\/www.ull.es\/portal\/noticias\/author\/prensa2\/\"}]}<\/script>\n<!-- \/ Yoast SEO plugin. -->","yoast_head_json":{"title":"Abierta la matr\u00edcula para el acceso a mayores de 25, 40 y 45 a\u00f1os","description":"Las personas interesadas en inscribirse en alguna de estas tres modalidades de entrada a la ULL podr\u00e1n solicitarlo hasta el 2 de octubre.","robots":{"index":"index","follow":"follow","max-snippet":"max-snippet:-1","max-image-preview":"max-image-preview:large","max-video-preview":"max-video-preview:-1"},"canonical":"https:\/\/www.ull.es\/portal\/noticias\/2023\/abre-matricula-acceso-mayores-25-40-45\/","og_locale":"es_ES","og_type":"article","og_title":"Abierta la matr\u00edcula para el acceso a mayores de 25, 40 y 45 a\u00f1os","og_description":"Las personas interesadas en inscribirse en alguna de estas tres modalidades de entrada a la ULL podr\u00e1n solicitarlo hasta el 2 de octubre.","og_url":"https:\/\/www.ull.es\/portal\/noticias\/2023\/abre-matricula-acceso-mayores-25-40-45\/","og_site_name":"ULL - Noticias","article_publisher":"https:\/\/www.facebook.com\/universidaddelalaguna\/","article_published_time":"2023-09-25T13:26:50+00:00","og_image":[{"width":1600,"height":1067,"url":"https:\/\/www.ull.es\/portal\/noticias\/wp-content\/uploads\/sites\/13\/2023\/09\/Exa\u0301menes-para-mayores-031.jpg","type":"image\/jpeg"}],"author":"prensa2","twitter_card":"summary_large_image","twitter_creator":"@CanalULL","twitter_site":"@CanalULL","twitter_misc":{"Escrito por":"prensa2","Tiempo de lectura":"3 minutos"},"schema":{"@context":"https:\/\/schema.org","@graph":[{"@type":"WebPage","@id":"https:\/\/www.ull.es\/portal\/noticias\/2023\/abre-matricula-acceso-mayores-25-40-45\/","url":"https:\/\/www.ull.es\/portal\/noticias\/2023\/abre-matricula-acceso-mayores-25-40-45\/","name":"Abierta la matr\u00edcula para el acceso a mayores de 25, 40 y 45 a\u00f1os","isPartOf":{"@id":"https:\/\/www.ull.es\/portal\/noticias\/#website"},"datePublished":"2023-09-25T13:26:50+00:00","dateModified":"2023-09-25T13:26:50+00:00","author":{"@id":"https:\/\/www.ull.es\/portal\/noticias\/#\/schema\/person\/c3b2aa857797592927a03740d6664376"},"description":"Las personas interesadas en inscribirse en alguna de estas tres modalidades de entrada a la ULL podr\u00e1n solicitarlo hasta el 2 de octubre.","breadcrumb":{"@id":"https:\/\/www.ull.es\/portal\/noticias\/2023\/abre-matricula-acceso-mayores-25-40-45\/#breadcrumb"},"inLanguage":"es","potentialAction":[{"@type":"ReadAction","target":["https:\/\/www.ull.es\/portal\/noticias\/2023\/abre-matricula-acceso-mayores-25-40-45\/"]}]},{"@type":"BreadcrumbList","@id":"https:\/\/www.ull.es\/portal\/noticias\/2023\/abre-matricula-acceso-mayores-25-40-45\/#breadcrumb","itemListElement":[{"@type":"ListItem","position":1,"name":"Portada","item":"https:\/\/www.ull.es\/portal\/noticias\/"},{"@type":"ListItem","position":2,"name":"La ULL abre la matr\u00edcula de sus procedimientos de acceso para personas mayores de 25, 40 y 45 a\u00f1os"}]},{"@type":"WebSite","@id":"https:\/\/www.ull.es\/portal\/noticias\/#website","url":"https:\/\/www.ull.es\/portal\/noticias\/","name":"ULL - Noticias","description":"","potentialAction":[{"@type":"SearchAction","target":{"@type":"EntryPoint","urlTemplate":"https:\/\/www.ull.es\/portal\/noticias\/?s={search_term_string}"},"query-input":"required name=search_term_string"}],"inLanguage":"es"},{"@type":"Person","@id":"https:\/\/www.ull.es\/portal\/noticias\/#\/schema\/person\/c3b2aa857797592927a03740d6664376","name":"prensa2","image":{"@type":"ImageObject","inLanguage":"es","@id":"https:\/\/www.ull.es\/portal\/noticias\/#\/schema\/person\/image\/","url":"https:\/\/secure.gravatar.com\/avatar\/b58f310a5de5feb33d1e026d2493f23c?s=96&d=mm&r=g","contentUrl":"https:\/\/secure.gravatar.com\/avatar\/b58f310a5de5feb33d1e026d2493f23c?s=96&d=mm&r=g","caption":"prensa2"},"url":"https:\/\/www.ull.es\/portal\/noticias\/author\/prensa2\/"}]}},"primary_category":{"id":345,"name":"Destacado","slug":"destacado","link":"https:\/\/www.ull.es\/portal\/noticias\/category\/destacado\/"},"featured_image_thumbnail_url":"https:\/\/www.ull.es\/portal\/noticias\/wp-content\/uploads\/sites\/13\/2023\/09\/Exa\u0301menes-para-mayores-031-300x200.jpg","_links":{"self":[{"href":"https:\/\/www.ull.es\/portal\/noticias\/wp-json\/wp\/v2\/posts\/71651"}],"collection":[{"href":"https:\/\/www.ull.es\/portal\/noticias\/wp-json\/wp\/v2\/posts"}],"about":[{"href":"https:\/\/www.ull.es\/portal\/noticias\/wp-json\/wp\/v2\/types\/post"}],"author":[{"embeddable":true,"href":"https:\/\/www.ull.es\/portal\/noticias\/wp-json\/wp\/v2\/users\/21"}],"replies":[{"embeddable":true,"href":"https:\/\/www.ull.es\/portal\/noticias\/wp-json\/wp\/v2\/comments?post=71651"}],"version-history":[{"count":1,"href":"https:\/\/www.ull.es\/portal\/noticias\/wp-json\/wp\/v2\/posts\/71651\/revisions"}],"predecessor-version":[{"id":71653,"href":"https:\/\/www.ull.es\/portal\/noticias\/wp-json\/wp\/v2\/posts\/71651\/revisions\/71653"}],"wp:featuredmedia":[{"embeddable":true,"href":"https:\/\/www.ull.es\/portal\/noticias\/wp-json\/wp\/v2\/media\/71652"}],"wp:attachment":[{"href":"https:\/\/www.ull.es\/portal\/noticias\/wp-json\/wp\/v2\/media?parent=71651"}],"wp:term":[{"taxonomy":"category","embeddable":true,"href":"https:\/\/www.ull.es\/portal\/noticias\/wp-json\/wp\/v2\/categories?post=71651"},{"taxonomy":"post_tag","embeddable":true,"href":"https:\/\/www.ull.es\/portal\/noticias\/wp-json\/wp\/v2\/tags?post=71651"}],"curies":[{"name":"wp","href":"https:\/\/api.w.org\/{rel}","templated":true}]}}