{"id":71686,"date":"2023-09-26T13:28:28","date_gmt":"2023-09-26T13:28:28","guid":{"rendered":"https:\/\/www.ull.es\/portal\/noticias\/?p=71686"},"modified":"2023-09-26T13:28:28","modified_gmt":"2023-09-26T13:28:28","slug":"gustavo-marrero-nuevo-director-de-la-escuela-de-doctorado-y-estudios-de-posgrado-de-la-ull","status":"publish","type":"post","link":"https:\/\/www.ull.es\/portal\/noticias\/2023\/gustavo-marrero-nuevo-director-de-la-escuela-de-doctorado-y-estudios-de-posgrado-de-la-ull\/","title":{"rendered":"Gustavo Marrero, nuevo director de la Escuela de Doctorado y Estudios de Posgrado de la ULL"},"content":{"rendered":"<p>El catedr\u00e1tico de An\u00e1lisis Econ\u00f3mico <a href=\"https:\/\/portalciencia.ull.es\/investigadores\/82381\/detalle\" target=\"_blank\" rel=\"noopener\">Gustavo Marrero D\u00edaz<\/a> ha tomado posesi\u00f3n hoy 26 de septiembre como nuevo director de la <a href=\"https:\/\/www.ull.es\/centros\/escuela-doctorado-estudios-posgrado\/\" target=\"_blank\" rel=\"noopener\">Escuela de Doctorado y Estudios de Posgrado<\/a> de la Universidad de La Laguna, sustituyendo as\u00ed a Maravillas Aguilar.<\/p>\n<p>Le acompa\u00f1ar\u00e1n en el cargo Sara Darias Curvo como subdirectora del centro; Etelvina de las Casas como subdirectora de calidad y formaci\u00f3n; Carlos Gabriel Bethencourt Marrero, subdirector de Posgrado; Isabel Gonz\u00e1lez D\u00edaz, coordinadora de movilidad internacional y subdirectora de t\u00edtulos propios; Ana Luisa Sanabria Mesa, subdirectora de titulaciones en modalidad online y difusi\u00f3n, y, finalmente, Andrea Padr\u00f3n Villalba, que actuar\u00e1 como secretaria del centro.<\/p>\n<p>El acto de toma de posesi\u00f3n estuvo presidido por el rector, Francisco Garc\u00eda, quien agradeci\u00f3 el compromiso del nuevo equipo tanto con la universidad como con la sociedad por dedicar parte de su tiempo a mejorar la gesti\u00f3n del centro acad\u00e9mico. El rector sostuvo que siempre hay obst\u00e1culos para no hacerlo, dados los m\u00faltiples compromisos que surgen en la vida acad\u00e9mica, por lo que enfatiz\u00f3 este paso adelante. \u201cLa Escuela de Doctorado y Estudios de Posgrado debe ser el buque insignia de la instituci\u00f3n. Es un centro con mucho potencial y un gran futuro\u201d, se\u00f1al\u00f3.<\/p>\n<p>Garc\u00eda tambi\u00e9n tuvo palabras de agradecimiento para el equipo saliente por el trabajo desarrollado hasta ahora. Y agreg\u00f3 que con la entrada de Gustavo Marrero este centro, relativamente joven, entra en su tercera etapa, para la que dese\u00f3 todo el \u00e1nimo e ilusi\u00f3n. \u201cHay ganas de que la escuela crezca y cobre todo su potencial\u201d, a\u00f1adi\u00f3.<\/p>\n<p>El reci\u00e9n nombrado director agradeci\u00f3 la confianza del rector depositada en este nombramiento, cargo que le motiva, dijo, dado que tiene un gran potencial investigador y de transferencia. La Escuela de Doctorado y Estudios de Posgrado de la Universidad de La Laguna gestiona un amplio cat\u00e1logo de t\u00edtulos: 38 m\u00e1steres oficiales, 21 doctorados y 12 t\u00edtulos propios (m\u00e1ster de formaci\u00f3n permanente, diplomas universitarios, expertos universitarios y certificados de formaci\u00f3n espec\u00edfica).<\/p>\n<p><strong>Gustavo Marrero<\/strong><\/p>\n<p>Gustavo A. Marrero es catedr\u00e1tico de An\u00e1lisis Econ\u00f3mico desde 2018 y director del Centro de Investigaci\u00f3n de Desigualdad Social y Gobernanza de la Universidad de La Laguna. Ense\u00f1a e investiga en las \u00e1reas de Crecimiento Econ\u00f3mico, Ingreso (educaci\u00f3n y salud) Desigualdad y Econom\u00eda Energ\u00e9tica y Clim\u00e1tica. Seg\u00fan la clasificaci\u00f3n REPEC-IDEAS, se encuentra entre el 8% superior de Espa\u00f1a y el 10% superior a nivel mundial.<\/p>\n<p>Ha sido consultor de investigaci\u00f3n en el Banco Mundial en 2012, por lo que recibi\u00f3 una beca de investigaci\u00f3n para realizar una investigaci\u00f3n sobre &#8216;Desigualdad, Pobreza y Crecimiento&#8217;. Tambi\u00e9n fue profesor asistente y asociado en m\u00e9todos cuantitativos y macroeconom\u00eda en la Universidad Complutense de Madrid y de la Universidad Aut\u00f3noma de Barcelona e investigador asociado en FEDEA durante 2008 y 2011, donde coordin\u00f3 el programa de investigaci\u00f3n en Energ\u00eda y Cambio Clim\u00e1tico Focus -Abengoa Fedea, y Visiting Scholar en Boston University y Arizona State University.<\/p>\n<p>Sus campos de investigaci\u00f3n son los modelos din\u00e1micos de equilibrio general, eficiencia energ\u00e9tica y contaminaci\u00f3n; desigualdad de oportunidades, pobreza y desarrollo; econom\u00eda clim\u00e1tica, desigualdad, desarrollo y salud. En estos campos y durante los \u00faltimos 10 a\u00f1os, Marrero ha publicado cerca de 40 art\u00edculos en revistas acad\u00e9micas indexadas en ISI-WOS o Scopus, la mayor\u00eda de ellos en Q1 y Q2 en sus categor\u00edas espec\u00edficas (Econom\u00eda, Energ\u00eda o Ciencias Ambientales).<\/p>\n<p>Desde el a\u00f1o 2000 ha participado de forma continuada (como investigador a tiempo completo) en m\u00e1s de 20 proyectos de investigaci\u00f3n competitivos (17 en los \u00faltimos 10 a\u00f1os) del Programa de Investigaci\u00f3n Fundamental en Econom\u00eda financiado por el Ministerio de Ciencia y Tecnolog\u00eda de Espa\u00f1a, pero tambi\u00e9n en proyectos financiado por la Comisi\u00f3n Europea, Fundaci\u00f3n Ram\u00f3n Areces, Gobierno de Canarias, Fundaci\u00f3n Caja Canarias y Centro de Investigaciones Sociol\u00f3gicas. Entre ellos, ha coordinado los \u00faltimos 15 proyectos.<\/p>\n","protected":false},"excerpt":{"rendered":"<p>El catedr\u00e1tico de An\u00e1lisis Econ\u00f3mico Gustavo Marrero D\u00edaz ha tomado posesi\u00f3n hoy 26 de septiembre como nuevo director de la&#8230;<\/p>\n","protected":false},"author":23,"featured_media":71688,"comment_status":"closed","ping_status":"closed","sticky":false,"template":"","format":"standard","meta":{"inline_featured_image":false,"footnotes":""},"categories":[345,4048,348,2765],"tags":[1161],"acf":[],"yoast_head":"<!-- This site is optimized with the Yoast SEO plugin v21.3 - https:\/\/yoast.com\/wordpress\/plugins\/seo\/ -->\n<title>Gustavo Marrero, nuevo director de la Escuela de Doctorado y Estudios de Posgrado de la ULL - ULL - Noticias<\/title>\n<meta name=\"robots\" content=\"index, follow, max-snippet:-1, max-image-preview:large, max-video-preview:-1\" \/>\n<link rel=\"canonical\" href=\"https:\/\/www.ull.es\/portal\/noticias\/2023\/gustavo-marrero-nuevo-director-de-la-escuela-de-doctorado-y-estudios-de-posgrado-de-la-ull\/\" \/>\n<meta property=\"og:locale\" content=\"es_ES\" \/>\n<meta property=\"og:type\" content=\"article\" \/>\n<meta property=\"og:title\" content=\"Gustavo Marrero, nuevo director de la Escuela de Doctorado y Estudios de Posgrado de la ULL - ULL - Noticias\" \/>\n<meta property=\"og:description\" content=\"El catedr\u00e1tico de An\u00e1lisis Econ\u00f3mico Gustavo Marrero D\u00edaz ha tomado posesi\u00f3n hoy 26 de septiembre como nuevo director de la...\" \/>\n<meta property=\"og:url\" content=\"https:\/\/www.ull.es\/portal\/noticias\/2023\/gustavo-marrero-nuevo-director-de-la-escuela-de-doctorado-y-estudios-de-posgrado-de-la-ull\/\" \/>\n<meta property=\"og:site_name\" content=\"ULL - Noticias\" \/>\n<meta property=\"article:publisher\" content=\"https:\/\/www.facebook.com\/universidaddelalaguna\/\" \/>\n<meta property=\"article:published_time\" content=\"2023-09-26T13:28:28+00:00\" \/>\n<meta property=\"og:image\" content=\"https:\/\/www.ull.es\/portal\/noticias\/wp-content\/uploads\/sites\/13\/2023\/09\/equipo-escuela-doctorado-rector-y-director-en-el-centro.jpg\" \/>\n\t<meta property=\"og:image:width\" content=\"1200\" \/>\n\t<meta property=\"og:image:height\" content=\"800\" \/>\n\t<meta property=\"og:image:type\" content=\"image\/jpeg\" \/>\n<meta name=\"author\" content=\"gaprsa\" \/>\n<meta name=\"twitter:card\" content=\"summary_large_image\" \/>\n<meta name=\"twitter:creator\" content=\"@CanalULL\" \/>\n<meta name=\"twitter:site\" content=\"@CanalULL\" \/>\n<meta name=\"twitter:label1\" content=\"Escrito por\" \/>\n\t<meta name=\"twitter:data1\" content=\"gaprsa\" \/>\n\t<meta name=\"twitter:label2\" content=\"Tiempo de lectura\" \/>\n\t<meta name=\"twitter:data2\" content=\"3 minutos\" \/>\n<script type=\"application\/ld+json\" class=\"yoast-schema-graph\">{\"@context\":\"https:\/\/schema.org\",\"@graph\":[{\"@type\":\"WebPage\",\"@id\":\"https:\/\/www.ull.es\/portal\/noticias\/2023\/gustavo-marrero-nuevo-director-de-la-escuela-de-doctorado-y-estudios-de-posgrado-de-la-ull\/\",\"url\":\"https:\/\/www.ull.es\/portal\/noticias\/2023\/gustavo-marrero-nuevo-director-de-la-escuela-de-doctorado-y-estudios-de-posgrado-de-la-ull\/\",\"name\":\"Gustavo Marrero, nuevo director de la Escuela de Doctorado y Estudios de Posgrado de la ULL - ULL - Noticias\",\"isPartOf\":{\"@id\":\"https:\/\/www.ull.es\/portal\/noticias\/#website\"},\"datePublished\":\"2023-09-26T13:28:28+00:00\",\"dateModified\":\"2023-09-26T13:28:28+00:00\",\"author\":{\"@id\":\"https:\/\/www.ull.es\/portal\/noticias\/#\/schema\/person\/b2b1a89d43ffa609e591f7df8ef3e817\"},\"breadcrumb\":{\"@id\":\"https:\/\/www.ull.es\/portal\/noticias\/2023\/gustavo-marrero-nuevo-director-de-la-escuela-de-doctorado-y-estudios-de-posgrado-de-la-ull\/#breadcrumb\"},\"inLanguage\":\"es\",\"potentialAction\":[{\"@type\":\"ReadAction\",\"target\":[\"https:\/\/www.ull.es\/portal\/noticias\/2023\/gustavo-marrero-nuevo-director-de-la-escuela-de-doctorado-y-estudios-de-posgrado-de-la-ull\/\"]}]},{\"@type\":\"BreadcrumbList\",\"@id\":\"https:\/\/www.ull.es\/portal\/noticias\/2023\/gustavo-marrero-nuevo-director-de-la-escuela-de-doctorado-y-estudios-de-posgrado-de-la-ull\/#breadcrumb\",\"itemListElement\":[{\"@type\":\"ListItem\",\"position\":1,\"name\":\"Portada\",\"item\":\"https:\/\/www.ull.es\/portal\/noticias\/\"},{\"@type\":\"ListItem\",\"position\":2,\"name\":\"Gustavo Marrero, nuevo director de la Escuela de Doctorado y Estudios de Posgrado de la ULL\"}]},{\"@type\":\"WebSite\",\"@id\":\"https:\/\/www.ull.es\/portal\/noticias\/#website\",\"url\":\"https:\/\/www.ull.es\/portal\/noticias\/\",\"name\":\"ULL - Noticias\",\"description\":\"\",\"potentialAction\":[{\"@type\":\"SearchAction\",\"target\":{\"@type\":\"EntryPoint\",\"urlTemplate\":\"https:\/\/www.ull.es\/portal\/noticias\/?s={search_term_string}\"},\"query-input\":\"required name=search_term_string\"}],\"inLanguage\":\"es\"},{\"@type\":\"Person\",\"@id\":\"https:\/\/www.ull.es\/portal\/noticias\/#\/schema\/person\/b2b1a89d43ffa609e591f7df8ef3e817\",\"name\":\"gaprsa\",\"image\":{\"@type\":\"ImageObject\",\"inLanguage\":\"es\",\"@id\":\"https:\/\/www.ull.es\/portal\/noticias\/#\/schema\/person\/image\/\",\"url\":\"https:\/\/secure.gravatar.com\/avatar\/443820550921091458b4823867723b3d?s=96&d=mm&r=g\",\"contentUrl\":\"https:\/\/secure.gravatar.com\/avatar\/443820550921091458b4823867723b3d?s=96&d=mm&r=g\",\"caption\":\"gaprsa\"},\"url\":\"https:\/\/www.ull.es\/portal\/noticias\/author\/gaprsa\/\"}]}<\/script>\n<!-- \/ Yoast SEO plugin. -->","yoast_head_json":{"title":"Gustavo Marrero, nuevo director de la Escuela de Doctorado y Estudios de Posgrado de la ULL - ULL - Noticias","robots":{"index":"index","follow":"follow","max-snippet":"max-snippet:-1","max-image-preview":"max-image-preview:large","max-video-preview":"max-video-preview:-1"},"canonical":"https:\/\/www.ull.es\/portal\/noticias\/2023\/gustavo-marrero-nuevo-director-de-la-escuela-de-doctorado-y-estudios-de-posgrado-de-la-ull\/","og_locale":"es_ES","og_type":"article","og_title":"Gustavo Marrero, nuevo director de la Escuela de Doctorado y Estudios de Posgrado de la ULL - ULL - Noticias","og_description":"El catedr\u00e1tico de An\u00e1lisis Econ\u00f3mico Gustavo Marrero D\u00edaz ha tomado posesi\u00f3n hoy 26 de septiembre como nuevo director de la...","og_url":"https:\/\/www.ull.es\/portal\/noticias\/2023\/gustavo-marrero-nuevo-director-de-la-escuela-de-doctorado-y-estudios-de-posgrado-de-la-ull\/","og_site_name":"ULL - Noticias","article_publisher":"https:\/\/www.facebook.com\/universidaddelalaguna\/","article_published_time":"2023-09-26T13:28:28+00:00","og_image":[{"width":1200,"height":800,"url":"https:\/\/www.ull.es\/portal\/noticias\/wp-content\/uploads\/sites\/13\/2023\/09\/equipo-escuela-doctorado-rector-y-director-en-el-centro.jpg","type":"image\/jpeg"}],"author":"gaprsa","twitter_card":"summary_large_image","twitter_creator":"@CanalULL","twitter_site":"@CanalULL","twitter_misc":{"Escrito por":"gaprsa","Tiempo de lectura":"3 minutos"},"schema":{"@context":"https:\/\/schema.org","@graph":[{"@type":"WebPage","@id":"https:\/\/www.ull.es\/portal\/noticias\/2023\/gustavo-marrero-nuevo-director-de-la-escuela-de-doctorado-y-estudios-de-posgrado-de-la-ull\/","url":"https:\/\/www.ull.es\/portal\/noticias\/2023\/gustavo-marrero-nuevo-director-de-la-escuela-de-doctorado-y-estudios-de-posgrado-de-la-ull\/","name":"Gustavo Marrero, nuevo director de la Escuela de Doctorado y Estudios de Posgrado de la ULL - ULL - Noticias","isPartOf":{"@id":"https:\/\/www.ull.es\/portal\/noticias\/#website"},"datePublished":"2023-09-26T13:28:28+00:00","dateModified":"2023-09-26T13:28:28+00:00","author":{"@id":"https:\/\/www.ull.es\/portal\/noticias\/#\/schema\/person\/b2b1a89d43ffa609e591f7df8ef3e817"},"breadcrumb":{"@id":"https:\/\/www.ull.es\/portal\/noticias\/2023\/gustavo-marrero-nuevo-director-de-la-escuela-de-doctorado-y-estudios-de-posgrado-de-la-ull\/#breadcrumb"},"inLanguage":"es","potentialAction":[{"@type":"ReadAction","target":["https:\/\/www.ull.es\/portal\/noticias\/2023\/gustavo-marrero-nuevo-director-de-la-escuela-de-doctorado-y-estudios-de-posgrado-de-la-ull\/"]}]},{"@type":"BreadcrumbList","@id":"https:\/\/www.ull.es\/portal\/noticias\/2023\/gustavo-marrero-nuevo-director-de-la-escuela-de-doctorado-y-estudios-de-posgrado-de-la-ull\/#breadcrumb","itemListElement":[{"@type":"ListItem","position":1,"name":"Portada","item":"https:\/\/www.ull.es\/portal\/noticias\/"},{"@type":"ListItem","position":2,"name":"Gustavo Marrero, nuevo director de la Escuela de Doctorado y Estudios de Posgrado de la ULL"}]},{"@type":"WebSite","@id":"https:\/\/www.ull.es\/portal\/noticias\/#website","url":"https:\/\/www.ull.es\/portal\/noticias\/","name":"ULL - Noticias","description":"","potentialAction":[{"@type":"SearchAction","target":{"@type":"EntryPoint","urlTemplate":"https:\/\/www.ull.es\/portal\/noticias\/?s={search_term_string}"},"query-input":"required name=search_term_string"}],"inLanguage":"es"},{"@type":"Person","@id":"https:\/\/www.ull.es\/portal\/noticias\/#\/schema\/person\/b2b1a89d43ffa609e591f7df8ef3e817","name":"gaprsa","image":{"@type":"ImageObject","inLanguage":"es","@id":"https:\/\/www.ull.es\/portal\/noticias\/#\/schema\/person\/image\/","url":"https:\/\/secure.gravatar.com\/avatar\/443820550921091458b4823867723b3d?s=96&d=mm&r=g","contentUrl":"https:\/\/secure.gravatar.com\/avatar\/443820550921091458b4823867723b3d?s=96&d=mm&r=g","caption":"gaprsa"},"url":"https:\/\/www.ull.es\/portal\/noticias\/author\/gaprsa\/"}]}},"primary_category":{"id":345,"name":"Destacado","slug":"destacado","link":"https:\/\/www.ull.es\/portal\/noticias\/category\/destacado\/"},"featured_image_thumbnail_url":"https:\/\/www.ull.es\/portal\/noticias\/wp-content\/uploads\/sites\/13\/2023\/09\/equipo-escuela-doctorado-rector-y-director-en-el-centro-300x200.jpg","_links":{"self":[{"href":"https:\/\/www.ull.es\/portal\/noticias\/wp-json\/wp\/v2\/posts\/71686"}],"collection":[{"href":"https:\/\/www.ull.es\/portal\/noticias\/wp-json\/wp\/v2\/posts"}],"about":[{"href":"https:\/\/www.ull.es\/portal\/noticias\/wp-json\/wp\/v2\/types\/post"}],"author":[{"embeddable":true,"href":"https:\/\/www.ull.es\/portal\/noticias\/wp-json\/wp\/v2\/users\/23"}],"replies":[{"embeddable":true,"href":"https:\/\/www.ull.es\/portal\/noticias\/wp-json\/wp\/v2\/comments?post=71686"}],"version-history":[{"count":1,"href":"https:\/\/www.ull.es\/portal\/noticias\/wp-json\/wp\/v2\/posts\/71686\/revisions"}],"predecessor-version":[{"id":71689,"href":"https:\/\/www.ull.es\/portal\/noticias\/wp-json\/wp\/v2\/posts\/71686\/revisions\/71689"}],"wp:featuredmedia":[{"embeddable":true,"href":"https:\/\/www.ull.es\/portal\/noticias\/wp-json\/wp\/v2\/media\/71688"}],"wp:attachment":[{"href":"https:\/\/www.ull.es\/portal\/noticias\/wp-json\/wp\/v2\/media?parent=71686"}],"wp:term":[{"taxonomy":"category","embeddable":true,"href":"https:\/\/www.ull.es\/portal\/noticias\/wp-json\/wp\/v2\/categories?post=71686"},{"taxonomy":"post_tag","embeddable":true,"href":"https:\/\/www.ull.es\/portal\/noticias\/wp-json\/wp\/v2\/tags?post=71686"}],"curies":[{"name":"wp","href":"https:\/\/api.w.org\/{rel}","templated":true}]}}