{"id":71703,"date":"2023-09-27T13:35:17","date_gmt":"2023-09-27T13:35:17","guid":{"rendered":"https:\/\/www.ull.es\/portal\/noticias\/?p=71703"},"modified":"2023-09-27T13:35:17","modified_gmt":"2023-09-27T13:35:17","slug":"parlamento-canarias-acogera-i-cumbre-consejos-estudiantes","status":"publish","type":"post","link":"https:\/\/www.ull.es\/portal\/noticias\/2023\/parlamento-canarias-acogera-i-cumbre-consejos-estudiantes\/","title":{"rendered":"El Parlamento de Canarias acoger\u00e1 la I Cumbre de los Consejos de Estudiantes de las universidades p\u00fablicas"},"content":{"rendered":"<p>Los consejos de estudiantes de las universidades de La Laguna y de Las Palmas de Gran Canaria celebrar\u00e1n su <a href=\"https:\/\/sites.google.com\/ull.edu.es\/icumbreceupca\/inicio?authuser=0\" target=\"_blank\" rel=\"noopener\" target=\"_blank\" rel=\"noopener\">primera cumbre conjunta<\/a> el viernes 29 y el s\u00e1bado 30 de septiembre en el Parlamento de Canarias, en Santa Cruz de Tenerife. El encuentro busca sembrar un precedente de colaboraci\u00f3n por la Educaci\u00f3n Superior P\u00fablica de Canarias y la defensa del estudiantado universitario mediante las relaciones fluidas entre los m\u00e1ximos \u00f3rganos de representaci\u00f3n estudiantiles de ambos centros. Por ello, se reunir\u00e1n no s\u00f3lo las directivas de los consejos de estudiantes, sino tambi\u00e9n las de las delegaciones de todas las facultades, escuelas y centros adscritos de ambas instituciones.<\/p>\n<p>La inauguraci\u00f3n se celebrar\u00e1 el viernes 29 de septiembre a las 11:30 horas, con la presencia del rector de la Universidad de La Laguna, Francisco Garc\u00eda Rodr\u00edguez; el rector de la Universidad de Las Palmas de Gran Canaria, Llu\u00eds Serra Majem; el presidente del Consejo de Estudiantes del centro tinerfe\u00f1o, El\u00edas Falc\u00f3n B\u00e1ez; y su hom\u00f3loga palmense, \u00darsula Llarena Hidalgo. Ser\u00e1n precisamente los presidentes quienes, tras la inauguraci\u00f3n, realicen conjuntamente a las 12:00 la primera ponencia del programa, sobre pol\u00edtica estudiantil en las universidades canarias.<\/p>\n<p>La sesi\u00f3n del viernes se completar\u00e1 con varias intervenciones sobre materias como los consejos sociales, la empleabilidad, el liderazgo y el talento, a cargo de ponentes como los presidentes de los consejos sociales de las universidades p\u00fablicas, Dolores Pelayo Duque (ULL) y Miguel \u00c1ngel Acosta Rodr\u00edguez (ULPGC), y la gerenta de la Universidad de La Laguna, Mar\u00eda Teresa Covisa Rubia, entre otras personas.<\/p>\n<p>La sesi\u00f3n del s\u00e1bado 30 de septiembre estar\u00e1 dedicada a una sesi\u00f3n de debate entre los consejeros y consejeras estudiantiles convocados, y ser\u00e1 clausurado a las 14:00 horas en un acto con la presencia de la presidenta del Cabildo Insular de Tenerife, Rosa D\u00e1vila Mamely.<\/p>\n<p><strong><a href=\"https:\/\/drive.google.com\/file\/d\/1lGZiEGEIpEDmrLnpjom6q1r1sbLZWO6E\/view\" target=\"_blank\" rel=\"noopener\" target=\"_blank\" rel=\"noopener\">Programa completo<\/a><\/strong><\/p>\n","protected":false},"excerpt":{"rendered":"<p>Los consejos de estudiantes de las universidades de La Laguna y de Las Palmas de Gran Canaria celebrar\u00e1n su primera&#8230;<\/p>\n","protected":false},"author":21,"featured_media":71707,"comment_status":"closed","ping_status":"closed","sticky":false,"template":"","format":"standard","meta":{"inline_featured_image":false,"footnotes":""},"categories":[343,345,2765],"tags":[6303,10302,10299,9924,10297,8390,10301,10298,8389,10300],"acf":[],"yoast_head":"<!-- This site is optimized with the Yoast SEO plugin v21.3 - https:\/\/yoast.com\/wordpress\/plugins\/seo\/ -->\n<title>Los consejos de estudiantes ULL y ULPGC celebran una cumbre<\/title>\n<meta name=\"description\" content=\"El Parlamento de Canarias acoger\u00e1 esta reuni\u00f3n de los m\u00e1ximos representantes estudiantiles los d\u00edas 29 y 30 de septiembre\" \/>\n<meta name=\"robots\" content=\"index, follow, max-snippet:-1, max-image-preview:large, max-video-preview:-1\" \/>\n<link rel=\"canonical\" href=\"https:\/\/www.ull.es\/portal\/noticias\/2023\/parlamento-canarias-acogera-i-cumbre-consejos-estudiantes\/\" \/>\n<meta property=\"og:locale\" content=\"es_ES\" \/>\n<meta property=\"og:type\" content=\"article\" \/>\n<meta property=\"og:title\" content=\"Los consejos de estudiantes ULL y ULPGC celebran una cumbre\" \/>\n<meta property=\"og:description\" content=\"El Parlamento de Canarias acoger\u00e1 esta reuni\u00f3n de los m\u00e1ximos representantes estudiantiles los d\u00edas 29 y 30 de septiembre\" \/>\n<meta property=\"og:url\" content=\"https:\/\/www.ull.es\/portal\/noticias\/2023\/parlamento-canarias-acogera-i-cumbre-consejos-estudiantes\/\" \/>\n<meta property=\"og:site_name\" content=\"ULL - Noticias\" \/>\n<meta property=\"article:publisher\" content=\"https:\/\/www.facebook.com\/universidaddelalaguna\/\" \/>\n<meta property=\"article:published_time\" content=\"2023-09-27T13:35:17+00:00\" \/>\n<meta property=\"og:image\" content=\"https:\/\/www.ull.es\/portal\/noticias\/wp-content\/uploads\/sites\/13\/2023\/09\/I-Cumbre-de-los-Consejos-de-Estudiantes-de-las-Universidades-Publicas-de-Canarias_Banner-Evento-ULL.jpg\" \/>\n\t<meta property=\"og:image:width\" content=\"750\" \/>\n\t<meta property=\"og:image:height\" content=\"370\" \/>\n\t<meta property=\"og:image:type\" content=\"image\/jpeg\" \/>\n<meta name=\"author\" content=\"prensa2\" \/>\n<meta name=\"twitter:card\" content=\"summary_large_image\" \/>\n<meta name=\"twitter:creator\" content=\"@CanalULL\" \/>\n<meta name=\"twitter:site\" content=\"@CanalULL\" \/>\n<meta name=\"twitter:label1\" content=\"Escrito por\" \/>\n\t<meta name=\"twitter:data1\" content=\"prensa2\" \/>\n\t<meta name=\"twitter:label2\" content=\"Tiempo de lectura\" \/>\n\t<meta name=\"twitter:data2\" content=\"2 minutos\" \/>\n<script type=\"application\/ld+json\" class=\"yoast-schema-graph\">{\"@context\":\"https:\/\/schema.org\",\"@graph\":[{\"@type\":\"WebPage\",\"@id\":\"https:\/\/www.ull.es\/portal\/noticias\/2023\/parlamento-canarias-acogera-i-cumbre-consejos-estudiantes\/\",\"url\":\"https:\/\/www.ull.es\/portal\/noticias\/2023\/parlamento-canarias-acogera-i-cumbre-consejos-estudiantes\/\",\"name\":\"Los consejos de estudiantes ULL y ULPGC celebran una cumbre\",\"isPartOf\":{\"@id\":\"https:\/\/www.ull.es\/portal\/noticias\/#website\"},\"datePublished\":\"2023-09-27T13:35:17+00:00\",\"dateModified\":\"2023-09-27T13:35:17+00:00\",\"author\":{\"@id\":\"https:\/\/www.ull.es\/portal\/noticias\/#\/schema\/person\/c3b2aa857797592927a03740d6664376\"},\"description\":\"El Parlamento de Canarias acoger\u00e1 esta reuni\u00f3n de los m\u00e1ximos representantes estudiantiles los d\u00edas 29 y 30 de septiembre\",\"breadcrumb\":{\"@id\":\"https:\/\/www.ull.es\/portal\/noticias\/2023\/parlamento-canarias-acogera-i-cumbre-consejos-estudiantes\/#breadcrumb\"},\"inLanguage\":\"es\",\"potentialAction\":[{\"@type\":\"ReadAction\",\"target\":[\"https:\/\/www.ull.es\/portal\/noticias\/2023\/parlamento-canarias-acogera-i-cumbre-consejos-estudiantes\/\"]}]},{\"@type\":\"BreadcrumbList\",\"@id\":\"https:\/\/www.ull.es\/portal\/noticias\/2023\/parlamento-canarias-acogera-i-cumbre-consejos-estudiantes\/#breadcrumb\",\"itemListElement\":[{\"@type\":\"ListItem\",\"position\":1,\"name\":\"Portada\",\"item\":\"https:\/\/www.ull.es\/portal\/noticias\/\"},{\"@type\":\"ListItem\",\"position\":2,\"name\":\"El Parlamento de Canarias acoger\u00e1 la I Cumbre de los Consejos de Estudiantes de las universidades p\u00fablicas\"}]},{\"@type\":\"WebSite\",\"@id\":\"https:\/\/www.ull.es\/portal\/noticias\/#website\",\"url\":\"https:\/\/www.ull.es\/portal\/noticias\/\",\"name\":\"ULL - Noticias\",\"description\":\"\",\"potentialAction\":[{\"@type\":\"SearchAction\",\"target\":{\"@type\":\"EntryPoint\",\"urlTemplate\":\"https:\/\/www.ull.es\/portal\/noticias\/?s={search_term_string}\"},\"query-input\":\"required name=search_term_string\"}],\"inLanguage\":\"es\"},{\"@type\":\"Person\",\"@id\":\"https:\/\/www.ull.es\/portal\/noticias\/#\/schema\/person\/c3b2aa857797592927a03740d6664376\",\"name\":\"prensa2\",\"image\":{\"@type\":\"ImageObject\",\"inLanguage\":\"es\",\"@id\":\"https:\/\/www.ull.es\/portal\/noticias\/#\/schema\/person\/image\/\",\"url\":\"https:\/\/secure.gravatar.com\/avatar\/b58f310a5de5feb33d1e026d2493f23c?s=96&d=mm&r=g\",\"contentUrl\":\"https:\/\/secure.gravatar.com\/avatar\/b58f310a5de5feb33d1e026d2493f23c?s=96&d=mm&r=g\",\"caption\":\"prensa2\"},\"url\":\"https:\/\/www.ull.es\/portal\/noticias\/author\/prensa2\/\"}]}<\/script>\n<!-- \/ Yoast SEO plugin. -->","yoast_head_json":{"title":"Los consejos de estudiantes ULL y ULPGC celebran una cumbre","description":"El Parlamento de Canarias acoger\u00e1 esta reuni\u00f3n de los m\u00e1ximos representantes estudiantiles los d\u00edas 29 y 30 de septiembre","robots":{"index":"index","follow":"follow","max-snippet":"max-snippet:-1","max-image-preview":"max-image-preview:large","max-video-preview":"max-video-preview:-1"},"canonical":"https:\/\/www.ull.es\/portal\/noticias\/2023\/parlamento-canarias-acogera-i-cumbre-consejos-estudiantes\/","og_locale":"es_ES","og_type":"article","og_title":"Los consejos de estudiantes ULL y ULPGC celebran una cumbre","og_description":"El Parlamento de Canarias acoger\u00e1 esta reuni\u00f3n de los m\u00e1ximos representantes estudiantiles los d\u00edas 29 y 30 de septiembre","og_url":"https:\/\/www.ull.es\/portal\/noticias\/2023\/parlamento-canarias-acogera-i-cumbre-consejos-estudiantes\/","og_site_name":"ULL - Noticias","article_publisher":"https:\/\/www.facebook.com\/universidaddelalaguna\/","article_published_time":"2023-09-27T13:35:17+00:00","og_image":[{"width":750,"height":370,"url":"https:\/\/www.ull.es\/portal\/noticias\/wp-content\/uploads\/sites\/13\/2023\/09\/I-Cumbre-de-los-Consejos-de-Estudiantes-de-las-Universidades-Publicas-de-Canarias_Banner-Evento-ULL.jpg","type":"image\/jpeg"}],"author":"prensa2","twitter_card":"summary_large_image","twitter_creator":"@CanalULL","twitter_site":"@CanalULL","twitter_misc":{"Escrito por":"prensa2","Tiempo de lectura":"2 minutos"},"schema":{"@context":"https:\/\/schema.org","@graph":[{"@type":"WebPage","@id":"https:\/\/www.ull.es\/portal\/noticias\/2023\/parlamento-canarias-acogera-i-cumbre-consejos-estudiantes\/","url":"https:\/\/www.ull.es\/portal\/noticias\/2023\/parlamento-canarias-acogera-i-cumbre-consejos-estudiantes\/","name":"Los consejos de estudiantes ULL y ULPGC celebran una cumbre","isPartOf":{"@id":"https:\/\/www.ull.es\/portal\/noticias\/#website"},"datePublished":"2023-09-27T13:35:17+00:00","dateModified":"2023-09-27T13:35:17+00:00","author":{"@id":"https:\/\/www.ull.es\/portal\/noticias\/#\/schema\/person\/c3b2aa857797592927a03740d6664376"},"description":"El Parlamento de Canarias acoger\u00e1 esta reuni\u00f3n de los m\u00e1ximos representantes estudiantiles los d\u00edas 29 y 30 de septiembre","breadcrumb":{"@id":"https:\/\/www.ull.es\/portal\/noticias\/2023\/parlamento-canarias-acogera-i-cumbre-consejos-estudiantes\/#breadcrumb"},"inLanguage":"es","potentialAction":[{"@type":"ReadAction","target":["https:\/\/www.ull.es\/portal\/noticias\/2023\/parlamento-canarias-acogera-i-cumbre-consejos-estudiantes\/"]}]},{"@type":"BreadcrumbList","@id":"https:\/\/www.ull.es\/portal\/noticias\/2023\/parlamento-canarias-acogera-i-cumbre-consejos-estudiantes\/#breadcrumb","itemListElement":[{"@type":"ListItem","position":1,"name":"Portada","item":"https:\/\/www.ull.es\/portal\/noticias\/"},{"@type":"ListItem","position":2,"name":"El Parlamento de Canarias acoger\u00e1 la I Cumbre de los Consejos de Estudiantes de las universidades p\u00fablicas"}]},{"@type":"WebSite","@id":"https:\/\/www.ull.es\/portal\/noticias\/#website","url":"https:\/\/www.ull.es\/portal\/noticias\/","name":"ULL - Noticias","description":"","potentialAction":[{"@type":"SearchAction","target":{"@type":"EntryPoint","urlTemplate":"https:\/\/www.ull.es\/portal\/noticias\/?s={search_term_string}"},"query-input":"required name=search_term_string"}],"inLanguage":"es"},{"@type":"Person","@id":"https:\/\/www.ull.es\/portal\/noticias\/#\/schema\/person\/c3b2aa857797592927a03740d6664376","name":"prensa2","image":{"@type":"ImageObject","inLanguage":"es","@id":"https:\/\/www.ull.es\/portal\/noticias\/#\/schema\/person\/image\/","url":"https:\/\/secure.gravatar.com\/avatar\/b58f310a5de5feb33d1e026d2493f23c?s=96&d=mm&r=g","contentUrl":"https:\/\/secure.gravatar.com\/avatar\/b58f310a5de5feb33d1e026d2493f23c?s=96&d=mm&r=g","caption":"prensa2"},"url":"https:\/\/www.ull.es\/portal\/noticias\/author\/prensa2\/"}]}},"primary_category":{"id":345,"name":"Destacado","slug":"destacado","link":"https:\/\/www.ull.es\/portal\/noticias\/category\/destacado\/"},"featured_image_thumbnail_url":"https:\/\/www.ull.es\/portal\/noticias\/wp-content\/uploads\/sites\/13\/2023\/09\/I-Cumbre-de-los-Consejos-de-Estudiantes-de-las-Universidades-Publicas-de-Canarias_Banner-Evento-ULL-300x148.jpg","_links":{"self":[{"href":"https:\/\/www.ull.es\/portal\/noticias\/wp-json\/wp\/v2\/posts\/71703"}],"collection":[{"href":"https:\/\/www.ull.es\/portal\/noticias\/wp-json\/wp\/v2\/posts"}],"about":[{"href":"https:\/\/www.ull.es\/portal\/noticias\/wp-json\/wp\/v2\/types\/post"}],"author":[{"embeddable":true,"href":"https:\/\/www.ull.es\/portal\/noticias\/wp-json\/wp\/v2\/users\/21"}],"replies":[{"embeddable":true,"href":"https:\/\/www.ull.es\/portal\/noticias\/wp-json\/wp\/v2\/comments?post=71703"}],"version-history":[{"count":1,"href":"https:\/\/www.ull.es\/portal\/noticias\/wp-json\/wp\/v2\/posts\/71703\/revisions"}],"predecessor-version":[{"id":71708,"href":"https:\/\/www.ull.es\/portal\/noticias\/wp-json\/wp\/v2\/posts\/71703\/revisions\/71708"}],"wp:featuredmedia":[{"embeddable":true,"href":"https:\/\/www.ull.es\/portal\/noticias\/wp-json\/wp\/v2\/media\/71707"}],"wp:attachment":[{"href":"https:\/\/www.ull.es\/portal\/noticias\/wp-json\/wp\/v2\/media?parent=71703"}],"wp:term":[{"taxonomy":"category","embeddable":true,"href":"https:\/\/www.ull.es\/portal\/noticias\/wp-json\/wp\/v2\/categories?post=71703"},{"taxonomy":"post_tag","embeddable":true,"href":"https:\/\/www.ull.es\/portal\/noticias\/wp-json\/wp\/v2\/tags?post=71703"}],"curies":[{"name":"wp","href":"https:\/\/api.w.org\/{rel}","templated":true}]}}