{"id":71792,"date":"2023-10-03T08:07:53","date_gmt":"2023-10-03T08:07:53","guid":{"rendered":"https:\/\/www.ull.es\/portal\/noticias\/?p=71792"},"modified":"2023-10-04T10:28:38","modified_gmt":"2023-10-04T10:28:38","slug":"exposicion-diseno-grafico-marcas-historicas-canarias","status":"publish","type":"post","link":"https:\/\/www.ull.es\/portal\/noticias\/2023\/exposicion-diseno-grafico-marcas-historicas-canarias\/","title":{"rendered":"Una exposici\u00f3n en la Facultad de Bellas Artes repasa el dise\u00f1o gr\u00e1fico de marcas hist\u00f3ricas de Canarias"},"content":{"rendered":"<p>La Facultad de Bellas Artes de la Universidad de La Laguna acoge hasta el 28 de octubre la muestra \u201c<a href=\"https:\/\/www.ull.es\/portal\/agenda\/evento\/exposicion-canarias-disena-canarias-disenada\/\" target=\"_blank\" rel=\"noopener\">Canarias dise\u00f1a. Canarias dise\u00f1ada<\/a>\u201d, que repasa la historia del impacto social del dise\u00f1o gr\u00e1fico en el Archipi\u00e9lago, analizado a partir de los logos e identidades visuales de algunas de las marcas comerciales m\u00e1s conocidas del entorno, ya hayan sido dise\u00f1adas en Canarias o bien pertenezcan a empresas de origen externo, pero cuya actividad local ha sido tan intensa que ya se sienten como propias. Como complemento, el pr\u00f3ximo 10 de octubre a las 17:00 horas en el mismo lugar, se realizar\u00e1n varias charlas y actividades que profundizar\u00e1n en algunos de los contenidos de la exhibici\u00f3n.<\/p>\n<p style=\"text-align: center\"><a href=\"https:\/\/drive.google.com\/drive\/folders\/1AovYhPlOZA4kjLIuX_m0O4MZifUh3Jzk?usp=drive_link\" target=\"_blank\" rel=\"noopener\" target=\"_blank\" rel=\"noopener\"><strong>Galer\u00eda de im\u00e1genes<\/strong><\/a><\/p>\n<p><a href=\"https:\/\/www.ull.es\/portal\/noticias\/wp-content\/uploads\/sites\/13\/2023\/10\/Expo-Canarias-disen\u0303a-13.jpg\" target=\"_blank\" rel=\"noopener\" target=\"_blank\" rel=\"noopener\"><img decoding=\"async\" loading=\"lazy\" class=\"alignleft wp-image-71795 size-medium\" src=\"https:\/\/www.ull.es\/portal\/noticias\/wp-content\/uploads\/sites\/13\/2023\/10\/Expo-Canarias-disen\u0303a-13-200x300.jpg\" alt=\"Las im\u00e1genes de esta noticia fueron tomadas durante la inauguraci\u00f3n de la muestra, el pasado 28 de septiembre. \" width=\"200\" height=\"300\" srcset=\"https:\/\/www.ull.es\/portal\/noticias\/wp-content\/uploads\/sites\/13\/2023\/10\/Expo-Canarias-disen\u0303a-13-200x300.jpg 200w, https:\/\/www.ull.es\/portal\/noticias\/wp-content\/uploads\/sites\/13\/2023\/10\/Expo-Canarias-disen\u0303a-13-375x562.jpg 375w, https:\/\/www.ull.es\/portal\/noticias\/wp-content\/uploads\/sites\/13\/2023\/10\/Expo-Canarias-disen\u0303a-13.jpg 683w\" sizes=\"(max-width: 200px) 100vw, 200px\" \/><\/a>La exposici\u00f3n, financiada por el Cabildo de Tenerife, est\u00e1 dividida en cinco etapas hist\u00f3ricas: los primeros a\u00f1os de la industrializaci\u00f3n (1890-1930), los primeros logos modernos (1930-1950), la consolidaci\u00f3n del dise\u00f1o moderno (1950-1970), la transici\u00f3n hacia la posmodernidad (1970-1990) y la era digital (1990-2020). M\u00e1s all\u00e1 de esta divisi\u00f3n temporal, las marcas elegidas buscan establecer conexiones que evidencien su continuidad a lo largo de las diferentes \u00e9pocas, interpretando la historia como una narraci\u00f3n y un proceso de construcci\u00f3n colectiva.<\/p>\n<p>La importancia de esta muestra radica en el hecho de que, si bien el papel del dise\u00f1o en la construcci\u00f3n de la identidad cultural ha sido ampliamente estudiado desde un punto de vista te\u00f3rico, se ha estudiado poco el modo en que las obras gr\u00e1ficas realizadas en Canarias han contribuido a la construcci\u00f3n de la identidad local, al sentimiento de ser canario o canaria.<\/p>\n<p>El equipo responsable de la exposici\u00f3n reconoce, en este sentido, que el concepto de identidad es complejo y queda mucho por investigar hasta establecer el modo en que el dise\u00f1o ha contribuido en su construcci\u00f3n, pero en los \u00faltimos a\u00f1os existe una creciente inquietud en el \u00e1mbito acad\u00e9mico, investigador y social por estudiar y divulgar la historia del dise\u00f1o gr\u00e1fico en Canarias.<\/p>\n<p>As\u00ed, el proyecto busca contribuir a la creaci\u00f3n de una historiograf\u00eda del dise\u00f1o gr\u00e1fico canario, por lo cual se ha elaborado un primer cat\u00e1logo de marcas que han sido dise\u00f1adas en Canarias o est\u00e1n vinculadas a empresas que operan en las islas, para que se convierta en fuente de documentaci\u00f3n y material de referencia y consulta para profesionales del dise\u00f1o y personal investigador.<\/p>\n<div id=\"attachment_71796\" style=\"width: 310px\" class=\"wp-caption alignright\"><a href=\"https:\/\/www.ull.es\/portal\/noticias\/wp-content\/uploads\/sites\/13\/2023\/10\/Expo-Canarias-disen\u0303a-32.jpg\" target=\"_blank\" rel=\"noopener\" target=\"_blank\" rel=\"noopener\"><img aria-describedby=\"caption-attachment-71796\" decoding=\"async\" loading=\"lazy\" class=\"wp-image-71796 size-medium\" src=\"https:\/\/www.ull.es\/portal\/noticias\/wp-content\/uploads\/sites\/13\/2023\/10\/Expo-Canarias-disen\u0303a-32-300x200.jpg\" alt=\"Parte del equipo curador y la vicerrectora de Cultura y Extensi\u00f3n Universitaria, Isabel Le\u00f3n, durante el acto de apertura.\" width=\"300\" height=\"200\" srcset=\"https:\/\/www.ull.es\/portal\/noticias\/wp-content\/uploads\/sites\/13\/2023\/10\/Expo-Canarias-disen\u0303a-32-300x200.jpg 300w, https:\/\/www.ull.es\/portal\/noticias\/wp-content\/uploads\/sites\/13\/2023\/10\/Expo-Canarias-disen\u0303a-32-768x512.jpg 768w, https:\/\/www.ull.es\/portal\/noticias\/wp-content\/uploads\/sites\/13\/2023\/10\/Expo-Canarias-disen\u0303a-32-375x250.jpg 375w, https:\/\/www.ull.es\/portal\/noticias\/wp-content\/uploads\/sites\/13\/2023\/10\/Expo-Canarias-disen\u0303a-32-750x500.jpg 750w, https:\/\/www.ull.es\/portal\/noticias\/wp-content\/uploads\/sites\/13\/2023\/10\/Expo-Canarias-disen\u0303a-32.jpg 1024w\" sizes=\"(max-width: 300px) 100vw, 300px\" \/><\/a><p id=\"caption-attachment-71796\" class=\"wp-caption-text\">Parte del equipo curador y la vicerrectora de Cultura y Extensi\u00f3n Universitaria, Isabel Le\u00f3n, durante el acto de apertura.<\/p><\/div>\n<p>Esta iniciativa ha sido posible gracias a la convocatoria Proyectos de Inter\u00e9s Cultural del Vicerrectorado de Cultura y Extensi\u00f3n Universitaria de la Universidad de La Laguna, y ha sido financiado por la Direcci\u00f3n Insular de Cultura del Cabildo de Tenerife y por la Asociaci\u00f3n de Profesionales y Empresas de Dise\u00f1o de Canarias (DI-CA).<\/p>\n<p>El equipo curador de la muestra est\u00e1 conformado por Noa Real Garc\u00eda, profesora y directora del Aula Cultural de Dise\u00f1o de la Universidad de La Laguna; \u00d3scar Hern\u00e1ndez Garc\u00eda y Jan Sobyra, dise\u00f1adores gr\u00e1ficos; Haridian D\u00edaz Mesa, docente e investigadora predoctoral de la instituci\u00f3n acad\u00e9mica; Alfonso Ruiz Rallo, decano de Bellas Artes hasta principios de a\u00f1o y actual vicerrector de Personal Docente e Investigador; Bernardo Candela Sanju\u00e1n, vicedecano de Ordenaci\u00f3n Acad\u00e9mica de la Facultad de Bellas Artes; y Mar\u00eda Rosario Hern\u00e1ndez Borges, profesora del Grado en Dise\u00f1o y actual vicerrectora de Estudiantes.<\/p>\n","protected":false},"excerpt":{"rendered":"<p>La Facultad de Bellas Artes de la Universidad de La Laguna acoge hasta el 28 de octubre la muestra \u201cCanarias&#8230;<\/p>\n","protected":false},"author":21,"featured_media":71794,"comment_status":"closed","ping_status":"closed","sticky":false,"template":"","format":"standard","meta":{"inline_featured_image":false,"footnotes":""},"categories":[344,345,4737,2765],"tags":[450,10320,5846,667,4441,3023,8964,1201,4712,10324,4256,10323,10325,10321,10322],"acf":[],"yoast_head":"<!-- This site is optimized with the Yoast SEO plugin v21.3 - https:\/\/yoast.com\/wordpress\/plugins\/seo\/ -->\n<title>Una exposici\u00f3n repasa el dise\u00f1o de marcas hist\u00f3ricas de Canarias<\/title>\n<meta name=\"description\" content=\"La Facultad de Bellas Artes acoge hasta el 28 de octubre esta muestra que reivindica el dise\u00f1o en la construcci\u00f3n de la identidad cultural.\" \/>\n<meta name=\"robots\" content=\"index, follow, max-snippet:-1, max-image-preview:large, max-video-preview:-1\" \/>\n<link rel=\"canonical\" href=\"https:\/\/www.ull.es\/portal\/noticias\/2023\/exposicion-diseno-grafico-marcas-historicas-canarias\/\" \/>\n<meta property=\"og:locale\" content=\"es_ES\" \/>\n<meta property=\"og:type\" content=\"article\" \/>\n<meta property=\"og:title\" content=\"Una exposici\u00f3n repasa el dise\u00f1o de marcas hist\u00f3ricas de Canarias\" \/>\n<meta property=\"og:description\" content=\"La Facultad de Bellas Artes acoge hasta el 28 de octubre esta muestra que reivindica el dise\u00f1o en la construcci\u00f3n de la identidad cultural.\" \/>\n<meta property=\"og:url\" content=\"https:\/\/www.ull.es\/portal\/noticias\/2023\/exposicion-diseno-grafico-marcas-historicas-canarias\/\" \/>\n<meta property=\"og:site_name\" content=\"ULL - Noticias\" \/>\n<meta property=\"article:publisher\" content=\"https:\/\/www.facebook.com\/universidaddelalaguna\/\" \/>\n<meta property=\"article:published_time\" content=\"2023-10-03T08:07:53+00:00\" \/>\n<meta property=\"article:modified_time\" content=\"2023-10-04T10:28:38+00:00\" \/>\n<meta property=\"og:image\" content=\"https:\/\/www.ull.es\/portal\/noticias\/wp-content\/uploads\/sites\/13\/2023\/10\/Expo-Canarias-disen\u0303a-11.jpg\" \/>\n\t<meta property=\"og:image:width\" content=\"1024\" \/>\n\t<meta property=\"og:image:height\" content=\"683\" \/>\n\t<meta property=\"og:image:type\" content=\"image\/jpeg\" \/>\n<meta name=\"author\" content=\"prensa2\" \/>\n<meta name=\"twitter:card\" content=\"summary_large_image\" \/>\n<meta name=\"twitter:creator\" content=\"@CanalULL\" \/>\n<meta name=\"twitter:site\" content=\"@CanalULL\" \/>\n<meta name=\"twitter:label1\" content=\"Escrito por\" \/>\n\t<meta name=\"twitter:data1\" content=\"prensa2\" \/>\n\t<meta name=\"twitter:label2\" content=\"Tiempo de lectura\" \/>\n\t<meta name=\"twitter:data2\" content=\"3 minutos\" \/>\n<script type=\"application\/ld+json\" class=\"yoast-schema-graph\">{\"@context\":\"https:\/\/schema.org\",\"@graph\":[{\"@type\":\"WebPage\",\"@id\":\"https:\/\/www.ull.es\/portal\/noticias\/2023\/exposicion-diseno-grafico-marcas-historicas-canarias\/\",\"url\":\"https:\/\/www.ull.es\/portal\/noticias\/2023\/exposicion-diseno-grafico-marcas-historicas-canarias\/\",\"name\":\"Una exposici\u00f3n repasa el dise\u00f1o de marcas hist\u00f3ricas de Canarias\",\"isPartOf\":{\"@id\":\"https:\/\/www.ull.es\/portal\/noticias\/#website\"},\"datePublished\":\"2023-10-03T08:07:53+00:00\",\"dateModified\":\"2023-10-04T10:28:38+00:00\",\"author\":{\"@id\":\"https:\/\/www.ull.es\/portal\/noticias\/#\/schema\/person\/c3b2aa857797592927a03740d6664376\"},\"description\":\"La Facultad de Bellas Artes acoge hasta el 28 de octubre esta muestra que reivindica el dise\u00f1o en la construcci\u00f3n de la identidad cultural.\",\"breadcrumb\":{\"@id\":\"https:\/\/www.ull.es\/portal\/noticias\/2023\/exposicion-diseno-grafico-marcas-historicas-canarias\/#breadcrumb\"},\"inLanguage\":\"es\",\"potentialAction\":[{\"@type\":\"ReadAction\",\"target\":[\"https:\/\/www.ull.es\/portal\/noticias\/2023\/exposicion-diseno-grafico-marcas-historicas-canarias\/\"]}]},{\"@type\":\"BreadcrumbList\",\"@id\":\"https:\/\/www.ull.es\/portal\/noticias\/2023\/exposicion-diseno-grafico-marcas-historicas-canarias\/#breadcrumb\",\"itemListElement\":[{\"@type\":\"ListItem\",\"position\":1,\"name\":\"Portada\",\"item\":\"https:\/\/www.ull.es\/portal\/noticias\/\"},{\"@type\":\"ListItem\",\"position\":2,\"name\":\"Una exposici\u00f3n en la Facultad de Bellas Artes repasa el dise\u00f1o gr\u00e1fico de marcas hist\u00f3ricas de Canarias\"}]},{\"@type\":\"WebSite\",\"@id\":\"https:\/\/www.ull.es\/portal\/noticias\/#website\",\"url\":\"https:\/\/www.ull.es\/portal\/noticias\/\",\"name\":\"ULL - Noticias\",\"description\":\"\",\"potentialAction\":[{\"@type\":\"SearchAction\",\"target\":{\"@type\":\"EntryPoint\",\"urlTemplate\":\"https:\/\/www.ull.es\/portal\/noticias\/?s={search_term_string}\"},\"query-input\":\"required name=search_term_string\"}],\"inLanguage\":\"es\"},{\"@type\":\"Person\",\"@id\":\"https:\/\/www.ull.es\/portal\/noticias\/#\/schema\/person\/c3b2aa857797592927a03740d6664376\",\"name\":\"prensa2\",\"image\":{\"@type\":\"ImageObject\",\"inLanguage\":\"es\",\"@id\":\"https:\/\/www.ull.es\/portal\/noticias\/#\/schema\/person\/image\/\",\"url\":\"https:\/\/secure.gravatar.com\/avatar\/b58f310a5de5feb33d1e026d2493f23c?s=96&d=mm&r=g\",\"contentUrl\":\"https:\/\/secure.gravatar.com\/avatar\/b58f310a5de5feb33d1e026d2493f23c?s=96&d=mm&r=g\",\"caption\":\"prensa2\"},\"url\":\"https:\/\/www.ull.es\/portal\/noticias\/author\/prensa2\/\"}]}<\/script>\n<!-- \/ Yoast SEO plugin. -->","yoast_head_json":{"title":"Una exposici\u00f3n repasa el dise\u00f1o de marcas hist\u00f3ricas de Canarias","description":"La Facultad de Bellas Artes acoge hasta el 28 de octubre esta muestra que reivindica el dise\u00f1o en la construcci\u00f3n de la identidad cultural.","robots":{"index":"index","follow":"follow","max-snippet":"max-snippet:-1","max-image-preview":"max-image-preview:large","max-video-preview":"max-video-preview:-1"},"canonical":"https:\/\/www.ull.es\/portal\/noticias\/2023\/exposicion-diseno-grafico-marcas-historicas-canarias\/","og_locale":"es_ES","og_type":"article","og_title":"Una exposici\u00f3n repasa el dise\u00f1o de marcas hist\u00f3ricas de Canarias","og_description":"La Facultad de Bellas Artes acoge hasta el 28 de octubre esta muestra que reivindica el dise\u00f1o en la construcci\u00f3n de la identidad cultural.","og_url":"https:\/\/www.ull.es\/portal\/noticias\/2023\/exposicion-diseno-grafico-marcas-historicas-canarias\/","og_site_name":"ULL - Noticias","article_publisher":"https:\/\/www.facebook.com\/universidaddelalaguna\/","article_published_time":"2023-10-03T08:07:53+00:00","article_modified_time":"2023-10-04T10:28:38+00:00","og_image":[{"width":1024,"height":683,"url":"https:\/\/www.ull.es\/portal\/noticias\/wp-content\/uploads\/sites\/13\/2023\/10\/Expo-Canarias-disen\u0303a-11.jpg","type":"image\/jpeg"}],"author":"prensa2","twitter_card":"summary_large_image","twitter_creator":"@CanalULL","twitter_site":"@CanalULL","twitter_misc":{"Escrito por":"prensa2","Tiempo de lectura":"3 minutos"},"schema":{"@context":"https:\/\/schema.org","@graph":[{"@type":"WebPage","@id":"https:\/\/www.ull.es\/portal\/noticias\/2023\/exposicion-diseno-grafico-marcas-historicas-canarias\/","url":"https:\/\/www.ull.es\/portal\/noticias\/2023\/exposicion-diseno-grafico-marcas-historicas-canarias\/","name":"Una exposici\u00f3n repasa el dise\u00f1o de marcas hist\u00f3ricas de Canarias","isPartOf":{"@id":"https:\/\/www.ull.es\/portal\/noticias\/#website"},"datePublished":"2023-10-03T08:07:53+00:00","dateModified":"2023-10-04T10:28:38+00:00","author":{"@id":"https:\/\/www.ull.es\/portal\/noticias\/#\/schema\/person\/c3b2aa857797592927a03740d6664376"},"description":"La Facultad de Bellas Artes acoge hasta el 28 de octubre esta muestra que reivindica el dise\u00f1o en la construcci\u00f3n de la identidad cultural.","breadcrumb":{"@id":"https:\/\/www.ull.es\/portal\/noticias\/2023\/exposicion-diseno-grafico-marcas-historicas-canarias\/#breadcrumb"},"inLanguage":"es","potentialAction":[{"@type":"ReadAction","target":["https:\/\/www.ull.es\/portal\/noticias\/2023\/exposicion-diseno-grafico-marcas-historicas-canarias\/"]}]},{"@type":"BreadcrumbList","@id":"https:\/\/www.ull.es\/portal\/noticias\/2023\/exposicion-diseno-grafico-marcas-historicas-canarias\/#breadcrumb","itemListElement":[{"@type":"ListItem","position":1,"name":"Portada","item":"https:\/\/www.ull.es\/portal\/noticias\/"},{"@type":"ListItem","position":2,"name":"Una exposici\u00f3n en la Facultad de Bellas Artes repasa el dise\u00f1o gr\u00e1fico de marcas hist\u00f3ricas de Canarias"}]},{"@type":"WebSite","@id":"https:\/\/www.ull.es\/portal\/noticias\/#website","url":"https:\/\/www.ull.es\/portal\/noticias\/","name":"ULL - Noticias","description":"","potentialAction":[{"@type":"SearchAction","target":{"@type":"EntryPoint","urlTemplate":"https:\/\/www.ull.es\/portal\/noticias\/?s={search_term_string}"},"query-input":"required name=search_term_string"}],"inLanguage":"es"},{"@type":"Person","@id":"https:\/\/www.ull.es\/portal\/noticias\/#\/schema\/person\/c3b2aa857797592927a03740d6664376","name":"prensa2","image":{"@type":"ImageObject","inLanguage":"es","@id":"https:\/\/www.ull.es\/portal\/noticias\/#\/schema\/person\/image\/","url":"https:\/\/secure.gravatar.com\/avatar\/b58f310a5de5feb33d1e026d2493f23c?s=96&d=mm&r=g","contentUrl":"https:\/\/secure.gravatar.com\/avatar\/b58f310a5de5feb33d1e026d2493f23c?s=96&d=mm&r=g","caption":"prensa2"},"url":"https:\/\/www.ull.es\/portal\/noticias\/author\/prensa2\/"}]}},"primary_category":{"id":345,"name":"Destacado","slug":"destacado","link":"https:\/\/www.ull.es\/portal\/noticias\/category\/destacado\/"},"featured_image_thumbnail_url":"https:\/\/www.ull.es\/portal\/noticias\/wp-content\/uploads\/sites\/13\/2023\/10\/Expo-Canarias-disen\u0303a-11-300x200.jpg","_links":{"self":[{"href":"https:\/\/www.ull.es\/portal\/noticias\/wp-json\/wp\/v2\/posts\/71792"}],"collection":[{"href":"https:\/\/www.ull.es\/portal\/noticias\/wp-json\/wp\/v2\/posts"}],"about":[{"href":"https:\/\/www.ull.es\/portal\/noticias\/wp-json\/wp\/v2\/types\/post"}],"author":[{"embeddable":true,"href":"https:\/\/www.ull.es\/portal\/noticias\/wp-json\/wp\/v2\/users\/21"}],"replies":[{"embeddable":true,"href":"https:\/\/www.ull.es\/portal\/noticias\/wp-json\/wp\/v2\/comments?post=71792"}],"version-history":[{"count":2,"href":"https:\/\/www.ull.es\/portal\/noticias\/wp-json\/wp\/v2\/posts\/71792\/revisions"}],"predecessor-version":[{"id":71829,"href":"https:\/\/www.ull.es\/portal\/noticias\/wp-json\/wp\/v2\/posts\/71792\/revisions\/71829"}],"wp:featuredmedia":[{"embeddable":true,"href":"https:\/\/www.ull.es\/portal\/noticias\/wp-json\/wp\/v2\/media\/71794"}],"wp:attachment":[{"href":"https:\/\/www.ull.es\/portal\/noticias\/wp-json\/wp\/v2\/media?parent=71792"}],"wp:term":[{"taxonomy":"category","embeddable":true,"href":"https:\/\/www.ull.es\/portal\/noticias\/wp-json\/wp\/v2\/categories?post=71792"},{"taxonomy":"post_tag","embeddable":true,"href":"https:\/\/www.ull.es\/portal\/noticias\/wp-json\/wp\/v2\/tags?post=71792"}],"curies":[{"name":"wp","href":"https:\/\/api.w.org\/{rel}","templated":true}]}}