{"id":71820,"date":"2023-10-04T08:16:33","date_gmt":"2023-10-04T08:16:33","guid":{"rendered":"https:\/\/www.ull.es\/portal\/noticias\/?p=71820"},"modified":"2023-10-04T10:58:07","modified_gmt":"2023-10-04T10:58:07","slug":"ull-cabildo-accesits-premio-aprendizaje-servicio-2022-23","status":"publish","type":"post","link":"https:\/\/www.ull.es\/portal\/noticias\/2023\/ull-cabildo-accesits-premio-aprendizaje-servicio-2022-23\/","title":{"rendered":"ULL y Cabildo de Tenerife entregaron los acc\u00e9sits del Primer Premio de Aprendizaje-Servicio curso 2022-2023"},"content":{"rendered":"<p>La Universidad de La Laguna y el Cabildo de Tenerife entregaron ayer, martes 3 de octubre, los acc\u00e9sits del premio de Aprendizaje-Servicio organizado por ambas instituciones, durante una jornada dedicada a honrar la excelencia educativa y el compromiso con la comunidad. Efra\u00edn Medina Hern\u00e1ndez, consejero de Empleo, Educaci\u00f3n y Juventud del Cabildo de Tenerife; Patricia Le\u00f3n, directora Insular de Igualdad y Diversidad; y Mar\u00eda A. Gabino, directora del Programa de Aprendizaje Servicio de la Universidad de La Laguna junto a la t\u00e9cnica del Cabildo N\u00e1yade Guerra, se acercaron a los centros premiados para reconocer el trabajo de su alumnado y profesorado.<\/p>\n<p>Los acc\u00e9sits al Premio Aprendizaje-Servicio para el curso 2022-2023 recayeron en los proyectos \u00abNazaret Dona, Nazaret Cuida. Todo fluye\u00bb, del CPEIPS Santo Domingo, Nazaret, G\u00fc\u00edmar, liderado por el profesor Christian Garc\u00eda Torres, con el apoyo de la directora, Pilar Yusta Arag\u00f3n; y \u00abJugueteTEC: regalando sonrisas a trav\u00e9s del Servicio de Aprendizaje\u00bb, del IES Granadilla de Abona, coordinado por F\u00e9lix Jonay Mayoral Guti\u00e9rrez. Ambos proyectos, impulsados por estudiantes y educadores comprometidos, han demostrado un impacto positivo en la comunidad y reflejan un esp\u00edritu de servicio y solidaridad.<\/p>\n<p>Estos acc\u00e9sits fueron concedidos durante las II Jornadas de Aprendizaje-Servicio celebradas en junio, donde se entregaron el primer premio de Aprendizaje-Servicio al proyecto universitario \u00abTrabajos de Fin de Grado y Fin de M\u00e1ster en la Universidad de La Laguna\u00bb y el primer premio de Aprendizaje-Servicio al proyecto no universitario \u00abApadrina\u00bb, impulsado por el IES Mencey Acaymo.<\/p>\n<div id=\"attachment_71822\" style=\"width: 310px\" class=\"wp-caption alignleft\"><a href=\"https:\/\/www.ull.es\/portal\/noticias\/wp-content\/uploads\/sites\/13\/2023\/10\/entrega-accesit-aps-cpeips-santo-domingo.jpg\" target=\"_blank\" rel=\"noopener\" target=\"_blank\" rel=\"noopener\"><img aria-describedby=\"caption-attachment-71822\" decoding=\"async\" loading=\"lazy\" class=\"wp-image-71822 size-medium\" src=\"https:\/\/www.ull.es\/portal\/noticias\/wp-content\/uploads\/sites\/13\/2023\/10\/entrega-accesit-aps-cpeips-santo-domingo-300x200.jpg\" alt=\"Entrega del acc\u00e9sit al CPEIPS Santo Domingo, Nazaret, G\u00fc\u00edmar por el proyecto &quot;Nazaret Dona, Nazaret Cuida. Todo fluye&quot;. \" width=\"300\" height=\"200\" srcset=\"https:\/\/www.ull.es\/portal\/noticias\/wp-content\/uploads\/sites\/13\/2023\/10\/entrega-accesit-aps-cpeips-santo-domingo-300x200.jpg 300w, https:\/\/www.ull.es\/portal\/noticias\/wp-content\/uploads\/sites\/13\/2023\/10\/entrega-accesit-aps-cpeips-santo-domingo-1024x683.jpg 1024w, https:\/\/www.ull.es\/portal\/noticias\/wp-content\/uploads\/sites\/13\/2023\/10\/entrega-accesit-aps-cpeips-santo-domingo-768x512.jpg 768w, https:\/\/www.ull.es\/portal\/noticias\/wp-content\/uploads\/sites\/13\/2023\/10\/entrega-accesit-aps-cpeips-santo-domingo-375x250.jpg 375w, https:\/\/www.ull.es\/portal\/noticias\/wp-content\/uploads\/sites\/13\/2023\/10\/entrega-accesit-aps-cpeips-santo-domingo-750x500.jpg 750w, https:\/\/www.ull.es\/portal\/noticias\/wp-content\/uploads\/sites\/13\/2023\/10\/entrega-accesit-aps-cpeips-santo-domingo-1140x760.jpg 1140w, https:\/\/www.ull.es\/portal\/noticias\/wp-content\/uploads\/sites\/13\/2023\/10\/entrega-accesit-aps-cpeips-santo-domingo.jpg 1200w\" sizes=\"(max-width: 300px) 100vw, 300px\" \/><\/a><p id=\"caption-attachment-71822\" class=\"wp-caption-text\">Entrega del acc\u00e9sit al CPEIPS Santo Domingo, Nazaret, G\u00fc\u00edmar por el proyecto \u00abNazaret Dona, Nazaret Cuida. Todo fluye\u00bb.<\/p><\/div>\n<p>El consejero afirm\u00f3 en la entrega de ambos centros estar emocionado por poder reconocer el esfuerzo y el compromiso de quienes lideran proyectos de Aprendizaje-Servicio en Tenerife. \u201cEstos proyectos no solo fortalecen la educaci\u00f3n de nuestros estudiantes, sino que tambi\u00e9n tienen un impacto significativo en nuestra comunidad. El Cabildo de Tenerife se enorgullece de apoyar y promover estas iniciativas, que son fundamentales para construir un futuro m\u00e1s inclusivo y comprometido.\u00bb<\/p>\n<p>La directora insular tambi\u00e9n expres\u00f3 su apoyo y reconocimiento a estos proyectos y a todas las iniciativas de Aprendizaje-Servicio que promueven la igualdad y la diversidad en la sociedad tinerfe\u00f1a. Con respecto al primer proyecto, agreg\u00f3: \u00abQu\u00e9 m\u00e1s igualitario que la sangre, para generar igualdad e inclusi\u00f3n\u00bb.<\/p>\n<p>Por su parte, la profesora de la Universidad de La Laguna y directora del Programa de Aprendizaje-Servicio invit\u00f3 a la utilizaci\u00f3n de esta metodolog\u00eda no solo para lograr un aprendizaje significativo sino tambi\u00e9n para crear un entorno m\u00e1s comprometido, donde el alumno se convierte en los verdaderos agentes de cambio.<\/p>\n<p>Estos proyectos de Aprendizaje-Servicio son ejemplos sobresalientes de c\u00f3mo la educaci\u00f3n puede tener un impacto transformador en la sociedad, y reflejan el compromiso continuo del Cabildo de Tenerife y la Universidad de La Laguna con el aprendizaje, la igualdad, la diversidad y la participaci\u00f3n activa de la juventud en iniciativas de servicio comunitario.<\/p>\n","protected":false},"excerpt":{"rendered":"<p>La Universidad de La Laguna y el Cabildo de Tenerife entregaron ayer, martes 3 de octubre, los acc\u00e9sits del premio&#8230;<\/p>\n","protected":false},"author":21,"featured_media":71821,"comment_status":"closed","ping_status":"closed","sticky":false,"template":"","format":"standard","meta":{"inline_featured_image":false,"footnotes":""},"categories":[8225,345,346,2765],"tags":[3421,8582,10329],"acf":[],"yoast_head":"<!-- This site is optimized with the Yoast SEO plugin v21.3 - https:\/\/yoast.com\/wordpress\/plugins\/seo\/ -->\n<title>ULL y Cabildo entregan acc\u00e9sits del Premio Aprendizaje-Servicio<\/title>\n<meta name=\"description\" content=\"Dos centros de G\u00fc\u00edmar y Granadilla de Abona recibieron estos reconocimientos por desarrollar proyectos de ApS durante el pasado curso 2022-23.\" \/>\n<meta name=\"robots\" content=\"index, follow, max-snippet:-1, max-image-preview:large, max-video-preview:-1\" \/>\n<link rel=\"canonical\" href=\"https:\/\/www.ull.es\/portal\/noticias\/2023\/ull-cabildo-accesits-premio-aprendizaje-servicio-2022-23\/\" \/>\n<meta property=\"og:locale\" content=\"es_ES\" \/>\n<meta property=\"og:type\" content=\"article\" \/>\n<meta property=\"og:title\" content=\"ULL y Cabildo entregan acc\u00e9sits del Premio Aprendizaje-Servicio\" \/>\n<meta property=\"og:description\" content=\"Dos centros de G\u00fc\u00edmar y Granadilla de Abona recibieron estos reconocimientos por desarrollar proyectos de ApS durante el pasado curso 2022-23.\" \/>\n<meta property=\"og:url\" content=\"https:\/\/www.ull.es\/portal\/noticias\/2023\/ull-cabildo-accesits-premio-aprendizaje-servicio-2022-23\/\" \/>\n<meta property=\"og:site_name\" content=\"ULL - Noticias\" \/>\n<meta property=\"article:publisher\" content=\"https:\/\/www.facebook.com\/universidaddelalaguna\/\" \/>\n<meta property=\"article:published_time\" content=\"2023-10-04T08:16:33+00:00\" \/>\n<meta property=\"article:modified_time\" content=\"2023-10-04T10:58:07+00:00\" \/>\n<meta property=\"og:image\" content=\"https:\/\/www.ull.es\/portal\/noticias\/wp-content\/uploads\/sites\/13\/2023\/10\/entrega-accesit-aps-ies-granadilla.jpg\" \/>\n\t<meta property=\"og:image:width\" content=\"1200\" \/>\n\t<meta property=\"og:image:height\" content=\"800\" \/>\n\t<meta property=\"og:image:type\" content=\"image\/jpeg\" \/>\n<meta name=\"author\" content=\"prensa2\" \/>\n<meta name=\"twitter:card\" content=\"summary_large_image\" \/>\n<meta name=\"twitter:creator\" content=\"@CanalULL\" \/>\n<meta name=\"twitter:site\" content=\"@CanalULL\" \/>\n<meta name=\"twitter:label1\" content=\"Escrito por\" \/>\n\t<meta name=\"twitter:data1\" content=\"prensa2\" \/>\n\t<meta name=\"twitter:label2\" content=\"Tiempo de lectura\" \/>\n\t<meta name=\"twitter:data2\" content=\"3 minutos\" \/>\n<script type=\"application\/ld+json\" class=\"yoast-schema-graph\">{\"@context\":\"https:\/\/schema.org\",\"@graph\":[{\"@type\":\"WebPage\",\"@id\":\"https:\/\/www.ull.es\/portal\/noticias\/2023\/ull-cabildo-accesits-premio-aprendizaje-servicio-2022-23\/\",\"url\":\"https:\/\/www.ull.es\/portal\/noticias\/2023\/ull-cabildo-accesits-premio-aprendizaje-servicio-2022-23\/\",\"name\":\"ULL y Cabildo entregan acc\u00e9sits del Premio Aprendizaje-Servicio\",\"isPartOf\":{\"@id\":\"https:\/\/www.ull.es\/portal\/noticias\/#website\"},\"datePublished\":\"2023-10-04T08:16:33+00:00\",\"dateModified\":\"2023-10-04T10:58:07+00:00\",\"author\":{\"@id\":\"https:\/\/www.ull.es\/portal\/noticias\/#\/schema\/person\/c3b2aa857797592927a03740d6664376\"},\"description\":\"Dos centros de G\u00fc\u00edmar y Granadilla de Abona recibieron estos reconocimientos por desarrollar proyectos de ApS durante el pasado curso 2022-23.\",\"breadcrumb\":{\"@id\":\"https:\/\/www.ull.es\/portal\/noticias\/2023\/ull-cabildo-accesits-premio-aprendizaje-servicio-2022-23\/#breadcrumb\"},\"inLanguage\":\"es\",\"potentialAction\":[{\"@type\":\"ReadAction\",\"target\":[\"https:\/\/www.ull.es\/portal\/noticias\/2023\/ull-cabildo-accesits-premio-aprendizaje-servicio-2022-23\/\"]}]},{\"@type\":\"BreadcrumbList\",\"@id\":\"https:\/\/www.ull.es\/portal\/noticias\/2023\/ull-cabildo-accesits-premio-aprendizaje-servicio-2022-23\/#breadcrumb\",\"itemListElement\":[{\"@type\":\"ListItem\",\"position\":1,\"name\":\"Portada\",\"item\":\"https:\/\/www.ull.es\/portal\/noticias\/\"},{\"@type\":\"ListItem\",\"position\":2,\"name\":\"ULL y Cabildo de Tenerife entregaron los acc\u00e9sits del Primer Premio de Aprendizaje-Servicio curso 2022-2023\"}]},{\"@type\":\"WebSite\",\"@id\":\"https:\/\/www.ull.es\/portal\/noticias\/#website\",\"url\":\"https:\/\/www.ull.es\/portal\/noticias\/\",\"name\":\"ULL - Noticias\",\"description\":\"\",\"potentialAction\":[{\"@type\":\"SearchAction\",\"target\":{\"@type\":\"EntryPoint\",\"urlTemplate\":\"https:\/\/www.ull.es\/portal\/noticias\/?s={search_term_string}\"},\"query-input\":\"required name=search_term_string\"}],\"inLanguage\":\"es\"},{\"@type\":\"Person\",\"@id\":\"https:\/\/www.ull.es\/portal\/noticias\/#\/schema\/person\/c3b2aa857797592927a03740d6664376\",\"name\":\"prensa2\",\"image\":{\"@type\":\"ImageObject\",\"inLanguage\":\"es\",\"@id\":\"https:\/\/www.ull.es\/portal\/noticias\/#\/schema\/person\/image\/\",\"url\":\"https:\/\/secure.gravatar.com\/avatar\/b58f310a5de5feb33d1e026d2493f23c?s=96&d=mm&r=g\",\"contentUrl\":\"https:\/\/secure.gravatar.com\/avatar\/b58f310a5de5feb33d1e026d2493f23c?s=96&d=mm&r=g\",\"caption\":\"prensa2\"},\"url\":\"https:\/\/www.ull.es\/portal\/noticias\/author\/prensa2\/\"}]}<\/script>\n<!-- \/ Yoast SEO plugin. -->","yoast_head_json":{"title":"ULL y Cabildo entregan acc\u00e9sits del Premio Aprendizaje-Servicio","description":"Dos centros de G\u00fc\u00edmar y Granadilla de Abona recibieron estos reconocimientos por desarrollar proyectos de ApS durante el pasado curso 2022-23.","robots":{"index":"index","follow":"follow","max-snippet":"max-snippet:-1","max-image-preview":"max-image-preview:large","max-video-preview":"max-video-preview:-1"},"canonical":"https:\/\/www.ull.es\/portal\/noticias\/2023\/ull-cabildo-accesits-premio-aprendizaje-servicio-2022-23\/","og_locale":"es_ES","og_type":"article","og_title":"ULL y Cabildo entregan acc\u00e9sits del Premio Aprendizaje-Servicio","og_description":"Dos centros de G\u00fc\u00edmar y Granadilla de Abona recibieron estos reconocimientos por desarrollar proyectos de ApS durante el pasado curso 2022-23.","og_url":"https:\/\/www.ull.es\/portal\/noticias\/2023\/ull-cabildo-accesits-premio-aprendizaje-servicio-2022-23\/","og_site_name":"ULL - Noticias","article_publisher":"https:\/\/www.facebook.com\/universidaddelalaguna\/","article_published_time":"2023-10-04T08:16:33+00:00","article_modified_time":"2023-10-04T10:58:07+00:00","og_image":[{"width":1200,"height":800,"url":"https:\/\/www.ull.es\/portal\/noticias\/wp-content\/uploads\/sites\/13\/2023\/10\/entrega-accesit-aps-ies-granadilla.jpg","type":"image\/jpeg"}],"author":"prensa2","twitter_card":"summary_large_image","twitter_creator":"@CanalULL","twitter_site":"@CanalULL","twitter_misc":{"Escrito por":"prensa2","Tiempo de lectura":"3 minutos"},"schema":{"@context":"https:\/\/schema.org","@graph":[{"@type":"WebPage","@id":"https:\/\/www.ull.es\/portal\/noticias\/2023\/ull-cabildo-accesits-premio-aprendizaje-servicio-2022-23\/","url":"https:\/\/www.ull.es\/portal\/noticias\/2023\/ull-cabildo-accesits-premio-aprendizaje-servicio-2022-23\/","name":"ULL y Cabildo entregan acc\u00e9sits del Premio Aprendizaje-Servicio","isPartOf":{"@id":"https:\/\/www.ull.es\/portal\/noticias\/#website"},"datePublished":"2023-10-04T08:16:33+00:00","dateModified":"2023-10-04T10:58:07+00:00","author":{"@id":"https:\/\/www.ull.es\/portal\/noticias\/#\/schema\/person\/c3b2aa857797592927a03740d6664376"},"description":"Dos centros de G\u00fc\u00edmar y Granadilla de Abona recibieron estos reconocimientos por desarrollar proyectos de ApS durante el pasado curso 2022-23.","breadcrumb":{"@id":"https:\/\/www.ull.es\/portal\/noticias\/2023\/ull-cabildo-accesits-premio-aprendizaje-servicio-2022-23\/#breadcrumb"},"inLanguage":"es","potentialAction":[{"@type":"ReadAction","target":["https:\/\/www.ull.es\/portal\/noticias\/2023\/ull-cabildo-accesits-premio-aprendizaje-servicio-2022-23\/"]}]},{"@type":"BreadcrumbList","@id":"https:\/\/www.ull.es\/portal\/noticias\/2023\/ull-cabildo-accesits-premio-aprendizaje-servicio-2022-23\/#breadcrumb","itemListElement":[{"@type":"ListItem","position":1,"name":"Portada","item":"https:\/\/www.ull.es\/portal\/noticias\/"},{"@type":"ListItem","position":2,"name":"ULL y Cabildo de Tenerife entregaron los acc\u00e9sits del Primer Premio de Aprendizaje-Servicio curso 2022-2023"}]},{"@type":"WebSite","@id":"https:\/\/www.ull.es\/portal\/noticias\/#website","url":"https:\/\/www.ull.es\/portal\/noticias\/","name":"ULL - Noticias","description":"","potentialAction":[{"@type":"SearchAction","target":{"@type":"EntryPoint","urlTemplate":"https:\/\/www.ull.es\/portal\/noticias\/?s={search_term_string}"},"query-input":"required name=search_term_string"}],"inLanguage":"es"},{"@type":"Person","@id":"https:\/\/www.ull.es\/portal\/noticias\/#\/schema\/person\/c3b2aa857797592927a03740d6664376","name":"prensa2","image":{"@type":"ImageObject","inLanguage":"es","@id":"https:\/\/www.ull.es\/portal\/noticias\/#\/schema\/person\/image\/","url":"https:\/\/secure.gravatar.com\/avatar\/b58f310a5de5feb33d1e026d2493f23c?s=96&d=mm&r=g","contentUrl":"https:\/\/secure.gravatar.com\/avatar\/b58f310a5de5feb33d1e026d2493f23c?s=96&d=mm&r=g","caption":"prensa2"},"url":"https:\/\/www.ull.es\/portal\/noticias\/author\/prensa2\/"}]}},"primary_category":{"id":345,"name":"Destacado","slug":"destacado","link":"https:\/\/www.ull.es\/portal\/noticias\/category\/destacado\/"},"featured_image_thumbnail_url":"https:\/\/www.ull.es\/portal\/noticias\/wp-content\/uploads\/sites\/13\/2023\/10\/entrega-accesit-aps-ies-granadilla-300x200.jpg","_links":{"self":[{"href":"https:\/\/www.ull.es\/portal\/noticias\/wp-json\/wp\/v2\/posts\/71820"}],"collection":[{"href":"https:\/\/www.ull.es\/portal\/noticias\/wp-json\/wp\/v2\/posts"}],"about":[{"href":"https:\/\/www.ull.es\/portal\/noticias\/wp-json\/wp\/v2\/types\/post"}],"author":[{"embeddable":true,"href":"https:\/\/www.ull.es\/portal\/noticias\/wp-json\/wp\/v2\/users\/21"}],"replies":[{"embeddable":true,"href":"https:\/\/www.ull.es\/portal\/noticias\/wp-json\/wp\/v2\/comments?post=71820"}],"version-history":[{"count":1,"href":"https:\/\/www.ull.es\/portal\/noticias\/wp-json\/wp\/v2\/posts\/71820\/revisions"}],"predecessor-version":[{"id":71823,"href":"https:\/\/www.ull.es\/portal\/noticias\/wp-json\/wp\/v2\/posts\/71820\/revisions\/71823"}],"wp:featuredmedia":[{"embeddable":true,"href":"https:\/\/www.ull.es\/portal\/noticias\/wp-json\/wp\/v2\/media\/71821"}],"wp:attachment":[{"href":"https:\/\/www.ull.es\/portal\/noticias\/wp-json\/wp\/v2\/media?parent=71820"}],"wp:term":[{"taxonomy":"category","embeddable":true,"href":"https:\/\/www.ull.es\/portal\/noticias\/wp-json\/wp\/v2\/categories?post=71820"},{"taxonomy":"post_tag","embeddable":true,"href":"https:\/\/www.ull.es\/portal\/noticias\/wp-json\/wp\/v2\/tags?post=71820"}],"curies":[{"name":"wp","href":"https:\/\/api.w.org\/{rel}","templated":true}]}}