{"id":71832,"date":"2023-10-04T11:12:05","date_gmt":"2023-10-04T11:12:05","guid":{"rendered":"https:\/\/www.ull.es\/portal\/noticias\/?p=71832"},"modified":"2023-10-04T11:12:05","modified_gmt":"2023-10-04T11:12:05","slug":"la-universidad-de-la-laguna-recibe-a-279-estudiantes-del-programa-erasmus","status":"publish","type":"post","link":"https:\/\/www.ull.es\/portal\/noticias\/2023\/la-universidad-de-la-laguna-recibe-a-279-estudiantes-del-programa-erasmus\/","title":{"rendered":"La Universidad de La Laguna recibe a 279 estudiantes del programa Erasmus+"},"content":{"rendered":"<p>La Universidad de La Laguna recibir\u00e1 ma\u00f1ana jueves 5 de octubre a los estudiantes del programa europeo Erasmus+ que vienen a cursar a este centro acad\u00e9mico o bien el a\u00f1o completo o tan solo el primer cuatrimestre. La ceremonia de bienvenida (<a href=\"https:\/\/www.ull.es\/portal\/agenda\/evento\/international-welcome-day-for-erasmus-students-7\/\" target=\"_blank\" rel=\"noopener\">Welcome Day<\/a>) tendr\u00e1 lugar en el sal\u00f3n de actos de la Facultad de Ciencias Sociales y de la Comunicaci\u00f3n (edificio La Pir\u00e1mide) a las 17:00 horas. Entre los meses de enero y febrero se recibir\u00e1 a los que acudan a este centro acad\u00e9mico para cursar el segundo cuatrimestre de sus estudios.<\/p>\n<p>Italia, Alemania y Polonia son las principales procedencias de los estudiantes de intercambio, aunque hay alumnado de otras nacionalidades como francesa, portuguesa, eslovena o eslovaca, entre otras muchas. Estos estudiantes cursar\u00e1n un grado en las diferentes facultades y escuelas de la universidad como en la Humanidades, Econom\u00eda, Empresa y Turismo, Ciencias de la Salud o Psicolog\u00eda y Logopedia, entre otras. Adem\u00e1s, m\u00e1s de una treintena de estudiantes realizar\u00e1n su estancia en programas adscritos a la Escuela de Doctorado y Estudios de Posgrado.<\/p>\n<p>El acto de bienvenida estar\u00e1 presidido por el rector de la universidad, Francisco Garc\u00eda Rodr\u00edguez, acompa\u00f1ado de la vicerrectora de Internacionalizaci\u00f3n y Cooperaci\u00f3n, Inmaculada Gonz\u00e1lez P\u00e9rez, y en \u00e9l ser\u00e1n presentados los principales servicios a disposici\u00f3n de este alumnado internacional. Adem\u00e1s, la asociaci\u00f3n de estudiantes europeos AEGEE presentar\u00e1 su cat\u00e1logo de actividades culturales y de ocio para este colectivo en un evento que culminar\u00e1 con una actuaci\u00f3n musical.<\/p>\n","protected":false},"excerpt":{"rendered":"<p>La Universidad de La Laguna recibir\u00e1 ma\u00f1ana jueves 5 de octubre a los estudiantes del programa europeo Erasmus+ que vienen&#8230;<\/p>\n","protected":false},"author":23,"featured_media":71834,"comment_status":"closed","ping_status":"closed","sticky":false,"template":"","format":"standard","meta":{"inline_featured_image":false,"footnotes":""},"categories":[343,345,349,2765],"tags":[1149,2649],"acf":[],"yoast_head":"<!-- This site is optimized with the Yoast SEO plugin v21.3 - https:\/\/yoast.com\/wordpress\/plugins\/seo\/ -->\n<title>La Universidad de La Laguna recibe a 279 estudiantes del programa Erasmus+ - ULL - Noticias<\/title>\n<meta name=\"robots\" content=\"index, follow, max-snippet:-1, max-image-preview:large, max-video-preview:-1\" \/>\n<link rel=\"canonical\" href=\"https:\/\/www.ull.es\/portal\/noticias\/2023\/la-universidad-de-la-laguna-recibe-a-279-estudiantes-del-programa-erasmus\/\" \/>\n<meta property=\"og:locale\" content=\"es_ES\" \/>\n<meta property=\"og:type\" content=\"article\" \/>\n<meta property=\"og:title\" content=\"La Universidad de La Laguna recibe a 279 estudiantes del programa Erasmus+ - ULL - Noticias\" \/>\n<meta property=\"og:description\" content=\"La Universidad de La Laguna recibir\u00e1 ma\u00f1ana jueves 5 de octubre a los estudiantes del programa europeo Erasmus+ que vienen...\" \/>\n<meta property=\"og:url\" content=\"https:\/\/www.ull.es\/portal\/noticias\/2023\/la-universidad-de-la-laguna-recibe-a-279-estudiantes-del-programa-erasmus\/\" \/>\n<meta property=\"og:site_name\" content=\"ULL - Noticias\" \/>\n<meta property=\"article:publisher\" content=\"https:\/\/www.facebook.com\/universidaddelalaguna\/\" \/>\n<meta property=\"article:published_time\" content=\"2023-10-04T11:12:05+00:00\" \/>\n<meta property=\"og:image\" content=\"https:\/\/www.ull.es\/portal\/noticias\/wp-content\/uploads\/sites\/13\/2023\/10\/Welcome-day-Erasmus.png\" \/>\n\t<meta property=\"og:image:width\" content=\"750\" \/>\n\t<meta property=\"og:image:height\" content=\"370\" \/>\n\t<meta property=\"og:image:type\" content=\"image\/png\" \/>\n<meta name=\"author\" content=\"gaprsa\" \/>\n<meta name=\"twitter:card\" content=\"summary_large_image\" \/>\n<meta name=\"twitter:creator\" content=\"@CanalULL\" \/>\n<meta name=\"twitter:site\" content=\"@CanalULL\" \/>\n<meta name=\"twitter:label1\" content=\"Escrito por\" \/>\n\t<meta name=\"twitter:data1\" content=\"gaprsa\" \/>\n\t<meta name=\"twitter:label2\" content=\"Tiempo de lectura\" \/>\n\t<meta name=\"twitter:data2\" content=\"2 minutos\" \/>\n<script type=\"application\/ld+json\" class=\"yoast-schema-graph\">{\"@context\":\"https:\/\/schema.org\",\"@graph\":[{\"@type\":\"WebPage\",\"@id\":\"https:\/\/www.ull.es\/portal\/noticias\/2023\/la-universidad-de-la-laguna-recibe-a-279-estudiantes-del-programa-erasmus\/\",\"url\":\"https:\/\/www.ull.es\/portal\/noticias\/2023\/la-universidad-de-la-laguna-recibe-a-279-estudiantes-del-programa-erasmus\/\",\"name\":\"La Universidad de La Laguna recibe a 279 estudiantes del programa Erasmus+ - ULL - Noticias\",\"isPartOf\":{\"@id\":\"https:\/\/www.ull.es\/portal\/noticias\/#website\"},\"datePublished\":\"2023-10-04T11:12:05+00:00\",\"dateModified\":\"2023-10-04T11:12:05+00:00\",\"author\":{\"@id\":\"https:\/\/www.ull.es\/portal\/noticias\/#\/schema\/person\/b2b1a89d43ffa609e591f7df8ef3e817\"},\"breadcrumb\":{\"@id\":\"https:\/\/www.ull.es\/portal\/noticias\/2023\/la-universidad-de-la-laguna-recibe-a-279-estudiantes-del-programa-erasmus\/#breadcrumb\"},\"inLanguage\":\"es\",\"potentialAction\":[{\"@type\":\"ReadAction\",\"target\":[\"https:\/\/www.ull.es\/portal\/noticias\/2023\/la-universidad-de-la-laguna-recibe-a-279-estudiantes-del-programa-erasmus\/\"]}]},{\"@type\":\"BreadcrumbList\",\"@id\":\"https:\/\/www.ull.es\/portal\/noticias\/2023\/la-universidad-de-la-laguna-recibe-a-279-estudiantes-del-programa-erasmus\/#breadcrumb\",\"itemListElement\":[{\"@type\":\"ListItem\",\"position\":1,\"name\":\"Portada\",\"item\":\"https:\/\/www.ull.es\/portal\/noticias\/\"},{\"@type\":\"ListItem\",\"position\":2,\"name\":\"La Universidad de La Laguna recibe a 279 estudiantes del programa Erasmus+\"}]},{\"@type\":\"WebSite\",\"@id\":\"https:\/\/www.ull.es\/portal\/noticias\/#website\",\"url\":\"https:\/\/www.ull.es\/portal\/noticias\/\",\"name\":\"ULL - Noticias\",\"description\":\"\",\"potentialAction\":[{\"@type\":\"SearchAction\",\"target\":{\"@type\":\"EntryPoint\",\"urlTemplate\":\"https:\/\/www.ull.es\/portal\/noticias\/?s={search_term_string}\"},\"query-input\":\"required name=search_term_string\"}],\"inLanguage\":\"es\"},{\"@type\":\"Person\",\"@id\":\"https:\/\/www.ull.es\/portal\/noticias\/#\/schema\/person\/b2b1a89d43ffa609e591f7df8ef3e817\",\"name\":\"gaprsa\",\"image\":{\"@type\":\"ImageObject\",\"inLanguage\":\"es\",\"@id\":\"https:\/\/www.ull.es\/portal\/noticias\/#\/schema\/person\/image\/\",\"url\":\"https:\/\/secure.gravatar.com\/avatar\/443820550921091458b4823867723b3d?s=96&d=mm&r=g\",\"contentUrl\":\"https:\/\/secure.gravatar.com\/avatar\/443820550921091458b4823867723b3d?s=96&d=mm&r=g\",\"caption\":\"gaprsa\"},\"url\":\"https:\/\/www.ull.es\/portal\/noticias\/author\/gaprsa\/\"}]}<\/script>\n<!-- \/ Yoast SEO plugin. -->","yoast_head_json":{"title":"La Universidad de La Laguna recibe a 279 estudiantes del programa Erasmus+ - ULL - Noticias","robots":{"index":"index","follow":"follow","max-snippet":"max-snippet:-1","max-image-preview":"max-image-preview:large","max-video-preview":"max-video-preview:-1"},"canonical":"https:\/\/www.ull.es\/portal\/noticias\/2023\/la-universidad-de-la-laguna-recibe-a-279-estudiantes-del-programa-erasmus\/","og_locale":"es_ES","og_type":"article","og_title":"La Universidad de La Laguna recibe a 279 estudiantes del programa Erasmus+ - ULL - Noticias","og_description":"La Universidad de La Laguna recibir\u00e1 ma\u00f1ana jueves 5 de octubre a los estudiantes del programa europeo Erasmus+ que vienen...","og_url":"https:\/\/www.ull.es\/portal\/noticias\/2023\/la-universidad-de-la-laguna-recibe-a-279-estudiantes-del-programa-erasmus\/","og_site_name":"ULL - Noticias","article_publisher":"https:\/\/www.facebook.com\/universidaddelalaguna\/","article_published_time":"2023-10-04T11:12:05+00:00","og_image":[{"width":750,"height":370,"url":"https:\/\/www.ull.es\/portal\/noticias\/wp-content\/uploads\/sites\/13\/2023\/10\/Welcome-day-Erasmus.png","type":"image\/png"}],"author":"gaprsa","twitter_card":"summary_large_image","twitter_creator":"@CanalULL","twitter_site":"@CanalULL","twitter_misc":{"Escrito por":"gaprsa","Tiempo de lectura":"2 minutos"},"schema":{"@context":"https:\/\/schema.org","@graph":[{"@type":"WebPage","@id":"https:\/\/www.ull.es\/portal\/noticias\/2023\/la-universidad-de-la-laguna-recibe-a-279-estudiantes-del-programa-erasmus\/","url":"https:\/\/www.ull.es\/portal\/noticias\/2023\/la-universidad-de-la-laguna-recibe-a-279-estudiantes-del-programa-erasmus\/","name":"La Universidad de La Laguna recibe a 279 estudiantes del programa Erasmus+ - ULL - Noticias","isPartOf":{"@id":"https:\/\/www.ull.es\/portal\/noticias\/#website"},"datePublished":"2023-10-04T11:12:05+00:00","dateModified":"2023-10-04T11:12:05+00:00","author":{"@id":"https:\/\/www.ull.es\/portal\/noticias\/#\/schema\/person\/b2b1a89d43ffa609e591f7df8ef3e817"},"breadcrumb":{"@id":"https:\/\/www.ull.es\/portal\/noticias\/2023\/la-universidad-de-la-laguna-recibe-a-279-estudiantes-del-programa-erasmus\/#breadcrumb"},"inLanguage":"es","potentialAction":[{"@type":"ReadAction","target":["https:\/\/www.ull.es\/portal\/noticias\/2023\/la-universidad-de-la-laguna-recibe-a-279-estudiantes-del-programa-erasmus\/"]}]},{"@type":"BreadcrumbList","@id":"https:\/\/www.ull.es\/portal\/noticias\/2023\/la-universidad-de-la-laguna-recibe-a-279-estudiantes-del-programa-erasmus\/#breadcrumb","itemListElement":[{"@type":"ListItem","position":1,"name":"Portada","item":"https:\/\/www.ull.es\/portal\/noticias\/"},{"@type":"ListItem","position":2,"name":"La Universidad de La Laguna recibe a 279 estudiantes del programa Erasmus+"}]},{"@type":"WebSite","@id":"https:\/\/www.ull.es\/portal\/noticias\/#website","url":"https:\/\/www.ull.es\/portal\/noticias\/","name":"ULL - Noticias","description":"","potentialAction":[{"@type":"SearchAction","target":{"@type":"EntryPoint","urlTemplate":"https:\/\/www.ull.es\/portal\/noticias\/?s={search_term_string}"},"query-input":"required name=search_term_string"}],"inLanguage":"es"},{"@type":"Person","@id":"https:\/\/www.ull.es\/portal\/noticias\/#\/schema\/person\/b2b1a89d43ffa609e591f7df8ef3e817","name":"gaprsa","image":{"@type":"ImageObject","inLanguage":"es","@id":"https:\/\/www.ull.es\/portal\/noticias\/#\/schema\/person\/image\/","url":"https:\/\/secure.gravatar.com\/avatar\/443820550921091458b4823867723b3d?s=96&d=mm&r=g","contentUrl":"https:\/\/secure.gravatar.com\/avatar\/443820550921091458b4823867723b3d?s=96&d=mm&r=g","caption":"gaprsa"},"url":"https:\/\/www.ull.es\/portal\/noticias\/author\/gaprsa\/"}]}},"primary_category":{"id":345,"name":"Destacado","slug":"destacado","link":"https:\/\/www.ull.es\/portal\/noticias\/category\/destacado\/"},"featured_image_thumbnail_url":"https:\/\/www.ull.es\/portal\/noticias\/wp-content\/uploads\/sites\/13\/2023\/10\/Welcome-day-Erasmus-300x148.png","_links":{"self":[{"href":"https:\/\/www.ull.es\/portal\/noticias\/wp-json\/wp\/v2\/posts\/71832"}],"collection":[{"href":"https:\/\/www.ull.es\/portal\/noticias\/wp-json\/wp\/v2\/posts"}],"about":[{"href":"https:\/\/www.ull.es\/portal\/noticias\/wp-json\/wp\/v2\/types\/post"}],"author":[{"embeddable":true,"href":"https:\/\/www.ull.es\/portal\/noticias\/wp-json\/wp\/v2\/users\/23"}],"replies":[{"embeddable":true,"href":"https:\/\/www.ull.es\/portal\/noticias\/wp-json\/wp\/v2\/comments?post=71832"}],"version-history":[{"count":1,"href":"https:\/\/www.ull.es\/portal\/noticias\/wp-json\/wp\/v2\/posts\/71832\/revisions"}],"predecessor-version":[{"id":71833,"href":"https:\/\/www.ull.es\/portal\/noticias\/wp-json\/wp\/v2\/posts\/71832\/revisions\/71833"}],"wp:featuredmedia":[{"embeddable":true,"href":"https:\/\/www.ull.es\/portal\/noticias\/wp-json\/wp\/v2\/media\/71834"}],"wp:attachment":[{"href":"https:\/\/www.ull.es\/portal\/noticias\/wp-json\/wp\/v2\/media?parent=71832"}],"wp:term":[{"taxonomy":"category","embeddable":true,"href":"https:\/\/www.ull.es\/portal\/noticias\/wp-json\/wp\/v2\/categories?post=71832"},{"taxonomy":"post_tag","embeddable":true,"href":"https:\/\/www.ull.es\/portal\/noticias\/wp-json\/wp\/v2\/tags?post=71832"}],"curies":[{"name":"wp","href":"https:\/\/api.w.org\/{rel}","templated":true}]}}