{"id":71838,"date":"2023-10-04T12:36:46","date_gmt":"2023-10-04T12:36:46","guid":{"rendered":"https:\/\/www.ull.es\/portal\/noticias\/?p=71838"},"modified":"2023-10-04T12:36:46","modified_gmt":"2023-10-04T12:36:46","slug":"seis-bandas-y-artistas-se-disputaran-este-sabado-el-premio-de-la-musica-en-el-festival-ull-rock","status":"publish","type":"post","link":"https:\/\/www.ull.es\/portal\/noticias\/2023\/seis-bandas-y-artistas-se-disputaran-este-sabado-el-premio-de-la-musica-en-el-festival-ull-rock\/","title":{"rendered":"Seis bandas y artistas se disputar\u00e1n este s\u00e1bado el Premio de la M\u00fasica en el festival ULL Rock"},"content":{"rendered":"<p>El <a href=\"https:\/\/www.ull.es\/portal\/agenda\/evento\/ullrock-xviii-premio-de-musica-de-la-universidad-de-la-laguna\/\" target=\"_blank\" rel=\"noopener\">festival ULL Rock<\/a>, organizado por la Universidad de La Laguna, regresa este s\u00e1bado 7 de octubre a la sala Aguere Cultural. Esta cita, que dar\u00e1 comienzo a las 20:30 horas, congregar\u00e1 sobre el escenario a seis bandas y artistas que luchar\u00e1n por el Premio de la M\u00fasica que la instituci\u00f3n acad\u00e9mica lleva otorgando desde hace casi dos d\u00e9cadas. En la velada, que tendr\u00e1 entrada libre para todo el p\u00fablico que desee asistir hasta completar aforo, tambi\u00e9n tocar\u00e1 <a href=\"http:\/\/www.josearbelo.com\/\" target=\"_blank\" rel=\"noopener\">Jos\u00e9 Arbelo Tr\u00edo<\/a> como ganador de la \u00faltima edici\u00f3n de este galard\u00f3n el pasado a\u00f1o.<\/p>\n<p>La banda <a href=\"https:\/\/www.youtube.com\/channel\/UC2xS0_awBnDX86z7PM157ew\" target=\"_blank\" rel=\"noopener\">Cheap Manifesto<\/a>, que cuenta desde 2022 con su primer EP \u201cDownfall\u201d en el mercado, ser\u00e1 una de las agrupaciones que actuar\u00e1 en el festival ULL Rock este s\u00e1bado. Estos tres amigos, tal y como se definen sus integrantes, llenar\u00e1n la sala con un estilo que recoge elementos del <em>new-wave<\/em> y <em>post-punk<\/em>, con melod\u00edas sencillas y pegadizas, as\u00ed como letras que hablan del desencanto, la alienaci\u00f3n, la rabia y el desconcierto frente al presente social.<\/p>\n<p>El folk y los sonidos electr\u00f3nicos de <a href=\"https:\/\/linktr.ee\/orlim\" target=\"_blank\" rel=\"noopener\">Orlim<\/a> tambi\u00e9n optar\u00e1n a llevarse el XVIII Premio de la M\u00fasica de la Universidad de La Laguna. El artista de Tenerife, que consigui\u00f3 lanzar su primer EP hace un a\u00f1o, estar\u00e1 sobre el escenario apostando por lo que \u00e9l mismo califica como \u201cpaisajes sonoros enso\u00f1adores donde irrumpe la naturaleza, la emocionalidad o la evasi\u00f3n y que sirven para explorar los claroscuros del ser humano\u201d.<\/p>\n<p>La delicadeza del R&amp;B con toques de pop e incluso reggaet\u00f3n se erigen como la apuesta de la artista <a href=\"https:\/\/www.youtube.com\/@anaidalreves\" target=\"_blank\" rel=\"noopener\">DIANA<\/a> para este festival. Tras pasar por algunos grupos, a partir de 2021 comienza una nueva senda en solitario y a d\u00eda de hoy se encuentra trabajando para sacar el que ser\u00eda su primer \u00e1lbum a principios del pr\u00f3ximo a\u00f1o.<\/p>\n<p>El tiempo libre que impuso la pandemia y el amor en un conocido barrio de Madrid fueron las bases que asentaron la creaci\u00f3n de la banda <a href=\"https:\/\/linktr.ee\/duele__\" target=\"_blank\" rel=\"noopener\">Duele<\/a>, que tambi\u00e9n ser\u00e1 una de las participantes de ULL Rock. Aunque naci\u00f3 como un proyecto personal del canario Jorge Luis Amil, la ahora agrupaci\u00f3n musical se encuentra tocando por grandes salas del archipi\u00e9lago y justo eso har\u00e1 este s\u00e1bado en el Aguere Cultural, donde trasladar\u00e1 sus sonidos indies que recuerdan a los 80 y parte de los 90.<\/p>\n<p>La mezcla art\u00edstica que surge del pop, el indie y el funky creada por <a href=\"https:\/\/www.youtube.com\/@ericboelle\" target=\"_blank\" rel=\"noopener\">Eric B\u00f6elle<\/a> ser\u00e1 protagonista este s\u00e1bado. El tambi\u00e9n compositor comenz\u00f3 su trayectoria en una sesi\u00f3n de microabierto celebrada en San Crist\u00f3bal de La Laguna y actualmente contin\u00faa adelante con la pasi\u00f3n por la m\u00fasica acompa\u00f1ado de Jorge Porto, en los coros y las teclas, Josh Macclane, en el bajo, y Carlos Ruiz, en la percusi\u00f3n.<\/p>\n<p><a href=\"https:\/\/linktr.ee\/tierras.raras\" target=\"_blank\" rel=\"noopener\">Tierras Raras<\/a> ser\u00e1 la \u00faltima de las bandas que se subir\u00e1 al escenario del Aguere Cultural. Este proyecto, que define sus creaciones como propias, en\u00e9rgicas y ecl\u00e9cticas, propondr\u00e1n rock alternativo donde no faltar\u00e1n las influencias del indie y el math rock.<\/p>\n","protected":false},"excerpt":{"rendered":"<p>El festival ULL Rock, organizado por la Universidad de La Laguna, regresa este s\u00e1bado 7 de octubre a la sala&#8230;<\/p>\n","protected":false},"author":23,"featured_media":71840,"comment_status":"closed","ping_status":"closed","sticky":false,"template":"","format":"standard","meta":{"inline_featured_image":false,"footnotes":""},"categories":[344,345,2765],"tags":[10331],"acf":[],"yoast_head":"<!-- This site is optimized with the Yoast SEO plugin v21.3 - https:\/\/yoast.com\/wordpress\/plugins\/seo\/ -->\n<title>Seis bandas y artistas se disputar\u00e1n este s\u00e1bado el Premio de la M\u00fasica en el festival ULL Rock - ULL - Noticias<\/title>\n<meta name=\"robots\" content=\"index, follow, max-snippet:-1, max-image-preview:large, max-video-preview:-1\" \/>\n<link rel=\"canonical\" href=\"https:\/\/www.ull.es\/portal\/noticias\/2023\/seis-bandas-y-artistas-se-disputaran-este-sabado-el-premio-de-la-musica-en-el-festival-ull-rock\/\" \/>\n<meta property=\"og:locale\" content=\"es_ES\" \/>\n<meta property=\"og:type\" content=\"article\" \/>\n<meta property=\"og:title\" content=\"Seis bandas y artistas se disputar\u00e1n este s\u00e1bado el Premio de la M\u00fasica en el festival ULL Rock - ULL - Noticias\" \/>\n<meta property=\"og:description\" content=\"El festival ULL Rock, organizado por la Universidad de La Laguna, regresa este s\u00e1bado 7 de octubre a la sala...\" \/>\n<meta property=\"og:url\" content=\"https:\/\/www.ull.es\/portal\/noticias\/2023\/seis-bandas-y-artistas-se-disputaran-este-sabado-el-premio-de-la-musica-en-el-festival-ull-rock\/\" \/>\n<meta property=\"og:site_name\" content=\"ULL - Noticias\" \/>\n<meta property=\"article:publisher\" content=\"https:\/\/www.facebook.com\/universidaddelalaguna\/\" \/>\n<meta property=\"article:published_time\" content=\"2023-10-04T12:36:46+00:00\" \/>\n<meta property=\"og:image\" content=\"https:\/\/www.ull.es\/portal\/noticias\/wp-content\/uploads\/sites\/13\/2023\/10\/ullrock-2023.png\" \/>\n\t<meta property=\"og:image:width\" content=\"2916\" \/>\n\t<meta property=\"og:image:height\" content=\"1458\" \/>\n\t<meta property=\"og:image:type\" content=\"image\/png\" \/>\n<meta name=\"author\" content=\"gaprsa\" \/>\n<meta name=\"twitter:card\" content=\"summary_large_image\" \/>\n<meta name=\"twitter:creator\" content=\"@CanalULL\" \/>\n<meta name=\"twitter:site\" content=\"@CanalULL\" \/>\n<meta name=\"twitter:label1\" content=\"Escrito por\" \/>\n\t<meta name=\"twitter:data1\" content=\"gaprsa\" \/>\n\t<meta name=\"twitter:label2\" content=\"Tiempo de lectura\" \/>\n\t<meta name=\"twitter:data2\" content=\"3 minutos\" \/>\n<script type=\"application\/ld+json\" class=\"yoast-schema-graph\">{\"@context\":\"https:\/\/schema.org\",\"@graph\":[{\"@type\":\"WebPage\",\"@id\":\"https:\/\/www.ull.es\/portal\/noticias\/2023\/seis-bandas-y-artistas-se-disputaran-este-sabado-el-premio-de-la-musica-en-el-festival-ull-rock\/\",\"url\":\"https:\/\/www.ull.es\/portal\/noticias\/2023\/seis-bandas-y-artistas-se-disputaran-este-sabado-el-premio-de-la-musica-en-el-festival-ull-rock\/\",\"name\":\"Seis bandas y artistas se disputar\u00e1n este s\u00e1bado el Premio de la M\u00fasica en el festival ULL Rock - ULL - Noticias\",\"isPartOf\":{\"@id\":\"https:\/\/www.ull.es\/portal\/noticias\/#website\"},\"datePublished\":\"2023-10-04T12:36:46+00:00\",\"dateModified\":\"2023-10-04T12:36:46+00:00\",\"author\":{\"@id\":\"https:\/\/www.ull.es\/portal\/noticias\/#\/schema\/person\/b2b1a89d43ffa609e591f7df8ef3e817\"},\"breadcrumb\":{\"@id\":\"https:\/\/www.ull.es\/portal\/noticias\/2023\/seis-bandas-y-artistas-se-disputaran-este-sabado-el-premio-de-la-musica-en-el-festival-ull-rock\/#breadcrumb\"},\"inLanguage\":\"es\",\"potentialAction\":[{\"@type\":\"ReadAction\",\"target\":[\"https:\/\/www.ull.es\/portal\/noticias\/2023\/seis-bandas-y-artistas-se-disputaran-este-sabado-el-premio-de-la-musica-en-el-festival-ull-rock\/\"]}]},{\"@type\":\"BreadcrumbList\",\"@id\":\"https:\/\/www.ull.es\/portal\/noticias\/2023\/seis-bandas-y-artistas-se-disputaran-este-sabado-el-premio-de-la-musica-en-el-festival-ull-rock\/#breadcrumb\",\"itemListElement\":[{\"@type\":\"ListItem\",\"position\":1,\"name\":\"Portada\",\"item\":\"https:\/\/www.ull.es\/portal\/noticias\/\"},{\"@type\":\"ListItem\",\"position\":2,\"name\":\"Seis bandas y artistas se disputar\u00e1n este s\u00e1bado el Premio de la M\u00fasica en el festival ULL Rock\"}]},{\"@type\":\"WebSite\",\"@id\":\"https:\/\/www.ull.es\/portal\/noticias\/#website\",\"url\":\"https:\/\/www.ull.es\/portal\/noticias\/\",\"name\":\"ULL - Noticias\",\"description\":\"\",\"potentialAction\":[{\"@type\":\"SearchAction\",\"target\":{\"@type\":\"EntryPoint\",\"urlTemplate\":\"https:\/\/www.ull.es\/portal\/noticias\/?s={search_term_string}\"},\"query-input\":\"required name=search_term_string\"}],\"inLanguage\":\"es\"},{\"@type\":\"Person\",\"@id\":\"https:\/\/www.ull.es\/portal\/noticias\/#\/schema\/person\/b2b1a89d43ffa609e591f7df8ef3e817\",\"name\":\"gaprsa\",\"image\":{\"@type\":\"ImageObject\",\"inLanguage\":\"es\",\"@id\":\"https:\/\/www.ull.es\/portal\/noticias\/#\/schema\/person\/image\/\",\"url\":\"https:\/\/secure.gravatar.com\/avatar\/443820550921091458b4823867723b3d?s=96&d=mm&r=g\",\"contentUrl\":\"https:\/\/secure.gravatar.com\/avatar\/443820550921091458b4823867723b3d?s=96&d=mm&r=g\",\"caption\":\"gaprsa\"},\"url\":\"https:\/\/www.ull.es\/portal\/noticias\/author\/gaprsa\/\"}]}<\/script>\n<!-- \/ Yoast SEO plugin. -->","yoast_head_json":{"title":"Seis bandas y artistas se disputar\u00e1n este s\u00e1bado el Premio de la M\u00fasica en el festival ULL Rock - ULL - Noticias","robots":{"index":"index","follow":"follow","max-snippet":"max-snippet:-1","max-image-preview":"max-image-preview:large","max-video-preview":"max-video-preview:-1"},"canonical":"https:\/\/www.ull.es\/portal\/noticias\/2023\/seis-bandas-y-artistas-se-disputaran-este-sabado-el-premio-de-la-musica-en-el-festival-ull-rock\/","og_locale":"es_ES","og_type":"article","og_title":"Seis bandas y artistas se disputar\u00e1n este s\u00e1bado el Premio de la M\u00fasica en el festival ULL Rock - ULL - Noticias","og_description":"El festival ULL Rock, organizado por la Universidad de La Laguna, regresa este s\u00e1bado 7 de octubre a la sala...","og_url":"https:\/\/www.ull.es\/portal\/noticias\/2023\/seis-bandas-y-artistas-se-disputaran-este-sabado-el-premio-de-la-musica-en-el-festival-ull-rock\/","og_site_name":"ULL - Noticias","article_publisher":"https:\/\/www.facebook.com\/universidaddelalaguna\/","article_published_time":"2023-10-04T12:36:46+00:00","og_image":[{"width":2916,"height":1458,"url":"https:\/\/www.ull.es\/portal\/noticias\/wp-content\/uploads\/sites\/13\/2023\/10\/ullrock-2023.png","type":"image\/png"}],"author":"gaprsa","twitter_card":"summary_large_image","twitter_creator":"@CanalULL","twitter_site":"@CanalULL","twitter_misc":{"Escrito por":"gaprsa","Tiempo de lectura":"3 minutos"},"schema":{"@context":"https:\/\/schema.org","@graph":[{"@type":"WebPage","@id":"https:\/\/www.ull.es\/portal\/noticias\/2023\/seis-bandas-y-artistas-se-disputaran-este-sabado-el-premio-de-la-musica-en-el-festival-ull-rock\/","url":"https:\/\/www.ull.es\/portal\/noticias\/2023\/seis-bandas-y-artistas-se-disputaran-este-sabado-el-premio-de-la-musica-en-el-festival-ull-rock\/","name":"Seis bandas y artistas se disputar\u00e1n este s\u00e1bado el Premio de la M\u00fasica en el festival ULL Rock - ULL - Noticias","isPartOf":{"@id":"https:\/\/www.ull.es\/portal\/noticias\/#website"},"datePublished":"2023-10-04T12:36:46+00:00","dateModified":"2023-10-04T12:36:46+00:00","author":{"@id":"https:\/\/www.ull.es\/portal\/noticias\/#\/schema\/person\/b2b1a89d43ffa609e591f7df8ef3e817"},"breadcrumb":{"@id":"https:\/\/www.ull.es\/portal\/noticias\/2023\/seis-bandas-y-artistas-se-disputaran-este-sabado-el-premio-de-la-musica-en-el-festival-ull-rock\/#breadcrumb"},"inLanguage":"es","potentialAction":[{"@type":"ReadAction","target":["https:\/\/www.ull.es\/portal\/noticias\/2023\/seis-bandas-y-artistas-se-disputaran-este-sabado-el-premio-de-la-musica-en-el-festival-ull-rock\/"]}]},{"@type":"BreadcrumbList","@id":"https:\/\/www.ull.es\/portal\/noticias\/2023\/seis-bandas-y-artistas-se-disputaran-este-sabado-el-premio-de-la-musica-en-el-festival-ull-rock\/#breadcrumb","itemListElement":[{"@type":"ListItem","position":1,"name":"Portada","item":"https:\/\/www.ull.es\/portal\/noticias\/"},{"@type":"ListItem","position":2,"name":"Seis bandas y artistas se disputar\u00e1n este s\u00e1bado el Premio de la M\u00fasica en el festival ULL Rock"}]},{"@type":"WebSite","@id":"https:\/\/www.ull.es\/portal\/noticias\/#website","url":"https:\/\/www.ull.es\/portal\/noticias\/","name":"ULL - Noticias","description":"","potentialAction":[{"@type":"SearchAction","target":{"@type":"EntryPoint","urlTemplate":"https:\/\/www.ull.es\/portal\/noticias\/?s={search_term_string}"},"query-input":"required name=search_term_string"}],"inLanguage":"es"},{"@type":"Person","@id":"https:\/\/www.ull.es\/portal\/noticias\/#\/schema\/person\/b2b1a89d43ffa609e591f7df8ef3e817","name":"gaprsa","image":{"@type":"ImageObject","inLanguage":"es","@id":"https:\/\/www.ull.es\/portal\/noticias\/#\/schema\/person\/image\/","url":"https:\/\/secure.gravatar.com\/avatar\/443820550921091458b4823867723b3d?s=96&d=mm&r=g","contentUrl":"https:\/\/secure.gravatar.com\/avatar\/443820550921091458b4823867723b3d?s=96&d=mm&r=g","caption":"gaprsa"},"url":"https:\/\/www.ull.es\/portal\/noticias\/author\/gaprsa\/"}]}},"primary_category":{"id":345,"name":"Destacado","slug":"destacado","link":"https:\/\/www.ull.es\/portal\/noticias\/category\/destacado\/"},"featured_image_thumbnail_url":"https:\/\/www.ull.es\/portal\/noticias\/wp-content\/uploads\/sites\/13\/2023\/10\/ullrock-2023-300x150.png","_links":{"self":[{"href":"https:\/\/www.ull.es\/portal\/noticias\/wp-json\/wp\/v2\/posts\/71838"}],"collection":[{"href":"https:\/\/www.ull.es\/portal\/noticias\/wp-json\/wp\/v2\/posts"}],"about":[{"href":"https:\/\/www.ull.es\/portal\/noticias\/wp-json\/wp\/v2\/types\/post"}],"author":[{"embeddable":true,"href":"https:\/\/www.ull.es\/portal\/noticias\/wp-json\/wp\/v2\/users\/23"}],"replies":[{"embeddable":true,"href":"https:\/\/www.ull.es\/portal\/noticias\/wp-json\/wp\/v2\/comments?post=71838"}],"version-history":[{"count":2,"href":"https:\/\/www.ull.es\/portal\/noticias\/wp-json\/wp\/v2\/posts\/71838\/revisions"}],"predecessor-version":[{"id":71841,"href":"https:\/\/www.ull.es\/portal\/noticias\/wp-json\/wp\/v2\/posts\/71838\/revisions\/71841"}],"wp:featuredmedia":[{"embeddable":true,"href":"https:\/\/www.ull.es\/portal\/noticias\/wp-json\/wp\/v2\/media\/71840"}],"wp:attachment":[{"href":"https:\/\/www.ull.es\/portal\/noticias\/wp-json\/wp\/v2\/media?parent=71838"}],"wp:term":[{"taxonomy":"category","embeddable":true,"href":"https:\/\/www.ull.es\/portal\/noticias\/wp-json\/wp\/v2\/categories?post=71838"},{"taxonomy":"post_tag","embeddable":true,"href":"https:\/\/www.ull.es\/portal\/noticias\/wp-json\/wp\/v2\/tags?post=71838"}],"curies":[{"name":"wp","href":"https:\/\/api.w.org\/{rel}","templated":true}]}}