{"id":71881,"date":"2023-10-06T11:12:36","date_gmt":"2023-10-06T11:12:36","guid":{"rendered":"https:\/\/www.ull.es\/portal\/noticias\/?p=71881"},"modified":"2023-10-06T12:45:52","modified_gmt":"2023-10-06T12:45:52","slug":"el-rector-ensalza-los-valores-europeos-en-la-bienvenida-a-la-ull-de-los-280-estudiantes-erasmus","status":"publish","type":"post","link":"https:\/\/www.ull.es\/portal\/noticias\/2023\/el-rector-ensalza-los-valores-europeos-en-la-bienvenida-a-la-ull-de-los-280-estudiantes-erasmus\/","title":{"rendered":"El rector ensalza los valores europeos en la bienvenida a la ULL de los 280 estudiantes Erasmus+"},"content":{"rendered":"<p>La Universidad de La Laguna ha recibido esta semana a los 280 estudiantes del programa de intercambio Erasmus+ que van a realizar una estancia en este centro acad\u00e9mico, bien de un cuatrimestre o bien de curso completo. A esta cantidad se sumar\u00e1n los que se incorporen a partir de enero en el segundo cuatrimestre. En la recepci\u00f3n celebrada en el campus de Guajara, el rector del centro acad\u00e9mico, Francisco Garc\u00eda, ensalz\u00f3 los valores europeos comunes a todos y todas y destac\u00f3 tambi\u00e9n c\u00f3mo esta iniciativa ha cohesionado a\u00fan m\u00e1s al continente.<\/p>\n<p style=\"text-align: center;\"><a href=\"https:\/\/drive.google.com\/drive\/folders\/1-tMePAG-okLaXRPsIst3c0Qj3P8jAevS?usp=sharing\" target=\"_blank\" rel=\"noopener\" target=\"_blank\" rel=\"noopener\"><strong>Galer\u00eda de im\u00e1genes<\/strong><\/a><\/p>\n<p><a href=\"https:\/\/www.ull.es\/portal\/noticias\/wp-content\/uploads\/sites\/13\/2023\/10\/Bienvenida-Erasmus-oct23-25.jpg\" target=\"_blank\" rel=\"noopener\"><img decoding=\"async\" loading=\"lazy\" class=\"alignleft size-medium wp-image-71884\" src=\"https:\/\/www.ull.es\/portal\/noticias\/wp-content\/uploads\/sites\/13\/2023\/10\/Bienvenida-Erasmus-oct23-25-300x200.jpg\" alt=\"\" width=\"300\" height=\"200\" srcset=\"https:\/\/www.ull.es\/portal\/noticias\/wp-content\/uploads\/sites\/13\/2023\/10\/Bienvenida-Erasmus-oct23-25-300x200.jpg 300w, https:\/\/www.ull.es\/portal\/noticias\/wp-content\/uploads\/sites\/13\/2023\/10\/Bienvenida-Erasmus-oct23-25-768x512.jpg 768w, https:\/\/www.ull.es\/portal\/noticias\/wp-content\/uploads\/sites\/13\/2023\/10\/Bienvenida-Erasmus-oct23-25-375x250.jpg 375w, https:\/\/www.ull.es\/portal\/noticias\/wp-content\/uploads\/sites\/13\/2023\/10\/Bienvenida-Erasmus-oct23-25-750x500.jpg 750w, https:\/\/www.ull.es\/portal\/noticias\/wp-content\/uploads\/sites\/13\/2023\/10\/Bienvenida-Erasmus-oct23-25.jpg 1024w\" sizes=\"(max-width: 300px) 100vw, 300px\" \/><\/a>Este modelo de intercambio ha tenido tanto \u00e9xito que se ha ido extendiendo con la participaci\u00f3n hoy de 33 pa\u00edses de todo el continente. Se trata de una experiencia \u00fanica en la que no solo se conoce el sistema educativo de otra universidad, sino que procura el intercambio idiom\u00e1tico, cultural y de experiencias de todos sus participantes, algo tambi\u00e9n enfatizado pro el rector del centro docente.<\/p>\n<p>Italia, Alemania y Polonia son las principales procedencias de los estudiantes de intercambio que ya forman parte de la comunidad acad\u00e9mica de la Universidad de La Laguna, aunque tambi\u00e9n figura alumnado de otras nacionalidades como francesa, portuguesa, eslovena o eslovaca, entre otras muchas.<\/p>\n<p>Estos estudiantes cursar\u00e1n un grado en las diferentes facultades y escuelas de la universidad como Humanidades, Econom\u00eda, Empresa y Turismo, Ciencias de la Salud o Psicolog\u00eda y Logopedia, entre otras. Adem\u00e1s, m\u00e1s de una treintena de estudiantes realizar\u00e1n su estancia en programas adscritos a la Escuela de Doctorado y Estudios de Posgrado.<\/p>\n<p>El valor del espa\u00f1ol fue otro de los asuntos a los que se hizo referencia en el programa de bienvenida. La vicerrectora de Internacionalizaci\u00f3n y Cooperaci\u00f3n, Inmaculada Gonz\u00e1lez, sostuvo que se trata de una lengua global y vehicular entre pa\u00edses, la segunda m\u00e1s hablada del mundo. El alumnado podr\u00e1 con esta estancia mejorar sus capacidades ling\u00fc\u00edsticas y poner en pr\u00e1ctica un idioma<a href=\"https:\/\/www.ull.es\/portal\/noticias\/wp-content\/uploads\/sites\/13\/2023\/10\/Bienvenida-Erasmus-oct23-28.jpg\" target=\"_blank\" rel=\"noopener\"><img decoding=\"async\" loading=\"lazy\" class=\"alignright size-medium wp-image-71883\" src=\"https:\/\/www.ull.es\/portal\/noticias\/wp-content\/uploads\/sites\/13\/2023\/10\/Bienvenida-Erasmus-oct23-28-300x200.jpg\" alt=\"\" width=\"300\" height=\"200\" srcset=\"https:\/\/www.ull.es\/portal\/noticias\/wp-content\/uploads\/sites\/13\/2023\/10\/Bienvenida-Erasmus-oct23-28-300x200.jpg 300w, https:\/\/www.ull.es\/portal\/noticias\/wp-content\/uploads\/sites\/13\/2023\/10\/Bienvenida-Erasmus-oct23-28-768x512.jpg 768w, https:\/\/www.ull.es\/portal\/noticias\/wp-content\/uploads\/sites\/13\/2023\/10\/Bienvenida-Erasmus-oct23-28-375x250.jpg 375w, https:\/\/www.ull.es\/portal\/noticias\/wp-content\/uploads\/sites\/13\/2023\/10\/Bienvenida-Erasmus-oct23-28-750x500.jpg 750w, https:\/\/www.ull.es\/portal\/noticias\/wp-content\/uploads\/sites\/13\/2023\/10\/Bienvenida-Erasmus-oct23-28.jpg 1024w\" sizes=\"(max-width: 300px) 100vw, 300px\" \/><\/a> universal, se\u00f1al\u00f3.<\/p>\n<p>En el acto de bienvenida tambi\u00e9n participaron los servicios de Idiomas, Deportes y Biblioteca para explicar a los estudiantes internacionales de qu\u00e9 recursos pueden hacer uso en la Universidad de La Laguna.<\/p>\n<p>Finalmente, Valeria Gonz\u00e1lez y Ricardo Navarro, representantes en Tenerife de la asociaci\u00f3n de estudiantes <a href=\"https:\/\/aegeetenerife.wordpress.com\/aegee\/aegee-tenerife\/\" target=\"_blank\" rel=\"noopener\" target=\"_blank\" rel=\"noopener\">AEGEE<\/a>, ofrecieron una charla para presentar las actividades destinadas al alumnado ERASMUS, adem\u00e1s de interactuar de una forma m\u00e1s distendida sobre algunas de las curiosidades culturales de la isla. Este colectivo, que promueve la integraci\u00f3n cultural entre locales y visitantes, organiza intercambios de idiomas, actividades culturales y relacionadas con la naturalezas, adem\u00e1s de eventos l\u00fadicos, para que la adaptaci\u00f3n a la isla de los reci\u00e9n llegados\u00a0sea lo m\u00e1s eficaz posible.<\/p>\n<p>&nbsp;<\/p>\n","protected":false},"excerpt":{"rendered":"<p>La Universidad de La Laguna ha recibido esta semana a los 280 estudiantes del programa de intercambio Erasmus+ que van&#8230;<\/p>\n","protected":false},"author":23,"featured_media":71885,"comment_status":"closed","ping_status":"closed","sticky":false,"template":"","format":"standard","meta":{"inline_featured_image":false,"footnotes":""},"categories":[343,345,349,2765],"tags":[1149],"acf":[],"yoast_head":"<!-- This site is optimized with the Yoast SEO plugin v21.3 - https:\/\/yoast.com\/wordpress\/plugins\/seo\/ -->\n<title>El rector ensalza los valores europeos en la bienvenida a la ULL de los 280 estudiantes Erasmus+ - ULL - Noticias<\/title>\n<meta name=\"robots\" content=\"index, follow, max-snippet:-1, max-image-preview:large, max-video-preview:-1\" \/>\n<link rel=\"canonical\" href=\"https:\/\/www.ull.es\/portal\/noticias\/2023\/el-rector-ensalza-los-valores-europeos-en-la-bienvenida-a-la-ull-de-los-280-estudiantes-erasmus\/\" \/>\n<meta property=\"og:locale\" content=\"es_ES\" \/>\n<meta property=\"og:type\" content=\"article\" \/>\n<meta property=\"og:title\" content=\"El rector ensalza los valores europeos en la bienvenida a la ULL de los 280 estudiantes Erasmus+ - ULL - Noticias\" \/>\n<meta property=\"og:description\" content=\"La Universidad de La Laguna ha recibido esta semana a los 280 estudiantes del programa de intercambio Erasmus+ que van...\" \/>\n<meta property=\"og:url\" content=\"https:\/\/www.ull.es\/portal\/noticias\/2023\/el-rector-ensalza-los-valores-europeos-en-la-bienvenida-a-la-ull-de-los-280-estudiantes-erasmus\/\" \/>\n<meta property=\"og:site_name\" content=\"ULL - Noticias\" \/>\n<meta property=\"article:publisher\" content=\"https:\/\/www.facebook.com\/universidaddelalaguna\/\" \/>\n<meta property=\"article:published_time\" content=\"2023-10-06T11:12:36+00:00\" \/>\n<meta property=\"article:modified_time\" content=\"2023-10-06T12:45:52+00:00\" \/>\n<meta property=\"og:image\" content=\"https:\/\/www.ull.es\/portal\/noticias\/wp-content\/uploads\/sites\/13\/2023\/10\/Bienvenida-Erasmus-oct23-38.jpg\" \/>\n\t<meta property=\"og:image:width\" content=\"1024\" \/>\n\t<meta property=\"og:image:height\" content=\"683\" \/>\n\t<meta property=\"og:image:type\" content=\"image\/jpeg\" \/>\n<meta name=\"author\" content=\"gaprsa\" \/>\n<meta name=\"twitter:card\" content=\"summary_large_image\" \/>\n<meta name=\"twitter:creator\" content=\"@CanalULL\" \/>\n<meta name=\"twitter:site\" content=\"@CanalULL\" \/>\n<meta name=\"twitter:label1\" content=\"Escrito por\" \/>\n\t<meta name=\"twitter:data1\" content=\"gaprsa\" \/>\n\t<meta name=\"twitter:label2\" content=\"Tiempo de lectura\" \/>\n\t<meta name=\"twitter:data2\" content=\"3 minutos\" \/>\n<script type=\"application\/ld+json\" class=\"yoast-schema-graph\">{\"@context\":\"https:\/\/schema.org\",\"@graph\":[{\"@type\":\"WebPage\",\"@id\":\"https:\/\/www.ull.es\/portal\/noticias\/2023\/el-rector-ensalza-los-valores-europeos-en-la-bienvenida-a-la-ull-de-los-280-estudiantes-erasmus\/\",\"url\":\"https:\/\/www.ull.es\/portal\/noticias\/2023\/el-rector-ensalza-los-valores-europeos-en-la-bienvenida-a-la-ull-de-los-280-estudiantes-erasmus\/\",\"name\":\"El rector ensalza los valores europeos en la bienvenida a la ULL de los 280 estudiantes Erasmus+ - ULL - Noticias\",\"isPartOf\":{\"@id\":\"https:\/\/www.ull.es\/portal\/noticias\/#website\"},\"datePublished\":\"2023-10-06T11:12:36+00:00\",\"dateModified\":\"2023-10-06T12:45:52+00:00\",\"author\":{\"@id\":\"https:\/\/www.ull.es\/portal\/noticias\/#\/schema\/person\/b2b1a89d43ffa609e591f7df8ef3e817\"},\"breadcrumb\":{\"@id\":\"https:\/\/www.ull.es\/portal\/noticias\/2023\/el-rector-ensalza-los-valores-europeos-en-la-bienvenida-a-la-ull-de-los-280-estudiantes-erasmus\/#breadcrumb\"},\"inLanguage\":\"es\",\"potentialAction\":[{\"@type\":\"ReadAction\",\"target\":[\"https:\/\/www.ull.es\/portal\/noticias\/2023\/el-rector-ensalza-los-valores-europeos-en-la-bienvenida-a-la-ull-de-los-280-estudiantes-erasmus\/\"]}]},{\"@type\":\"BreadcrumbList\",\"@id\":\"https:\/\/www.ull.es\/portal\/noticias\/2023\/el-rector-ensalza-los-valores-europeos-en-la-bienvenida-a-la-ull-de-los-280-estudiantes-erasmus\/#breadcrumb\",\"itemListElement\":[{\"@type\":\"ListItem\",\"position\":1,\"name\":\"Portada\",\"item\":\"https:\/\/www.ull.es\/portal\/noticias\/\"},{\"@type\":\"ListItem\",\"position\":2,\"name\":\"El rector ensalza los valores europeos en la bienvenida a la ULL de los 280 estudiantes Erasmus+\"}]},{\"@type\":\"WebSite\",\"@id\":\"https:\/\/www.ull.es\/portal\/noticias\/#website\",\"url\":\"https:\/\/www.ull.es\/portal\/noticias\/\",\"name\":\"ULL - Noticias\",\"description\":\"\",\"potentialAction\":[{\"@type\":\"SearchAction\",\"target\":{\"@type\":\"EntryPoint\",\"urlTemplate\":\"https:\/\/www.ull.es\/portal\/noticias\/?s={search_term_string}\"},\"query-input\":\"required name=search_term_string\"}],\"inLanguage\":\"es\"},{\"@type\":\"Person\",\"@id\":\"https:\/\/www.ull.es\/portal\/noticias\/#\/schema\/person\/b2b1a89d43ffa609e591f7df8ef3e817\",\"name\":\"gaprsa\",\"image\":{\"@type\":\"ImageObject\",\"inLanguage\":\"es\",\"@id\":\"https:\/\/www.ull.es\/portal\/noticias\/#\/schema\/person\/image\/\",\"url\":\"https:\/\/secure.gravatar.com\/avatar\/443820550921091458b4823867723b3d?s=96&d=mm&r=g\",\"contentUrl\":\"https:\/\/secure.gravatar.com\/avatar\/443820550921091458b4823867723b3d?s=96&d=mm&r=g\",\"caption\":\"gaprsa\"},\"url\":\"https:\/\/www.ull.es\/portal\/noticias\/author\/gaprsa\/\"}]}<\/script>\n<!-- \/ Yoast SEO plugin. -->","yoast_head_json":{"title":"El rector ensalza los valores europeos en la bienvenida a la ULL de los 280 estudiantes Erasmus+ - ULL - Noticias","robots":{"index":"index","follow":"follow","max-snippet":"max-snippet:-1","max-image-preview":"max-image-preview:large","max-video-preview":"max-video-preview:-1"},"canonical":"https:\/\/www.ull.es\/portal\/noticias\/2023\/el-rector-ensalza-los-valores-europeos-en-la-bienvenida-a-la-ull-de-los-280-estudiantes-erasmus\/","og_locale":"es_ES","og_type":"article","og_title":"El rector ensalza los valores europeos en la bienvenida a la ULL de los 280 estudiantes Erasmus+ - ULL - Noticias","og_description":"La Universidad de La Laguna ha recibido esta semana a los 280 estudiantes del programa de intercambio Erasmus+ que van...","og_url":"https:\/\/www.ull.es\/portal\/noticias\/2023\/el-rector-ensalza-los-valores-europeos-en-la-bienvenida-a-la-ull-de-los-280-estudiantes-erasmus\/","og_site_name":"ULL - Noticias","article_publisher":"https:\/\/www.facebook.com\/universidaddelalaguna\/","article_published_time":"2023-10-06T11:12:36+00:00","article_modified_time":"2023-10-06T12:45:52+00:00","og_image":[{"width":1024,"height":683,"url":"https:\/\/www.ull.es\/portal\/noticias\/wp-content\/uploads\/sites\/13\/2023\/10\/Bienvenida-Erasmus-oct23-38.jpg","type":"image\/jpeg"}],"author":"gaprsa","twitter_card":"summary_large_image","twitter_creator":"@CanalULL","twitter_site":"@CanalULL","twitter_misc":{"Escrito por":"gaprsa","Tiempo de lectura":"3 minutos"},"schema":{"@context":"https:\/\/schema.org","@graph":[{"@type":"WebPage","@id":"https:\/\/www.ull.es\/portal\/noticias\/2023\/el-rector-ensalza-los-valores-europeos-en-la-bienvenida-a-la-ull-de-los-280-estudiantes-erasmus\/","url":"https:\/\/www.ull.es\/portal\/noticias\/2023\/el-rector-ensalza-los-valores-europeos-en-la-bienvenida-a-la-ull-de-los-280-estudiantes-erasmus\/","name":"El rector ensalza los valores europeos en la bienvenida a la ULL de los 280 estudiantes Erasmus+ - ULL - Noticias","isPartOf":{"@id":"https:\/\/www.ull.es\/portal\/noticias\/#website"},"datePublished":"2023-10-06T11:12:36+00:00","dateModified":"2023-10-06T12:45:52+00:00","author":{"@id":"https:\/\/www.ull.es\/portal\/noticias\/#\/schema\/person\/b2b1a89d43ffa609e591f7df8ef3e817"},"breadcrumb":{"@id":"https:\/\/www.ull.es\/portal\/noticias\/2023\/el-rector-ensalza-los-valores-europeos-en-la-bienvenida-a-la-ull-de-los-280-estudiantes-erasmus\/#breadcrumb"},"inLanguage":"es","potentialAction":[{"@type":"ReadAction","target":["https:\/\/www.ull.es\/portal\/noticias\/2023\/el-rector-ensalza-los-valores-europeos-en-la-bienvenida-a-la-ull-de-los-280-estudiantes-erasmus\/"]}]},{"@type":"BreadcrumbList","@id":"https:\/\/www.ull.es\/portal\/noticias\/2023\/el-rector-ensalza-los-valores-europeos-en-la-bienvenida-a-la-ull-de-los-280-estudiantes-erasmus\/#breadcrumb","itemListElement":[{"@type":"ListItem","position":1,"name":"Portada","item":"https:\/\/www.ull.es\/portal\/noticias\/"},{"@type":"ListItem","position":2,"name":"El rector ensalza los valores europeos en la bienvenida a la ULL de los 280 estudiantes Erasmus+"}]},{"@type":"WebSite","@id":"https:\/\/www.ull.es\/portal\/noticias\/#website","url":"https:\/\/www.ull.es\/portal\/noticias\/","name":"ULL - Noticias","description":"","potentialAction":[{"@type":"SearchAction","target":{"@type":"EntryPoint","urlTemplate":"https:\/\/www.ull.es\/portal\/noticias\/?s={search_term_string}"},"query-input":"required name=search_term_string"}],"inLanguage":"es"},{"@type":"Person","@id":"https:\/\/www.ull.es\/portal\/noticias\/#\/schema\/person\/b2b1a89d43ffa609e591f7df8ef3e817","name":"gaprsa","image":{"@type":"ImageObject","inLanguage":"es","@id":"https:\/\/www.ull.es\/portal\/noticias\/#\/schema\/person\/image\/","url":"https:\/\/secure.gravatar.com\/avatar\/443820550921091458b4823867723b3d?s=96&d=mm&r=g","contentUrl":"https:\/\/secure.gravatar.com\/avatar\/443820550921091458b4823867723b3d?s=96&d=mm&r=g","caption":"gaprsa"},"url":"https:\/\/www.ull.es\/portal\/noticias\/author\/gaprsa\/"}]}},"primary_category":{"id":345,"name":"Destacado","slug":"destacado","link":"https:\/\/www.ull.es\/portal\/noticias\/category\/destacado\/"},"featured_image_thumbnail_url":"https:\/\/www.ull.es\/portal\/noticias\/wp-content\/uploads\/sites\/13\/2023\/10\/Bienvenida-Erasmus-oct23-38-300x200.jpg","_links":{"self":[{"href":"https:\/\/www.ull.es\/portal\/noticias\/wp-json\/wp\/v2\/posts\/71881"}],"collection":[{"href":"https:\/\/www.ull.es\/portal\/noticias\/wp-json\/wp\/v2\/posts"}],"about":[{"href":"https:\/\/www.ull.es\/portal\/noticias\/wp-json\/wp\/v2\/types\/post"}],"author":[{"embeddable":true,"href":"https:\/\/www.ull.es\/portal\/noticias\/wp-json\/wp\/v2\/users\/23"}],"replies":[{"embeddable":true,"href":"https:\/\/www.ull.es\/portal\/noticias\/wp-json\/wp\/v2\/comments?post=71881"}],"version-history":[{"count":5,"href":"https:\/\/www.ull.es\/portal\/noticias\/wp-json\/wp\/v2\/posts\/71881\/revisions"}],"predecessor-version":[{"id":71890,"href":"https:\/\/www.ull.es\/portal\/noticias\/wp-json\/wp\/v2\/posts\/71881\/revisions\/71890"}],"wp:featuredmedia":[{"embeddable":true,"href":"https:\/\/www.ull.es\/portal\/noticias\/wp-json\/wp\/v2\/media\/71885"}],"wp:attachment":[{"href":"https:\/\/www.ull.es\/portal\/noticias\/wp-json\/wp\/v2\/media?parent=71881"}],"wp:term":[{"taxonomy":"category","embeddable":true,"href":"https:\/\/www.ull.es\/portal\/noticias\/wp-json\/wp\/v2\/categories?post=71881"},{"taxonomy":"post_tag","embeddable":true,"href":"https:\/\/www.ull.es\/portal\/noticias\/wp-json\/wp\/v2\/tags?post=71881"}],"curies":[{"name":"wp","href":"https:\/\/api.w.org\/{rel}","templated":true}]}}