{"id":72044,"date":"2023-10-16T09:17:03","date_gmt":"2023-10-16T09:17:03","guid":{"rendered":"https:\/\/www.ull.es\/portal\/noticias\/?p=72044"},"modified":"2023-10-16T09:17:03","modified_gmt":"2023-10-16T09:17:03","slug":"encuentro-ull-agentes-sociales-aprendizaje-servicio-tfg","status":"publish","type":"post","link":"https:\/\/www.ull.es\/portal\/noticias\/2023\/encuentro-ull-agentes-sociales-aprendizaje-servicio-tfg\/","title":{"rendered":"Un encuentro entre docentes de la ULL y agentes sociales impulsa el Aprendizaje-Servicio en los trabajos fin de grado"},"content":{"rendered":"<p>La Facultad de Econom\u00eda, Empresa y Turismo acogi\u00f3 recientemente un encuentro de docentes de la Universidad de La Laguna con representantes de entidades sociales y administraciones p\u00fablicas con la finalidad de se\u00f1alar posibles tem\u00e1ticas con utilidad para el entorno socioecon\u00f3mico que abordar Trabajos de Fin de Grado a trav\u00e9s de la metodolog\u00eda de Aprendizaje-Servicio (ApS).<\/p>\n<p>Esta propuesta pedag\u00f3gica persigue formar profesionales comprometidos con un desarrollo m\u00e1s sostenible de su entorno. El ApS ha demostrado tener efectos muy positivos en la motivaci\u00f3n del alumnado y del profesorado participante, adem\u00e1s de sobre la calidad y pertinencia de los aprendizajes, las posibilidades de inserci\u00f3n laboral del estudiantado y la responsabilidad social de la universidad que se convierte en una agencia de soluci\u00f3n de problemas de su entorno.<\/p>\n<p>En el acto estuvieron representadas nueve entidades: Ayuntamiento de Buenavista del Norte; Oficina de Gesti\u00f3n del Parque Rural de Teno. \u00c1rea de Medio Natural, Sostenibilidad, Seguridad y Emergencias del Cabildo Insular de Tenerife; Busc\u00e1ndome Las Habichuelas SLU; Asociaci\u00f3n de Cuidadoras, Familiares y Amistades de Personas con Dependencia, Alzheimer y otras Demencias (ACUFADE); Canarias Recycling; Asociaci\u00f3n de Intervenci\u00f3n Social Atl\u00e1ntico (AISA); Asociaci\u00f3n Espa\u00f1ola contra el C\u00e1ncer (AECC); COAG Canarias- Coordinadora de Organizaciones de Agricultores y Ganaderos de Canarias; y ATAN. Asociaci\u00f3n Tinerfe\u00f1a de Amigos de la Naturaleza.<\/p>\n<p>La actividad ha sido muy bien acogida y valorada por el alumnado de los grados de Econom\u00eda y Administraci\u00f3n de Empresas, que ha manifestado que este encuentro le ha permitido conocer mejor problemas cercanos y urgentes que necesitan una soluci\u00f3n r\u00e1pida y eficaz. Tambi\u00e9n se\u00f1ala que ha despertado su inter\u00e9s porque es una posibilidad para desarrollar investigaci\u00f3n real en su entorno inmediato.<\/p>\n","protected":false},"excerpt":{"rendered":"<p>La Facultad de Econom\u00eda, Empresa y Turismo acogi\u00f3 recientemente un encuentro de docentes de la Universidad de La Laguna con&#8230;<\/p>\n","protected":false},"author":21,"featured_media":72045,"comment_status":"closed","ping_status":"closed","sticky":false,"template":"","format":"standard","meta":{"inline_featured_image":false,"footnotes":""},"categories":[345,346,3906,2765],"tags":[3421,7040,4518],"acf":[],"yoast_head":"<!-- This site is optimized with the Yoast SEO plugin v21.3 - https:\/\/yoast.com\/wordpress\/plugins\/seo\/ -->\n<title>ULL y agentes sociales impulsan el Aprendizaje-Servicio en TFG<\/title>\n<meta name=\"description\" content=\"Nueve entidades sociales plantearon al alumnado de la ULL posibles tem\u00e1ticas con inter\u00e9s social para abordar en futuros trabajos finales.\" \/>\n<meta name=\"robots\" content=\"index, follow, max-snippet:-1, max-image-preview:large, max-video-preview:-1\" \/>\n<link rel=\"canonical\" href=\"https:\/\/www.ull.es\/portal\/noticias\/2023\/encuentro-ull-agentes-sociales-aprendizaje-servicio-tfg\/\" \/>\n<meta property=\"og:locale\" content=\"es_ES\" \/>\n<meta property=\"og:type\" content=\"article\" \/>\n<meta property=\"og:title\" content=\"ULL y agentes sociales impulsan el Aprendizaje-Servicio en TFG\" \/>\n<meta property=\"og:description\" content=\"Nueve entidades sociales plantearon al alumnado de la ULL posibles tem\u00e1ticas con inter\u00e9s social para abordar en futuros trabajos finales.\" \/>\n<meta property=\"og:url\" content=\"https:\/\/www.ull.es\/portal\/noticias\/2023\/encuentro-ull-agentes-sociales-aprendizaje-servicio-tfg\/\" \/>\n<meta property=\"og:site_name\" content=\"ULL - Noticias\" \/>\n<meta property=\"article:publisher\" content=\"https:\/\/www.facebook.com\/universidaddelalaguna\/\" \/>\n<meta property=\"article:published_time\" content=\"2023-10-16T09:17:03+00:00\" \/>\n<meta property=\"og:image\" content=\"https:\/\/www.ull.es\/portal\/noticias\/wp-content\/uploads\/sites\/13\/2023\/10\/aps-tfg.jpg\" \/>\n\t<meta property=\"og:image:width\" content=\"1200\" \/>\n\t<meta property=\"og:image:height\" content=\"800\" \/>\n\t<meta property=\"og:image:type\" content=\"image\/jpeg\" \/>\n<meta name=\"author\" content=\"prensa2\" \/>\n<meta name=\"twitter:card\" content=\"summary_large_image\" \/>\n<meta name=\"twitter:creator\" content=\"@CanalULL\" \/>\n<meta name=\"twitter:site\" content=\"@CanalULL\" \/>\n<meta name=\"twitter:label1\" content=\"Escrito por\" \/>\n\t<meta name=\"twitter:data1\" content=\"prensa2\" \/>\n\t<meta name=\"twitter:label2\" content=\"Tiempo de lectura\" \/>\n\t<meta name=\"twitter:data2\" content=\"2 minutos\" \/>\n<script type=\"application\/ld+json\" class=\"yoast-schema-graph\">{\"@context\":\"https:\/\/schema.org\",\"@graph\":[{\"@type\":\"WebPage\",\"@id\":\"https:\/\/www.ull.es\/portal\/noticias\/2023\/encuentro-ull-agentes-sociales-aprendizaje-servicio-tfg\/\",\"url\":\"https:\/\/www.ull.es\/portal\/noticias\/2023\/encuentro-ull-agentes-sociales-aprendizaje-servicio-tfg\/\",\"name\":\"ULL y agentes sociales impulsan el Aprendizaje-Servicio en TFG\",\"isPartOf\":{\"@id\":\"https:\/\/www.ull.es\/portal\/noticias\/#website\"},\"datePublished\":\"2023-10-16T09:17:03+00:00\",\"dateModified\":\"2023-10-16T09:17:03+00:00\",\"author\":{\"@id\":\"https:\/\/www.ull.es\/portal\/noticias\/#\/schema\/person\/c3b2aa857797592927a03740d6664376\"},\"description\":\"Nueve entidades sociales plantearon al alumnado de la ULL posibles tem\u00e1ticas con inter\u00e9s social para abordar en futuros trabajos finales.\",\"breadcrumb\":{\"@id\":\"https:\/\/www.ull.es\/portal\/noticias\/2023\/encuentro-ull-agentes-sociales-aprendizaje-servicio-tfg\/#breadcrumb\"},\"inLanguage\":\"es\",\"potentialAction\":[{\"@type\":\"ReadAction\",\"target\":[\"https:\/\/www.ull.es\/portal\/noticias\/2023\/encuentro-ull-agentes-sociales-aprendizaje-servicio-tfg\/\"]}]},{\"@type\":\"BreadcrumbList\",\"@id\":\"https:\/\/www.ull.es\/portal\/noticias\/2023\/encuentro-ull-agentes-sociales-aprendizaje-servicio-tfg\/#breadcrumb\",\"itemListElement\":[{\"@type\":\"ListItem\",\"position\":1,\"name\":\"Portada\",\"item\":\"https:\/\/www.ull.es\/portal\/noticias\/\"},{\"@type\":\"ListItem\",\"position\":2,\"name\":\"Un encuentro entre docentes de la ULL y agentes sociales impulsa el Aprendizaje-Servicio en los trabajos fin de grado\"}]},{\"@type\":\"WebSite\",\"@id\":\"https:\/\/www.ull.es\/portal\/noticias\/#website\",\"url\":\"https:\/\/www.ull.es\/portal\/noticias\/\",\"name\":\"ULL - Noticias\",\"description\":\"\",\"potentialAction\":[{\"@type\":\"SearchAction\",\"target\":{\"@type\":\"EntryPoint\",\"urlTemplate\":\"https:\/\/www.ull.es\/portal\/noticias\/?s={search_term_string}\"},\"query-input\":\"required name=search_term_string\"}],\"inLanguage\":\"es\"},{\"@type\":\"Person\",\"@id\":\"https:\/\/www.ull.es\/portal\/noticias\/#\/schema\/person\/c3b2aa857797592927a03740d6664376\",\"name\":\"prensa2\",\"image\":{\"@type\":\"ImageObject\",\"inLanguage\":\"es\",\"@id\":\"https:\/\/www.ull.es\/portal\/noticias\/#\/schema\/person\/image\/\",\"url\":\"https:\/\/secure.gravatar.com\/avatar\/b58f310a5de5feb33d1e026d2493f23c?s=96&d=mm&r=g\",\"contentUrl\":\"https:\/\/secure.gravatar.com\/avatar\/b58f310a5de5feb33d1e026d2493f23c?s=96&d=mm&r=g\",\"caption\":\"prensa2\"},\"url\":\"https:\/\/www.ull.es\/portal\/noticias\/author\/prensa2\/\"}]}<\/script>\n<!-- \/ Yoast SEO plugin. -->","yoast_head_json":{"title":"ULL y agentes sociales impulsan el Aprendizaje-Servicio en TFG","description":"Nueve entidades sociales plantearon al alumnado de la ULL posibles tem\u00e1ticas con inter\u00e9s social para abordar en futuros trabajos finales.","robots":{"index":"index","follow":"follow","max-snippet":"max-snippet:-1","max-image-preview":"max-image-preview:large","max-video-preview":"max-video-preview:-1"},"canonical":"https:\/\/www.ull.es\/portal\/noticias\/2023\/encuentro-ull-agentes-sociales-aprendizaje-servicio-tfg\/","og_locale":"es_ES","og_type":"article","og_title":"ULL y agentes sociales impulsan el Aprendizaje-Servicio en TFG","og_description":"Nueve entidades sociales plantearon al alumnado de la ULL posibles tem\u00e1ticas con inter\u00e9s social para abordar en futuros trabajos finales.","og_url":"https:\/\/www.ull.es\/portal\/noticias\/2023\/encuentro-ull-agentes-sociales-aprendizaje-servicio-tfg\/","og_site_name":"ULL - Noticias","article_publisher":"https:\/\/www.facebook.com\/universidaddelalaguna\/","article_published_time":"2023-10-16T09:17:03+00:00","og_image":[{"width":1200,"height":800,"url":"https:\/\/www.ull.es\/portal\/noticias\/wp-content\/uploads\/sites\/13\/2023\/10\/aps-tfg.jpg","type":"image\/jpeg"}],"author":"prensa2","twitter_card":"summary_large_image","twitter_creator":"@CanalULL","twitter_site":"@CanalULL","twitter_misc":{"Escrito por":"prensa2","Tiempo de lectura":"2 minutos"},"schema":{"@context":"https:\/\/schema.org","@graph":[{"@type":"WebPage","@id":"https:\/\/www.ull.es\/portal\/noticias\/2023\/encuentro-ull-agentes-sociales-aprendizaje-servicio-tfg\/","url":"https:\/\/www.ull.es\/portal\/noticias\/2023\/encuentro-ull-agentes-sociales-aprendizaje-servicio-tfg\/","name":"ULL y agentes sociales impulsan el Aprendizaje-Servicio en TFG","isPartOf":{"@id":"https:\/\/www.ull.es\/portal\/noticias\/#website"},"datePublished":"2023-10-16T09:17:03+00:00","dateModified":"2023-10-16T09:17:03+00:00","author":{"@id":"https:\/\/www.ull.es\/portal\/noticias\/#\/schema\/person\/c3b2aa857797592927a03740d6664376"},"description":"Nueve entidades sociales plantearon al alumnado de la ULL posibles tem\u00e1ticas con inter\u00e9s social para abordar en futuros trabajos finales.","breadcrumb":{"@id":"https:\/\/www.ull.es\/portal\/noticias\/2023\/encuentro-ull-agentes-sociales-aprendizaje-servicio-tfg\/#breadcrumb"},"inLanguage":"es","potentialAction":[{"@type":"ReadAction","target":["https:\/\/www.ull.es\/portal\/noticias\/2023\/encuentro-ull-agentes-sociales-aprendizaje-servicio-tfg\/"]}]},{"@type":"BreadcrumbList","@id":"https:\/\/www.ull.es\/portal\/noticias\/2023\/encuentro-ull-agentes-sociales-aprendizaje-servicio-tfg\/#breadcrumb","itemListElement":[{"@type":"ListItem","position":1,"name":"Portada","item":"https:\/\/www.ull.es\/portal\/noticias\/"},{"@type":"ListItem","position":2,"name":"Un encuentro entre docentes de la ULL y agentes sociales impulsa el Aprendizaje-Servicio en los trabajos fin de grado"}]},{"@type":"WebSite","@id":"https:\/\/www.ull.es\/portal\/noticias\/#website","url":"https:\/\/www.ull.es\/portal\/noticias\/","name":"ULL - Noticias","description":"","potentialAction":[{"@type":"SearchAction","target":{"@type":"EntryPoint","urlTemplate":"https:\/\/www.ull.es\/portal\/noticias\/?s={search_term_string}"},"query-input":"required name=search_term_string"}],"inLanguage":"es"},{"@type":"Person","@id":"https:\/\/www.ull.es\/portal\/noticias\/#\/schema\/person\/c3b2aa857797592927a03740d6664376","name":"prensa2","image":{"@type":"ImageObject","inLanguage":"es","@id":"https:\/\/www.ull.es\/portal\/noticias\/#\/schema\/person\/image\/","url":"https:\/\/secure.gravatar.com\/avatar\/b58f310a5de5feb33d1e026d2493f23c?s=96&d=mm&r=g","contentUrl":"https:\/\/secure.gravatar.com\/avatar\/b58f310a5de5feb33d1e026d2493f23c?s=96&d=mm&r=g","caption":"prensa2"},"url":"https:\/\/www.ull.es\/portal\/noticias\/author\/prensa2\/"}]}},"primary_category":{"id":345,"name":"Destacado","slug":"destacado","link":"https:\/\/www.ull.es\/portal\/noticias\/category\/destacado\/"},"featured_image_thumbnail_url":"https:\/\/www.ull.es\/portal\/noticias\/wp-content\/uploads\/sites\/13\/2023\/10\/aps-tfg-300x200.jpg","_links":{"self":[{"href":"https:\/\/www.ull.es\/portal\/noticias\/wp-json\/wp\/v2\/posts\/72044"}],"collection":[{"href":"https:\/\/www.ull.es\/portal\/noticias\/wp-json\/wp\/v2\/posts"}],"about":[{"href":"https:\/\/www.ull.es\/portal\/noticias\/wp-json\/wp\/v2\/types\/post"}],"author":[{"embeddable":true,"href":"https:\/\/www.ull.es\/portal\/noticias\/wp-json\/wp\/v2\/users\/21"}],"replies":[{"embeddable":true,"href":"https:\/\/www.ull.es\/portal\/noticias\/wp-json\/wp\/v2\/comments?post=72044"}],"version-history":[{"count":2,"href":"https:\/\/www.ull.es\/portal\/noticias\/wp-json\/wp\/v2\/posts\/72044\/revisions"}],"predecessor-version":[{"id":72047,"href":"https:\/\/www.ull.es\/portal\/noticias\/wp-json\/wp\/v2\/posts\/72044\/revisions\/72047"}],"wp:featuredmedia":[{"embeddable":true,"href":"https:\/\/www.ull.es\/portal\/noticias\/wp-json\/wp\/v2\/media\/72045"}],"wp:attachment":[{"href":"https:\/\/www.ull.es\/portal\/noticias\/wp-json\/wp\/v2\/media?parent=72044"}],"wp:term":[{"taxonomy":"category","embeddable":true,"href":"https:\/\/www.ull.es\/portal\/noticias\/wp-json\/wp\/v2\/categories?post=72044"},{"taxonomy":"post_tag","embeddable":true,"href":"https:\/\/www.ull.es\/portal\/noticias\/wp-json\/wp\/v2\/tags?post=72044"}],"curies":[{"name":"wp","href":"https:\/\/api.w.org\/{rel}","templated":true}]}}