{"id":72099,"date":"2023-10-18T12:04:40","date_gmt":"2023-10-18T12:04:40","guid":{"rendered":"https:\/\/www.ull.es\/portal\/noticias\/?p=72099"},"modified":"2023-10-18T12:04:40","modified_gmt":"2023-10-18T12:04:40","slug":"curso-formacion-diversidad-sexual-genero-profesorado-universitario","status":"publish","type":"post","link":"https:\/\/www.ull.es\/portal\/noticias\/2023\/curso-formacion-diversidad-sexual-genero-profesorado-universitario\/","title":{"rendered":"La ULL organiza un curso pionero de formaci\u00f3n en diversidad sexual y de g\u00e9nero para el profesorado universitario"},"content":{"rendered":"<p>El Vicerrectorado de Estudiantes y el Aula Cultural de Diversidad LGBTIQ+ de la Universidad de La Laguna han impulsado el curso \u00ab<a href=\"https:\/\/www.ull.es\/portal\/agenda\/evento\/como-abordar-la-diversidad-sexual-y-de-genero-en-la-docencia-universitaria\/\" target=\"_blank\" rel=\"noopener\">C\u00f3mo abordar la diversidad sexual y de g\u00e9nero en la docencia universitaria<\/a>\u00ab, que se celebrar\u00e1 del 19 al 25 de octubre en la Facultad de Psicolog\u00eda y Logopedia, as\u00ed como en el Aulario General C\u00e9sar Manrique del Campus de Guajara. La actividad est\u00e1 destinada especialmente al personal docente e investigador de la instituci\u00f3n acad\u00e9mica, Universidad de La Laguna, si bien tambi\u00e9n est\u00e1 abierto para el resto de la comunidad universitaria y la poblaci\u00f3n en general. M\u00e1s de medio centenar de personas se han inscrito a este curso, completando todas las plazas previstas inicialmente, si bien la organizaci\u00f3n ha ampliado en una veintena de plazas m\u00e1s, reabriendo las <a href=\"https:\/\/sede.fg.ull.es\/es\/curso\/detalle\/a23020262\/como-abordar-la-diversidad-sexual-y-de-genero-en-la-docencia-universitaria\" target=\"_blank\" rel=\"noopener\">inscripciones online<\/a>.<\/p>\n<p>La realizaci\u00f3n de este curso de formaci\u00f3n ha sido posible gracias a la financiaci\u00f3n de los Presupuestos Participativos de 2023, dentro de los cuales fue una de las iniciativas m\u00e1s votadas entre las presentadas por la comunidad universitaria. La organizaci\u00f3n del curso destaca lo ambicioso de su programa, que ser\u00e1 desarrollado por un conjunto de ponentes de dentro y fuera de Canarias, y su condici\u00f3n de actividad pionera al centrarse en el abordaje de la diversidad en la docencia universitaria.<\/p>\n<p><strong>Programa<\/strong><\/p>\n<p>La jornada formativa comenzar\u00e1 el jueves d\u00eda 19 de octubre a las 16:00, inaugurada por Mar\u00eda Rosario Hern\u00e1ndez Borges, Vicerrectora de Estudiantes, y Mar\u00eda Dolores Morera Bello, codirectora del Aula Cultural de Diversidad LGBTIQ+. Seguidamente, la escritora, periodista e investigadora guineana Trifonia Melibea Obono abordar\u00e1 la lesbofobia y el feminismo l\u00e9sbico como una historia de mujeres resilientes, a quien se sumar\u00e1 la coeducadora y exdirectora del Instituto Canario de Igualdad Kika Fumero, para hablar acerca de la coeducaci\u00f3n en la diversidad, con estrategias y recursos para la universidad.<\/p>\n<p>El viernes 20 de octubre continuar\u00e1 la formaci\u00f3n de la mano de Ignacio Pichardo Gal\u00e1n, Profesor Titular de Antropolog\u00eda Social de la Universidad Complutense de Madrid, que se centrar\u00e1 en las barreras, desaf\u00edos y oportunidades de las diversidades sexogen\u00e9ricas en la universidad, con una visi\u00f3n espec\u00edfica acerca de lo trans, de la mano de Cleia Montesdeoca, Profesora Asociada de Enfermer\u00eda de la Universidad de Las Palmas de Gran Canaria.<\/p>\n<p>El curso continuar\u00e1 el lunes 23 de octubre con una ponencia de Octavio Salazar, catedr\u00e1tico de Derecho Constitucional de la Universidad de C\u00f3rdoba, que se centrar\u00e1 en las claves jur\u00eddicas para una nueva definici\u00f3n de los sujetos de la igualdad a la equivalencia. Todo ello ser\u00e1 complementado por Sergio Siverio Luis, profesor ayudante de Derecho Constitucional de la Universidad de La Laguna, que abordar\u00e1 la conquista de los derechos LGBTIQA+ en Canarias y su aplicaci\u00f3n concreta en el centro acad\u00e9mico tinerfe\u00f1o.<\/p>\n<p>El martes 24 de octubre, Francisco Javier Castro Molina y Jes\u00fas M. Garc\u00eda Acosta, profesores de la Escuela Universitaria de Enfermer\u00eda Nuestra Se\u00f1ora de la Candelaria, tratar\u00e1n el abordaje de la diversidad de g\u00e9nero desde la perspectiva sanitaria y los aspectos psicosociales relativos a las identidades trans, una materia espec\u00edfica del \u00e1mbito sanitario en la que se han especializado en su desarrollo profesional.<\/p>\n<p>La formaci\u00f3n finalizar\u00e1 el mi\u00e9rcoles 25 de octubre con un panel de buenas pr\u00e1cticas sobre la diversidad LGBTIQ+ en la labor docente e investigadora de la Universidad de La Laguna, que contar\u00e1 con la participaci\u00f3n de los profesores Jos\u00e9 Antonio Ramos Arteaga, Mar\u00eda Elisa de Castro Peraza y Daniel L\u00f3pez Rubio, y una mesa redonda sobre la visi\u00f3n externa acerca del abordaje de la diversidad en la universidad, en la que se contar\u00e1 con el Consejo de Estudiantes de la ULL y los colectivos LGBTIQA+ de la isla.<\/p>\n","protected":false},"excerpt":{"rendered":"<p>El Vicerrectorado de Estudiantes y el Aula Cultural de Diversidad LGBTIQ+ de la Universidad de La Laguna han impulsado el&#8230;<\/p>\n","protected":false},"author":21,"featured_media":72100,"comment_status":"closed","ping_status":"closed","sticky":false,"template":"","format":"standard","meta":{"inline_featured_image":false,"footnotes":""},"categories":[345,346,2765],"tags":[8979,950,10376,1357,2610],"acf":[],"yoast_head":"<!-- This site is optimized with the Yoast SEO plugin v21.3 - https:\/\/yoast.com\/wordpress\/plugins\/seo\/ -->\n<title>La ULL organiza formar\u00e1 sobre diversidad sexual y de g\u00e9nero<\/title>\n<meta name=\"description\" content=\"El curso &quot;C\u00f3mo abordar la diversidad sexual y de g\u00e9nero en la docencia universitaria&quot; se celebrar\u00e1 del 19 al 25 de octubre.\" \/>\n<meta name=\"robots\" content=\"index, follow, max-snippet:-1, max-image-preview:large, max-video-preview:-1\" \/>\n<link rel=\"canonical\" href=\"https:\/\/www.ull.es\/portal\/noticias\/2023\/curso-formacion-diversidad-sexual-genero-profesorado-universitario\/\" \/>\n<meta property=\"og:locale\" content=\"es_ES\" \/>\n<meta property=\"og:type\" content=\"article\" \/>\n<meta property=\"og:title\" content=\"La ULL organiza formar\u00e1 sobre diversidad sexual y de g\u00e9nero\" \/>\n<meta property=\"og:description\" content=\"El curso &quot;C\u00f3mo abordar la diversidad sexual y de g\u00e9nero en la docencia universitaria&quot; se celebrar\u00e1 del 19 al 25 de octubre.\" \/>\n<meta property=\"og:url\" content=\"https:\/\/www.ull.es\/portal\/noticias\/2023\/curso-formacion-diversidad-sexual-genero-profesorado-universitario\/\" \/>\n<meta property=\"og:site_name\" content=\"ULL - Noticias\" \/>\n<meta property=\"article:publisher\" content=\"https:\/\/www.facebook.com\/universidaddelalaguna\/\" \/>\n<meta property=\"article:published_time\" content=\"2023-10-18T12:04:40+00:00\" \/>\n<meta property=\"og:image\" content=\"https:\/\/www.ull.es\/portal\/noticias\/wp-content\/uploads\/sites\/13\/2023\/10\/curso-diversidad-docencia.jpg\" \/>\n\t<meta property=\"og:image:width\" content=\"700\" \/>\n\t<meta property=\"og:image:height\" content=\"350\" \/>\n\t<meta property=\"og:image:type\" content=\"image\/jpeg\" \/>\n<meta name=\"author\" content=\"prensa2\" \/>\n<meta name=\"twitter:card\" content=\"summary_large_image\" \/>\n<meta name=\"twitter:creator\" content=\"@CanalULL\" \/>\n<meta name=\"twitter:site\" content=\"@CanalULL\" \/>\n<meta name=\"twitter:label1\" content=\"Escrito por\" \/>\n\t<meta name=\"twitter:data1\" content=\"prensa2\" \/>\n\t<meta name=\"twitter:label2\" content=\"Tiempo de lectura\" \/>\n\t<meta name=\"twitter:data2\" content=\"3 minutos\" \/>\n<script type=\"application\/ld+json\" class=\"yoast-schema-graph\">{\"@context\":\"https:\/\/schema.org\",\"@graph\":[{\"@type\":\"WebPage\",\"@id\":\"https:\/\/www.ull.es\/portal\/noticias\/2023\/curso-formacion-diversidad-sexual-genero-profesorado-universitario\/\",\"url\":\"https:\/\/www.ull.es\/portal\/noticias\/2023\/curso-formacion-diversidad-sexual-genero-profesorado-universitario\/\",\"name\":\"La ULL organiza formar\u00e1 sobre diversidad sexual y de g\u00e9nero\",\"isPartOf\":{\"@id\":\"https:\/\/www.ull.es\/portal\/noticias\/#website\"},\"datePublished\":\"2023-10-18T12:04:40+00:00\",\"dateModified\":\"2023-10-18T12:04:40+00:00\",\"author\":{\"@id\":\"https:\/\/www.ull.es\/portal\/noticias\/#\/schema\/person\/c3b2aa857797592927a03740d6664376\"},\"description\":\"El curso \\\"C\u00f3mo abordar la diversidad sexual y de g\u00e9nero en la docencia universitaria\\\" se celebrar\u00e1 del 19 al 25 de octubre.\",\"breadcrumb\":{\"@id\":\"https:\/\/www.ull.es\/portal\/noticias\/2023\/curso-formacion-diversidad-sexual-genero-profesorado-universitario\/#breadcrumb\"},\"inLanguage\":\"es\",\"potentialAction\":[{\"@type\":\"ReadAction\",\"target\":[\"https:\/\/www.ull.es\/portal\/noticias\/2023\/curso-formacion-diversidad-sexual-genero-profesorado-universitario\/\"]}]},{\"@type\":\"BreadcrumbList\",\"@id\":\"https:\/\/www.ull.es\/portal\/noticias\/2023\/curso-formacion-diversidad-sexual-genero-profesorado-universitario\/#breadcrumb\",\"itemListElement\":[{\"@type\":\"ListItem\",\"position\":1,\"name\":\"Portada\",\"item\":\"https:\/\/www.ull.es\/portal\/noticias\/\"},{\"@type\":\"ListItem\",\"position\":2,\"name\":\"La ULL organiza un curso pionero de formaci\u00f3n en diversidad sexual y de g\u00e9nero para el profesorado universitario\"}]},{\"@type\":\"WebSite\",\"@id\":\"https:\/\/www.ull.es\/portal\/noticias\/#website\",\"url\":\"https:\/\/www.ull.es\/portal\/noticias\/\",\"name\":\"ULL - Noticias\",\"description\":\"\",\"potentialAction\":[{\"@type\":\"SearchAction\",\"target\":{\"@type\":\"EntryPoint\",\"urlTemplate\":\"https:\/\/www.ull.es\/portal\/noticias\/?s={search_term_string}\"},\"query-input\":\"required name=search_term_string\"}],\"inLanguage\":\"es\"},{\"@type\":\"Person\",\"@id\":\"https:\/\/www.ull.es\/portal\/noticias\/#\/schema\/person\/c3b2aa857797592927a03740d6664376\",\"name\":\"prensa2\",\"image\":{\"@type\":\"ImageObject\",\"inLanguage\":\"es\",\"@id\":\"https:\/\/www.ull.es\/portal\/noticias\/#\/schema\/person\/image\/\",\"url\":\"https:\/\/secure.gravatar.com\/avatar\/b58f310a5de5feb33d1e026d2493f23c?s=96&d=mm&r=g\",\"contentUrl\":\"https:\/\/secure.gravatar.com\/avatar\/b58f310a5de5feb33d1e026d2493f23c?s=96&d=mm&r=g\",\"caption\":\"prensa2\"},\"url\":\"https:\/\/www.ull.es\/portal\/noticias\/author\/prensa2\/\"}]}<\/script>\n<!-- \/ Yoast SEO plugin. -->","yoast_head_json":{"title":"La ULL organiza formar\u00e1 sobre diversidad sexual y de g\u00e9nero","description":"El curso \"C\u00f3mo abordar la diversidad sexual y de g\u00e9nero en la docencia universitaria\" se celebrar\u00e1 del 19 al 25 de octubre.","robots":{"index":"index","follow":"follow","max-snippet":"max-snippet:-1","max-image-preview":"max-image-preview:large","max-video-preview":"max-video-preview:-1"},"canonical":"https:\/\/www.ull.es\/portal\/noticias\/2023\/curso-formacion-diversidad-sexual-genero-profesorado-universitario\/","og_locale":"es_ES","og_type":"article","og_title":"La ULL organiza formar\u00e1 sobre diversidad sexual y de g\u00e9nero","og_description":"El curso \"C\u00f3mo abordar la diversidad sexual y de g\u00e9nero en la docencia universitaria\" se celebrar\u00e1 del 19 al 25 de octubre.","og_url":"https:\/\/www.ull.es\/portal\/noticias\/2023\/curso-formacion-diversidad-sexual-genero-profesorado-universitario\/","og_site_name":"ULL - Noticias","article_publisher":"https:\/\/www.facebook.com\/universidaddelalaguna\/","article_published_time":"2023-10-18T12:04:40+00:00","og_image":[{"width":700,"height":350,"url":"https:\/\/www.ull.es\/portal\/noticias\/wp-content\/uploads\/sites\/13\/2023\/10\/curso-diversidad-docencia.jpg","type":"image\/jpeg"}],"author":"prensa2","twitter_card":"summary_large_image","twitter_creator":"@CanalULL","twitter_site":"@CanalULL","twitter_misc":{"Escrito por":"prensa2","Tiempo de lectura":"3 minutos"},"schema":{"@context":"https:\/\/schema.org","@graph":[{"@type":"WebPage","@id":"https:\/\/www.ull.es\/portal\/noticias\/2023\/curso-formacion-diversidad-sexual-genero-profesorado-universitario\/","url":"https:\/\/www.ull.es\/portal\/noticias\/2023\/curso-formacion-diversidad-sexual-genero-profesorado-universitario\/","name":"La ULL organiza formar\u00e1 sobre diversidad sexual y de g\u00e9nero","isPartOf":{"@id":"https:\/\/www.ull.es\/portal\/noticias\/#website"},"datePublished":"2023-10-18T12:04:40+00:00","dateModified":"2023-10-18T12:04:40+00:00","author":{"@id":"https:\/\/www.ull.es\/portal\/noticias\/#\/schema\/person\/c3b2aa857797592927a03740d6664376"},"description":"El curso \"C\u00f3mo abordar la diversidad sexual y de g\u00e9nero en la docencia universitaria\" se celebrar\u00e1 del 19 al 25 de octubre.","breadcrumb":{"@id":"https:\/\/www.ull.es\/portal\/noticias\/2023\/curso-formacion-diversidad-sexual-genero-profesorado-universitario\/#breadcrumb"},"inLanguage":"es","potentialAction":[{"@type":"ReadAction","target":["https:\/\/www.ull.es\/portal\/noticias\/2023\/curso-formacion-diversidad-sexual-genero-profesorado-universitario\/"]}]},{"@type":"BreadcrumbList","@id":"https:\/\/www.ull.es\/portal\/noticias\/2023\/curso-formacion-diversidad-sexual-genero-profesorado-universitario\/#breadcrumb","itemListElement":[{"@type":"ListItem","position":1,"name":"Portada","item":"https:\/\/www.ull.es\/portal\/noticias\/"},{"@type":"ListItem","position":2,"name":"La ULL organiza un curso pionero de formaci\u00f3n en diversidad sexual y de g\u00e9nero para el profesorado universitario"}]},{"@type":"WebSite","@id":"https:\/\/www.ull.es\/portal\/noticias\/#website","url":"https:\/\/www.ull.es\/portal\/noticias\/","name":"ULL - Noticias","description":"","potentialAction":[{"@type":"SearchAction","target":{"@type":"EntryPoint","urlTemplate":"https:\/\/www.ull.es\/portal\/noticias\/?s={search_term_string}"},"query-input":"required name=search_term_string"}],"inLanguage":"es"},{"@type":"Person","@id":"https:\/\/www.ull.es\/portal\/noticias\/#\/schema\/person\/c3b2aa857797592927a03740d6664376","name":"prensa2","image":{"@type":"ImageObject","inLanguage":"es","@id":"https:\/\/www.ull.es\/portal\/noticias\/#\/schema\/person\/image\/","url":"https:\/\/secure.gravatar.com\/avatar\/b58f310a5de5feb33d1e026d2493f23c?s=96&d=mm&r=g","contentUrl":"https:\/\/secure.gravatar.com\/avatar\/b58f310a5de5feb33d1e026d2493f23c?s=96&d=mm&r=g","caption":"prensa2"},"url":"https:\/\/www.ull.es\/portal\/noticias\/author\/prensa2\/"}]}},"primary_category":{"id":345,"name":"Destacado","slug":"destacado","link":"https:\/\/www.ull.es\/portal\/noticias\/category\/destacado\/"},"featured_image_thumbnail_url":"https:\/\/www.ull.es\/portal\/noticias\/wp-content\/uploads\/sites\/13\/2023\/10\/curso-diversidad-docencia-300x150.jpg","_links":{"self":[{"href":"https:\/\/www.ull.es\/portal\/noticias\/wp-json\/wp\/v2\/posts\/72099"}],"collection":[{"href":"https:\/\/www.ull.es\/portal\/noticias\/wp-json\/wp\/v2\/posts"}],"about":[{"href":"https:\/\/www.ull.es\/portal\/noticias\/wp-json\/wp\/v2\/types\/post"}],"author":[{"embeddable":true,"href":"https:\/\/www.ull.es\/portal\/noticias\/wp-json\/wp\/v2\/users\/21"}],"replies":[{"embeddable":true,"href":"https:\/\/www.ull.es\/portal\/noticias\/wp-json\/wp\/v2\/comments?post=72099"}],"version-history":[{"count":1,"href":"https:\/\/www.ull.es\/portal\/noticias\/wp-json\/wp\/v2\/posts\/72099\/revisions"}],"predecessor-version":[{"id":72101,"href":"https:\/\/www.ull.es\/portal\/noticias\/wp-json\/wp\/v2\/posts\/72099\/revisions\/72101"}],"wp:featuredmedia":[{"embeddable":true,"href":"https:\/\/www.ull.es\/portal\/noticias\/wp-json\/wp\/v2\/media\/72100"}],"wp:attachment":[{"href":"https:\/\/www.ull.es\/portal\/noticias\/wp-json\/wp\/v2\/media?parent=72099"}],"wp:term":[{"taxonomy":"category","embeddable":true,"href":"https:\/\/www.ull.es\/portal\/noticias\/wp-json\/wp\/v2\/categories?post=72099"},{"taxonomy":"post_tag","embeddable":true,"href":"https:\/\/www.ull.es\/portal\/noticias\/wp-json\/wp\/v2\/tags?post=72099"}],"curies":[{"name":"wp","href":"https:\/\/api.w.org\/{rel}","templated":true}]}}