{"id":72152,"date":"2023-10-23T10:54:01","date_gmt":"2023-10-23T10:54:01","guid":{"rendered":"https:\/\/www.ull.es\/portal\/noticias\/?p=72152"},"modified":"2023-10-23T13:36:51","modified_gmt":"2023-10-23T13:36:51","slug":"decada-divulgando-ciencia-universitaria","status":"publish","type":"post","link":"https:\/\/www.ull.es\/portal\/noticias\/2023\/decada-divulgando-ciencia-universitaria\/","title":{"rendered":"Una d\u00e9cada divulgando la ciencia universitaria"},"content":{"rendered":"<p>La divulgaci\u00f3n de la ciencia y la tecnolog\u00eda ha sido una prioridad hist\u00f3rica para la Universidad de La Laguna y por ello, desde 2006 ha realizado a trav\u00e9s de su Fundaci\u00f3n General multitud de acciones destinadas a dar a conocer su actividad investigadora. Un punto de inflexi\u00f3n en esta tarea lleg\u00f3 en 2013, hace ahora una d\u00e9cada, con la constituci\u00f3n de la <a href=\"https:\/\/fg.ull.es\/innovacion\/cienciull-unidad-de-cultura-cientifica-e-innovacion-de-la-universidad-de-la-laguna\/\" target=\"_blank\" rel=\"noopener\" target=\"_blank\" rel=\"noopener\">Unidad de Cultura Cient\u00edfica y de la Innovaci\u00f3n<\/a> (UCC+I), m\u00e1s conocida como <a href=\"https:\/\/www.ull.es\/portal\/cienciaull\/\" target=\"_blank\" rel=\"noopener\" target=\"_blank\" rel=\"noopener\">Cienci@ULL<\/a>, una estructura que, durante esta d\u00e9cada, ha acercado el conocimiento cient\u00edfico de la instituci\u00f3n acad\u00e9mica a miles de personas.<\/p>\n<p>Cienci@ULL fue la primera unidad de este tipo que se constituy\u00f3 en Canarias y una de las primeras del pa\u00eds, siguiendo los requisitos establecidos en <em>el <a href=\"https:\/\/www.fecyt.es\/es\/publicacion\/libro-blanco-de-las-unidades-de-cultura-cientifica-y-de-la-innovacion-ucci-0\" target=\"_blank\" rel=\"noopener\" target=\"_blank\" rel=\"noopener\">\u201cLibro Blanco de las UCC+I<\/a>\u201d<\/em>, una pionera iniciativa de la <a href=\"https:\/\/www.fecyt.es\/\" target=\"_blank\" rel=\"noopener\">Fundaci\u00f3n Espa\u00f1ola para la Ciencia y la Tecnolog\u00eda<\/a> (<a href=\"https:\/\/www.fecyt.es\/\" target=\"_blank\" rel=\"noopener\">FECYT<\/a>) del Ministerio de Ciencia e Innovaci\u00f3n, cuyo objetivo era dotar a los centros de investigaci\u00f3n y las universidades de una estructura destinada a potenciar la transferencia del conocimiento mediante la difusi\u00f3n social del mismo En la actualidad, existen 114 centros de estas unidades especializadas en la divulgaci\u00f3n en todo el pa\u00eds. \u00abLa unidad naci\u00f3 con el objetivo de crear una estructura estable que ayudase al personal investigador de la Universidad de La Laguna a mostrar el valor de su actividad cient\u00edfica a la sociedad canaria, a trav\u00e9s de proyectos propios dise\u00f1ados por Cienci@ULL o iniciativas promovidas por el propio personal investigador. Y, tambi\u00e9n, para tener un marco que facilitar\u00e1 la captaci\u00f3n de financiaci\u00f3n externa para el desarrollo de su plan anual de acciones\u00bb, explica Laura Garc\u00eda, coordinadora de Cienci@ULL.<\/p>\n<p>Desde su creaci\u00f3n, los objetivos de Cienci@ULL se han centrado en mejorar la cultura y los conocimientos cient\u00edficos de la ciudadan\u00eda canaria; potenciar la creatividad el emprendimiento y el talento innovador de la poblaci\u00f3n escolar; fomentar las vocaciones cient\u00edficas; mostrar la ciencia como un elemento de la vida cotidiana; y animar al personal investigador a divulgar sus trabajos, incrementando su visibilidad para ser un referente de la divulgaci\u00f3n cient\u00edfica.<\/p>\n<p>Estos objetivos se han ido desarrollando durante esta d\u00e9cada con diferentes proyectos que han involucrado a m\u00e1s de 10.000 estudiantes, 250 docentes y 356 investigadores e investigadoras, solo durante el a\u00f1o pasado. Para materializar estos prop\u00f3sitos, cuenta con un equipo multidisciplinar compuestos por especialistas en educaci\u00f3n, tecn\u00f3logos, periodistas cient\u00edficos y profesionales de la comunicaci\u00f3n audiovisual.<\/p>\n<p><strong>Espacios divulgativos<\/strong><\/p>\n<div id=\"attachment_72153\" style=\"width: 310px\" class=\"wp-caption alignleft\"><a href=\"https:\/\/www.ull.es\/portal\/noticias\/wp-content\/uploads\/sites\/13\/2023\/10\/Doble-Helice.jpg\" target=\"_blank\" rel=\"noopener\" target=\"_blank\" rel=\"noopener\"><img aria-describedby=\"caption-attachment-72153\" decoding=\"async\" loading=\"lazy\" class=\"wp-image-72153 size-medium\" src=\"https:\/\/www.ull.es\/portal\/noticias\/wp-content\/uploads\/sites\/13\/2023\/10\/Doble-Helice-300x225.jpg\" alt=\"Imagen de la grabaci\u00f3n de uno de los programas de Doble H\u00e9lice 3.0.\" width=\"300\" height=\"225\" srcset=\"https:\/\/www.ull.es\/portal\/noticias\/wp-content\/uploads\/sites\/13\/2023\/10\/Doble-Helice-300x225.jpg 300w, https:\/\/www.ull.es\/portal\/noticias\/wp-content\/uploads\/sites\/13\/2023\/10\/Doble-Helice-1024x768.jpg 1024w, https:\/\/www.ull.es\/portal\/noticias\/wp-content\/uploads\/sites\/13\/2023\/10\/Doble-Helice-768x576.jpg 768w, https:\/\/www.ull.es\/portal\/noticias\/wp-content\/uploads\/sites\/13\/2023\/10\/Doble-Helice-375x281.jpg 375w, https:\/\/www.ull.es\/portal\/noticias\/wp-content\/uploads\/sites\/13\/2023\/10\/Doble-Helice-750x563.jpg 750w, https:\/\/www.ull.es\/portal\/noticias\/wp-content\/uploads\/sites\/13\/2023\/10\/Doble-Helice-1140x855.jpg 1140w, https:\/\/www.ull.es\/portal\/noticias\/wp-content\/uploads\/sites\/13\/2023\/10\/Doble-Helice-108x81.jpg 108w, https:\/\/www.ull.es\/portal\/noticias\/wp-content\/uploads\/sites\/13\/2023\/10\/Doble-Helice.jpg 1200w\" sizes=\"(max-width: 300px) 100vw, 300px\" \/><\/a><p id=\"caption-attachment-72153\" class=\"wp-caption-text\">Imagen de la grabaci\u00f3n de uno de los programas de Doble H\u00e9lice 3.0.<\/p><\/div>\n<p>Uno de estos proyectos se realiza desde un estudio de radio. Desde 2018,cada s\u00e1bado se emite en Radio Nacional de Espa\u00f1a el programa <a href=\"https:\/\/www.ull.es\/portal\/cienciaull\/doblehelice3-0\/\" target=\"_blank\" rel=\"noopener\">Doble H\u00e9lice 3.0<\/a>, un espacio radiof\u00f3nico que expone los trabajos del personal investigador de la Universidad de La Laguna a trav\u00e9s de entrevistas monogr\u00e1ficas tem\u00e1ticas de 30 minutos semanales, en las que se habla de la aplicabilidad en la vida cotidiana de las l\u00edneas de investigaci\u00f3n.<\/p>\n<p>Cienci@ULL tambi\u00e9n participa desde 2018 en un proyecto europeo que une a toda la regi\u00f3n macaron\u00e9sica en la divulgaci\u00f3n de la ciencia: <a href=\"https:\/\/www.ull.es\/portal\/cienciaull\/macaronight-2023\/\" target=\"_blank\" rel=\"noopener\" target=\"_blank\" rel=\"noopener\">MacaroNight<\/a>. Esta iniciativa, enmarcada en la Noche Europea de los Investigadores, se celebra el \u00faltimo viernes de cada mes de septiembre en m\u00e1s de 300 ciudades para difundir la actividad investigadora que se desarrolla en las universidades y centros de I+D europeos, de una forma cercana y atractiva, y fomentar las vocaciones cient\u00edficas entre los y las j\u00f3venes.<\/p>\n<p>En opini\u00f3n de la coordinadora de Cienci@ULL, \u201cel proyecto MacaroNight marca un antes y un despu\u00e9s al unir al archipi\u00e9lago macaron\u00e9sico en una \u00fanica noche donde compartir y mostrar nuestra actividad cient\u00edfica, cultura y pasado com\u00fan, a trav\u00e9s de un programa de actividades educativas y divulgativas por las ciudades m\u00e1s representativas de estas regiones\u201d. Este a\u00f1o, en Tenerife se celebr\u00f3 del 25 al 29 de septiembre de 2023 con un centenar de actividades englobadas en puertas abiertas, minicharlas, un laboratorio virtual y la Feria de Vocaciones Cient\u00edficas como colof\u00f3n. Es sufragado por la Comisi\u00f3n Europea bajo las Acciones Marie Sk\u0142odowska-Curie (MSCA), iniciativa para fomentar las carreras cient\u00edficas en Europa, que se enmarca en Horizonte Europa; Programa Marco de Investigaci\u00f3n e Innovaci\u00f3n de la Uni\u00f3n Europea.<\/p>\n<p>La Unidad de Cultura Cient\u00edfica y de la Innovaci\u00f3n de la Universidad de La Laguna tambi\u00e9n recuerda los principales acontecimientos de la historia de la ciencia con su calendario de conmemoraciones cient\u00edficas, consistente en la publicaci\u00f3n diaria, a trav\u00e9s de las redes sociales de Cienci@ULL (<a href=\"https:\/\/twitter.com\/CienciaULL\" target=\"_blank\" rel=\"noopener\" target=\"_blank\" rel=\"noopener\">Twitter<\/a> y <a href=\"https:\/\/www.facebook.com\/CienciaULL\" target=\"_blank\" rel=\"noopener\" target=\"_blank\" rel=\"noopener\">Facebook<\/a>), de una efem\u00e9ride cient\u00edfica diaria en relaci\u00f3n a hechos cient\u00edficos, personal investigador o hallazgos. Con car\u00e1cter m\u00e1s local, tambi\u00e9n han desarrollado una iniciativa similar con las conmemoraciones de la Universidad de La Laguna, <a href=\"https:\/\/www.ull.es\/portal\/cienciaull\/calendario-investigaull\/\" target=\"_blank\" rel=\"noopener\" target=\"_blank\" rel=\"noopener\">Calendario InvestigaULL<\/a>, mostrando diariamente los principales acontecimientos en el \u00e1mbito de la investigaci\u00f3n de la instituci\u00f3n acad\u00e9mica, con el apoyo de Fundaci\u00f3n Cepsa y CajaSiete.<\/p>\n<div id=\"attachment_72156\" style=\"width: 310px\" class=\"wp-caption alignright\"><a href=\"https:\/\/www.ull.es\/portal\/noticias\/wp-content\/uploads\/sites\/13\/2023\/10\/Chicas-con-CienciaULL.jpg\" target=\"_blank\" rel=\"noopener\" target=\"_blank\" rel=\"noopener\"><img aria-describedby=\"caption-attachment-72156\" decoding=\"async\" loading=\"lazy\" class=\"wp-image-72156 size-medium\" src=\"https:\/\/www.ull.es\/portal\/noticias\/wp-content\/uploads\/sites\/13\/2023\/10\/Chicas-con-CienciaULL-300x225.jpg\" alt=\"Chicas con Cienci@ULL\" width=\"300\" height=\"225\" srcset=\"https:\/\/www.ull.es\/portal\/noticias\/wp-content\/uploads\/sites\/13\/2023\/10\/Chicas-con-CienciaULL-300x225.jpg 300w, https:\/\/www.ull.es\/portal\/noticias\/wp-content\/uploads\/sites\/13\/2023\/10\/Chicas-con-CienciaULL-1024x768.jpg 1024w, https:\/\/www.ull.es\/portal\/noticias\/wp-content\/uploads\/sites\/13\/2023\/10\/Chicas-con-CienciaULL-768x576.jpg 768w, https:\/\/www.ull.es\/portal\/noticias\/wp-content\/uploads\/sites\/13\/2023\/10\/Chicas-con-CienciaULL-375x281.jpg 375w, https:\/\/www.ull.es\/portal\/noticias\/wp-content\/uploads\/sites\/13\/2023\/10\/Chicas-con-CienciaULL-750x563.jpg 750w, https:\/\/www.ull.es\/portal\/noticias\/wp-content\/uploads\/sites\/13\/2023\/10\/Chicas-con-CienciaULL-1140x855.jpg 1140w, https:\/\/www.ull.es\/portal\/noticias\/wp-content\/uploads\/sites\/13\/2023\/10\/Chicas-con-CienciaULL-108x81.jpg 108w, https:\/\/www.ull.es\/portal\/noticias\/wp-content\/uploads\/sites\/13\/2023\/10\/Chicas-con-CienciaULL.jpg 1200w\" sizes=\"(max-width: 300px) 100vw, 300px\" \/><\/a><p id=\"caption-attachment-72156\" class=\"wp-caption-text\">Chicas con Cienci@ULL<\/p><\/div>\n<p>Para fomentar las vocaciones cient\u00edficas se desarrolla la serie divulgativa y educativa audiovisual <a href=\"https:\/\/www.ull.es\/portal\/cienciaull\/chicasconcienciaull\/\" target=\"_blank\" rel=\"noopener\" target=\"_blank\" rel=\"noopener\">Chicas Con Cienci@ULL<\/a>, que tiene como finalidad fomentar las vocaciones cient\u00edficas y tecnol\u00f3gicas entre las j\u00f3venes canarias, para mejorar su rendimiento escolar e incrementar su inter\u00e9s por realizar estudios superiores, que les ayuden a alcanzar un mejor puesto laboral, a trav\u00e9s del testimonio de investigadoras de la Universidad de La Laguna, pertenecientes a diferentes \u00e1mbitos cient\u00edficos y sociales. Esta iniciativa se emite a trav\u00e9s del canal de YouTube de Cienci@ULL con una periodicidad semanal. Ya cuenta con cuatro temporadas realizadas y un total de 100 cap\u00edtulos, acumulando m\u00e1s de 40.000 reproducciones. Es posible gracias al apoyo de Fundaci\u00f3n Cepsa, la Direcci\u00f3n General de Juventud y CajaSiete. En el a\u00f1o 2022, <a href=\"https:\/\/www.ull.es\/portal\/noticias\/2022\/la-universidad-de-la-laguna-galardonada-en-los-premios-clickers-de-los-40-canarias\/\" target=\"_blank\" rel=\"noopener\" target=\"_blank\" rel=\"noopener\">recibi\u00f3 el premio \u201dSe dijo\u201d al mejor proyecto en los Clickers 2022 promovidos por los 40 Canarias<\/a>.<\/p>\n<p>Esta unidad tambi\u00e9n desarrolla dos proyectos en colaboraci\u00f3n con la Conferencia de Rectores de Universidades Espa\u00f1olas (<a href=\"https:\/\/www.crue.org\/\" target=\"_blank\" rel=\"noopener\">CRUE<\/a>) que se difunden a trav\u00e9s de Televisi\u00f3n Espa\u00f1ola. El primero de ellos, vinculado al popular programa de La 2 \u201cLa Aventura del Saber\u201d se denomina <a href=\"https:\/\/www.ull.es\/portal\/cienciaull\/universosostenible\/\" target=\"_blank\" rel=\"noopener\" target=\"_blank\" rel=\"noopener\">\u201cUniverso Sostenible\u201d<\/a>, donde investigadores e investigadoras de distintas universidades del pa\u00eds colaboran en la realizaci\u00f3n de una serie de v\u00eddeos divulgativos que responden a preguntas concretas sobre temas de actualidad de manera comprensible para el conjunto de la sociedad.<\/p>\n<p>La segunda iniciativa en colaboraci\u00f3n con CRUE es el proyecto <a href=\"https:\/\/www.ull.es\/portal\/cienciaull\/universidadresponde\/\" target=\"_blank\" rel=\"noopener\" target=\"_blank\" rel=\"noopener\">\u201cLa Universidad responde\u201d<\/a>, iniciativa que consiste en la creaci\u00f3n de una serie de peque\u00f1as p\u00edldoras divulgativas de hasta 5 minutos de duraci\u00f3n como m\u00e1ximo, donde investigadores e investigadoras, a trav\u00e9s de preguntas relacionadas con sus l\u00edneas de investigaci\u00f3n, responden a dudas que tiene la sociedad. En ambos proyectos participan anualmente una treintena de universidades nacionales.<\/p>\n<p><strong>Fomento de las vocaciones cient\u00edficas <\/strong><\/p>\n<p>El fomento de las vocaciones cient\u00edficas es un objetivo fundamental de Cienci@ULL. En esta l\u00ednea, durante estos a\u00f1os han desplegado, con la colaboraci\u00f3n del Cabildo Insular de Tenerife, varios proyectos de innovaci\u00f3n educativa en los que participan cada a\u00f1o cientos de alumnos y alumnas de todas las edades. <a href=\"https:\/\/www.ull.es\/portal\/cienciaull\/piensacomputacionaullmente\/\" target=\"_blank\" rel=\"noopener\" target=\"_blank\" rel=\"noopener\">Piensa ComputacionaULLmente<\/a> es uno de ellos. Dirigido por <a href=\"https:\/\/www.ull.es\/portal\/cienciaull\/coromoto-leon-hernandez\/\" target=\"_blank\" rel=\"noopener\">Coromoto Le\u00f3n<\/a>, surge como un proyecto de investigaci\u00f3n del <a href=\"https:\/\/sites.google.com\/a\/ull.edu.es\/pensamiento-computacional\/\" target=\"_blank\" rel=\"noopener\" target=\"_blank\" rel=\"noopener\">Aula Cultural de Pensamiento Computacional de la Universidad de La Laguna<\/a>, su finalidad es apoyar a los escolares, sus familias y sus docentes en la integraci\u00f3n del Pensamiento Computacional en el aprendizaje formal e informal para lograr la educaci\u00f3n de una nueva generaci\u00f3n con una comprensi\u00f3n mucho m\u00e1s profunda de nuestro mundo, a trav\u00e9s de un programa de actividades y la generaci\u00f3n de diferentes recursos did\u00e1cticos.<\/p>\n<div id=\"attachment_72155\" style=\"width: 310px\" class=\"wp-caption alignleft\"><a href=\"https:\/\/www.ull.es\/portal\/noticias\/wp-content\/uploads\/sites\/13\/2023\/10\/Proyectamates.jpg\" target=\"_blank\" rel=\"noopener\" target=\"_blank\" rel=\"noopener\"><img aria-describedby=\"caption-attachment-72155\" decoding=\"async\" loading=\"lazy\" class=\"wp-image-72155 size-medium\" src=\"https:\/\/www.ull.es\/portal\/noticias\/wp-content\/uploads\/sites\/13\/2023\/10\/Proyectamates-300x225.jpg\" alt=\"Proyectamates\" width=\"300\" height=\"225\" srcset=\"https:\/\/www.ull.es\/portal\/noticias\/wp-content\/uploads\/sites\/13\/2023\/10\/Proyectamates-300x225.jpg 300w, https:\/\/www.ull.es\/portal\/noticias\/wp-content\/uploads\/sites\/13\/2023\/10\/Proyectamates-1024x768.jpg 1024w, https:\/\/www.ull.es\/portal\/noticias\/wp-content\/uploads\/sites\/13\/2023\/10\/Proyectamates-768x576.jpg 768w, https:\/\/www.ull.es\/portal\/noticias\/wp-content\/uploads\/sites\/13\/2023\/10\/Proyectamates-375x281.jpg 375w, https:\/\/www.ull.es\/portal\/noticias\/wp-content\/uploads\/sites\/13\/2023\/10\/Proyectamates-750x563.jpg 750w, https:\/\/www.ull.es\/portal\/noticias\/wp-content\/uploads\/sites\/13\/2023\/10\/Proyectamates-1140x855.jpg 1140w, https:\/\/www.ull.es\/portal\/noticias\/wp-content\/uploads\/sites\/13\/2023\/10\/Proyectamates-108x81.jpg 108w, https:\/\/www.ull.es\/portal\/noticias\/wp-content\/uploads\/sites\/13\/2023\/10\/Proyectamates.jpg 1200w\" sizes=\"(max-width: 300px) 100vw, 300px\" \/><\/a><p id=\"caption-attachment-72155\" class=\"wp-caption-text\">Proyectamates<\/p><\/div>\n<p>Destinado tambi\u00e9n a los escolares, la unidad, junto con <a href=\"https:\/\/portalciencia.ull.es\/investigadores\/81655\/detalle\" target=\"_blank\" rel=\"noopener\" target=\"_blank\" rel=\"noopener\">Israel Garc\u00eda<\/a> y su equipo del \u00e1rea de Did\u00e1ctica de la Matem\u00e1ticas de la Universidad de La Laguna, desarrolla la iniciativa <a href=\"https:\/\/www.ull.es\/portal\/cienciaull\/proyectamates\/\" target=\"_blank\" rel=\"noopener\" target=\"_blank\" rel=\"noopener\">ProyectaMates<\/a>, para potenciar el uso del razonamiento l\u00f3gico y la resoluci\u00f3n de problemas en el alumnado de la isla de Tenerife, concretamente, en los niveles de 3\u00ba a 6\u00ba de Educaci\u00f3n Primaria y 1\u00ba y 2\u00ba de la Educaci\u00f3n Secundaria Obligatoria, a partir de t\u00e9cnicas y estrategias docentes que permiten fortalecer las capacidades deductivas del alumnado.<\/p>\n<p>Pensando en los docentes de primaria, Cienci@ULL, junto con el <a href=\"https:\/\/portalciencia.ull.es\/investigadores\/81521\/detalle\" target=\"_blank\" rel=\"noopener\" target=\"_blank\" rel=\"noopener\">Antonio Eff-Darwich<\/a> y su equipo del \u00e1rea de did\u00e1cticas de las ciencia experimentales de la ULL, desarrolla el proyecto <a href=\"https:\/\/www.ull.es\/portal\/cienciaull\/ciencia-a-lo-grande\/\" target=\"_blank\" rel=\"noopener\" target=\"_blank\" rel=\"noopener\">\u201cCiencia a lo Grande\u201d,<\/a> una iniciativa que busca favorecer la ense\u00f1anza y el aprendizaje de las ciencias experimentales &#8211; qu\u00edmica, geolog\u00eda y astronom\u00eda- en Educaci\u00f3n Primaria, exponiendo al profesorado el funcionamiento general b\u00e1sico del mundo f\u00edsico en el que nos encontramos, mediante el uso del concepto de las grandes ideas de la ciencia.<\/p>\n<div id=\"attachment_72157\" style=\"width: 310px\" class=\"wp-caption alignright\"><a href=\"https:\/\/www.ull.es\/portal\/noticias\/wp-content\/uploads\/sites\/13\/2023\/10\/CCT-Canarias.jpg\" target=\"_blank\" rel=\"noopener\" target=\"_blank\" rel=\"noopener\"><img aria-describedby=\"caption-attachment-72157\" decoding=\"async\" loading=\"lazy\" class=\"wp-image-72157 size-medium\" src=\"https:\/\/www.ull.es\/portal\/noticias\/wp-content\/uploads\/sites\/13\/2023\/10\/CCT-Canarias-300x201.jpg\" alt=\"CCT Canarias\" width=\"300\" height=\"201\" srcset=\"https:\/\/www.ull.es\/portal\/noticias\/wp-content\/uploads\/sites\/13\/2023\/10\/CCT-Canarias-300x201.jpg 300w, https:\/\/www.ull.es\/portal\/noticias\/wp-content\/uploads\/sites\/13\/2023\/10\/CCT-Canarias-1024x685.jpg 1024w, https:\/\/www.ull.es\/portal\/noticias\/wp-content\/uploads\/sites\/13\/2023\/10\/CCT-Canarias-768x514.jpg 768w, https:\/\/www.ull.es\/portal\/noticias\/wp-content\/uploads\/sites\/13\/2023\/10\/CCT-Canarias-375x251.jpg 375w, https:\/\/www.ull.es\/portal\/noticias\/wp-content\/uploads\/sites\/13\/2023\/10\/CCT-Canarias-750x502.jpg 750w, https:\/\/www.ull.es\/portal\/noticias\/wp-content\/uploads\/sites\/13\/2023\/10\/CCT-Canarias-1140x763.jpg 1140w, https:\/\/www.ull.es\/portal\/noticias\/wp-content\/uploads\/sites\/13\/2023\/10\/CCT-Canarias.jpg 1200w\" sizes=\"(max-width: 300px) 100vw, 300px\" \/><\/a><p id=\"caption-attachment-72157\" class=\"wp-caption-text\">CCT Canarias<\/p><\/div>\n<p>La actividad de la Unidad de Cultura Cient\u00edfica de la Universidad de La Laguna no descansa en verano. El Campus de la Ciencia y la Tecnolog\u00eda de Canarias (<a href=\"https:\/\/www.ull.es\/portal\/cienciaull\/cctcanarias\/\" target=\"_blank\" rel=\"noopener\" target=\"_blank\" rel=\"noopener\">CCT Canarias<\/a>) oferta unas vacaciones diferentes a decenas de alumnos y alumnas de las islas. Se trata de un programa formativo de car\u00e1cter pr\u00e1ctico y l\u00fadico, que tiene como principal finalidad potenciar la curiosidad cient\u00edfica del alumnado de 3\u00ba y 4\u00ba de la ESO y 1\u00ba de Bachillerato de los centros escolares de Canarias que han mostrado actitudes claras hacia la ciencia y la tecnolog\u00eda, ense\u00f1\u00e1ndoles de primera mano la labor diaria que desarrolla un investigador de la Universidad de La Laguna y los centros de I+D asociados. Se realiza gracias al patrocinio de Fundaci\u00f3n DISA y la colaboraci\u00f3n de la Agencia Canaria de Investigaci\u00f3n, Innovaci\u00f3n y Sociedad de la Informaci\u00f3n del Gobierno de Canarias.<\/p>\n<p><strong>Concursos <\/strong><\/p>\n<p>En la actualidad Cienci@ULL organiza dos concursos destinados a dos etapas educativas diferentes. El primero, titulado <a href=\"https:\/\/www.ull.es\/portal\/cienciaull\/iv-edicion-del-concurso-de-maletas-cientificas-2023\/\" target=\"_blank\" rel=\"noopener\" target=\"_blank\" rel=\"noopener\">\u201cLa maleta cient\u00edfica\u201d<\/a>, est\u00e1 dirigido al alumnado de 4\u00ba, 5\u00ba y 6\u00ba de Primaria de los centros educativos de la Comunidad Aut\u00f3noma de Canarias. Consiste en la realizaci\u00f3n de una maqueta o prototipo sobre un hecho o descubrimiento cient\u00edfico realizado por un investigador o investigadora del Archipi\u00e9lago, as\u00ed como la presentaci\u00f3n del trabajo.<\/p>\n<p>Para un p\u00fablico de mayor edad est\u00e1 destinado el <a href=\"https:\/\/www.ull.es\/portal\/cienciaull\/concurso-de-divulgacion-2023\/\" target=\"_blank\" rel=\"noopener\" target=\"_blank\" rel=\"noopener\">Concurso de Divulgaci\u00f3n Cient\u00edfica<\/a>, que este a\u00f1o celebra su und\u00e9cima edici\u00f3n. En \u00e9l, j\u00f3venes investigadores en activo y formaci\u00f3n de Canarias dan a conocer su labor mediante la elaboraci\u00f3n de v\u00eddeos cortos divulgativos que muestren de forma cercana la aplicabilidad a las necesidades de la sociedad de los resultados de investigaci\u00f3n generados.<\/p>\n<p><strong>Colaboraci\u00f3n con el Ayuntamiento de Arona<\/strong><\/p>\n<p>El Programa de actividades para el fomento de la innovaci\u00f3n empresarial en el municipio de Arona, ARN INNOVA es una iniciativa que surge en diciembre de 2017 de la mano del Ayuntamiento de Arona, la Universidad de La Laguna y su Fundaci\u00f3n General, con la finalidad de crear un espacio de encuentro y uso com\u00fan en el Centro Empresarial de Las Galletas, para dotar a los ciudadanos y ciudadanas de Arona de las herramientas y el conocimiento necesario para definir o mejorar productos y servicios innovadores y fomentar las vocaciones cient\u00edficas y tecnol\u00f3gicas entre la juventud y los escolares del municipio\u201d.<\/p>\n<p>As\u00ed, enmarcado dentro de este programa, el <a href=\"https:\/\/www.ull.es\/portal\/cienciaull\/laboratorio-arn-innova-2\/\" target=\"_blank\" rel=\"noopener\" target=\"_blank\" rel=\"noopener\">Laboratorio de Ciencia y Tecnolog\u00eda ARN Innova<\/a> desarrollado por Cienci@ULL con la colaboraci\u00f3n del personal investigador de la Universidad de La Laguna, pretende dotar a la poblaci\u00f3n del conocimiento y las herramientas necesarias para fomentar la creatividad y el inter\u00e9s por la ciencia y la tecnolog\u00eda, especialmente en edades tempranas implicando de esta forma a la comunidad educativa en el desarrollo del municipio. Para ello, se realizan anualmente el siguiente conjunto de actividades como el programa \u201cAc\u00e9rcate a la Ciencia\u201d, Laboratorio de Ciencia y Tecnolog\u00eda de Verano\u201d, el concurso escolar \u201cArona junior Scientist\u201d, el programa ARN Tech, la serie divulgativa \u201cLaboratorio Virtual ARN Innova o el Festival de la Ciencia de Arona.<\/p>\n<div>\u00abEn estos 10 a\u00f1os hemos conseguido consolidar muchos de nuestros proyectos, aumentar el n\u00famero de participantes -tanto personal investigador como p\u00fablico objetivo de nuestras actividades- y ser una de las cuatro unidades divulgaci\u00f3n cient\u00edfica de Canarias, junto a la del IPNA-CSIC, IAC, ACIISI y PLOCAN. Esperamos poder aumentar a\u00fan m\u00e1s nuestros indicadores de participaci\u00f3n y lograr ser un referente en la divulgaci\u00f3n cient\u00edfica nacional\u00bb, concluye Laura Garc\u00eda como balance a esta primera d\u00e9cada de incesante actividad.<\/div>\n<div><\/div>\n<div><\/div>\n<p>&nbsp;<\/p>\n","protected":false},"excerpt":{"rendered":"<p>La divulgaci\u00f3n de la ciencia y la tecnolog\u00eda ha sido una prioridad hist\u00f3rica para la Universidad de La Laguna y&#8230;<\/p>\n","protected":false},"author":21,"featured_media":72159,"comment_status":"closed","ping_status":"closed","sticky":false,"template":"","format":"standard","meta":{"inline_featured_image":false,"footnotes":""},"categories":[3785,348],"tags":[6343,3221,7765,8870,820,2893,1049,8744,10395,5959,8857,7143,7544,7260,7773],"acf":[],"yoast_head":"<!-- This site is optimized with the Yoast SEO plugin v21.3 - https:\/\/yoast.com\/wordpress\/plugins\/seo\/ -->\n<title>Una d\u00e9cada divulgando la ciencia universitaria<\/title>\n<meta name=\"description\" content=\"Cienci@ULL, cumple en 2023 diez a\u00f1os acercando a la sociedad canaria la investigaci\u00f3n desarrollada en la instituci\u00f3n acad\u00e9mica.\" \/>\n<meta name=\"robots\" content=\"index, follow, max-snippet:-1, max-image-preview:large, max-video-preview:-1\" \/>\n<link rel=\"canonical\" href=\"https:\/\/www.ull.es\/portal\/noticias\/2023\/decada-divulgando-ciencia-universitaria\/\" \/>\n<meta property=\"og:locale\" content=\"es_ES\" \/>\n<meta property=\"og:type\" content=\"article\" \/>\n<meta property=\"og:title\" content=\"Una d\u00e9cada divulgando la ciencia universitaria\" \/>\n<meta property=\"og:description\" content=\"Cienci@ULL, cumple en 2023 diez a\u00f1os acercando a la sociedad canaria la investigaci\u00f3n desarrollada en la instituci\u00f3n acad\u00e9mica.\" \/>\n<meta property=\"og:url\" content=\"https:\/\/www.ull.es\/portal\/noticias\/2023\/decada-divulgando-ciencia-universitaria\/\" \/>\n<meta property=\"og:site_name\" content=\"ULL - Noticias\" \/>\n<meta property=\"article:publisher\" content=\"https:\/\/www.facebook.com\/universidaddelalaguna\/\" \/>\n<meta property=\"article:published_time\" content=\"2023-10-23T10:54:01+00:00\" \/>\n<meta property=\"article:modified_time\" content=\"2023-10-23T13:36:51+00:00\" \/>\n<meta property=\"og:image\" content=\"https:\/\/www.ull.es\/portal\/noticias\/wp-content\/uploads\/sites\/13\/2023\/10\/cienciaull-1.jpg\" \/>\n\t<meta property=\"og:image:width\" content=\"1200\" \/>\n\t<meta property=\"og:image:height\" content=\"675\" \/>\n\t<meta property=\"og:image:type\" content=\"image\/jpeg\" \/>\n<meta name=\"author\" content=\"prensa2\" \/>\n<meta name=\"twitter:card\" content=\"summary_large_image\" \/>\n<meta name=\"twitter:creator\" content=\"@CanalULL\" \/>\n<meta name=\"twitter:site\" content=\"@CanalULL\" \/>\n<meta name=\"twitter:label1\" content=\"Escrito por\" \/>\n\t<meta name=\"twitter:data1\" content=\"prensa2\" \/>\n\t<meta name=\"twitter:label2\" content=\"Tiempo de lectura\" \/>\n\t<meta name=\"twitter:data2\" content=\"10 minutos\" \/>\n<script type=\"application\/ld+json\" class=\"yoast-schema-graph\">{\"@context\":\"https:\/\/schema.org\",\"@graph\":[{\"@type\":\"WebPage\",\"@id\":\"https:\/\/www.ull.es\/portal\/noticias\/2023\/decada-divulgando-ciencia-universitaria\/\",\"url\":\"https:\/\/www.ull.es\/portal\/noticias\/2023\/decada-divulgando-ciencia-universitaria\/\",\"name\":\"Una d\u00e9cada divulgando la ciencia universitaria\",\"isPartOf\":{\"@id\":\"https:\/\/www.ull.es\/portal\/noticias\/#website\"},\"datePublished\":\"2023-10-23T10:54:01+00:00\",\"dateModified\":\"2023-10-23T13:36:51+00:00\",\"author\":{\"@id\":\"https:\/\/www.ull.es\/portal\/noticias\/#\/schema\/person\/c3b2aa857797592927a03740d6664376\"},\"description\":\"Cienci@ULL, cumple en 2023 diez a\u00f1os acercando a la sociedad canaria la investigaci\u00f3n desarrollada en la instituci\u00f3n acad\u00e9mica.\",\"breadcrumb\":{\"@id\":\"https:\/\/www.ull.es\/portal\/noticias\/2023\/decada-divulgando-ciencia-universitaria\/#breadcrumb\"},\"inLanguage\":\"es\",\"potentialAction\":[{\"@type\":\"ReadAction\",\"target\":[\"https:\/\/www.ull.es\/portal\/noticias\/2023\/decada-divulgando-ciencia-universitaria\/\"]}]},{\"@type\":\"BreadcrumbList\",\"@id\":\"https:\/\/www.ull.es\/portal\/noticias\/2023\/decada-divulgando-ciencia-universitaria\/#breadcrumb\",\"itemListElement\":[{\"@type\":\"ListItem\",\"position\":1,\"name\":\"Portada\",\"item\":\"https:\/\/www.ull.es\/portal\/noticias\/\"},{\"@type\":\"ListItem\",\"position\":2,\"name\":\"Una d\u00e9cada divulgando la ciencia universitaria\"}]},{\"@type\":\"WebSite\",\"@id\":\"https:\/\/www.ull.es\/portal\/noticias\/#website\",\"url\":\"https:\/\/www.ull.es\/portal\/noticias\/\",\"name\":\"ULL - Noticias\",\"description\":\"\",\"potentialAction\":[{\"@type\":\"SearchAction\",\"target\":{\"@type\":\"EntryPoint\",\"urlTemplate\":\"https:\/\/www.ull.es\/portal\/noticias\/?s={search_term_string}\"},\"query-input\":\"required name=search_term_string\"}],\"inLanguage\":\"es\"},{\"@type\":\"Person\",\"@id\":\"https:\/\/www.ull.es\/portal\/noticias\/#\/schema\/person\/c3b2aa857797592927a03740d6664376\",\"name\":\"prensa2\",\"image\":{\"@type\":\"ImageObject\",\"inLanguage\":\"es\",\"@id\":\"https:\/\/www.ull.es\/portal\/noticias\/#\/schema\/person\/image\/\",\"url\":\"https:\/\/secure.gravatar.com\/avatar\/b58f310a5de5feb33d1e026d2493f23c?s=96&d=mm&r=g\",\"contentUrl\":\"https:\/\/secure.gravatar.com\/avatar\/b58f310a5de5feb33d1e026d2493f23c?s=96&d=mm&r=g\",\"caption\":\"prensa2\"},\"url\":\"https:\/\/www.ull.es\/portal\/noticias\/author\/prensa2\/\"}]}<\/script>\n<!-- \/ Yoast SEO plugin. -->","yoast_head_json":{"title":"Una d\u00e9cada divulgando la ciencia universitaria","description":"Cienci@ULL, cumple en 2023 diez a\u00f1os acercando a la sociedad canaria la investigaci\u00f3n desarrollada en la instituci\u00f3n acad\u00e9mica.","robots":{"index":"index","follow":"follow","max-snippet":"max-snippet:-1","max-image-preview":"max-image-preview:large","max-video-preview":"max-video-preview:-1"},"canonical":"https:\/\/www.ull.es\/portal\/noticias\/2023\/decada-divulgando-ciencia-universitaria\/","og_locale":"es_ES","og_type":"article","og_title":"Una d\u00e9cada divulgando la ciencia universitaria","og_description":"Cienci@ULL, cumple en 2023 diez a\u00f1os acercando a la sociedad canaria la investigaci\u00f3n desarrollada en la instituci\u00f3n acad\u00e9mica.","og_url":"https:\/\/www.ull.es\/portal\/noticias\/2023\/decada-divulgando-ciencia-universitaria\/","og_site_name":"ULL - Noticias","article_publisher":"https:\/\/www.facebook.com\/universidaddelalaguna\/","article_published_time":"2023-10-23T10:54:01+00:00","article_modified_time":"2023-10-23T13:36:51+00:00","og_image":[{"width":1200,"height":675,"url":"https:\/\/www.ull.es\/portal\/noticias\/wp-content\/uploads\/sites\/13\/2023\/10\/cienciaull-1.jpg","type":"image\/jpeg"}],"author":"prensa2","twitter_card":"summary_large_image","twitter_creator":"@CanalULL","twitter_site":"@CanalULL","twitter_misc":{"Escrito por":"prensa2","Tiempo de lectura":"10 minutos"},"schema":{"@context":"https:\/\/schema.org","@graph":[{"@type":"WebPage","@id":"https:\/\/www.ull.es\/portal\/noticias\/2023\/decada-divulgando-ciencia-universitaria\/","url":"https:\/\/www.ull.es\/portal\/noticias\/2023\/decada-divulgando-ciencia-universitaria\/","name":"Una d\u00e9cada divulgando la ciencia universitaria","isPartOf":{"@id":"https:\/\/www.ull.es\/portal\/noticias\/#website"},"datePublished":"2023-10-23T10:54:01+00:00","dateModified":"2023-10-23T13:36:51+00:00","author":{"@id":"https:\/\/www.ull.es\/portal\/noticias\/#\/schema\/person\/c3b2aa857797592927a03740d6664376"},"description":"Cienci@ULL, cumple en 2023 diez a\u00f1os acercando a la sociedad canaria la investigaci\u00f3n desarrollada en la instituci\u00f3n acad\u00e9mica.","breadcrumb":{"@id":"https:\/\/www.ull.es\/portal\/noticias\/2023\/decada-divulgando-ciencia-universitaria\/#breadcrumb"},"inLanguage":"es","potentialAction":[{"@type":"ReadAction","target":["https:\/\/www.ull.es\/portal\/noticias\/2023\/decada-divulgando-ciencia-universitaria\/"]}]},{"@type":"BreadcrumbList","@id":"https:\/\/www.ull.es\/portal\/noticias\/2023\/decada-divulgando-ciencia-universitaria\/#breadcrumb","itemListElement":[{"@type":"ListItem","position":1,"name":"Portada","item":"https:\/\/www.ull.es\/portal\/noticias\/"},{"@type":"ListItem","position":2,"name":"Una d\u00e9cada divulgando la ciencia universitaria"}]},{"@type":"WebSite","@id":"https:\/\/www.ull.es\/portal\/noticias\/#website","url":"https:\/\/www.ull.es\/portal\/noticias\/","name":"ULL - Noticias","description":"","potentialAction":[{"@type":"SearchAction","target":{"@type":"EntryPoint","urlTemplate":"https:\/\/www.ull.es\/portal\/noticias\/?s={search_term_string}"},"query-input":"required name=search_term_string"}],"inLanguage":"es"},{"@type":"Person","@id":"https:\/\/www.ull.es\/portal\/noticias\/#\/schema\/person\/c3b2aa857797592927a03740d6664376","name":"prensa2","image":{"@type":"ImageObject","inLanguage":"es","@id":"https:\/\/www.ull.es\/portal\/noticias\/#\/schema\/person\/image\/","url":"https:\/\/secure.gravatar.com\/avatar\/b58f310a5de5feb33d1e026d2493f23c?s=96&d=mm&r=g","contentUrl":"https:\/\/secure.gravatar.com\/avatar\/b58f310a5de5feb33d1e026d2493f23c?s=96&d=mm&r=g","caption":"prensa2"},"url":"https:\/\/www.ull.es\/portal\/noticias\/author\/prensa2\/"}]}},"primary_category":{"id":348,"name":"Instituci\u00f3n","slug":"institucion","link":"https:\/\/www.ull.es\/portal\/noticias\/category\/institucion\/"},"featured_image_thumbnail_url":"https:\/\/www.ull.es\/portal\/noticias\/wp-content\/uploads\/sites\/13\/2023\/10\/cienciaull-1-300x169.jpg","_links":{"self":[{"href":"https:\/\/www.ull.es\/portal\/noticias\/wp-json\/wp\/v2\/posts\/72152"}],"collection":[{"href":"https:\/\/www.ull.es\/portal\/noticias\/wp-json\/wp\/v2\/posts"}],"about":[{"href":"https:\/\/www.ull.es\/portal\/noticias\/wp-json\/wp\/v2\/types\/post"}],"author":[{"embeddable":true,"href":"https:\/\/www.ull.es\/portal\/noticias\/wp-json\/wp\/v2\/users\/21"}],"replies":[{"embeddable":true,"href":"https:\/\/www.ull.es\/portal\/noticias\/wp-json\/wp\/v2\/comments?post=72152"}],"version-history":[{"count":3,"href":"https:\/\/www.ull.es\/portal\/noticias\/wp-json\/wp\/v2\/posts\/72152\/revisions"}],"predecessor-version":[{"id":72188,"href":"https:\/\/www.ull.es\/portal\/noticias\/wp-json\/wp\/v2\/posts\/72152\/revisions\/72188"}],"wp:featuredmedia":[{"embeddable":true,"href":"https:\/\/www.ull.es\/portal\/noticias\/wp-json\/wp\/v2\/media\/72159"}],"wp:attachment":[{"href":"https:\/\/www.ull.es\/portal\/noticias\/wp-json\/wp\/v2\/media?parent=72152"}],"wp:term":[{"taxonomy":"category","embeddable":true,"href":"https:\/\/www.ull.es\/portal\/noticias\/wp-json\/wp\/v2\/categories?post=72152"},{"taxonomy":"post_tag","embeddable":true,"href":"https:\/\/www.ull.es\/portal\/noticias\/wp-json\/wp\/v2\/tags?post=72152"}],"curies":[{"name":"wp","href":"https:\/\/api.w.org\/{rel}","templated":true}]}}