{"id":72179,"date":"2023-10-23T13:17:49","date_gmt":"2023-10-23T13:17:49","guid":{"rendered":"https:\/\/www.ull.es\/portal\/noticias\/?p=72179"},"modified":"2023-10-23T13:27:56","modified_gmt":"2023-10-23T13:27:56","slug":"estudio-abandono-grados-canarias-baleares","status":"publish","type":"post","link":"https:\/\/www.ull.es\/portal\/noticias\/2023\/estudio-abandono-grados-canarias-baleares\/","title":{"rendered":"Un estudio explica las razones socioecon\u00f3micas del abandono en grados en Canarias y Baleares"},"content":{"rendered":"<div id=\"attachment_72181\" style=\"width: 230px\" class=\"wp-caption alignleft\"><a href=\"https:\/\/www.ull.es\/portal\/noticias\/wp-content\/uploads\/sites\/13\/2023\/10\/portada-estudio-g.jpg\" target=\"_blank\" rel=\"noopener\" target=\"_blank\" rel=\"noopener\"><img aria-describedby=\"caption-attachment-72181\" decoding=\"async\" loading=\"lazy\" class=\"wp-image-72181 size-medium\" src=\"https:\/\/www.ull.es\/portal\/noticias\/wp-content\/uploads\/sites\/13\/2023\/10\/portada-estudio-g-220x300.jpg\" alt=\"portada del estudio\" width=\"220\" height=\"300\" srcset=\"https:\/\/www.ull.es\/portal\/noticias\/wp-content\/uploads\/sites\/13\/2023\/10\/portada-estudio-g-220x300.jpg 220w, https:\/\/www.ull.es\/portal\/noticias\/wp-content\/uploads\/sites\/13\/2023\/10\/portada-estudio-g-752x1024.jpg 752w, https:\/\/www.ull.es\/portal\/noticias\/wp-content\/uploads\/sites\/13\/2023\/10\/portada-estudio-g-768x1045.jpg 768w, https:\/\/www.ull.es\/portal\/noticias\/wp-content\/uploads\/sites\/13\/2023\/10\/portada-estudio-g-375x510.jpg 375w, https:\/\/www.ull.es\/portal\/noticias\/wp-content\/uploads\/sites\/13\/2023\/10\/portada-estudio-g-750x1021.jpg 750w, https:\/\/www.ull.es\/portal\/noticias\/wp-content\/uploads\/sites\/13\/2023\/10\/portada-estudio-g.jpg 800w\" sizes=\"(max-width: 220px) 100vw, 220px\" \/><\/a><p id=\"caption-attachment-72181\" class=\"wp-caption-text\">Portada del estudio<\/p><\/div>\n<p>Canarias y les Illes Balears son las comunidades aut\u00f3nomas con mayor tasa de abandono de los grados universitarios en Espa\u00f1a, en torno al 21%, cuando el promedio est\u00e1 en el 13, 5%, y la siguiente comunidad es el Principado de Asturias, con el 17%. Por este motivo, la Agencia Canaria de Calidad Universitaria y Evaluaci\u00f3n Educativa y l\u2019Ag\u00e8ncia de Qualitat Universit\u00e0ria de les Illes Balears han encargado <a href=\"https:\/\/www3.gobiernodecanarias.org\/accuee\/evalapp\/urls\/830d358f47g\" target=\"_blank\" rel=\"noopener\" target=\"_blank\" rel=\"noopener\">una investigaci\u00f3n<\/a> con los datos anonimizados de registros administrativos del Ministerio de Universidades, para entender a qu\u00e9 se debe este diferencial. La investigaci\u00f3n ha sido elaborada con total independencia por Mar\u00eda Fern\u00e1ndez Mellizo-Soto, experta en estas cuestiones adscrita a la Universidad Complutense de Madrid.<\/p>\n<p>Entre los hallazgos del estudio cabe destacar que la diferencia en composici\u00f3n del alumnado en ambos archipi\u00e9lagos y en el resto de Espa\u00f1a explica en buena medida el mayor nivel de abandono.<\/p>\n<p>El alumnado de mejor expediente acad\u00e9mico o de familias de mayor nivel socioecon\u00f3mico y cultural tiende, en mayor medida, tanto a finalizar m\u00e1s sus estudios como a estudiar en universidades de una comunidad aut\u00f3noma diferente de aquella en la que vive su familia. En la pen\u00ednsula, el alumnado de las comunidades aut\u00f3nomas que emigra se compensa con el que inmigra. Pero eso no ocurre en ambos archipi\u00e9lagos, razonablemente debido a su lejan\u00eda. Como resultado de este saldo, el alumnado con m\u00e1s tendencia a finalizar sus estudios es menos abundante en las islas.<\/p>\n<p>Por otro lado, si bien la econom\u00eda orientada al turismo parece desempe\u00f1ar un papel disuasorio en finalizar los estudios, este efecto se da en ambos archipi\u00e9lagos en la misma medida que en otras zonas con una fuerte presencia del sector tur\u00edstico.<\/p>\n<p>El bajo nivel de renta de las familias canarias tambi\u00e9n podr\u00eda ser explicativo de esta situaci\u00f3n. A diferencia del resto de Espa\u00f1a, en la relaci\u00f3n entre desempleo y abandono de los estudios universitarios domina el efecto renta (se deja de estudiar por falta de dinero) y no el efecto sustituci\u00f3n (al ser dif\u00edcil encontrar trabajo, los j\u00f3venes optan por estudiar).<\/p>\n<p>El alumnado becario es m\u00e1s proclive a dejar los estudios, posiblemente debido a que la beca no es capaz de generar la estabilidad econ\u00f3mica que compense la precaria situaci\u00f3n familiar. Por tanto, una buena pol\u00edtica de becas puede contribuir a reducir el abandono. Tambi\u00e9n reduce el abandono el importe de la matr\u00edcula; como en Canarias es bajo en relaci\u00f3n al resto, contribuye a un menor abandono.<\/p>\n<p>El abandono es diferencial por titulaciones. Tiende a ser mayor en humanidades e inform\u00e1tica, aunque por cuestiones de naturaleza diferente. En las primeras, posiblemente, por anticipar una baja inserci\u00f3n laboral, y en la segunda, por lo contrario.<\/p>\n<p>El curso cr\u00edtico es primero. Por ello, es muy importante que las universidades presten especial atenci\u00f3n a este curso con actividades que preparen la integraci\u00f3n en la vida universitaria, programas de apoyo y una atenci\u00f3n por parte del profesorado que tenga en cuenta que es el momento m\u00e1s cr\u00edtico en la vida universitaria.<\/p>\n<p>Adem\u00e1s, es importante contar con datos de calidad para analizar el abandono en las diferentes titulaciones.<\/p>\n<p><strong><a href=\"https:\/\/www3.gobiernodecanarias.org\/accuee\/evalapp\/urls\/830d358f47g\" target=\"_blank\" rel=\"noopener\" target=\"_blank\" rel=\"noopener\">Informe completo<\/a><\/strong><\/p>\n<p><strong><a href=\"https:\/\/www3.gobiernodecanarias.org\/accuee\/evalapp\/urls\/82699eee11g\" target=\"_blank\" rel=\"noopener\" target=\"_blank\" rel=\"noopener\">Resumen ejecutivo<\/a><\/strong><\/p>\n","protected":false},"excerpt":{"rendered":"<p>Canarias y les Illes Balears son las comunidades aut\u00f3nomas con mayor tasa de abandono de los grados universitarios en Espa\u00f1a,&#8230;<\/p>\n","protected":false},"author":21,"featured_media":72180,"comment_status":"closed","ping_status":"closed","sticky":false,"template":"","format":"image","meta":{"inline_featured_image":false,"footnotes":""},"categories":[345,346,2765],"tags":[10091,8222,408,1490,10399],"acf":[],"yoast_head":"<!-- This site is optimized with the Yoast SEO plugin v21.3 - https:\/\/yoast.com\/wordpress\/plugins\/seo\/ -->\n<title>Analizan las causas del abandono acad\u00e9mico en Canarias<\/title>\n<meta name=\"description\" content=\"Un informe estudia el porqu\u00e9 de este promedio del 21% de abandono de grados en Canarias y Baleares, frente al 13,5% nacional.\" \/>\n<meta name=\"robots\" content=\"index, follow, max-snippet:-1, max-image-preview:large, max-video-preview:-1\" \/>\n<link rel=\"canonical\" href=\"https:\/\/www.ull.es\/portal\/noticias\/2023\/estudio-abandono-grados-canarias-baleares\/\" \/>\n<meta property=\"og:locale\" content=\"es_ES\" \/>\n<meta property=\"og:type\" content=\"article\" \/>\n<meta property=\"og:title\" content=\"Analizan las causas del abandono acad\u00e9mico en Canarias\" \/>\n<meta property=\"og:description\" content=\"Un informe estudia el porqu\u00e9 de este promedio del 21% de abandono de grados en Canarias y Baleares, frente al 13,5% nacional.\" \/>\n<meta property=\"og:url\" content=\"https:\/\/www.ull.es\/portal\/noticias\/2023\/estudio-abandono-grados-canarias-baleares\/\" \/>\n<meta property=\"og:site_name\" content=\"ULL - Noticias\" \/>\n<meta property=\"article:publisher\" content=\"https:\/\/www.facebook.com\/universidaddelalaguna\/\" \/>\n<meta property=\"article:published_time\" content=\"2023-10-23T13:17:49+00:00\" \/>\n<meta property=\"article:modified_time\" content=\"2023-10-23T13:27:56+00:00\" \/>\n<meta property=\"og:image\" content=\"https:\/\/www.ull.es\/portal\/noticias\/wp-content\/uploads\/sites\/13\/2023\/10\/portada-estudio-p.jpg\" \/>\n\t<meta property=\"og:image:width\" content=\"800\" \/>\n\t<meta property=\"og:image:height\" content=\"513\" \/>\n\t<meta property=\"og:image:type\" content=\"image\/jpeg\" \/>\n<meta name=\"author\" content=\"prensa2\" \/>\n<meta name=\"twitter:card\" content=\"summary_large_image\" \/>\n<meta name=\"twitter:creator\" content=\"@CanalULL\" \/>\n<meta name=\"twitter:site\" content=\"@CanalULL\" \/>\n<meta name=\"twitter:label1\" content=\"Escrito por\" \/>\n\t<meta name=\"twitter:data1\" content=\"prensa2\" \/>\n\t<meta name=\"twitter:label2\" content=\"Tiempo de lectura\" \/>\n\t<meta name=\"twitter:data2\" content=\"3 minutos\" \/>\n<script type=\"application\/ld+json\" class=\"yoast-schema-graph\">{\"@context\":\"https:\/\/schema.org\",\"@graph\":[{\"@type\":\"WebPage\",\"@id\":\"https:\/\/www.ull.es\/portal\/noticias\/2023\/estudio-abandono-grados-canarias-baleares\/\",\"url\":\"https:\/\/www.ull.es\/portal\/noticias\/2023\/estudio-abandono-grados-canarias-baleares\/\",\"name\":\"Analizan las causas del abandono acad\u00e9mico en Canarias\",\"isPartOf\":{\"@id\":\"https:\/\/www.ull.es\/portal\/noticias\/#website\"},\"datePublished\":\"2023-10-23T13:17:49+00:00\",\"dateModified\":\"2023-10-23T13:27:56+00:00\",\"author\":{\"@id\":\"https:\/\/www.ull.es\/portal\/noticias\/#\/schema\/person\/c3b2aa857797592927a03740d6664376\"},\"description\":\"Un informe estudia el porqu\u00e9 de este promedio del 21% de abandono de grados en Canarias y Baleares, frente al 13,5% nacional.\",\"breadcrumb\":{\"@id\":\"https:\/\/www.ull.es\/portal\/noticias\/2023\/estudio-abandono-grados-canarias-baleares\/#breadcrumb\"},\"inLanguage\":\"es\",\"potentialAction\":[{\"@type\":\"ReadAction\",\"target\":[\"https:\/\/www.ull.es\/portal\/noticias\/2023\/estudio-abandono-grados-canarias-baleares\/\"]}]},{\"@type\":\"BreadcrumbList\",\"@id\":\"https:\/\/www.ull.es\/portal\/noticias\/2023\/estudio-abandono-grados-canarias-baleares\/#breadcrumb\",\"itemListElement\":[{\"@type\":\"ListItem\",\"position\":1,\"name\":\"Portada\",\"item\":\"https:\/\/www.ull.es\/portal\/noticias\/\"},{\"@type\":\"ListItem\",\"position\":2,\"name\":\"Un estudio explica las razones socioecon\u00f3micas del abandono en grados en Canarias y Baleares\"}]},{\"@type\":\"WebSite\",\"@id\":\"https:\/\/www.ull.es\/portal\/noticias\/#website\",\"url\":\"https:\/\/www.ull.es\/portal\/noticias\/\",\"name\":\"ULL - Noticias\",\"description\":\"\",\"potentialAction\":[{\"@type\":\"SearchAction\",\"target\":{\"@type\":\"EntryPoint\",\"urlTemplate\":\"https:\/\/www.ull.es\/portal\/noticias\/?s={search_term_string}\"},\"query-input\":\"required name=search_term_string\"}],\"inLanguage\":\"es\"},{\"@type\":\"Person\",\"@id\":\"https:\/\/www.ull.es\/portal\/noticias\/#\/schema\/person\/c3b2aa857797592927a03740d6664376\",\"name\":\"prensa2\",\"image\":{\"@type\":\"ImageObject\",\"inLanguage\":\"es\",\"@id\":\"https:\/\/www.ull.es\/portal\/noticias\/#\/schema\/person\/image\/\",\"url\":\"https:\/\/secure.gravatar.com\/avatar\/b58f310a5de5feb33d1e026d2493f23c?s=96&d=mm&r=g\",\"contentUrl\":\"https:\/\/secure.gravatar.com\/avatar\/b58f310a5de5feb33d1e026d2493f23c?s=96&d=mm&r=g\",\"caption\":\"prensa2\"},\"url\":\"https:\/\/www.ull.es\/portal\/noticias\/author\/prensa2\/\"}]}<\/script>\n<!-- \/ Yoast SEO plugin. -->","yoast_head_json":{"title":"Analizan las causas del abandono acad\u00e9mico en Canarias","description":"Un informe estudia el porqu\u00e9 de este promedio del 21% de abandono de grados en Canarias y Baleares, frente al 13,5% nacional.","robots":{"index":"index","follow":"follow","max-snippet":"max-snippet:-1","max-image-preview":"max-image-preview:large","max-video-preview":"max-video-preview:-1"},"canonical":"https:\/\/www.ull.es\/portal\/noticias\/2023\/estudio-abandono-grados-canarias-baleares\/","og_locale":"es_ES","og_type":"article","og_title":"Analizan las causas del abandono acad\u00e9mico en Canarias","og_description":"Un informe estudia el porqu\u00e9 de este promedio del 21% de abandono de grados en Canarias y Baleares, frente al 13,5% nacional.","og_url":"https:\/\/www.ull.es\/portal\/noticias\/2023\/estudio-abandono-grados-canarias-baleares\/","og_site_name":"ULL - Noticias","article_publisher":"https:\/\/www.facebook.com\/universidaddelalaguna\/","article_published_time":"2023-10-23T13:17:49+00:00","article_modified_time":"2023-10-23T13:27:56+00:00","og_image":[{"width":800,"height":513,"url":"https:\/\/www.ull.es\/portal\/noticias\/wp-content\/uploads\/sites\/13\/2023\/10\/portada-estudio-p.jpg","type":"image\/jpeg"}],"author":"prensa2","twitter_card":"summary_large_image","twitter_creator":"@CanalULL","twitter_site":"@CanalULL","twitter_misc":{"Escrito por":"prensa2","Tiempo de lectura":"3 minutos"},"schema":{"@context":"https:\/\/schema.org","@graph":[{"@type":"WebPage","@id":"https:\/\/www.ull.es\/portal\/noticias\/2023\/estudio-abandono-grados-canarias-baleares\/","url":"https:\/\/www.ull.es\/portal\/noticias\/2023\/estudio-abandono-grados-canarias-baleares\/","name":"Analizan las causas del abandono acad\u00e9mico en Canarias","isPartOf":{"@id":"https:\/\/www.ull.es\/portal\/noticias\/#website"},"datePublished":"2023-10-23T13:17:49+00:00","dateModified":"2023-10-23T13:27:56+00:00","author":{"@id":"https:\/\/www.ull.es\/portal\/noticias\/#\/schema\/person\/c3b2aa857797592927a03740d6664376"},"description":"Un informe estudia el porqu\u00e9 de este promedio del 21% de abandono de grados en Canarias y Baleares, frente al 13,5% nacional.","breadcrumb":{"@id":"https:\/\/www.ull.es\/portal\/noticias\/2023\/estudio-abandono-grados-canarias-baleares\/#breadcrumb"},"inLanguage":"es","potentialAction":[{"@type":"ReadAction","target":["https:\/\/www.ull.es\/portal\/noticias\/2023\/estudio-abandono-grados-canarias-baleares\/"]}]},{"@type":"BreadcrumbList","@id":"https:\/\/www.ull.es\/portal\/noticias\/2023\/estudio-abandono-grados-canarias-baleares\/#breadcrumb","itemListElement":[{"@type":"ListItem","position":1,"name":"Portada","item":"https:\/\/www.ull.es\/portal\/noticias\/"},{"@type":"ListItem","position":2,"name":"Un estudio explica las razones socioecon\u00f3micas del abandono en grados en Canarias y Baleares"}]},{"@type":"WebSite","@id":"https:\/\/www.ull.es\/portal\/noticias\/#website","url":"https:\/\/www.ull.es\/portal\/noticias\/","name":"ULL - Noticias","description":"","potentialAction":[{"@type":"SearchAction","target":{"@type":"EntryPoint","urlTemplate":"https:\/\/www.ull.es\/portal\/noticias\/?s={search_term_string}"},"query-input":"required name=search_term_string"}],"inLanguage":"es"},{"@type":"Person","@id":"https:\/\/www.ull.es\/portal\/noticias\/#\/schema\/person\/c3b2aa857797592927a03740d6664376","name":"prensa2","image":{"@type":"ImageObject","inLanguage":"es","@id":"https:\/\/www.ull.es\/portal\/noticias\/#\/schema\/person\/image\/","url":"https:\/\/secure.gravatar.com\/avatar\/b58f310a5de5feb33d1e026d2493f23c?s=96&d=mm&r=g","contentUrl":"https:\/\/secure.gravatar.com\/avatar\/b58f310a5de5feb33d1e026d2493f23c?s=96&d=mm&r=g","caption":"prensa2"},"url":"https:\/\/www.ull.es\/portal\/noticias\/author\/prensa2\/"}]}},"primary_category":{"id":345,"name":"Destacado","slug":"destacado","link":"https:\/\/www.ull.es\/portal\/noticias\/category\/destacado\/"},"featured_image_thumbnail_url":"https:\/\/www.ull.es\/portal\/noticias\/wp-content\/uploads\/sites\/13\/2023\/10\/portada-estudio-p-300x192.jpg","_links":{"self":[{"href":"https:\/\/www.ull.es\/portal\/noticias\/wp-json\/wp\/v2\/posts\/72179"}],"collection":[{"href":"https:\/\/www.ull.es\/portal\/noticias\/wp-json\/wp\/v2\/posts"}],"about":[{"href":"https:\/\/www.ull.es\/portal\/noticias\/wp-json\/wp\/v2\/types\/post"}],"author":[{"embeddable":true,"href":"https:\/\/www.ull.es\/portal\/noticias\/wp-json\/wp\/v2\/users\/21"}],"replies":[{"embeddable":true,"href":"https:\/\/www.ull.es\/portal\/noticias\/wp-json\/wp\/v2\/comments?post=72179"}],"version-history":[{"count":2,"href":"https:\/\/www.ull.es\/portal\/noticias\/wp-json\/wp\/v2\/posts\/72179\/revisions"}],"predecessor-version":[{"id":72185,"href":"https:\/\/www.ull.es\/portal\/noticias\/wp-json\/wp\/v2\/posts\/72179\/revisions\/72185"}],"wp:featuredmedia":[{"embeddable":true,"href":"https:\/\/www.ull.es\/portal\/noticias\/wp-json\/wp\/v2\/media\/72180"}],"wp:attachment":[{"href":"https:\/\/www.ull.es\/portal\/noticias\/wp-json\/wp\/v2\/media?parent=72179"}],"wp:term":[{"taxonomy":"category","embeddable":true,"href":"https:\/\/www.ull.es\/portal\/noticias\/wp-json\/wp\/v2\/categories?post=72179"},{"taxonomy":"post_tag","embeddable":true,"href":"https:\/\/www.ull.es\/portal\/noticias\/wp-json\/wp\/v2\/tags?post=72179"}],"curies":[{"name":"wp","href":"https:\/\/api.w.org\/{rel}","templated":true}]}}